{"id":378181,"date":"2026-01-08T00:24:50","date_gmt":"2026-01-08T03:24:50","guid":{"rendered":"https:\/\/www.notibras.com\/site\/?p=378181"},"modified":"2026-01-08T05:27:02","modified_gmt":"2026-01-08T08:27:02","slug":"decretada-prisao-preventiva-de-ex-ceo-do-hurb-detido-no-ceara","status":"publish","type":"post","link":"https:\/\/www.notibras.com\/site\/decretada-prisao-preventiva-de-ex-ceo-do-hurb-detido-no-ceara\/","title":{"rendered":"Decretada pris\u00e3o preventiva de ex-CEO do Hurb detido no Cear\u00e1"},"content":{"rendered":"<p>A Justi\u00e7a decretou a pris\u00e3o preventiva de Jo\u00e3o Ricardo Rangel Mendes, ex-CEO da ag\u00eancia de viagens Hurb, antigo Hotel Urbano.<\/p>\n<p>Na decis\u00e3o, o juiz Andr\u00e9 Felipe Veras de Oliveira, da 32\u00aa Vara Criminal, decretou a pris\u00e3o em raz\u00e3o &#8220;de evidente risco \u00e0 ordem p\u00fablica e \u00e0 aplica\u00e7\u00e3o da lei penal&#8221;.<\/p>\n<p>Jo\u00e3o Ricardo Rangel foi preso no Aeroporto Regional de Jericoacoara, no Cear\u00e1, portando documento falso e com a tornozeleira eletr\u00f4nica descarregada.<\/p>\n<p>O pedido de pris\u00e3o preventiva de Jo\u00e3o Ricardo Rangel foi feito nesta ter\u00e7a-feira (6) pelo Minist\u00e9rio P\u00fablico pelo descumprimento das medidas cautelares impostas pela Justi\u00e7a.<\/p>\n<p>As medidas cautelares foram impostas por causa da pris\u00e3o de Rangel por furto de obras de arte e outros objetos de um hotel e de um escrit\u00f3rio de arquitetura. O empres\u00e1rio foi denunciado em maio de 2025 pelos crimes de furto qualificado e adultera\u00e7\u00e3o de identifica\u00e7\u00e3o de ve\u00edculo.<\/p>\n<p><strong>Defesa<\/strong><br \/>\nA defesa do ex-CEO da Hurb, representada pelo advogado Vicente Donnici, alegou que o r\u00e9u n\u00e3o descumpriu cautelares, pois n\u00e3o ficou mais de 30 dias longe do Rio sem avisar, como determinado pela Justi\u00e7a.<\/p>\n<p>Segundo a defesa, Mendes viajou ao Cear\u00e1 em 29 de dezembro. Alegou tamb\u00e9m que n\u00e3o h\u00e1 prova de que a tornozeleira eletr\u00f4nica estivesse mesmo desligada e que, se esse fosse o caso, n\u00e3o teria sido algo intencional.<\/p>\n<p>O juiz Andr\u00e9 Felipe Veras disse que quanto \u00e0 tornozeleira, \u201co relat\u00f3rio de monitoramento trazido pela SEAP [Secretaria de Administra\u00e7\u00e3o Penitenci\u00e1ria] \u00e9 assertivo quanto \u00e0s reiteradas viola\u00e7\u00f5es de monitoramento feitas pelo r\u00e9u\u201d.<\/p>\n<p>Ao expedir o mandado de pris\u00e3o, o magistrado determinou o encaminhamento de Rangel para o Rio de Janeiro.<\/p>\n","protected":false},"excerpt":{"rendered":"<p>A Justi\u00e7a decretou a pris\u00e3o preventiva de Jo\u00e3o Ricardo Rangel Mendes, ex-CEO da ag\u00eancia de viagens Hurb, antigo Hotel Urbano. Na decis\u00e3o, o juiz Andr\u00e9 Felipe Veras de Oliveira, da 32\u00aa Vara Criminal, decretou a pris\u00e3o em raz\u00e3o &#8220;de evidente risco \u00e0 ordem p\u00fablica e \u00e0 aplica\u00e7\u00e3o da lei penal&#8221;. Jo\u00e3o Ricardo Rangel foi preso [&hellip;]<\/p>\n","protected":false},"author":2,"featured_media":378182,"comment_status":"closed","ping_status":"closed","sticky":false,"template":"","format":"standard","meta":{"_acf_changed":false,"footnotes":""},"categories":[165],"tags":[],"class_list":["post-378181","post","type-post","status-publish","format-standard","has-post-thumbnail","hentry","category-nordeste"],"acf":[],"yoast_head":"<!-- This site is optimized with the Yoast SEO plugin v27.2 - https:\/\/yoast.com\/product\/yoast-seo-wordpress\/ -->\n<title>Decretada pris\u00e3o preventiva de ex-CEO do Hurb detido no Cear\u00e1 - Notibras<\/title>\n<meta name=\"robots\" content=\"index, follow, max-snippet:-1, max-image-preview:large, max-video-preview:-1\" \/>\n<link rel=\"canonical\" href=\"https:\/\/www.notibras.com\/site\/decretada-prisao-preventiva-de-ex-ceo-do-hurb-detido-no-ceara\/\" \/>\n<meta property=\"og:locale\" content=\"pt_BR\" \/>\n<meta property=\"og:type\" content=\"article\" \/>\n<meta property=\"og:title\" content=\"Decretada pris\u00e3o preventiva de ex-CEO do Hurb detido no Cear\u00e1 - Notibras\" \/>\n<meta property=\"og:description\" content=\"A Justi\u00e7a decretou a pris\u00e3o preventiva de Jo\u00e3o Ricardo Rangel Mendes, ex-CEO da ag\u00eancia de viagens Hurb, antigo Hotel Urbano. Na decis\u00e3o, o juiz Andr\u00e9 Felipe Veras de Oliveira, da 32\u00aa Vara Criminal, decretou a pris\u00e3o em raz\u00e3o &#8220;de evidente risco \u00e0 ordem p\u00fablica e \u00e0 aplica\u00e7\u00e3o da lei penal&#8221;. Jo\u00e3o Ricardo Rangel foi preso [&hellip;]\" \/>\n<meta property=\"og:url\" content=\"https:\/\/www.notibras.com\/site\/decretada-prisao-preventiva-de-ex-ceo-do-hurb-detido-no-ceara\/\" \/>\n<meta property=\"og:site_name\" content=\"Notibras\" \/>\n<meta property=\"article:publisher\" content=\"https:\/\/www.facebook.com\/notibras\/\" \/>\n<meta property=\"article:published_time\" content=\"2026-01-08T03:24:50+00:00\" \/>\n<meta property=\"article:modified_time\" content=\"2026-01-08T08:27:02+00:00\" \/>\n<meta property=\"og:image\" content=\"https:\/\/www.notibras.com\/site\/wp-content\/uploads\/2026\/01\/WhatsApp-Image-2023-04-25-at-14.58.37.webp\" \/>\n\t<meta property=\"og:image:width\" content=\"828\" \/>\n\t<meta property=\"og:image:height\" content=\"607\" \/>\n\t<meta property=\"og:image:type\" content=\"image\/webp\" \/>\n<meta name=\"author\" content=\"Reda\u00e7\u00e3o\" \/>\n<meta name=\"twitter:card\" content=\"summary_large_image\" \/>\n<meta name=\"twitter:creator\" content=\"@Notibras\" \/>\n<meta name=\"twitter:site\" content=\"@Notibras\" \/>\n<meta name=\"twitter:label1\" content=\"Escrito por\" \/>\n\t<meta name=\"twitter:data1\" content=\"Reda\u00e7\u00e3o\" \/>\n\t<meta name=\"twitter:label2\" content=\"Est. tempo de leitura\" \/>\n\t<meta name=\"twitter:data2\" content=\"2 minutos\" \/>\n<script type=\"application\/ld+json\" class=\"yoast-schema-graph\">{\"@context\":\"https:\/\/schema.org\",\"@graph\":[{\"@type\":\"Article\",\"@id\":\"https:\/\/www.notibras.com\/site\/decretada-prisao-preventiva-de-ex-ceo-do-hurb-detido-no-ceara\/#article\",\"isPartOf\":{\"@id\":\"https:\/\/www.notibras.com\/site\/decretada-prisao-preventiva-de-ex-ceo-do-hurb-detido-no-ceara\/\"},\"author\":{\"name\":\"Reda\u00e7\u00e3o\",\"@id\":\"https:\/\/www.notibras.com\/site\/#\/schema\/person\/36ab0979449956132d3e5b517ea76ac8\"},\"headline\":\"Decretada pris\u00e3o preventiva de ex-CEO do Hurb detido no Cear\u00e1\",\"datePublished\":\"2026-01-08T03:24:50+00:00\",\"dateModified\":\"2026-01-08T08:27:02+00:00\",\"mainEntityOfPage\":{\"@id\":\"https:\/\/www.notibras.com\/site\/decretada-prisao-preventiva-de-ex-ceo-do-hurb-detido-no-ceara\/\"},\"wordCount\":305,\"publisher\":{\"@id\":\"https:\/\/www.notibras.com\/site\/#organization\"},\"image\":{\"@id\":\"https:\/\/www.notibras.com\/site\/decretada-prisao-preventiva-de-ex-ceo-do-hurb-detido-no-ceara\/#primaryimage\"},\"thumbnailUrl\":\"https:\/\/www.notibras.com\/site\/wp-content\/uploads\/2026\/01\/WhatsApp-Image-2023-04-25-at-14.58.37.webp\",\"articleSection\":[\"Nordeste\"],\"inLanguage\":\"pt-BR\"},{\"@type\":\"WebPage\",\"@id\":\"https:\/\/www.notibras.com\/site\/decretada-prisao-preventiva-de-ex-ceo-do-hurb-detido-no-ceara\/\",\"url\":\"https:\/\/www.notibras.com\/site\/decretada-prisao-preventiva-de-ex-ceo-do-hurb-detido-no-ceara\/\",\"name\":\"Decretada pris\u00e3o preventiva de ex-CEO do Hurb detido no Cear\u00e1 - Notibras\",\"isPartOf\":{\"@id\":\"https:\/\/www.notibras.com\/site\/#website\"},\"primaryImageOfPage\":{\"@id\":\"https:\/\/www.notibras.com\/site\/decretada-prisao-preventiva-de-ex-ceo-do-hurb-detido-no-ceara\/#primaryimage\"},\"image\":{\"@id\":\"https:\/\/www.notibras.com\/site\/decretada-prisao-preventiva-de-ex-ceo-do-hurb-detido-no-ceara\/#primaryimage\"},\"thumbnailUrl\":\"https:\/\/www.notibras.com\/site\/wp-content\/uploads\/2026\/01\/WhatsApp-Image-2023-04-25-at-14.58.37.webp\",\"datePublished\":\"2026-01-08T03:24:50+00:00\",\"dateModified\":\"2026-01-08T08:27:02+00:00\",\"breadcrumb\":{\"@id\":\"https:\/\/www.notibras.com\/site\/decretada-prisao-preventiva-de-ex-ceo-do-hurb-detido-no-ceara\/#breadcrumb\"},\"inLanguage\":\"pt-BR\",\"potentialAction\":[{\"@type\":\"ReadAction\",\"target\":[\"https:\/\/www.notibras.com\/site\/decretada-prisao-preventiva-de-ex-ceo-do-hurb-detido-no-ceara\/\"]}]},{\"@type\":\"ImageObject\",\"inLanguage\":\"pt-BR\",\"@id\":\"https:\/\/www.notibras.com\/site\/decretada-prisao-preventiva-de-ex-ceo-do-hurb-detido-no-ceara\/#primaryimage\",\"url\":\"https:\/\/www.notibras.com\/site\/wp-content\/uploads\/2026\/01\/WhatsApp-Image-2023-04-25-at-14.58.37.webp\",\"contentUrl\":\"https:\/\/www.notibras.com\/site\/wp-content\/uploads\/2026\/01\/WhatsApp-Image-2023-04-25-at-14.58.37.webp\",\"width\":828,\"height\":607},{\"@type\":\"BreadcrumbList\",\"@id\":\"https:\/\/www.notibras.com\/site\/decretada-prisao-preventiva-de-ex-ceo-do-hurb-detido-no-ceara\/#breadcrumb\",\"itemListElement\":[{\"@type\":\"ListItem\",\"position\":1,\"name\":\"In\u00edcio\",\"item\":\"https:\/\/www.notibras.com\/site\/\"},{\"@type\":\"ListItem\",\"position\":2,\"name\":\"Decretada pris\u00e3o preventiva de ex-CEO do Hurb detido no Cear\u00e1\"}]},{\"@type\":\"WebSite\",\"@id\":\"https:\/\/www.notibras.com\/site\/#website\",\"url\":\"https:\/\/www.notibras.com\/site\/\",\"name\":\"Notibras\",\"description\":\"Not\u00edcias de Bras\u00edlia, do Brasil e do Mundo\",\"publisher\":{\"@id\":\"https:\/\/www.notibras.com\/site\/#organization\"},\"potentialAction\":[{\"@type\":\"SearchAction\",\"target\":{\"@type\":\"EntryPoint\",\"urlTemplate\":\"https:\/\/www.notibras.com\/site\/?s={search_term_string}\"},\"query-input\":{\"@type\":\"PropertyValueSpecification\",\"valueRequired\":true,\"valueName\":\"search_term_string\"}}],\"inLanguage\":\"pt-BR\"},{\"@type\":\"Organization\",\"@id\":\"https:\/\/www.notibras.com\/site\/#organization\",\"name\":\"Grupo Notibras de Comunica\u00e7\u00e3o\",\"url\":\"https:\/\/www.notibras.com\/site\/\",\"logo\":{\"@type\":\"ImageObject\",\"inLanguage\":\"pt-BR\",\"@id\":\"https:\/\/www.notibras.com\/site\/#\/schema\/logo\/image\/\",\"url\":\"https:\/\/www.notibras.com\/site\/wp-content\/uploads\/2023\/01\/notibras23.png\",\"contentUrl\":\"https:\/\/www.notibras.com\/site\/wp-content\/uploads\/2023\/01\/notibras23.png\",\"width\":350,\"height\":87,\"caption\":\"Grupo Notibras de Comunica\u00e7\u00e3o\"},\"image\":{\"@id\":\"https:\/\/www.notibras.com\/site\/#\/schema\/logo\/image\/\"},\"sameAs\":[\"https:\/\/www.facebook.com\/notibras\/\",\"https:\/\/x.com\/Notibras\",\"https:\/\/www.instagram.com\/notibras\/\"]},{\"@type\":\"Person\",\"@id\":\"https:\/\/www.notibras.com\/site\/#\/schema\/person\/36ab0979449956132d3e5b517ea76ac8\",\"name\":\"Reda\u00e7\u00e3o\",\"image\":{\"@type\":\"ImageObject\",\"inLanguage\":\"pt-BR\",\"@id\":\"https:\/\/secure.gravatar.com\/avatar\/e0a867bdedb85fd243eadf09663511f96fc81e0720a4a42581f334ad4303aa6b?s=96&d=mm&r=g\",\"url\":\"https:\/\/secure.gravatar.com\/avatar\/e0a867bdedb85fd243eadf09663511f96fc81e0720a4a42581f334ad4303aa6b?s=96&d=mm&r=g\",\"contentUrl\":\"https:\/\/secure.gravatar.com\/avatar\/e0a867bdedb85fd243eadf09663511f96fc81e0720a4a42581f334ad4303aa6b?s=96&d=mm&r=g\",\"caption\":\"Reda\u00e7\u00e3o\"}}]}<\/script>\n<!-- \/ Yoast SEO plugin. -->","yoast_head_json":{"title":"Decretada pris\u00e3o preventiva de ex-CEO do Hurb detido no Cear\u00e1 - Notibras","robots":{"index":"index","follow":"follow","max-snippet":"max-snippet:-1","max-image-preview":"max-image-preview:large","max-video-preview":"max-video-preview:-1"},"canonical":"https:\/\/www.notibras.com\/site\/decretada-prisao-preventiva-de-ex-ceo-do-hurb-detido-no-ceara\/","og_locale":"pt_BR","og_type":"article","og_title":"Decretada pris\u00e3o preventiva de ex-CEO do Hurb detido no Cear\u00e1 - Notibras","og_description":"A Justi\u00e7a decretou a pris\u00e3o preventiva de Jo\u00e3o Ricardo Rangel Mendes, ex-CEO da ag\u00eancia de viagens Hurb, antigo Hotel Urbano. Na decis\u00e3o, o juiz Andr\u00e9 Felipe Veras de Oliveira, da 32\u00aa Vara Criminal, decretou a pris\u00e3o em raz\u00e3o &#8220;de evidente risco \u00e0 ordem p\u00fablica e \u00e0 aplica\u00e7\u00e3o da lei penal&#8221;. Jo\u00e3o Ricardo Rangel foi preso [&hellip;]","og_url":"https:\/\/www.notibras.com\/site\/decretada-prisao-preventiva-de-ex-ceo-do-hurb-detido-no-ceara\/","og_site_name":"Notibras","article_publisher":"https:\/\/www.facebook.com\/notibras\/","article_published_time":"2026-01-08T03:24:50+00:00","article_modified_time":"2026-01-08T08:27:02+00:00","og_image":[{"width":828,"height":607,"url":"https:\/\/www.notibras.com\/site\/wp-content\/uploads\/2026\/01\/WhatsApp-Image-2023-04-25-at-14.58.37.webp","type":"image\/webp"}],"author":"Reda\u00e7\u00e3o","twitter_card":"summary_large_image","twitter_creator":"@Notibras","twitter_site":"@Notibras","twitter_misc":{"Escrito por":"Reda\u00e7\u00e3o","Est. tempo de leitura":"2 minutos"},"schema":{"@context":"https:\/\/schema.org","@graph":[{"@type":"Article","@id":"https:\/\/www.notibras.com\/site\/decretada-prisao-preventiva-de-ex-ceo-do-hurb-detido-no-ceara\/#article","isPartOf":{"@id":"https:\/\/www.notibras.com\/site\/decretada-prisao-preventiva-de-ex-ceo-do-hurb-detido-no-ceara\/"},"author":{"name":"Reda\u00e7\u00e3o","@id":"https:\/\/www.notibras.com\/site\/#\/schema\/person\/36ab0979449956132d3e5b517ea76ac8"},"headline":"Decretada pris\u00e3o preventiva de ex-CEO do Hurb detido no Cear\u00e1","datePublished":"2026-01-08T03:24:50+00:00","dateModified":"2026-01-08T08:27:02+00:00","mainEntityOfPage":{"@id":"https:\/\/www.notibras.com\/site\/decretada-prisao-preventiva-de-ex-ceo-do-hurb-detido-no-ceara\/"},"wordCount":305,"publisher":{"@id":"https:\/\/www.notibras.com\/site\/#organization"},"image":{"@id":"https:\/\/www.notibras.com\/site\/decretada-prisao-preventiva-de-ex-ceo-do-hurb-detido-no-ceara\/#primaryimage"},"thumbnailUrl":"https:\/\/www.notibras.com\/site\/wp-content\/uploads\/2026\/01\/WhatsApp-Image-2023-04-25-at-14.58.37.webp","articleSection":["Nordeste"],"inLanguage":"pt-BR"},{"@type":"WebPage","@id":"https:\/\/www.notibras.com\/site\/decretada-prisao-preventiva-de-ex-ceo-do-hurb-detido-no-ceara\/","url":"https:\/\/www.notibras.com\/site\/decretada-prisao-preventiva-de-ex-ceo-do-hurb-detido-no-ceara\/","name":"Decretada pris\u00e3o preventiva de ex-CEO do Hurb detido no Cear\u00e1 - Notibras","isPartOf":{"@id":"https:\/\/www.notibras.com\/site\/#website"},"primaryImageOfPage":{"@id":"https:\/\/www.notibras.com\/site\/decretada-prisao-preventiva-de-ex-ceo-do-hurb-detido-no-ceara\/#primaryimage"},"image":{"@id":"https:\/\/www.notibras.com\/site\/decretada-prisao-preventiva-de-ex-ceo-do-hurb-detido-no-ceara\/#primaryimage"},"thumbnailUrl":"https:\/\/www.notibras.com\/site\/wp-content\/uploads\/2026\/01\/WhatsApp-Image-2023-04-25-at-14.58.37.webp","datePublished":"2026-01-08T03:24:50+00:00","dateModified":"2026-01-08T08:27:02+00:00","breadcrumb":{"@id":"https:\/\/www.notibras.com\/site\/decretada-prisao-preventiva-de-ex-ceo-do-hurb-detido-no-ceara\/#breadcrumb"},"inLanguage":"pt-BR","potentialAction":[{"@type":"ReadAction","target":["https:\/\/www.notibras.com\/site\/decretada-prisao-preventiva-de-ex-ceo-do-hurb-detido-no-ceara\/"]}]},{"@type":"ImageObject","inLanguage":"pt-BR","@id":"https:\/\/www.notibras.com\/site\/decretada-prisao-preventiva-de-ex-ceo-do-hurb-detido-no-ceara\/#primaryimage","url":"https:\/\/www.notibras.com\/site\/wp-content\/uploads\/2026\/01\/WhatsApp-Image-2023-04-25-at-14.58.37.webp","contentUrl":"https:\/\/www.notibras.com\/site\/wp-content\/uploads\/2026\/01\/WhatsApp-Image-2023-04-25-at-14.58.37.webp","width":828,"height":607},{"@type":"BreadcrumbList","@id":"https:\/\/www.notibras.com\/site\/decretada-prisao-preventiva-de-ex-ceo-do-hurb-detido-no-ceara\/#breadcrumb","itemListElement":[{"@type":"ListItem","position":1,"name":"In\u00edcio","item":"https:\/\/www.notibras.com\/site\/"},{"@type":"ListItem","position":2,"name":"Decretada pris\u00e3o preventiva de ex-CEO do Hurb detido no Cear\u00e1"}]},{"@type":"WebSite","@id":"https:\/\/www.notibras.com\/site\/#website","url":"https:\/\/www.notibras.com\/site\/","name":"Notibras","description":"Not\u00edcias de Bras\u00edlia, do Brasil e do Mundo","publisher":{"@id":"https:\/\/www.notibras.com\/site\/#organization"},"potentialAction":[{"@type":"SearchAction","target":{"@type":"EntryPoint","urlTemplate":"https:\/\/www.notibras.com\/site\/?s={search_term_string}"},"query-input":{"@type":"PropertyValueSpecification","valueRequired":true,"valueName":"search_term_string"}}],"inLanguage":"pt-BR"},{"@type":"Organization","@id":"https:\/\/www.notibras.com\/site\/#organization","name":"Grupo Notibras de Comunica\u00e7\u00e3o","url":"https:\/\/www.notibras.com\/site\/","logo":{"@type":"ImageObject","inLanguage":"pt-BR","@id":"https:\/\/www.notibras.com\/site\/#\/schema\/logo\/image\/","url":"https:\/\/www.notibras.com\/site\/wp-content\/uploads\/2023\/01\/notibras23.png","contentUrl":"https:\/\/www.notibras.com\/site\/wp-content\/uploads\/2023\/01\/notibras23.png","width":350,"height":87,"caption":"Grupo Notibras de Comunica\u00e7\u00e3o"},"image":{"@id":"https:\/\/www.notibras.com\/site\/#\/schema\/logo\/image\/"},"sameAs":["https:\/\/www.facebook.com\/notibras\/","https:\/\/x.com\/Notibras","https:\/\/www.instagram.com\/notibras\/"]},{"@type":"Person","@id":"https:\/\/www.notibras.com\/site\/#\/schema\/person\/36ab0979449956132d3e5b517ea76ac8","name":"Reda\u00e7\u00e3o","image":{"@type":"ImageObject","inLanguage":"pt-BR","@id":"https:\/\/secure.gravatar.com\/avatar\/e0a867bdedb85fd243eadf09663511f96fc81e0720a4a42581f334ad4303aa6b?s=96&d=mm&r=g","url":"https:\/\/secure.gravatar.com\/avatar\/e0a867bdedb85fd243eadf09663511f96fc81e0720a4a42581f334ad4303aa6b?s=96&d=mm&r=g","contentUrl":"https:\/\/secure.gravatar.com\/avatar\/e0a867bdedb85fd243eadf09663511f96fc81e0720a4a42581f334ad4303aa6b?s=96&d=mm&r=g","caption":"Reda\u00e7\u00e3o"}}]}},"amp_enabled":true,"_links":{"self":[{"href":"https:\/\/www.notibras.com\/site\/wp-json\/wp\/v2\/posts\/378181","targetHints":{"allow":["GET"]}}],"collection":[{"href":"https:\/\/www.notibras.com\/site\/wp-json\/wp\/v2\/posts"}],"about":[{"href":"https:\/\/www.notibras.com\/site\/wp-json\/wp\/v2\/types\/post"}],"author":[{"embeddable":true,"href":"https:\/\/www.notibras.com\/site\/wp-json\/wp\/v2\/users\/2"}],"replies":[{"embeddable":true,"href":"https:\/\/www.notibras.com\/site\/wp-json\/wp\/v2\/comments?post=378181"}],"version-history":[{"count":1,"href":"https:\/\/www.notibras.com\/site\/wp-json\/wp\/v2\/posts\/378181\/revisions"}],"predecessor-version":[{"id":378183,"href":"https:\/\/www.notibras.com\/site\/wp-json\/wp\/v2\/posts\/378181\/revisions\/378183"}],"wp:featuredmedia":[{"embeddable":true,"href":"https:\/\/www.notibras.com\/site\/wp-json\/wp\/v2\/media\/378182"}],"wp:attachment":[{"href":"https:\/\/www.notibras.com\/site\/wp-json\/wp\/v2\/media?parent=378181"}],"wp:term":[{"taxonomy":"category","embeddable":true,"href":"https:\/\/www.notibras.com\/site\/wp-json\/wp\/v2\/categories?post=378181"},{"taxonomy":"post_tag","embeddable":true,"href":"https:\/\/www.notibras.com\/site\/wp-json\/wp\/v2\/tags?post=378181"}],"curies":[{"name":"wp","href":"https:\/\/api.w.org\/{rel}","templated":true}]}}