{"id":378184,"date":"2026-01-08T00:02:56","date_gmt":"2026-01-08T03:02:56","guid":{"rendered":"https:\/\/www.notibras.com\/site\/?p=378184"},"modified":"2026-01-08T05:35:50","modified_gmt":"2026-01-08T08:35:50","slug":"dos-100-melhores-hospitais-publicos-do-pais-nordeste-tem-17","status":"publish","type":"post","link":"https:\/\/www.notibras.com\/site\/dos-100-melhores-hospitais-publicos-do-pais-nordeste-tem-17\/","title":{"rendered":"Dos 100 melhores hospitais p\u00fablicos do pa\u00eds, Nordeste tem 17"},"content":{"rendered":"<p>Levantamento nacional in\u00e9dito mostra os 100 melhores hospitais p\u00fablicos do Brasil. Embora ainda haja maior n\u00famero no estado de S\u00e3o Paulo, onde est\u00e3o concentrados 30 dos 100 melhores, 19 deles aparecem no levantamento com distribui\u00e7\u00e3o semelhante.<\/p>\n<p>O estudo foi feito pelo Instituto Brasileiro das Organiza\u00e7\u00f5es Sociais de Sa\u00fade (Ibross) em parceria com a Organiza\u00e7\u00e3o Pan-Americana de Sa\u00fade (OPAS\/OMS), Instituto \u00c9tica Sa\u00fade (IES), Conselho Nacional dos Secret\u00e1rios de Sa\u00fade (Conass) e Conselho Nacional das Secretarias Municipais de Sa\u00fade (Conasems). O levantamento \u00e9 uma fase classificat\u00f3ria do Pr\u00eamio Melhores Hospitais P\u00fablicos do Brasil, iniciativa conjunta das cinco entidades. A premia\u00e7\u00e3o vai ocorrer em maio deste ano.<\/p>\n<p>Para o m\u00e9dico sanitarista Renilson Rehem, ex-presidente do Instituto Brasileiro das Organiza\u00e7\u00f5es Sociais de Sa\u00fade (Ibross) e coordenador do trabalho, destacar os hospitais e falar de melhores hospitais p\u00fablicos \u00e9 uma forma de apoiar o sistema p\u00fablico e, com isso, contribuir com o desenvolvimento do SUS.<\/p>\n<p>&#8220;O mais importante n\u00e3o \u00e9 tanto o ranking, mas o destaque dos melhores hospitais. Ao fazer isso, estamos dando uma pauta positiva para os hospitais p\u00fablicos que normalmente vivem mais com pautas negativas, considerando as dificuldades que enfrentam&#8221;, disse \u00e0 Ag\u00eancia Brasil.<\/p>\n<p>A pesquisa avaliou acredita\u00e7\u00e3o hospitalar- processo volunt\u00e1rio de avalia\u00e7\u00e3o e certifica\u00e7\u00e3o dos servi\u00e7os de sa\u00fade &#8211; taxas de ocupa\u00e7\u00e3o e de mortalidade, disponibilidade de leitos de terapia intensiva e tempo m\u00e9dio de perman\u00eancia dos pacientes internados como crit\u00e9rios principais.<\/p>\n<p>Depois de S\u00e3o Paulo, com 30% dos melhores hospitais p\u00fablicos brasileiros, Goi\u00e1s se destaca com 10% do total. Na sequ\u00eancia v\u00eam Par\u00e1 (7%), Santa Catarina (7%), Pernambuco (6%), Rio de Janeiro (6%), Paran\u00e1 (5%), Amazonas (3%), Bahia (3%), Distrito Federal (3%), Maranh\u00e3o (3%), Minas Gerais (3%), Cear\u00e1 (2%), Esp\u00edrito Santo (2%), Mato Grosso do Sul (2%), Rio Grande do Sul (2%), Tocantins (2%), Piau\u00ed (1%), Rio Grande do Norte e Sergipe (1%).<\/p>\n<p><strong>Disparidade<\/strong><br \/>\nA disparidade em rela\u00e7\u00e3o a S\u00e3o Paulo ocorre, segundo os realizadores, porque o estado tem mais hospitais p\u00fablicos que atendem integralmente pelo Sistema \u00danico de Sa\u00fade (SUS), seja em termos proporcionais ou em n\u00fameros absolutos. No estado, 17 das 30 institui\u00e7\u00f5es destacadas s\u00e3o estaduais, sendo as demais municipais.<\/p>\n<p>A lista das unidades indicadas considerou servi\u00e7os hospitalares dos governos federal, estadual ou municipal, com assist\u00eancia 100% pelo SUS, portanto sem nenhum tipo de atendimento por operadora de sa\u00fade, ou que se enquadrasse ou como hospitais gerais, tanto adultos quanto pedi\u00e1tricos, ou como hospitais especializados nas \u00e1reas de ortopedia, oncologia, cardiologia e maternidade.<\/p>\n<p>Entre agosto de 2024 e julho de 2025, todos os hospitais p\u00fablicos tinham mais de 50 leitos e produ\u00e7\u00e3o registrada no Sistema de Informa\u00e7\u00f5es Hospitalares (SIH) do Minist\u00e9rio da Sa\u00fade. Hospitais psiqui\u00e1tricos e de longa perman\u00eancia n\u00e3o foram inclu\u00eddos no estudo.<\/p>\n","protected":false},"excerpt":{"rendered":"<p>Levantamento nacional in\u00e9dito mostra os 100 melhores hospitais p\u00fablicos do Brasil. Embora ainda haja maior n\u00famero no estado de S\u00e3o Paulo, onde est\u00e3o concentrados 30 dos 100 melhores, 19 deles aparecem no levantamento com distribui\u00e7\u00e3o semelhante. O estudo foi feito pelo Instituto Brasileiro das Organiza\u00e7\u00f5es Sociais de Sa\u00fade (Ibross) em parceria com a Organiza\u00e7\u00e3o Pan-Americana [&hellip;]<\/p>\n","protected":false},"author":2,"featured_media":378185,"comment_status":"closed","ping_status":"closed","sticky":false,"template":"","format":"standard","meta":{"_acf_changed":false,"footnotes":""},"categories":[165],"tags":[],"class_list":["post-378184","post","type-post","status-publish","format-standard","has-post-thumbnail","hentry","category-nordeste"],"acf":[],"yoast_head":"<!-- This site is optimized with the Yoast SEO plugin v27.2 - https:\/\/yoast.com\/product\/yoast-seo-wordpress\/ -->\n<title>Dos 100 melhores hospitais p\u00fablicos do pa\u00eds, Nordeste tem 17 - Notibras<\/title>\n<meta name=\"robots\" content=\"index, follow, max-snippet:-1, max-image-preview:large, max-video-preview:-1\" \/>\n<link rel=\"canonical\" href=\"https:\/\/www.notibras.com\/site\/dos-100-melhores-hospitais-publicos-do-pais-nordeste-tem-17\/\" \/>\n<meta property=\"og:locale\" content=\"pt_BR\" \/>\n<meta property=\"og:type\" content=\"article\" \/>\n<meta property=\"og:title\" content=\"Dos 100 melhores hospitais p\u00fablicos do pa\u00eds, Nordeste tem 17 - Notibras\" \/>\n<meta property=\"og:description\" content=\"Levantamento nacional in\u00e9dito mostra os 100 melhores hospitais p\u00fablicos do Brasil. Embora ainda haja maior n\u00famero no estado de S\u00e3o Paulo, onde est\u00e3o concentrados 30 dos 100 melhores, 19 deles aparecem no levantamento com distribui\u00e7\u00e3o semelhante. O estudo foi feito pelo Instituto Brasileiro das Organiza\u00e7\u00f5es Sociais de Sa\u00fade (Ibross) em parceria com a Organiza\u00e7\u00e3o Pan-Americana [&hellip;]\" \/>\n<meta property=\"og:url\" content=\"https:\/\/www.notibras.com\/site\/dos-100-melhores-hospitais-publicos-do-pais-nordeste-tem-17\/\" \/>\n<meta property=\"og:site_name\" content=\"Notibras\" \/>\n<meta property=\"article:publisher\" content=\"https:\/\/www.facebook.com\/notibras\/\" \/>\n<meta property=\"article:published_time\" content=\"2026-01-08T03:02:56+00:00\" \/>\n<meta property=\"article:modified_time\" content=\"2026-01-08T08:35:50+00:00\" \/>\n<meta property=\"og:image\" content=\"https:\/\/www.notibras.com\/site\/wp-content\/uploads\/2026\/01\/d6a1662-2.webp\" \/>\n\t<meta property=\"og:image:width\" content=\"1170\" \/>\n\t<meta property=\"og:image:height\" content=\"700\" \/>\n\t<meta property=\"og:image:type\" content=\"image\/webp\" \/>\n<meta name=\"author\" content=\"Reda\u00e7\u00e3o\" \/>\n<meta name=\"twitter:card\" content=\"summary_large_image\" \/>\n<meta name=\"twitter:creator\" content=\"@Notibras\" \/>\n<meta name=\"twitter:site\" content=\"@Notibras\" \/>\n<meta name=\"twitter:label1\" content=\"Escrito por\" \/>\n\t<meta name=\"twitter:data1\" content=\"Reda\u00e7\u00e3o\" \/>\n\t<meta name=\"twitter:label2\" content=\"Est. tempo de leitura\" \/>\n\t<meta name=\"twitter:data2\" content=\"3 minutos\" \/>\n<script type=\"application\/ld+json\" class=\"yoast-schema-graph\">{\"@context\":\"https:\/\/schema.org\",\"@graph\":[{\"@type\":\"Article\",\"@id\":\"https:\/\/www.notibras.com\/site\/dos-100-melhores-hospitais-publicos-do-pais-nordeste-tem-17\/#article\",\"isPartOf\":{\"@id\":\"https:\/\/www.notibras.com\/site\/dos-100-melhores-hospitais-publicos-do-pais-nordeste-tem-17\/\"},\"author\":{\"name\":\"Reda\u00e7\u00e3o\",\"@id\":\"https:\/\/www.notibras.com\/site\/#\/schema\/person\/36ab0979449956132d3e5b517ea76ac8\"},\"headline\":\"Dos 100 melhores hospitais p\u00fablicos do pa\u00eds, Nordeste tem 17\",\"datePublished\":\"2026-01-08T03:02:56+00:00\",\"dateModified\":\"2026-01-08T08:35:50+00:00\",\"mainEntityOfPage\":{\"@id\":\"https:\/\/www.notibras.com\/site\/dos-100-melhores-hospitais-publicos-do-pais-nordeste-tem-17\/\"},\"wordCount\":487,\"publisher\":{\"@id\":\"https:\/\/www.notibras.com\/site\/#organization\"},\"image\":{\"@id\":\"https:\/\/www.notibras.com\/site\/dos-100-melhores-hospitais-publicos-do-pais-nordeste-tem-17\/#primaryimage\"},\"thumbnailUrl\":\"https:\/\/www.notibras.com\/site\/wp-content\/uploads\/2026\/01\/d6a1662-2.webp\",\"articleSection\":[\"Nordeste\"],\"inLanguage\":\"pt-BR\"},{\"@type\":\"WebPage\",\"@id\":\"https:\/\/www.notibras.com\/site\/dos-100-melhores-hospitais-publicos-do-pais-nordeste-tem-17\/\",\"url\":\"https:\/\/www.notibras.com\/site\/dos-100-melhores-hospitais-publicos-do-pais-nordeste-tem-17\/\",\"name\":\"Dos 100 melhores hospitais p\u00fablicos do pa\u00eds, Nordeste tem 17 - Notibras\",\"isPartOf\":{\"@id\":\"https:\/\/www.notibras.com\/site\/#website\"},\"primaryImageOfPage\":{\"@id\":\"https:\/\/www.notibras.com\/site\/dos-100-melhores-hospitais-publicos-do-pais-nordeste-tem-17\/#primaryimage\"},\"image\":{\"@id\":\"https:\/\/www.notibras.com\/site\/dos-100-melhores-hospitais-publicos-do-pais-nordeste-tem-17\/#primaryimage\"},\"thumbnailUrl\":\"https:\/\/www.notibras.com\/site\/wp-content\/uploads\/2026\/01\/d6a1662-2.webp\",\"datePublished\":\"2026-01-08T03:02:56+00:00\",\"dateModified\":\"2026-01-08T08:35:50+00:00\",\"breadcrumb\":{\"@id\":\"https:\/\/www.notibras.com\/site\/dos-100-melhores-hospitais-publicos-do-pais-nordeste-tem-17\/#breadcrumb\"},\"inLanguage\":\"pt-BR\",\"potentialAction\":[{\"@type\":\"ReadAction\",\"target\":[\"https:\/\/www.notibras.com\/site\/dos-100-melhores-hospitais-publicos-do-pais-nordeste-tem-17\/\"]}]},{\"@type\":\"ImageObject\",\"inLanguage\":\"pt-BR\",\"@id\":\"https:\/\/www.notibras.com\/site\/dos-100-melhores-hospitais-publicos-do-pais-nordeste-tem-17\/#primaryimage\",\"url\":\"https:\/\/www.notibras.com\/site\/wp-content\/uploads\/2026\/01\/d6a1662-2.webp\",\"contentUrl\":\"https:\/\/www.notibras.com\/site\/wp-content\/uploads\/2026\/01\/d6a1662-2.webp\",\"width\":1170,\"height\":700},{\"@type\":\"BreadcrumbList\",\"@id\":\"https:\/\/www.notibras.com\/site\/dos-100-melhores-hospitais-publicos-do-pais-nordeste-tem-17\/#breadcrumb\",\"itemListElement\":[{\"@type\":\"ListItem\",\"position\":1,\"name\":\"In\u00edcio\",\"item\":\"https:\/\/www.notibras.com\/site\/\"},{\"@type\":\"ListItem\",\"position\":2,\"name\":\"Dos 100 melhores hospitais p\u00fablicos do pa\u00eds, Nordeste tem 17\"}]},{\"@type\":\"WebSite\",\"@id\":\"https:\/\/www.notibras.com\/site\/#website\",\"url\":\"https:\/\/www.notibras.com\/site\/\",\"name\":\"Notibras\",\"description\":\"Not\u00edcias de Bras\u00edlia, do Brasil e do Mundo\",\"publisher\":{\"@id\":\"https:\/\/www.notibras.com\/site\/#organization\"},\"potentialAction\":[{\"@type\":\"SearchAction\",\"target\":{\"@type\":\"EntryPoint\",\"urlTemplate\":\"https:\/\/www.notibras.com\/site\/?s={search_term_string}\"},\"query-input\":{\"@type\":\"PropertyValueSpecification\",\"valueRequired\":true,\"valueName\":\"search_term_string\"}}],\"inLanguage\":\"pt-BR\"},{\"@type\":\"Organization\",\"@id\":\"https:\/\/www.notibras.com\/site\/#organization\",\"name\":\"Grupo Notibras de Comunica\u00e7\u00e3o\",\"url\":\"https:\/\/www.notibras.com\/site\/\",\"logo\":{\"@type\":\"ImageObject\",\"inLanguage\":\"pt-BR\",\"@id\":\"https:\/\/www.notibras.com\/site\/#\/schema\/logo\/image\/\",\"url\":\"https:\/\/www.notibras.com\/site\/wp-content\/uploads\/2023\/01\/notibras23.png\",\"contentUrl\":\"https:\/\/www.notibras.com\/site\/wp-content\/uploads\/2023\/01\/notibras23.png\",\"width\":350,\"height\":87,\"caption\":\"Grupo Notibras de Comunica\u00e7\u00e3o\"},\"image\":{\"@id\":\"https:\/\/www.notibras.com\/site\/#\/schema\/logo\/image\/\"},\"sameAs\":[\"https:\/\/www.facebook.com\/notibras\/\",\"https:\/\/x.com\/Notibras\",\"https:\/\/www.instagram.com\/notibras\/\"]},{\"@type\":\"Person\",\"@id\":\"https:\/\/www.notibras.com\/site\/#\/schema\/person\/36ab0979449956132d3e5b517ea76ac8\",\"name\":\"Reda\u00e7\u00e3o\",\"image\":{\"@type\":\"ImageObject\",\"inLanguage\":\"pt-BR\",\"@id\":\"https:\/\/secure.gravatar.com\/avatar\/e0a867bdedb85fd243eadf09663511f96fc81e0720a4a42581f334ad4303aa6b?s=96&d=mm&r=g\",\"url\":\"https:\/\/secure.gravatar.com\/avatar\/e0a867bdedb85fd243eadf09663511f96fc81e0720a4a42581f334ad4303aa6b?s=96&d=mm&r=g\",\"contentUrl\":\"https:\/\/secure.gravatar.com\/avatar\/e0a867bdedb85fd243eadf09663511f96fc81e0720a4a42581f334ad4303aa6b?s=96&d=mm&r=g\",\"caption\":\"Reda\u00e7\u00e3o\"}}]}<\/script>\n<!-- \/ Yoast SEO plugin. -->","yoast_head_json":{"title":"Dos 100 melhores hospitais p\u00fablicos do pa\u00eds, Nordeste tem 17 - Notibras","robots":{"index":"index","follow":"follow","max-snippet":"max-snippet:-1","max-image-preview":"max-image-preview:large","max-video-preview":"max-video-preview:-1"},"canonical":"https:\/\/www.notibras.com\/site\/dos-100-melhores-hospitais-publicos-do-pais-nordeste-tem-17\/","og_locale":"pt_BR","og_type":"article","og_title":"Dos 100 melhores hospitais p\u00fablicos do pa\u00eds, Nordeste tem 17 - Notibras","og_description":"Levantamento nacional in\u00e9dito mostra os 100 melhores hospitais p\u00fablicos do Brasil. Embora ainda haja maior n\u00famero no estado de S\u00e3o Paulo, onde est\u00e3o concentrados 30 dos 100 melhores, 19 deles aparecem no levantamento com distribui\u00e7\u00e3o semelhante. O estudo foi feito pelo Instituto Brasileiro das Organiza\u00e7\u00f5es Sociais de Sa\u00fade (Ibross) em parceria com a Organiza\u00e7\u00e3o Pan-Americana [&hellip;]","og_url":"https:\/\/www.notibras.com\/site\/dos-100-melhores-hospitais-publicos-do-pais-nordeste-tem-17\/","og_site_name":"Notibras","article_publisher":"https:\/\/www.facebook.com\/notibras\/","article_published_time":"2026-01-08T03:02:56+00:00","article_modified_time":"2026-01-08T08:35:50+00:00","og_image":[{"width":1170,"height":700,"url":"https:\/\/www.notibras.com\/site\/wp-content\/uploads\/2026\/01\/d6a1662-2.webp","type":"image\/webp"}],"author":"Reda\u00e7\u00e3o","twitter_card":"summary_large_image","twitter_creator":"@Notibras","twitter_site":"@Notibras","twitter_misc":{"Escrito por":"Reda\u00e7\u00e3o","Est. tempo de leitura":"3 minutos"},"schema":{"@context":"https:\/\/schema.org","@graph":[{"@type":"Article","@id":"https:\/\/www.notibras.com\/site\/dos-100-melhores-hospitais-publicos-do-pais-nordeste-tem-17\/#article","isPartOf":{"@id":"https:\/\/www.notibras.com\/site\/dos-100-melhores-hospitais-publicos-do-pais-nordeste-tem-17\/"},"author":{"name":"Reda\u00e7\u00e3o","@id":"https:\/\/www.notibras.com\/site\/#\/schema\/person\/36ab0979449956132d3e5b517ea76ac8"},"headline":"Dos 100 melhores hospitais p\u00fablicos do pa\u00eds, Nordeste tem 17","datePublished":"2026-01-08T03:02:56+00:00","dateModified":"2026-01-08T08:35:50+00:00","mainEntityOfPage":{"@id":"https:\/\/www.notibras.com\/site\/dos-100-melhores-hospitais-publicos-do-pais-nordeste-tem-17\/"},"wordCount":487,"publisher":{"@id":"https:\/\/www.notibras.com\/site\/#organization"},"image":{"@id":"https:\/\/www.notibras.com\/site\/dos-100-melhores-hospitais-publicos-do-pais-nordeste-tem-17\/#primaryimage"},"thumbnailUrl":"https:\/\/www.notibras.com\/site\/wp-content\/uploads\/2026\/01\/d6a1662-2.webp","articleSection":["Nordeste"],"inLanguage":"pt-BR"},{"@type":"WebPage","@id":"https:\/\/www.notibras.com\/site\/dos-100-melhores-hospitais-publicos-do-pais-nordeste-tem-17\/","url":"https:\/\/www.notibras.com\/site\/dos-100-melhores-hospitais-publicos-do-pais-nordeste-tem-17\/","name":"Dos 100 melhores hospitais p\u00fablicos do pa\u00eds, Nordeste tem 17 - Notibras","isPartOf":{"@id":"https:\/\/www.notibras.com\/site\/#website"},"primaryImageOfPage":{"@id":"https:\/\/www.notibras.com\/site\/dos-100-melhores-hospitais-publicos-do-pais-nordeste-tem-17\/#primaryimage"},"image":{"@id":"https:\/\/www.notibras.com\/site\/dos-100-melhores-hospitais-publicos-do-pais-nordeste-tem-17\/#primaryimage"},"thumbnailUrl":"https:\/\/www.notibras.com\/site\/wp-content\/uploads\/2026\/01\/d6a1662-2.webp","datePublished":"2026-01-08T03:02:56+00:00","dateModified":"2026-01-08T08:35:50+00:00","breadcrumb":{"@id":"https:\/\/www.notibras.com\/site\/dos-100-melhores-hospitais-publicos-do-pais-nordeste-tem-17\/#breadcrumb"},"inLanguage":"pt-BR","potentialAction":[{"@type":"ReadAction","target":["https:\/\/www.notibras.com\/site\/dos-100-melhores-hospitais-publicos-do-pais-nordeste-tem-17\/"]}]},{"@type":"ImageObject","inLanguage":"pt-BR","@id":"https:\/\/www.notibras.com\/site\/dos-100-melhores-hospitais-publicos-do-pais-nordeste-tem-17\/#primaryimage","url":"https:\/\/www.notibras.com\/site\/wp-content\/uploads\/2026\/01\/d6a1662-2.webp","contentUrl":"https:\/\/www.notibras.com\/site\/wp-content\/uploads\/2026\/01\/d6a1662-2.webp","width":1170,"height":700},{"@type":"BreadcrumbList","@id":"https:\/\/www.notibras.com\/site\/dos-100-melhores-hospitais-publicos-do-pais-nordeste-tem-17\/#breadcrumb","itemListElement":[{"@type":"ListItem","position":1,"name":"In\u00edcio","item":"https:\/\/www.notibras.com\/site\/"},{"@type":"ListItem","position":2,"name":"Dos 100 melhores hospitais p\u00fablicos do pa\u00eds, Nordeste tem 17"}]},{"@type":"WebSite","@id":"https:\/\/www.notibras.com\/site\/#website","url":"https:\/\/www.notibras.com\/site\/","name":"Notibras","description":"Not\u00edcias de Bras\u00edlia, do Brasil e do Mundo","publisher":{"@id":"https:\/\/www.notibras.com\/site\/#organization"},"potentialAction":[{"@type":"SearchAction","target":{"@type":"EntryPoint","urlTemplate":"https:\/\/www.notibras.com\/site\/?s={search_term_string}"},"query-input":{"@type":"PropertyValueSpecification","valueRequired":true,"valueName":"search_term_string"}}],"inLanguage":"pt-BR"},{"@type":"Organization","@id":"https:\/\/www.notibras.com\/site\/#organization","name":"Grupo Notibras de Comunica\u00e7\u00e3o","url":"https:\/\/www.notibras.com\/site\/","logo":{"@type":"ImageObject","inLanguage":"pt-BR","@id":"https:\/\/www.notibras.com\/site\/#\/schema\/logo\/image\/","url":"https:\/\/www.notibras.com\/site\/wp-content\/uploads\/2023\/01\/notibras23.png","contentUrl":"https:\/\/www.notibras.com\/site\/wp-content\/uploads\/2023\/01\/notibras23.png","width":350,"height":87,"caption":"Grupo Notibras de Comunica\u00e7\u00e3o"},"image":{"@id":"https:\/\/www.notibras.com\/site\/#\/schema\/logo\/image\/"},"sameAs":["https:\/\/www.facebook.com\/notibras\/","https:\/\/x.com\/Notibras","https:\/\/www.instagram.com\/notibras\/"]},{"@type":"Person","@id":"https:\/\/www.notibras.com\/site\/#\/schema\/person\/36ab0979449956132d3e5b517ea76ac8","name":"Reda\u00e7\u00e3o","image":{"@type":"ImageObject","inLanguage":"pt-BR","@id":"https:\/\/secure.gravatar.com\/avatar\/e0a867bdedb85fd243eadf09663511f96fc81e0720a4a42581f334ad4303aa6b?s=96&d=mm&r=g","url":"https:\/\/secure.gravatar.com\/avatar\/e0a867bdedb85fd243eadf09663511f96fc81e0720a4a42581f334ad4303aa6b?s=96&d=mm&r=g","contentUrl":"https:\/\/secure.gravatar.com\/avatar\/e0a867bdedb85fd243eadf09663511f96fc81e0720a4a42581f334ad4303aa6b?s=96&d=mm&r=g","caption":"Reda\u00e7\u00e3o"}}]}},"amp_enabled":true,"_links":{"self":[{"href":"https:\/\/www.notibras.com\/site\/wp-json\/wp\/v2\/posts\/378184","targetHints":{"allow":["GET"]}}],"collection":[{"href":"https:\/\/www.notibras.com\/site\/wp-json\/wp\/v2\/posts"}],"about":[{"href":"https:\/\/www.notibras.com\/site\/wp-json\/wp\/v2\/types\/post"}],"author":[{"embeddable":true,"href":"https:\/\/www.notibras.com\/site\/wp-json\/wp\/v2\/users\/2"}],"replies":[{"embeddable":true,"href":"https:\/\/www.notibras.com\/site\/wp-json\/wp\/v2\/comments?post=378184"}],"version-history":[{"count":1,"href":"https:\/\/www.notibras.com\/site\/wp-json\/wp\/v2\/posts\/378184\/revisions"}],"predecessor-version":[{"id":378186,"href":"https:\/\/www.notibras.com\/site\/wp-json\/wp\/v2\/posts\/378184\/revisions\/378186"}],"wp:featuredmedia":[{"embeddable":true,"href":"https:\/\/www.notibras.com\/site\/wp-json\/wp\/v2\/media\/378185"}],"wp:attachment":[{"href":"https:\/\/www.notibras.com\/site\/wp-json\/wp\/v2\/media?parent=378184"}],"wp:term":[{"taxonomy":"category","embeddable":true,"href":"https:\/\/www.notibras.com\/site\/wp-json\/wp\/v2\/categories?post=378184"},{"taxonomy":"post_tag","embeddable":true,"href":"https:\/\/www.notibras.com\/site\/wp-json\/wp\/v2\/tags?post=378184"}],"curies":[{"name":"wp","href":"https:\/\/api.w.org\/{rel}","templated":true}]}}