{"id":378212,"date":"2026-01-08T07:08:50","date_gmt":"2026-01-08T10:08:50","guid":{"rendered":"https:\/\/www.notibras.com\/site\/?p=378212"},"modified":"2026-01-08T07:08:50","modified_gmt":"2026-01-08T10:08:50","slug":"chegada-de-estrangeiros-em-sao-paulo-cresce-21","status":"publish","type":"post","link":"https:\/\/www.notibras.com\/site\/chegada-de-estrangeiros-em-sao-paulo-cresce-21\/","title":{"rendered":"Chegada de estrangeiros em S\u00e3o Paulo cresce 21%"},"content":{"rendered":"<p>O estado de S\u00e3o Paulo foi o principal port\u00e3o de entrada do pa\u00eds em 2025. Dos mais de 9,2 milh\u00f5es de turistas estrangeiros que estiveram no Brasil no ano passado, cerca de 2,7 milh\u00f5es desembarcaram nos terminais do estado. Isso representou um aumento de 21% em rela\u00e7\u00e3o a 2024, quando houve 2,2 milh\u00f5es de visitantes do exterior.<\/p>\n<p>Os dados foram divulgados nesta semana conjuntamente pela Embratur, pelo Minist\u00e9rio do Turismo e pela Pol\u00edcia Federal.<\/p>\n<p>A lista de visitantes estrangeiros que entraram no pa\u00eds por S\u00e3o Paulo \u00e9 liderada pelos estadunidenses. Ao todo, 431.478 pessoas dos Estados Unidos desembarcaram no estado paulista, seguidos pelos argentinos, com 391.543 turistas; chilenos, com 173.888; portugueses, com 118.453; e alem\u00e3es, com 107.779.<\/p>\n<p>S\u00f3 no m\u00eas de dezembro, 259.237 turistas estrangeiros entraram no Brasil por S\u00e3o Paulo, contingente 9,6% superior ao registrado no mesmo m\u00eas do ano passado.<\/p>\n<p>\u201cO estado, que re\u00fane as tradicionais atra\u00e7\u00f5es tur\u00edsticas da capital, as belas praias e oportunidades de contato com a natureza, tem se consolidado como um destino de experi\u00eancias, onde a diversidade cultural e a gastronomia se destacam. Nosso objetivo \u00e9 que o destino cres\u00e7a ainda mais em 2026\u201d, destacou Marcelo Freixo, presidente da Embratur.<\/p>\n<p><strong>Brasil<\/strong><br \/>\nO Brasil encerrou o ano de 2025 com 9.287.196 turistas internacionais, o que representou aumento de 37,1% em rela\u00e7\u00e3o a 2024. A maior parte desses visitantes estrangeiros veio da Argentina, que enviou 3.386.823 de turistas ao pa\u00eds. Na sequ\u00eancia aparece o Chile, com 801.921 visitantes, e os Estados Unidos, que somaram 759.637 chegadas ao Brasil.<\/p>\n","protected":false},"excerpt":{"rendered":"<p>O estado de S\u00e3o Paulo foi o principal port\u00e3o de entrada do pa\u00eds em 2025. Dos mais de 9,2 milh\u00f5es de turistas estrangeiros que estiveram no Brasil no ano passado, cerca de 2,7 milh\u00f5es desembarcaram nos terminais do estado. Isso representou um aumento de 21% em rela\u00e7\u00e3o a 2024, quando houve 2,2 milh\u00f5es de visitantes [&hellip;]<\/p>\n","protected":false},"author":2,"featured_media":378213,"comment_status":"closed","ping_status":"closed","sticky":false,"template":"","format":"standard","meta":{"_acf_changed":false,"footnotes":""},"categories":[155],"tags":[],"class_list":["post-378212","post","type-post","status-publish","format-standard","has-post-thumbnail","hentry","category-leitura-vip"],"acf":[],"yoast_head":"<!-- This site is optimized with the Yoast SEO plugin v27.2 - https:\/\/yoast.com\/product\/yoast-seo-wordpress\/ -->\n<title>Chegada de estrangeiros em S\u00e3o Paulo cresce 21% - Notibras<\/title>\n<meta name=\"robots\" content=\"index, follow, max-snippet:-1, max-image-preview:large, max-video-preview:-1\" \/>\n<link rel=\"canonical\" href=\"https:\/\/www.notibras.com\/site\/chegada-de-estrangeiros-em-sao-paulo-cresce-21\/\" \/>\n<meta property=\"og:locale\" content=\"pt_BR\" \/>\n<meta property=\"og:type\" content=\"article\" \/>\n<meta property=\"og:title\" content=\"Chegada de estrangeiros em S\u00e3o Paulo cresce 21% - Notibras\" \/>\n<meta property=\"og:description\" content=\"O estado de S\u00e3o Paulo foi o principal port\u00e3o de entrada do pa\u00eds em 2025. Dos mais de 9,2 milh\u00f5es de turistas estrangeiros que estiveram no Brasil no ano passado, cerca de 2,7 milh\u00f5es desembarcaram nos terminais do estado. Isso representou um aumento de 21% em rela\u00e7\u00e3o a 2024, quando houve 2,2 milh\u00f5es de visitantes [&hellip;]\" \/>\n<meta property=\"og:url\" content=\"https:\/\/www.notibras.com\/site\/chegada-de-estrangeiros-em-sao-paulo-cresce-21\/\" \/>\n<meta property=\"og:site_name\" content=\"Notibras\" \/>\n<meta property=\"article:publisher\" content=\"https:\/\/www.facebook.com\/notibras\/\" \/>\n<meta property=\"article:published_time\" content=\"2026-01-08T10:08:50+00:00\" \/>\n<meta property=\"og:image\" content=\"https:\/\/www.notibras.com\/site\/wp-content\/uploads\/2026\/01\/aeroporto_guarulhos_11.webp\" \/>\n\t<meta property=\"og:image:width\" content=\"1170\" \/>\n\t<meta property=\"og:image:height\" content=\"700\" \/>\n\t<meta property=\"og:image:type\" content=\"image\/webp\" \/>\n<meta name=\"author\" content=\"Reda\u00e7\u00e3o\" \/>\n<meta name=\"twitter:card\" content=\"summary_large_image\" \/>\n<meta name=\"twitter:creator\" content=\"@Notibras\" \/>\n<meta name=\"twitter:site\" content=\"@Notibras\" \/>\n<meta name=\"twitter:label1\" content=\"Escrito por\" \/>\n\t<meta name=\"twitter:data1\" content=\"Reda\u00e7\u00e3o\" \/>\n\t<meta name=\"twitter:label2\" content=\"Est. tempo de leitura\" \/>\n\t<meta name=\"twitter:data2\" content=\"2 minutos\" \/>\n<script type=\"application\/ld+json\" class=\"yoast-schema-graph\">{\"@context\":\"https:\/\/schema.org\",\"@graph\":[{\"@type\":\"Article\",\"@id\":\"https:\/\/www.notibras.com\/site\/chegada-de-estrangeiros-em-sao-paulo-cresce-21\/#article\",\"isPartOf\":{\"@id\":\"https:\/\/www.notibras.com\/site\/chegada-de-estrangeiros-em-sao-paulo-cresce-21\/\"},\"author\":{\"name\":\"Reda\u00e7\u00e3o\",\"@id\":\"https:\/\/www.notibras.com\/site\/#\/schema\/person\/36ab0979449956132d3e5b517ea76ac8\"},\"headline\":\"Chegada de estrangeiros em S\u00e3o Paulo cresce 21%\",\"datePublished\":\"2026-01-08T10:08:50+00:00\",\"mainEntityOfPage\":{\"@id\":\"https:\/\/www.notibras.com\/site\/chegada-de-estrangeiros-em-sao-paulo-cresce-21\/\"},\"wordCount\":260,\"publisher\":{\"@id\":\"https:\/\/www.notibras.com\/site\/#organization\"},\"image\":{\"@id\":\"https:\/\/www.notibras.com\/site\/chegada-de-estrangeiros-em-sao-paulo-cresce-21\/#primaryimage\"},\"thumbnailUrl\":\"https:\/\/www.notibras.com\/site\/wp-content\/uploads\/2026\/01\/aeroporto_guarulhos_11.webp\",\"articleSection\":[\"Leitura Vip\"],\"inLanguage\":\"pt-BR\"},{\"@type\":\"WebPage\",\"@id\":\"https:\/\/www.notibras.com\/site\/chegada-de-estrangeiros-em-sao-paulo-cresce-21\/\",\"url\":\"https:\/\/www.notibras.com\/site\/chegada-de-estrangeiros-em-sao-paulo-cresce-21\/\",\"name\":\"Chegada de estrangeiros em S\u00e3o Paulo cresce 21% - Notibras\",\"isPartOf\":{\"@id\":\"https:\/\/www.notibras.com\/site\/#website\"},\"primaryImageOfPage\":{\"@id\":\"https:\/\/www.notibras.com\/site\/chegada-de-estrangeiros-em-sao-paulo-cresce-21\/#primaryimage\"},\"image\":{\"@id\":\"https:\/\/www.notibras.com\/site\/chegada-de-estrangeiros-em-sao-paulo-cresce-21\/#primaryimage\"},\"thumbnailUrl\":\"https:\/\/www.notibras.com\/site\/wp-content\/uploads\/2026\/01\/aeroporto_guarulhos_11.webp\",\"datePublished\":\"2026-01-08T10:08:50+00:00\",\"breadcrumb\":{\"@id\":\"https:\/\/www.notibras.com\/site\/chegada-de-estrangeiros-em-sao-paulo-cresce-21\/#breadcrumb\"},\"inLanguage\":\"pt-BR\",\"potentialAction\":[{\"@type\":\"ReadAction\",\"target\":[\"https:\/\/www.notibras.com\/site\/chegada-de-estrangeiros-em-sao-paulo-cresce-21\/\"]}]},{\"@type\":\"ImageObject\",\"inLanguage\":\"pt-BR\",\"@id\":\"https:\/\/www.notibras.com\/site\/chegada-de-estrangeiros-em-sao-paulo-cresce-21\/#primaryimage\",\"url\":\"https:\/\/www.notibras.com\/site\/wp-content\/uploads\/2026\/01\/aeroporto_guarulhos_11.webp\",\"contentUrl\":\"https:\/\/www.notibras.com\/site\/wp-content\/uploads\/2026\/01\/aeroporto_guarulhos_11.webp\",\"width\":1170,\"height\":700},{\"@type\":\"BreadcrumbList\",\"@id\":\"https:\/\/www.notibras.com\/site\/chegada-de-estrangeiros-em-sao-paulo-cresce-21\/#breadcrumb\",\"itemListElement\":[{\"@type\":\"ListItem\",\"position\":1,\"name\":\"In\u00edcio\",\"item\":\"https:\/\/www.notibras.com\/site\/\"},{\"@type\":\"ListItem\",\"position\":2,\"name\":\"Chegada de estrangeiros em S\u00e3o Paulo cresce 21%\"}]},{\"@type\":\"WebSite\",\"@id\":\"https:\/\/www.notibras.com\/site\/#website\",\"url\":\"https:\/\/www.notibras.com\/site\/\",\"name\":\"Notibras\",\"description\":\"Not\u00edcias de Bras\u00edlia, do Brasil e do Mundo\",\"publisher\":{\"@id\":\"https:\/\/www.notibras.com\/site\/#organization\"},\"potentialAction\":[{\"@type\":\"SearchAction\",\"target\":{\"@type\":\"EntryPoint\",\"urlTemplate\":\"https:\/\/www.notibras.com\/site\/?s={search_term_string}\"},\"query-input\":{\"@type\":\"PropertyValueSpecification\",\"valueRequired\":true,\"valueName\":\"search_term_string\"}}],\"inLanguage\":\"pt-BR\"},{\"@type\":\"Organization\",\"@id\":\"https:\/\/www.notibras.com\/site\/#organization\",\"name\":\"Grupo Notibras de Comunica\u00e7\u00e3o\",\"url\":\"https:\/\/www.notibras.com\/site\/\",\"logo\":{\"@type\":\"ImageObject\",\"inLanguage\":\"pt-BR\",\"@id\":\"https:\/\/www.notibras.com\/site\/#\/schema\/logo\/image\/\",\"url\":\"https:\/\/www.notibras.com\/site\/wp-content\/uploads\/2023\/01\/notibras23.png\",\"contentUrl\":\"https:\/\/www.notibras.com\/site\/wp-content\/uploads\/2023\/01\/notibras23.png\",\"width\":350,\"height\":87,\"caption\":\"Grupo Notibras de Comunica\u00e7\u00e3o\"},\"image\":{\"@id\":\"https:\/\/www.notibras.com\/site\/#\/schema\/logo\/image\/\"},\"sameAs\":[\"https:\/\/www.facebook.com\/notibras\/\",\"https:\/\/x.com\/Notibras\",\"https:\/\/www.instagram.com\/notibras\/\"]},{\"@type\":\"Person\",\"@id\":\"https:\/\/www.notibras.com\/site\/#\/schema\/person\/36ab0979449956132d3e5b517ea76ac8\",\"name\":\"Reda\u00e7\u00e3o\",\"image\":{\"@type\":\"ImageObject\",\"inLanguage\":\"pt-BR\",\"@id\":\"https:\/\/secure.gravatar.com\/avatar\/e0a867bdedb85fd243eadf09663511f96fc81e0720a4a42581f334ad4303aa6b?s=96&d=mm&r=g\",\"url\":\"https:\/\/secure.gravatar.com\/avatar\/e0a867bdedb85fd243eadf09663511f96fc81e0720a4a42581f334ad4303aa6b?s=96&d=mm&r=g\",\"contentUrl\":\"https:\/\/secure.gravatar.com\/avatar\/e0a867bdedb85fd243eadf09663511f96fc81e0720a4a42581f334ad4303aa6b?s=96&d=mm&r=g\",\"caption\":\"Reda\u00e7\u00e3o\"}}]}<\/script>\n<!-- \/ Yoast SEO plugin. -->","yoast_head_json":{"title":"Chegada de estrangeiros em S\u00e3o Paulo cresce 21% - Notibras","robots":{"index":"index","follow":"follow","max-snippet":"max-snippet:-1","max-image-preview":"max-image-preview:large","max-video-preview":"max-video-preview:-1"},"canonical":"https:\/\/www.notibras.com\/site\/chegada-de-estrangeiros-em-sao-paulo-cresce-21\/","og_locale":"pt_BR","og_type":"article","og_title":"Chegada de estrangeiros em S\u00e3o Paulo cresce 21% - Notibras","og_description":"O estado de S\u00e3o Paulo foi o principal port\u00e3o de entrada do pa\u00eds em 2025. Dos mais de 9,2 milh\u00f5es de turistas estrangeiros que estiveram no Brasil no ano passado, cerca de 2,7 milh\u00f5es desembarcaram nos terminais do estado. Isso representou um aumento de 21% em rela\u00e7\u00e3o a 2024, quando houve 2,2 milh\u00f5es de visitantes [&hellip;]","og_url":"https:\/\/www.notibras.com\/site\/chegada-de-estrangeiros-em-sao-paulo-cresce-21\/","og_site_name":"Notibras","article_publisher":"https:\/\/www.facebook.com\/notibras\/","article_published_time":"2026-01-08T10:08:50+00:00","og_image":[{"width":1170,"height":700,"url":"https:\/\/www.notibras.com\/site\/wp-content\/uploads\/2026\/01\/aeroporto_guarulhos_11.webp","type":"image\/webp"}],"author":"Reda\u00e7\u00e3o","twitter_card":"summary_large_image","twitter_creator":"@Notibras","twitter_site":"@Notibras","twitter_misc":{"Escrito por":"Reda\u00e7\u00e3o","Est. tempo de leitura":"2 minutos"},"schema":{"@context":"https:\/\/schema.org","@graph":[{"@type":"Article","@id":"https:\/\/www.notibras.com\/site\/chegada-de-estrangeiros-em-sao-paulo-cresce-21\/#article","isPartOf":{"@id":"https:\/\/www.notibras.com\/site\/chegada-de-estrangeiros-em-sao-paulo-cresce-21\/"},"author":{"name":"Reda\u00e7\u00e3o","@id":"https:\/\/www.notibras.com\/site\/#\/schema\/person\/36ab0979449956132d3e5b517ea76ac8"},"headline":"Chegada de estrangeiros em S\u00e3o Paulo cresce 21%","datePublished":"2026-01-08T10:08:50+00:00","mainEntityOfPage":{"@id":"https:\/\/www.notibras.com\/site\/chegada-de-estrangeiros-em-sao-paulo-cresce-21\/"},"wordCount":260,"publisher":{"@id":"https:\/\/www.notibras.com\/site\/#organization"},"image":{"@id":"https:\/\/www.notibras.com\/site\/chegada-de-estrangeiros-em-sao-paulo-cresce-21\/#primaryimage"},"thumbnailUrl":"https:\/\/www.notibras.com\/site\/wp-content\/uploads\/2026\/01\/aeroporto_guarulhos_11.webp","articleSection":["Leitura Vip"],"inLanguage":"pt-BR"},{"@type":"WebPage","@id":"https:\/\/www.notibras.com\/site\/chegada-de-estrangeiros-em-sao-paulo-cresce-21\/","url":"https:\/\/www.notibras.com\/site\/chegada-de-estrangeiros-em-sao-paulo-cresce-21\/","name":"Chegada de estrangeiros em S\u00e3o Paulo cresce 21% - Notibras","isPartOf":{"@id":"https:\/\/www.notibras.com\/site\/#website"},"primaryImageOfPage":{"@id":"https:\/\/www.notibras.com\/site\/chegada-de-estrangeiros-em-sao-paulo-cresce-21\/#primaryimage"},"image":{"@id":"https:\/\/www.notibras.com\/site\/chegada-de-estrangeiros-em-sao-paulo-cresce-21\/#primaryimage"},"thumbnailUrl":"https:\/\/www.notibras.com\/site\/wp-content\/uploads\/2026\/01\/aeroporto_guarulhos_11.webp","datePublished":"2026-01-08T10:08:50+00:00","breadcrumb":{"@id":"https:\/\/www.notibras.com\/site\/chegada-de-estrangeiros-em-sao-paulo-cresce-21\/#breadcrumb"},"inLanguage":"pt-BR","potentialAction":[{"@type":"ReadAction","target":["https:\/\/www.notibras.com\/site\/chegada-de-estrangeiros-em-sao-paulo-cresce-21\/"]}]},{"@type":"ImageObject","inLanguage":"pt-BR","@id":"https:\/\/www.notibras.com\/site\/chegada-de-estrangeiros-em-sao-paulo-cresce-21\/#primaryimage","url":"https:\/\/www.notibras.com\/site\/wp-content\/uploads\/2026\/01\/aeroporto_guarulhos_11.webp","contentUrl":"https:\/\/www.notibras.com\/site\/wp-content\/uploads\/2026\/01\/aeroporto_guarulhos_11.webp","width":1170,"height":700},{"@type":"BreadcrumbList","@id":"https:\/\/www.notibras.com\/site\/chegada-de-estrangeiros-em-sao-paulo-cresce-21\/#breadcrumb","itemListElement":[{"@type":"ListItem","position":1,"name":"In\u00edcio","item":"https:\/\/www.notibras.com\/site\/"},{"@type":"ListItem","position":2,"name":"Chegada de estrangeiros em S\u00e3o Paulo cresce 21%"}]},{"@type":"WebSite","@id":"https:\/\/www.notibras.com\/site\/#website","url":"https:\/\/www.notibras.com\/site\/","name":"Notibras","description":"Not\u00edcias de Bras\u00edlia, do Brasil e do Mundo","publisher":{"@id":"https:\/\/www.notibras.com\/site\/#organization"},"potentialAction":[{"@type":"SearchAction","target":{"@type":"EntryPoint","urlTemplate":"https:\/\/www.notibras.com\/site\/?s={search_term_string}"},"query-input":{"@type":"PropertyValueSpecification","valueRequired":true,"valueName":"search_term_string"}}],"inLanguage":"pt-BR"},{"@type":"Organization","@id":"https:\/\/www.notibras.com\/site\/#organization","name":"Grupo Notibras de Comunica\u00e7\u00e3o","url":"https:\/\/www.notibras.com\/site\/","logo":{"@type":"ImageObject","inLanguage":"pt-BR","@id":"https:\/\/www.notibras.com\/site\/#\/schema\/logo\/image\/","url":"https:\/\/www.notibras.com\/site\/wp-content\/uploads\/2023\/01\/notibras23.png","contentUrl":"https:\/\/www.notibras.com\/site\/wp-content\/uploads\/2023\/01\/notibras23.png","width":350,"height":87,"caption":"Grupo Notibras de Comunica\u00e7\u00e3o"},"image":{"@id":"https:\/\/www.notibras.com\/site\/#\/schema\/logo\/image\/"},"sameAs":["https:\/\/www.facebook.com\/notibras\/","https:\/\/x.com\/Notibras","https:\/\/www.instagram.com\/notibras\/"]},{"@type":"Person","@id":"https:\/\/www.notibras.com\/site\/#\/schema\/person\/36ab0979449956132d3e5b517ea76ac8","name":"Reda\u00e7\u00e3o","image":{"@type":"ImageObject","inLanguage":"pt-BR","@id":"https:\/\/secure.gravatar.com\/avatar\/e0a867bdedb85fd243eadf09663511f96fc81e0720a4a42581f334ad4303aa6b?s=96&d=mm&r=g","url":"https:\/\/secure.gravatar.com\/avatar\/e0a867bdedb85fd243eadf09663511f96fc81e0720a4a42581f334ad4303aa6b?s=96&d=mm&r=g","contentUrl":"https:\/\/secure.gravatar.com\/avatar\/e0a867bdedb85fd243eadf09663511f96fc81e0720a4a42581f334ad4303aa6b?s=96&d=mm&r=g","caption":"Reda\u00e7\u00e3o"}}]}},"amp_enabled":true,"_links":{"self":[{"href":"https:\/\/www.notibras.com\/site\/wp-json\/wp\/v2\/posts\/378212","targetHints":{"allow":["GET"]}}],"collection":[{"href":"https:\/\/www.notibras.com\/site\/wp-json\/wp\/v2\/posts"}],"about":[{"href":"https:\/\/www.notibras.com\/site\/wp-json\/wp\/v2\/types\/post"}],"author":[{"embeddable":true,"href":"https:\/\/www.notibras.com\/site\/wp-json\/wp\/v2\/users\/2"}],"replies":[{"embeddable":true,"href":"https:\/\/www.notibras.com\/site\/wp-json\/wp\/v2\/comments?post=378212"}],"version-history":[{"count":1,"href":"https:\/\/www.notibras.com\/site\/wp-json\/wp\/v2\/posts\/378212\/revisions"}],"predecessor-version":[{"id":378214,"href":"https:\/\/www.notibras.com\/site\/wp-json\/wp\/v2\/posts\/378212\/revisions\/378214"}],"wp:featuredmedia":[{"embeddable":true,"href":"https:\/\/www.notibras.com\/site\/wp-json\/wp\/v2\/media\/378213"}],"wp:attachment":[{"href":"https:\/\/www.notibras.com\/site\/wp-json\/wp\/v2\/media?parent=378212"}],"wp:term":[{"taxonomy":"category","embeddable":true,"href":"https:\/\/www.notibras.com\/site\/wp-json\/wp\/v2\/categories?post=378212"},{"taxonomy":"post_tag","embeddable":true,"href":"https:\/\/www.notibras.com\/site\/wp-json\/wp\/v2\/tags?post=378212"}],"curies":[{"name":"wp","href":"https:\/\/api.w.org\/{rel}","templated":true}]}}