{"id":378229,"date":"2026-01-09T00:15:11","date_gmt":"2026-01-09T03:15:11","guid":{"rendered":"https:\/\/www.notibras.com\/site\/?p=378229"},"modified":"2026-01-08T22:06:50","modified_gmt":"2026-01-09T01:06:50","slug":"suspeito-de-estupro-em-serie-e-preso-apos-fugir-do-saidao-de-natal","status":"publish","type":"post","link":"https:\/\/www.notibras.com\/site\/suspeito-de-estupro-em-serie-e-preso-apos-fugir-do-saidao-de-natal\/","title":{"rendered":"Suspeito de estupro em s\u00e9rie \u00e9 preso ap\u00f3s fugir do &#8216;said\u00e3o&#8217; de Natal"},"content":{"rendered":"<p>A Pol\u00edcia Civil do Distrito Federal (PCDF) prendeu, nesta quinta-feira (8), M\u00e1rcio Ferreira dos Santos, de 47 anos. Ele \u00e9 apontado como o autor de dois estupros ocorridos na BR-251 no final de dezembro. O crime chocou a regi\u00e3o pela brutalidade e pelo fato de o suspeito ser um detento que n\u00e3o retornou da sa\u00edda tempor\u00e1ria de Natal.<\/p>\n<p><strong>O Crime na Rodovia<\/strong><\/p>\n<p>De acordo com as investiga\u00e7\u00f5es da 30\u00aa Delegacia de Pol\u00edcia (S\u00e3o Sebasti\u00e3o), o ataque ocorreu no dia 28 de dezembro, em meio a um forte temporal. As v\u00edtimas, duas mulheres de 28 e 35 anos, foram abordadas no momento em que entravam em um ve\u00edculo \u2014 uma delas oferecia carona \u00e0 outra para fugir da chuva.<\/p>\n<p>&#8220;Ele se aproveitou desse momento, rendeu as duas com uma arma de fogo e cometeu os estupros&#8221;, explicou o delegado Ronney Matsui.<\/p>\n<p>Ap\u00f3s a consuma\u00e7\u00e3o do ato, as v\u00edtimas reagiram, o que for\u00e7ou a fuga do agressor.<\/p>\n<p><strong>Hist\u00f3rico Criminal e a Fuga do Sistema<\/strong><\/p>\n<p>M\u00e1rcio possui uma extensa ficha criminal, com condena\u00e7\u00f5es que somam 78 anos de reclus\u00e3o por crimes graves, como homic\u00eddio e roubo. Ele era um dos 1.624 detentos beneficiados pela sa\u00edda tempor\u00e1ria de 22 de dezembro.<\/p>\n<p>O suspeito deveria ter se apresentado ao sistema prisional no dia 26 de dezembro, mas n\u00e3o retornou, passando a ser considerado foragido. Os estupros na rodovia foram cometidos apenas 48 horas ap\u00f3s o fim do prazo de seu retorno.<\/p>\n<p><strong>Balan\u00e7o do &#8216;Said\u00e3o&#8217;<\/strong><\/p>\n<p>Segundo dados da Secretaria de Administra\u00e7\u00e3o Penitenci\u00e1ria (Seape-DF), dos mais de 1,6 mil presos liberados para o Natal, 19 n\u00e3o retornaram \u00e0s celas. Com a recaptura e a nova acusa\u00e7\u00e3o, M\u00e1rcio Ferreira dos Santos deve perder o direito ao regime semiaberto e regredir para o regime fechado, al\u00e9m de responder pelos novos crimes de estupro e porte de arma.<\/p>\n","protected":false},"excerpt":{"rendered":"<p>A Pol\u00edcia Civil do Distrito Federal (PCDF) prendeu, nesta quinta-feira (8), M\u00e1rcio Ferreira dos Santos, de 47 anos. Ele \u00e9 apontado como o autor de dois estupros ocorridos na BR-251 no final de dezembro. O crime chocou a regi\u00e3o pela brutalidade e pelo fato de o suspeito ser um detento que n\u00e3o retornou da sa\u00edda [&hellip;]<\/p>\n","protected":false},"author":21,"featured_media":378230,"comment_status":"closed","ping_status":"closed","sticky":false,"template":"","format":"standard","meta":{"_acf_changed":false,"footnotes":""},"categories":[161],"tags":[],"class_list":["post-378229","post","type-post","status-publish","format-standard","has-post-thumbnail","hentry","category-quadradinho-em-foco"],"acf":[],"yoast_head":"<!-- This site is optimized with the Yoast SEO plugin v27.2 - https:\/\/yoast.com\/product\/yoast-seo-wordpress\/ -->\n<title>Suspeito de estupro em s\u00e9rie \u00e9 preso ap\u00f3s fugir do &#039;said\u00e3o&#039; de Natal - Notibras<\/title>\n<meta name=\"robots\" content=\"index, follow, max-snippet:-1, max-image-preview:large, max-video-preview:-1\" \/>\n<link rel=\"canonical\" href=\"https:\/\/www.notibras.com\/site\/suspeito-de-estupro-em-serie-e-preso-apos-fugir-do-saidao-de-natal\/\" \/>\n<meta property=\"og:locale\" content=\"pt_BR\" \/>\n<meta property=\"og:type\" content=\"article\" \/>\n<meta property=\"og:title\" content=\"Suspeito de estupro em s\u00e9rie \u00e9 preso ap\u00f3s fugir do &#039;said\u00e3o&#039; de Natal - Notibras\" \/>\n<meta property=\"og:description\" content=\"A Pol\u00edcia Civil do Distrito Federal (PCDF) prendeu, nesta quinta-feira (8), M\u00e1rcio Ferreira dos Santos, de 47 anos. Ele \u00e9 apontado como o autor de dois estupros ocorridos na BR-251 no final de dezembro. O crime chocou a regi\u00e3o pela brutalidade e pelo fato de o suspeito ser um detento que n\u00e3o retornou da sa\u00edda [&hellip;]\" \/>\n<meta property=\"og:url\" content=\"https:\/\/www.notibras.com\/site\/suspeito-de-estupro-em-serie-e-preso-apos-fugir-do-saidao-de-natal\/\" \/>\n<meta property=\"og:site_name\" content=\"Notibras\" \/>\n<meta property=\"article:publisher\" content=\"https:\/\/www.facebook.com\/notibras\/\" \/>\n<meta property=\"article:published_time\" content=\"2026-01-09T03:15:11+00:00\" \/>\n<meta property=\"og:image\" content=\"https:\/\/www.notibras.com\/site\/wp-content\/uploads\/2026\/01\/IMG_0192-scaled.jpg\" \/>\n\t<meta property=\"og:image:width\" content=\"2028\" \/>\n\t<meta property=\"og:image:height\" content=\"2560\" \/>\n\t<meta property=\"og:image:type\" content=\"image\/jpeg\" \/>\n<meta name=\"author\" content=\"Eduardo Mart\u00ednez\" \/>\n<meta name=\"twitter:card\" content=\"summary_large_image\" \/>\n<meta name=\"twitter:creator\" content=\"@Notibras\" \/>\n<meta name=\"twitter:site\" content=\"@Notibras\" \/>\n<meta name=\"twitter:label1\" content=\"Escrito por\" \/>\n\t<meta name=\"twitter:data1\" content=\"Eduardo Mart\u00ednez\" \/>\n\t<meta name=\"twitter:label2\" content=\"Est. tempo de leitura\" \/>\n\t<meta name=\"twitter:data2\" content=\"2 minutos\" \/>\n<script type=\"application\/ld+json\" class=\"yoast-schema-graph\">{\"@context\":\"https:\/\/schema.org\",\"@graph\":[{\"@type\":\"Article\",\"@id\":\"https:\/\/www.notibras.com\/site\/suspeito-de-estupro-em-serie-e-preso-apos-fugir-do-saidao-de-natal\/#article\",\"isPartOf\":{\"@id\":\"https:\/\/www.notibras.com\/site\/suspeito-de-estupro-em-serie-e-preso-apos-fugir-do-saidao-de-natal\/\"},\"author\":{\"name\":\"Eduardo Mart\u00ednez\",\"@id\":\"https:\/\/www.notibras.com\/site\/#\/schema\/person\/5b7fabf2aedc3ada2105f03b22b4d3dd\"},\"headline\":\"Suspeito de estupro em s\u00e9rie \u00e9 preso ap\u00f3s fugir do &#8216;said\u00e3o&#8217; de Natal\",\"datePublished\":\"2026-01-09T03:15:11+00:00\",\"mainEntityOfPage\":{\"@id\":\"https:\/\/www.notibras.com\/site\/suspeito-de-estupro-em-serie-e-preso-apos-fugir-do-saidao-de-natal\/\"},\"wordCount\":330,\"publisher\":{\"@id\":\"https:\/\/www.notibras.com\/site\/#organization\"},\"image\":{\"@id\":\"https:\/\/www.notibras.com\/site\/suspeito-de-estupro-em-serie-e-preso-apos-fugir-do-saidao-de-natal\/#primaryimage\"},\"thumbnailUrl\":\"https:\/\/www.notibras.com\/site\/wp-content\/uploads\/2026\/01\/IMG_0192-scaled.jpg\",\"articleSection\":[\"Quadradinho em Foco\"],\"inLanguage\":\"pt-BR\"},{\"@type\":\"WebPage\",\"@id\":\"https:\/\/www.notibras.com\/site\/suspeito-de-estupro-em-serie-e-preso-apos-fugir-do-saidao-de-natal\/\",\"url\":\"https:\/\/www.notibras.com\/site\/suspeito-de-estupro-em-serie-e-preso-apos-fugir-do-saidao-de-natal\/\",\"name\":\"Suspeito de estupro em s\u00e9rie \u00e9 preso ap\u00f3s fugir do 'said\u00e3o' de Natal - Notibras\",\"isPartOf\":{\"@id\":\"https:\/\/www.notibras.com\/site\/#website\"},\"primaryImageOfPage\":{\"@id\":\"https:\/\/www.notibras.com\/site\/suspeito-de-estupro-em-serie-e-preso-apos-fugir-do-saidao-de-natal\/#primaryimage\"},\"image\":{\"@id\":\"https:\/\/www.notibras.com\/site\/suspeito-de-estupro-em-serie-e-preso-apos-fugir-do-saidao-de-natal\/#primaryimage\"},\"thumbnailUrl\":\"https:\/\/www.notibras.com\/site\/wp-content\/uploads\/2026\/01\/IMG_0192-scaled.jpg\",\"datePublished\":\"2026-01-09T03:15:11+00:00\",\"breadcrumb\":{\"@id\":\"https:\/\/www.notibras.com\/site\/suspeito-de-estupro-em-serie-e-preso-apos-fugir-do-saidao-de-natal\/#breadcrumb\"},\"inLanguage\":\"pt-BR\",\"potentialAction\":[{\"@type\":\"ReadAction\",\"target\":[\"https:\/\/www.notibras.com\/site\/suspeito-de-estupro-em-serie-e-preso-apos-fugir-do-saidao-de-natal\/\"]}]},{\"@type\":\"ImageObject\",\"inLanguage\":\"pt-BR\",\"@id\":\"https:\/\/www.notibras.com\/site\/suspeito-de-estupro-em-serie-e-preso-apos-fugir-do-saidao-de-natal\/#primaryimage\",\"url\":\"https:\/\/www.notibras.com\/site\/wp-content\/uploads\/2026\/01\/IMG_0192-scaled.jpg\",\"contentUrl\":\"https:\/\/www.notibras.com\/site\/wp-content\/uploads\/2026\/01\/IMG_0192-scaled.jpg\",\"width\":2028,\"height\":2560},{\"@type\":\"BreadcrumbList\",\"@id\":\"https:\/\/www.notibras.com\/site\/suspeito-de-estupro-em-serie-e-preso-apos-fugir-do-saidao-de-natal\/#breadcrumb\",\"itemListElement\":[{\"@type\":\"ListItem\",\"position\":1,\"name\":\"In\u00edcio\",\"item\":\"https:\/\/www.notibras.com\/site\/\"},{\"@type\":\"ListItem\",\"position\":2,\"name\":\"Suspeito de estupro em s\u00e9rie \u00e9 preso ap\u00f3s fugir do &#8216;said\u00e3o&#8217; de Natal\"}]},{\"@type\":\"WebSite\",\"@id\":\"https:\/\/www.notibras.com\/site\/#website\",\"url\":\"https:\/\/www.notibras.com\/site\/\",\"name\":\"Notibras\",\"description\":\"Not\u00edcias de Bras\u00edlia, do Brasil e do Mundo\",\"publisher\":{\"@id\":\"https:\/\/www.notibras.com\/site\/#organization\"},\"potentialAction\":[{\"@type\":\"SearchAction\",\"target\":{\"@type\":\"EntryPoint\",\"urlTemplate\":\"https:\/\/www.notibras.com\/site\/?s={search_term_string}\"},\"query-input\":{\"@type\":\"PropertyValueSpecification\",\"valueRequired\":true,\"valueName\":\"search_term_string\"}}],\"inLanguage\":\"pt-BR\"},{\"@type\":\"Organization\",\"@id\":\"https:\/\/www.notibras.com\/site\/#organization\",\"name\":\"Grupo Notibras de Comunica\u00e7\u00e3o\",\"url\":\"https:\/\/www.notibras.com\/site\/\",\"logo\":{\"@type\":\"ImageObject\",\"inLanguage\":\"pt-BR\",\"@id\":\"https:\/\/www.notibras.com\/site\/#\/schema\/logo\/image\/\",\"url\":\"https:\/\/www.notibras.com\/site\/wp-content\/uploads\/2023\/01\/notibras23.png\",\"contentUrl\":\"https:\/\/www.notibras.com\/site\/wp-content\/uploads\/2023\/01\/notibras23.png\",\"width\":350,\"height\":87,\"caption\":\"Grupo Notibras de Comunica\u00e7\u00e3o\"},\"image\":{\"@id\":\"https:\/\/www.notibras.com\/site\/#\/schema\/logo\/image\/\"},\"sameAs\":[\"https:\/\/www.facebook.com\/notibras\/\",\"https:\/\/x.com\/Notibras\",\"https:\/\/www.instagram.com\/notibras\/\"]},{\"@type\":\"Person\",\"@id\":\"https:\/\/www.notibras.com\/site\/#\/schema\/person\/5b7fabf2aedc3ada2105f03b22b4d3dd\",\"name\":\"Eduardo Mart\u00ednez\",\"image\":{\"@type\":\"ImageObject\",\"inLanguage\":\"pt-BR\",\"@id\":\"https:\/\/secure.gravatar.com\/avatar\/7902f906289926289cbcda644b5197c796b893c6ffd7b9a536a42d290f7704a0?s=96&d=mm&r=g\",\"url\":\"https:\/\/secure.gravatar.com\/avatar\/7902f906289926289cbcda644b5197c796b893c6ffd7b9a536a42d290f7704a0?s=96&d=mm&r=g\",\"contentUrl\":\"https:\/\/secure.gravatar.com\/avatar\/7902f906289926289cbcda644b5197c796b893c6ffd7b9a536a42d290f7704a0?s=96&d=mm&r=g\",\"caption\":\"Eduardo Mart\u00ednez\"}}]}<\/script>\n<!-- \/ Yoast SEO plugin. -->","yoast_head_json":{"title":"Suspeito de estupro em s\u00e9rie \u00e9 preso ap\u00f3s fugir do 'said\u00e3o' de Natal - Notibras","robots":{"index":"index","follow":"follow","max-snippet":"max-snippet:-1","max-image-preview":"max-image-preview:large","max-video-preview":"max-video-preview:-1"},"canonical":"https:\/\/www.notibras.com\/site\/suspeito-de-estupro-em-serie-e-preso-apos-fugir-do-saidao-de-natal\/","og_locale":"pt_BR","og_type":"article","og_title":"Suspeito de estupro em s\u00e9rie \u00e9 preso ap\u00f3s fugir do 'said\u00e3o' de Natal - Notibras","og_description":"A Pol\u00edcia Civil do Distrito Federal (PCDF) prendeu, nesta quinta-feira (8), M\u00e1rcio Ferreira dos Santos, de 47 anos. Ele \u00e9 apontado como o autor de dois estupros ocorridos na BR-251 no final de dezembro. O crime chocou a regi\u00e3o pela brutalidade e pelo fato de o suspeito ser um detento que n\u00e3o retornou da sa\u00edda [&hellip;]","og_url":"https:\/\/www.notibras.com\/site\/suspeito-de-estupro-em-serie-e-preso-apos-fugir-do-saidao-de-natal\/","og_site_name":"Notibras","article_publisher":"https:\/\/www.facebook.com\/notibras\/","article_published_time":"2026-01-09T03:15:11+00:00","og_image":[{"width":2028,"height":2560,"url":"https:\/\/www.notibras.com\/site\/wp-content\/uploads\/2026\/01\/IMG_0192-scaled.jpg","type":"image\/jpeg"}],"author":"Eduardo Mart\u00ednez","twitter_card":"summary_large_image","twitter_creator":"@Notibras","twitter_site":"@Notibras","twitter_misc":{"Escrito por":"Eduardo Mart\u00ednez","Est. tempo de leitura":"2 minutos"},"schema":{"@context":"https:\/\/schema.org","@graph":[{"@type":"Article","@id":"https:\/\/www.notibras.com\/site\/suspeito-de-estupro-em-serie-e-preso-apos-fugir-do-saidao-de-natal\/#article","isPartOf":{"@id":"https:\/\/www.notibras.com\/site\/suspeito-de-estupro-em-serie-e-preso-apos-fugir-do-saidao-de-natal\/"},"author":{"name":"Eduardo Mart\u00ednez","@id":"https:\/\/www.notibras.com\/site\/#\/schema\/person\/5b7fabf2aedc3ada2105f03b22b4d3dd"},"headline":"Suspeito de estupro em s\u00e9rie \u00e9 preso ap\u00f3s fugir do &#8216;said\u00e3o&#8217; de Natal","datePublished":"2026-01-09T03:15:11+00:00","mainEntityOfPage":{"@id":"https:\/\/www.notibras.com\/site\/suspeito-de-estupro-em-serie-e-preso-apos-fugir-do-saidao-de-natal\/"},"wordCount":330,"publisher":{"@id":"https:\/\/www.notibras.com\/site\/#organization"},"image":{"@id":"https:\/\/www.notibras.com\/site\/suspeito-de-estupro-em-serie-e-preso-apos-fugir-do-saidao-de-natal\/#primaryimage"},"thumbnailUrl":"https:\/\/www.notibras.com\/site\/wp-content\/uploads\/2026\/01\/IMG_0192-scaled.jpg","articleSection":["Quadradinho em Foco"],"inLanguage":"pt-BR"},{"@type":"WebPage","@id":"https:\/\/www.notibras.com\/site\/suspeito-de-estupro-em-serie-e-preso-apos-fugir-do-saidao-de-natal\/","url":"https:\/\/www.notibras.com\/site\/suspeito-de-estupro-em-serie-e-preso-apos-fugir-do-saidao-de-natal\/","name":"Suspeito de estupro em s\u00e9rie \u00e9 preso ap\u00f3s fugir do 'said\u00e3o' de Natal - Notibras","isPartOf":{"@id":"https:\/\/www.notibras.com\/site\/#website"},"primaryImageOfPage":{"@id":"https:\/\/www.notibras.com\/site\/suspeito-de-estupro-em-serie-e-preso-apos-fugir-do-saidao-de-natal\/#primaryimage"},"image":{"@id":"https:\/\/www.notibras.com\/site\/suspeito-de-estupro-em-serie-e-preso-apos-fugir-do-saidao-de-natal\/#primaryimage"},"thumbnailUrl":"https:\/\/www.notibras.com\/site\/wp-content\/uploads\/2026\/01\/IMG_0192-scaled.jpg","datePublished":"2026-01-09T03:15:11+00:00","breadcrumb":{"@id":"https:\/\/www.notibras.com\/site\/suspeito-de-estupro-em-serie-e-preso-apos-fugir-do-saidao-de-natal\/#breadcrumb"},"inLanguage":"pt-BR","potentialAction":[{"@type":"ReadAction","target":["https:\/\/www.notibras.com\/site\/suspeito-de-estupro-em-serie-e-preso-apos-fugir-do-saidao-de-natal\/"]}]},{"@type":"ImageObject","inLanguage":"pt-BR","@id":"https:\/\/www.notibras.com\/site\/suspeito-de-estupro-em-serie-e-preso-apos-fugir-do-saidao-de-natal\/#primaryimage","url":"https:\/\/www.notibras.com\/site\/wp-content\/uploads\/2026\/01\/IMG_0192-scaled.jpg","contentUrl":"https:\/\/www.notibras.com\/site\/wp-content\/uploads\/2026\/01\/IMG_0192-scaled.jpg","width":2028,"height":2560},{"@type":"BreadcrumbList","@id":"https:\/\/www.notibras.com\/site\/suspeito-de-estupro-em-serie-e-preso-apos-fugir-do-saidao-de-natal\/#breadcrumb","itemListElement":[{"@type":"ListItem","position":1,"name":"In\u00edcio","item":"https:\/\/www.notibras.com\/site\/"},{"@type":"ListItem","position":2,"name":"Suspeito de estupro em s\u00e9rie \u00e9 preso ap\u00f3s fugir do &#8216;said\u00e3o&#8217; de Natal"}]},{"@type":"WebSite","@id":"https:\/\/www.notibras.com\/site\/#website","url":"https:\/\/www.notibras.com\/site\/","name":"Notibras","description":"Not\u00edcias de Bras\u00edlia, do Brasil e do Mundo","publisher":{"@id":"https:\/\/www.notibras.com\/site\/#organization"},"potentialAction":[{"@type":"SearchAction","target":{"@type":"EntryPoint","urlTemplate":"https:\/\/www.notibras.com\/site\/?s={search_term_string}"},"query-input":{"@type":"PropertyValueSpecification","valueRequired":true,"valueName":"search_term_string"}}],"inLanguage":"pt-BR"},{"@type":"Organization","@id":"https:\/\/www.notibras.com\/site\/#organization","name":"Grupo Notibras de Comunica\u00e7\u00e3o","url":"https:\/\/www.notibras.com\/site\/","logo":{"@type":"ImageObject","inLanguage":"pt-BR","@id":"https:\/\/www.notibras.com\/site\/#\/schema\/logo\/image\/","url":"https:\/\/www.notibras.com\/site\/wp-content\/uploads\/2023\/01\/notibras23.png","contentUrl":"https:\/\/www.notibras.com\/site\/wp-content\/uploads\/2023\/01\/notibras23.png","width":350,"height":87,"caption":"Grupo Notibras de Comunica\u00e7\u00e3o"},"image":{"@id":"https:\/\/www.notibras.com\/site\/#\/schema\/logo\/image\/"},"sameAs":["https:\/\/www.facebook.com\/notibras\/","https:\/\/x.com\/Notibras","https:\/\/www.instagram.com\/notibras\/"]},{"@type":"Person","@id":"https:\/\/www.notibras.com\/site\/#\/schema\/person\/5b7fabf2aedc3ada2105f03b22b4d3dd","name":"Eduardo Mart\u00ednez","image":{"@type":"ImageObject","inLanguage":"pt-BR","@id":"https:\/\/secure.gravatar.com\/avatar\/7902f906289926289cbcda644b5197c796b893c6ffd7b9a536a42d290f7704a0?s=96&d=mm&r=g","url":"https:\/\/secure.gravatar.com\/avatar\/7902f906289926289cbcda644b5197c796b893c6ffd7b9a536a42d290f7704a0?s=96&d=mm&r=g","contentUrl":"https:\/\/secure.gravatar.com\/avatar\/7902f906289926289cbcda644b5197c796b893c6ffd7b9a536a42d290f7704a0?s=96&d=mm&r=g","caption":"Eduardo Mart\u00ednez"}}]}},"amp_enabled":true,"_links":{"self":[{"href":"https:\/\/www.notibras.com\/site\/wp-json\/wp\/v2\/posts\/378229","targetHints":{"allow":["GET"]}}],"collection":[{"href":"https:\/\/www.notibras.com\/site\/wp-json\/wp\/v2\/posts"}],"about":[{"href":"https:\/\/www.notibras.com\/site\/wp-json\/wp\/v2\/types\/post"}],"author":[{"embeddable":true,"href":"https:\/\/www.notibras.com\/site\/wp-json\/wp\/v2\/users\/21"}],"replies":[{"embeddable":true,"href":"https:\/\/www.notibras.com\/site\/wp-json\/wp\/v2\/comments?post=378229"}],"version-history":[{"count":3,"href":"https:\/\/www.notibras.com\/site\/wp-json\/wp\/v2\/posts\/378229\/revisions"}],"predecessor-version":[{"id":378233,"href":"https:\/\/www.notibras.com\/site\/wp-json\/wp\/v2\/posts\/378229\/revisions\/378233"}],"wp:featuredmedia":[{"embeddable":true,"href":"https:\/\/www.notibras.com\/site\/wp-json\/wp\/v2\/media\/378230"}],"wp:attachment":[{"href":"https:\/\/www.notibras.com\/site\/wp-json\/wp\/v2\/media?parent=378229"}],"wp:term":[{"taxonomy":"category","embeddable":true,"href":"https:\/\/www.notibras.com\/site\/wp-json\/wp\/v2\/categories?post=378229"},{"taxonomy":"post_tag","embeddable":true,"href":"https:\/\/www.notibras.com\/site\/wp-json\/wp\/v2\/tags?post=378229"}],"curies":[{"name":"wp","href":"https:\/\/api.w.org\/{rel}","templated":true}]}}