{"id":378243,"date":"2026-01-09T02:00:20","date_gmt":"2026-01-09T05:00:20","guid":{"rendered":"https:\/\/www.notibras.com\/site\/?p=378243"},"modified":"2026-01-08T23:19:51","modified_gmt":"2026-01-09T02:19:51","slug":"o-pior-ano-da-vida-de-mauro","status":"publish","type":"post","link":"https:\/\/www.notibras.com\/site\/o-pior-ano-da-vida-de-mauro\/","title":{"rendered":"O pior ano da vida de Mauro"},"content":{"rendered":"<p>C\u00e1 estou no meu leito, infelizmente ainda longe da definitiva despedida, por\u00e9m saudoso de um tempo que, bem sei, nunca existiu, mas que insisto em dizer belo como a aurora de um dia primaveril. Vou-me aguentando e, confesso, de modo covarde, \u00e0s coisas que desejo que permane\u00e7am intactas. Enquanto voc\u00ea reclama do frio, eis que \u00e9 justamente ele que aquece o meu cora\u00e7\u00e3o, que bate nesse descompasso tr\u00f4pego em busca de um amor, mesmo que n\u00e3o verdadeiro, mas capaz de me enganar por uma esta\u00e7\u00e3o.<\/p>\n<p>Confesso, meu amigo, que o ano que passou me foi seguramente o mais complicado. Dif\u00edcil e deveras doloroso. Algo desalentador, em que a desesperan\u00e7a, t\u00e3o comum na minha trajet\u00f3ria, encobriu qualquer resqu\u00edcio de f\u00e9 que, porventura, tenha algum dia me visitado. Tanto \u00e9 que, a despeito das minhas cren\u00e7as, penso seriamente que Deus deveria ter piedade do meu padecimento e, assim, abreviasse a minha estada por aqui.<\/p>\n<p>Ontem me visitou o nosso af\u00e1vel amigo Alfredo. Chegou com uma carranca no rosto, tudo por causa de discuss\u00e3o tola com Esmeralda, a esposa. Para voc\u00ea ver como s\u00e3o as coisas, meu querido, o problema enfrentado por nosso companheiro \u00e9 que a mulher se recusa a engomar suas cal\u00e7as. Quem, nos dias de hoje, se preocupa sequer em passar roupas? Bobagem sem tamanho, \u00e9 verdade. E, ap\u00f3s longa e agrad\u00e1vel conversa em que, parece, consegui incutir um pouco de raz\u00e3o em sua mente, ele se despediu com a face tranquila, apenas carregando as rugas inevit\u00e1veis e comuns por conta do tempo.<\/p>\n<p>Queria eu ter os problemas do Alfredo. Desde que a minha Ludmila me foi levada, n\u00e3o consegui me desapegar de h\u00e1bitos que nos eram t\u00e3o caros. O caf\u00e9 da manh\u00e3, por exemplo, ainda \u00e9 o de maior relev\u00e2ncia, que fa\u00e7o quest\u00e3o de lhe servir a mesma x\u00edcara com dois ter\u00e7os de leite e a ter\u00e7a parte de caf\u00e9 sem a\u00e7\u00facar.<\/p>\n<p>\u2014 De doce j\u00e1 basta a vida, Mauro.<\/p>\n<p>Ah, minha amada, depois que voc\u00ea se foi, o amargor tomou conta do meu \u00fanico torr\u00e3o de do\u00e7ura, que era o seu sorriso. Antes tivesse sido eu, que certamente lhe pesaria menos do que sinto a sua aus\u00eancia. Que castigo um homem pode suportar?<\/p>\n<p>Anseio que exista mesmo um Para\u00edso, pois certamente voc\u00ea ocuparia um lugar. Teria eu o mesmo privil\u00e9gio? N\u00e3o por minhas a\u00e7\u00f5es, que nunca foram t\u00e3o nobres como as suas, mas por compaix\u00e3o do Senhor, por ter sido eu seu marido fiel, apesar de menos presente do que desejei. Nessa vida corrida, o trabalho me consumia, como se ganhar dinheiros, no plural, como voc\u00ea gostava de falar, parecia ter mais import\u00e2ncia do que me perder em seus bra\u00e7os.<\/p>\n<p>\u2014 Mauro, meu bem, j\u00e1 n\u00e3o est\u00e1 na hora de se aposentar?<\/p>\n<p>Medo de perder a rotina de d\u00e9cadas, como se aquilo fosse esp\u00e9cie de sustento do meu ser. Ironicamente, ap\u00f3s o \u00faltimo adeus, tomei coragem ou, ent\u00e3o, fui acometido de des\u00e2nimo de sair de casa, quando, finalmente, me aposentei. E voc\u00ea estava certa, deveria ter eu confiado nas suas s\u00e1bias palavras para, assim, desfrutarmos os momentos que, n\u00e3o vividos, ainda me fazem falta.<\/p>\n<p><strong>\u2026\u2026\u2026\u2026\u2026\u2026\u2026\u2026<\/strong><\/p>\n<p><strong>Eduardo Mart\u00ednez \u00e9 autor do livro \u201957 Contos e Cr\u00f4nicas por um Autor Muito Velho\u2019 (Vencedor do Pr\u00eamio Liter\u00e1rio Clarice Lispector \u2013 2025 na categoria livro de contos).<\/strong><\/p>\n<p><strong>Compre aqui<\/strong><\/p>\n<p><a href=\"https:\/\/www.joanineditora.com.br\/57-contos-e-cronicas-por-um-autor-muito-velho\"><strong>https:\/\/www.joanineditora.com.br\/57-contos-e-cronicas-por-um-autor-muito-velho<\/strong><\/a><\/p>\n","protected":false},"excerpt":{"rendered":"<p>C\u00e1 estou no meu leito, infelizmente ainda longe da definitiva despedida, por\u00e9m saudoso de um tempo que, bem sei, nunca existiu, mas que insisto em dizer belo como a aurora de um dia primaveril. Vou-me aguentando e, confesso, de modo covarde, \u00e0s coisas que desejo que permane\u00e7am intactas. Enquanto voc\u00ea reclama do frio, eis que [&hellip;]<\/p>\n","protected":false},"author":21,"featured_media":378247,"comment_status":"closed","ping_status":"closed","sticky":false,"template":"","format":"standard","meta":{"_acf_changed":false,"footnotes":""},"categories":[161],"tags":[],"class_list":["post-378243","post","type-post","status-publish","format-standard","has-post-thumbnail","hentry","category-quadradinho-em-foco"],"acf":[],"yoast_head":"<!-- This site is optimized with the Yoast SEO plugin v27.2 - https:\/\/yoast.com\/product\/yoast-seo-wordpress\/ -->\n<title>O pior ano da vida de Mauro - Notibras<\/title>\n<meta name=\"robots\" content=\"index, follow, max-snippet:-1, max-image-preview:large, max-video-preview:-1\" \/>\n<link rel=\"canonical\" href=\"https:\/\/www.notibras.com\/site\/o-pior-ano-da-vida-de-mauro\/\" \/>\n<meta property=\"og:locale\" content=\"pt_BR\" \/>\n<meta property=\"og:type\" content=\"article\" \/>\n<meta property=\"og:title\" content=\"O pior ano da vida de Mauro - Notibras\" \/>\n<meta property=\"og:description\" content=\"C\u00e1 estou no meu leito, infelizmente ainda longe da definitiva despedida, por\u00e9m saudoso de um tempo que, bem sei, nunca existiu, mas que insisto em dizer belo como a aurora de um dia primaveril. Vou-me aguentando e, confesso, de modo covarde, \u00e0s coisas que desejo que permane\u00e7am intactas. Enquanto voc\u00ea reclama do frio, eis que [&hellip;]\" \/>\n<meta property=\"og:url\" content=\"https:\/\/www.notibras.com\/site\/o-pior-ano-da-vida-de-mauro\/\" \/>\n<meta property=\"og:site_name\" content=\"Notibras\" \/>\n<meta property=\"article:publisher\" content=\"https:\/\/www.facebook.com\/notibras\/\" \/>\n<meta property=\"article:published_time\" content=\"2026-01-09T05:00:20+00:00\" \/>\n<meta property=\"og:image\" content=\"https:\/\/www.notibras.com\/site\/wp-content\/uploads\/2026\/01\/PHOTO-2026-01-08-23-15-39.jpg\" \/>\n\t<meta property=\"og:image:width\" content=\"1536\" \/>\n\t<meta property=\"og:image:height\" content=\"1024\" \/>\n\t<meta property=\"og:image:type\" content=\"image\/jpeg\" \/>\n<meta name=\"author\" content=\"Eduardo Mart\u00ednez\" \/>\n<meta name=\"twitter:card\" content=\"summary_large_image\" \/>\n<meta name=\"twitter:creator\" content=\"@Notibras\" \/>\n<meta name=\"twitter:site\" content=\"@Notibras\" \/>\n<meta name=\"twitter:label1\" content=\"Escrito por\" \/>\n\t<meta name=\"twitter:data1\" content=\"Eduardo Mart\u00ednez\" \/>\n\t<meta name=\"twitter:label2\" content=\"Est. tempo de leitura\" \/>\n\t<meta name=\"twitter:data2\" content=\"4 minutos\" \/>\n<script type=\"application\/ld+json\" class=\"yoast-schema-graph\">{\"@context\":\"https:\/\/schema.org\",\"@graph\":[{\"@type\":\"Article\",\"@id\":\"https:\/\/www.notibras.com\/site\/o-pior-ano-da-vida-de-mauro\/#article\",\"isPartOf\":{\"@id\":\"https:\/\/www.notibras.com\/site\/o-pior-ano-da-vida-de-mauro\/\"},\"author\":{\"name\":\"Eduardo Mart\u00ednez\",\"@id\":\"https:\/\/www.notibras.com\/site\/#\/schema\/person\/5b7fabf2aedc3ada2105f03b22b4d3dd\"},\"headline\":\"O pior ano da vida de Mauro\",\"datePublished\":\"2026-01-09T05:00:20+00:00\",\"mainEntityOfPage\":{\"@id\":\"https:\/\/www.notibras.com\/site\/o-pior-ano-da-vida-de-mauro\/\"},\"wordCount\":601,\"publisher\":{\"@id\":\"https:\/\/www.notibras.com\/site\/#organization\"},\"image\":{\"@id\":\"https:\/\/www.notibras.com\/site\/o-pior-ano-da-vida-de-mauro\/#primaryimage\"},\"thumbnailUrl\":\"https:\/\/www.notibras.com\/site\/wp-content\/uploads\/2026\/01\/PHOTO-2026-01-08-23-15-39.jpg\",\"articleSection\":[\"Quadradinho em Foco\"],\"inLanguage\":\"pt-BR\"},{\"@type\":\"WebPage\",\"@id\":\"https:\/\/www.notibras.com\/site\/o-pior-ano-da-vida-de-mauro\/\",\"url\":\"https:\/\/www.notibras.com\/site\/o-pior-ano-da-vida-de-mauro\/\",\"name\":\"O pior ano da vida de Mauro - Notibras\",\"isPartOf\":{\"@id\":\"https:\/\/www.notibras.com\/site\/#website\"},\"primaryImageOfPage\":{\"@id\":\"https:\/\/www.notibras.com\/site\/o-pior-ano-da-vida-de-mauro\/#primaryimage\"},\"image\":{\"@id\":\"https:\/\/www.notibras.com\/site\/o-pior-ano-da-vida-de-mauro\/#primaryimage\"},\"thumbnailUrl\":\"https:\/\/www.notibras.com\/site\/wp-content\/uploads\/2026\/01\/PHOTO-2026-01-08-23-15-39.jpg\",\"datePublished\":\"2026-01-09T05:00:20+00:00\",\"breadcrumb\":{\"@id\":\"https:\/\/www.notibras.com\/site\/o-pior-ano-da-vida-de-mauro\/#breadcrumb\"},\"inLanguage\":\"pt-BR\",\"potentialAction\":[{\"@type\":\"ReadAction\",\"target\":[\"https:\/\/www.notibras.com\/site\/o-pior-ano-da-vida-de-mauro\/\"]}]},{\"@type\":\"ImageObject\",\"inLanguage\":\"pt-BR\",\"@id\":\"https:\/\/www.notibras.com\/site\/o-pior-ano-da-vida-de-mauro\/#primaryimage\",\"url\":\"https:\/\/www.notibras.com\/site\/wp-content\/uploads\/2026\/01\/PHOTO-2026-01-08-23-15-39.jpg\",\"contentUrl\":\"https:\/\/www.notibras.com\/site\/wp-content\/uploads\/2026\/01\/PHOTO-2026-01-08-23-15-39.jpg\",\"width\":1536,\"height\":1024},{\"@type\":\"BreadcrumbList\",\"@id\":\"https:\/\/www.notibras.com\/site\/o-pior-ano-da-vida-de-mauro\/#breadcrumb\",\"itemListElement\":[{\"@type\":\"ListItem\",\"position\":1,\"name\":\"In\u00edcio\",\"item\":\"https:\/\/www.notibras.com\/site\/\"},{\"@type\":\"ListItem\",\"position\":2,\"name\":\"O pior ano da vida de Mauro\"}]},{\"@type\":\"WebSite\",\"@id\":\"https:\/\/www.notibras.com\/site\/#website\",\"url\":\"https:\/\/www.notibras.com\/site\/\",\"name\":\"Notibras\",\"description\":\"Not\u00edcias de Bras\u00edlia, do Brasil e do Mundo\",\"publisher\":{\"@id\":\"https:\/\/www.notibras.com\/site\/#organization\"},\"potentialAction\":[{\"@type\":\"SearchAction\",\"target\":{\"@type\":\"EntryPoint\",\"urlTemplate\":\"https:\/\/www.notibras.com\/site\/?s={search_term_string}\"},\"query-input\":{\"@type\":\"PropertyValueSpecification\",\"valueRequired\":true,\"valueName\":\"search_term_string\"}}],\"inLanguage\":\"pt-BR\"},{\"@type\":\"Organization\",\"@id\":\"https:\/\/www.notibras.com\/site\/#organization\",\"name\":\"Grupo Notibras de Comunica\u00e7\u00e3o\",\"url\":\"https:\/\/www.notibras.com\/site\/\",\"logo\":{\"@type\":\"ImageObject\",\"inLanguage\":\"pt-BR\",\"@id\":\"https:\/\/www.notibras.com\/site\/#\/schema\/logo\/image\/\",\"url\":\"https:\/\/www.notibras.com\/site\/wp-content\/uploads\/2023\/01\/notibras23.png\",\"contentUrl\":\"https:\/\/www.notibras.com\/site\/wp-content\/uploads\/2023\/01\/notibras23.png\",\"width\":350,\"height\":87,\"caption\":\"Grupo Notibras de Comunica\u00e7\u00e3o\"},\"image\":{\"@id\":\"https:\/\/www.notibras.com\/site\/#\/schema\/logo\/image\/\"},\"sameAs\":[\"https:\/\/www.facebook.com\/notibras\/\",\"https:\/\/x.com\/Notibras\",\"https:\/\/www.instagram.com\/notibras\/\"]},{\"@type\":\"Person\",\"@id\":\"https:\/\/www.notibras.com\/site\/#\/schema\/person\/5b7fabf2aedc3ada2105f03b22b4d3dd\",\"name\":\"Eduardo Mart\u00ednez\",\"image\":{\"@type\":\"ImageObject\",\"inLanguage\":\"pt-BR\",\"@id\":\"https:\/\/secure.gravatar.com\/avatar\/7902f906289926289cbcda644b5197c796b893c6ffd7b9a536a42d290f7704a0?s=96&d=mm&r=g\",\"url\":\"https:\/\/secure.gravatar.com\/avatar\/7902f906289926289cbcda644b5197c796b893c6ffd7b9a536a42d290f7704a0?s=96&d=mm&r=g\",\"contentUrl\":\"https:\/\/secure.gravatar.com\/avatar\/7902f906289926289cbcda644b5197c796b893c6ffd7b9a536a42d290f7704a0?s=96&d=mm&r=g\",\"caption\":\"Eduardo Mart\u00ednez\"}}]}<\/script>\n<!-- \/ Yoast SEO plugin. -->","yoast_head_json":{"title":"O pior ano da vida de Mauro - Notibras","robots":{"index":"index","follow":"follow","max-snippet":"max-snippet:-1","max-image-preview":"max-image-preview:large","max-video-preview":"max-video-preview:-1"},"canonical":"https:\/\/www.notibras.com\/site\/o-pior-ano-da-vida-de-mauro\/","og_locale":"pt_BR","og_type":"article","og_title":"O pior ano da vida de Mauro - Notibras","og_description":"C\u00e1 estou no meu leito, infelizmente ainda longe da definitiva despedida, por\u00e9m saudoso de um tempo que, bem sei, nunca existiu, mas que insisto em dizer belo como a aurora de um dia primaveril. Vou-me aguentando e, confesso, de modo covarde, \u00e0s coisas que desejo que permane\u00e7am intactas. Enquanto voc\u00ea reclama do frio, eis que [&hellip;]","og_url":"https:\/\/www.notibras.com\/site\/o-pior-ano-da-vida-de-mauro\/","og_site_name":"Notibras","article_publisher":"https:\/\/www.facebook.com\/notibras\/","article_published_time":"2026-01-09T05:00:20+00:00","og_image":[{"width":1536,"height":1024,"url":"https:\/\/www.notibras.com\/site\/wp-content\/uploads\/2026\/01\/PHOTO-2026-01-08-23-15-39.jpg","type":"image\/jpeg"}],"author":"Eduardo Mart\u00ednez","twitter_card":"summary_large_image","twitter_creator":"@Notibras","twitter_site":"@Notibras","twitter_misc":{"Escrito por":"Eduardo Mart\u00ednez","Est. tempo de leitura":"4 minutos"},"schema":{"@context":"https:\/\/schema.org","@graph":[{"@type":"Article","@id":"https:\/\/www.notibras.com\/site\/o-pior-ano-da-vida-de-mauro\/#article","isPartOf":{"@id":"https:\/\/www.notibras.com\/site\/o-pior-ano-da-vida-de-mauro\/"},"author":{"name":"Eduardo Mart\u00ednez","@id":"https:\/\/www.notibras.com\/site\/#\/schema\/person\/5b7fabf2aedc3ada2105f03b22b4d3dd"},"headline":"O pior ano da vida de Mauro","datePublished":"2026-01-09T05:00:20+00:00","mainEntityOfPage":{"@id":"https:\/\/www.notibras.com\/site\/o-pior-ano-da-vida-de-mauro\/"},"wordCount":601,"publisher":{"@id":"https:\/\/www.notibras.com\/site\/#organization"},"image":{"@id":"https:\/\/www.notibras.com\/site\/o-pior-ano-da-vida-de-mauro\/#primaryimage"},"thumbnailUrl":"https:\/\/www.notibras.com\/site\/wp-content\/uploads\/2026\/01\/PHOTO-2026-01-08-23-15-39.jpg","articleSection":["Quadradinho em Foco"],"inLanguage":"pt-BR"},{"@type":"WebPage","@id":"https:\/\/www.notibras.com\/site\/o-pior-ano-da-vida-de-mauro\/","url":"https:\/\/www.notibras.com\/site\/o-pior-ano-da-vida-de-mauro\/","name":"O pior ano da vida de Mauro - Notibras","isPartOf":{"@id":"https:\/\/www.notibras.com\/site\/#website"},"primaryImageOfPage":{"@id":"https:\/\/www.notibras.com\/site\/o-pior-ano-da-vida-de-mauro\/#primaryimage"},"image":{"@id":"https:\/\/www.notibras.com\/site\/o-pior-ano-da-vida-de-mauro\/#primaryimage"},"thumbnailUrl":"https:\/\/www.notibras.com\/site\/wp-content\/uploads\/2026\/01\/PHOTO-2026-01-08-23-15-39.jpg","datePublished":"2026-01-09T05:00:20+00:00","breadcrumb":{"@id":"https:\/\/www.notibras.com\/site\/o-pior-ano-da-vida-de-mauro\/#breadcrumb"},"inLanguage":"pt-BR","potentialAction":[{"@type":"ReadAction","target":["https:\/\/www.notibras.com\/site\/o-pior-ano-da-vida-de-mauro\/"]}]},{"@type":"ImageObject","inLanguage":"pt-BR","@id":"https:\/\/www.notibras.com\/site\/o-pior-ano-da-vida-de-mauro\/#primaryimage","url":"https:\/\/www.notibras.com\/site\/wp-content\/uploads\/2026\/01\/PHOTO-2026-01-08-23-15-39.jpg","contentUrl":"https:\/\/www.notibras.com\/site\/wp-content\/uploads\/2026\/01\/PHOTO-2026-01-08-23-15-39.jpg","width":1536,"height":1024},{"@type":"BreadcrumbList","@id":"https:\/\/www.notibras.com\/site\/o-pior-ano-da-vida-de-mauro\/#breadcrumb","itemListElement":[{"@type":"ListItem","position":1,"name":"In\u00edcio","item":"https:\/\/www.notibras.com\/site\/"},{"@type":"ListItem","position":2,"name":"O pior ano da vida de Mauro"}]},{"@type":"WebSite","@id":"https:\/\/www.notibras.com\/site\/#website","url":"https:\/\/www.notibras.com\/site\/","name":"Notibras","description":"Not\u00edcias de Bras\u00edlia, do Brasil e do Mundo","publisher":{"@id":"https:\/\/www.notibras.com\/site\/#organization"},"potentialAction":[{"@type":"SearchAction","target":{"@type":"EntryPoint","urlTemplate":"https:\/\/www.notibras.com\/site\/?s={search_term_string}"},"query-input":{"@type":"PropertyValueSpecification","valueRequired":true,"valueName":"search_term_string"}}],"inLanguage":"pt-BR"},{"@type":"Organization","@id":"https:\/\/www.notibras.com\/site\/#organization","name":"Grupo Notibras de Comunica\u00e7\u00e3o","url":"https:\/\/www.notibras.com\/site\/","logo":{"@type":"ImageObject","inLanguage":"pt-BR","@id":"https:\/\/www.notibras.com\/site\/#\/schema\/logo\/image\/","url":"https:\/\/www.notibras.com\/site\/wp-content\/uploads\/2023\/01\/notibras23.png","contentUrl":"https:\/\/www.notibras.com\/site\/wp-content\/uploads\/2023\/01\/notibras23.png","width":350,"height":87,"caption":"Grupo Notibras de Comunica\u00e7\u00e3o"},"image":{"@id":"https:\/\/www.notibras.com\/site\/#\/schema\/logo\/image\/"},"sameAs":["https:\/\/www.facebook.com\/notibras\/","https:\/\/x.com\/Notibras","https:\/\/www.instagram.com\/notibras\/"]},{"@type":"Person","@id":"https:\/\/www.notibras.com\/site\/#\/schema\/person\/5b7fabf2aedc3ada2105f03b22b4d3dd","name":"Eduardo Mart\u00ednez","image":{"@type":"ImageObject","inLanguage":"pt-BR","@id":"https:\/\/secure.gravatar.com\/avatar\/7902f906289926289cbcda644b5197c796b893c6ffd7b9a536a42d290f7704a0?s=96&d=mm&r=g","url":"https:\/\/secure.gravatar.com\/avatar\/7902f906289926289cbcda644b5197c796b893c6ffd7b9a536a42d290f7704a0?s=96&d=mm&r=g","contentUrl":"https:\/\/secure.gravatar.com\/avatar\/7902f906289926289cbcda644b5197c796b893c6ffd7b9a536a42d290f7704a0?s=96&d=mm&r=g","caption":"Eduardo Mart\u00ednez"}}]}},"amp_enabled":true,"_links":{"self":[{"href":"https:\/\/www.notibras.com\/site\/wp-json\/wp\/v2\/posts\/378243","targetHints":{"allow":["GET"]}}],"collection":[{"href":"https:\/\/www.notibras.com\/site\/wp-json\/wp\/v2\/posts"}],"about":[{"href":"https:\/\/www.notibras.com\/site\/wp-json\/wp\/v2\/types\/post"}],"author":[{"embeddable":true,"href":"https:\/\/www.notibras.com\/site\/wp-json\/wp\/v2\/users\/21"}],"replies":[{"embeddable":true,"href":"https:\/\/www.notibras.com\/site\/wp-json\/wp\/v2\/comments?post=378243"}],"version-history":[{"count":2,"href":"https:\/\/www.notibras.com\/site\/wp-json\/wp\/v2\/posts\/378243\/revisions"}],"predecessor-version":[{"id":378246,"href":"https:\/\/www.notibras.com\/site\/wp-json\/wp\/v2\/posts\/378243\/revisions\/378246"}],"wp:featuredmedia":[{"embeddable":true,"href":"https:\/\/www.notibras.com\/site\/wp-json\/wp\/v2\/media\/378247"}],"wp:attachment":[{"href":"https:\/\/www.notibras.com\/site\/wp-json\/wp\/v2\/media?parent=378243"}],"wp:term":[{"taxonomy":"category","embeddable":true,"href":"https:\/\/www.notibras.com\/site\/wp-json\/wp\/v2\/categories?post=378243"},{"taxonomy":"post_tag","embeddable":true,"href":"https:\/\/www.notibras.com\/site\/wp-json\/wp\/v2\/tags?post=378243"}],"curies":[{"name":"wp","href":"https:\/\/api.w.org\/{rel}","templated":true}]}}