{"id":378248,"date":"2026-01-09T02:15:41","date_gmt":"2026-01-09T05:15:41","guid":{"rendered":"https:\/\/www.notibras.com\/site\/?p=378248"},"modified":"2026-01-09T02:31:12","modified_gmt":"2026-01-09T05:31:12","slug":"ricardo-lewandowski-se-despede-do-governo","status":"publish","type":"post","link":"https:\/\/www.notibras.com\/site\/ricardo-lewandowski-se-despede-do-governo\/","title":{"rendered":"Ricardo Lewandowski se despede do governo"},"content":{"rendered":"<p>Nesta quinta-feira, 8 de janeiro, Ricardo Lewandowski entregou ao presidente Luiz In\u00e1cio Lula da Silva a carta com pedido de exonera\u00e7\u00e3o do cargo de ministro de Estado da Justi\u00e7a e Seguran\u00e7a P\u00fablica.<\/p>\n<p>No documento, Lewandowski alegou motivos pessoais e familiares para deixar a fun\u00e7\u00e3o. Nos bastidores do governo, por\u00e9m, circulam rumores de que havia insatisfa\u00e7\u00e3o do ministro com a decis\u00e3o de desmembrar a atual pasta, separando Justi\u00e7a e Seguran\u00e7a P\u00fablica em dois minist\u00e9rios distintos.<\/p>\n<p>A proposta de cria\u00e7\u00e3o de um minist\u00e9rio exclusivo para a Seguran\u00e7a P\u00fablica segue o modelo adotado durante o governo Michel Temer e sinaliza a inten\u00e7\u00e3o do Pal\u00e1cio do Planalto de conferir prioridade ao tema, al\u00e9m de atender a uma promessa de campanha do presidente Lula.<\/p>\n<p>At\u00e9 a defini\u00e7\u00e3o do novo titular, o comando do minist\u00e9rio ficar\u00e1 de forma interina com Manoel Carlos Almeida, atual secret\u00e1rio-executivo da pasta. O nome do substituto definitivo ainda n\u00e3o foi anunciado pelo presidente.<\/p>\n","protected":false},"excerpt":{"rendered":"<p>Nesta quinta-feira, 8 de janeiro, Ricardo Lewandowski entregou ao presidente Luiz In\u00e1cio Lula da Silva a carta com pedido de exonera\u00e7\u00e3o do cargo de ministro de Estado da Justi\u00e7a e Seguran\u00e7a P\u00fablica. No documento, Lewandowski alegou motivos pessoais e familiares para deixar a fun\u00e7\u00e3o. Nos bastidores do governo, por\u00e9m, circulam rumores de que havia insatisfa\u00e7\u00e3o [&hellip;]<\/p>\n","protected":false},"author":21,"featured_media":378249,"comment_status":"closed","ping_status":"closed","sticky":false,"template":"","format":"standard","meta":{"_acf_changed":false,"footnotes":""},"categories":[235],"tags":[],"class_list":["post-378248","post","type-post","status-publish","format-standard","has-post-thumbnail","hentry","category-dona-irene"],"acf":[],"yoast_head":"<!-- This site is optimized with the Yoast SEO plugin v27.2 - https:\/\/yoast.com\/product\/yoast-seo-wordpress\/ -->\n<title>Ricardo Lewandowski se despede do governo - Notibras<\/title>\n<meta name=\"robots\" content=\"index, follow, max-snippet:-1, max-image-preview:large, max-video-preview:-1\" \/>\n<link rel=\"canonical\" href=\"https:\/\/www.notibras.com\/site\/ricardo-lewandowski-se-despede-do-governo\/\" \/>\n<meta property=\"og:locale\" content=\"pt_BR\" \/>\n<meta property=\"og:type\" content=\"article\" \/>\n<meta property=\"og:title\" content=\"Ricardo Lewandowski se despede do governo - Notibras\" \/>\n<meta property=\"og:description\" content=\"Nesta quinta-feira, 8 de janeiro, Ricardo Lewandowski entregou ao presidente Luiz In\u00e1cio Lula da Silva a carta com pedido de exonera\u00e7\u00e3o do cargo de ministro de Estado da Justi\u00e7a e Seguran\u00e7a P\u00fablica. No documento, Lewandowski alegou motivos pessoais e familiares para deixar a fun\u00e7\u00e3o. Nos bastidores do governo, por\u00e9m, circulam rumores de que havia insatisfa\u00e7\u00e3o [&hellip;]\" \/>\n<meta property=\"og:url\" content=\"https:\/\/www.notibras.com\/site\/ricardo-lewandowski-se-despede-do-governo\/\" \/>\n<meta property=\"og:site_name\" content=\"Notibras\" \/>\n<meta property=\"article:publisher\" content=\"https:\/\/www.facebook.com\/notibras\/\" \/>\n<meta property=\"article:published_time\" content=\"2026-01-09T05:15:41+00:00\" \/>\n<meta property=\"article:modified_time\" content=\"2026-01-09T05:31:12+00:00\" \/>\n<meta property=\"og:image\" content=\"https:\/\/www.notibras.com\/site\/wp-content\/uploads\/2026\/01\/3-anos-8-de-janeiro-mc_abr_08012026-4-1.webp\" \/>\n\t<meta property=\"og:image:width\" content=\"1170\" \/>\n\t<meta property=\"og:image:height\" content=\"700\" \/>\n\t<meta property=\"og:image:type\" content=\"image\/webp\" \/>\n<meta name=\"author\" content=\"Eduardo Mart\u00ednez\" \/>\n<meta name=\"twitter:card\" content=\"summary_large_image\" \/>\n<meta name=\"twitter:creator\" content=\"@Notibras\" \/>\n<meta name=\"twitter:site\" content=\"@Notibras\" \/>\n<meta name=\"twitter:label1\" content=\"Escrito por\" \/>\n\t<meta name=\"twitter:data1\" content=\"Eduardo Mart\u00ednez\" \/>\n\t<meta name=\"twitter:label2\" content=\"Est. tempo de leitura\" \/>\n\t<meta name=\"twitter:data2\" content=\"2 minutos\" \/>\n<script type=\"application\/ld+json\" class=\"yoast-schema-graph\">{\"@context\":\"https:\/\/schema.org\",\"@graph\":[{\"@type\":\"Article\",\"@id\":\"https:\/\/www.notibras.com\/site\/ricardo-lewandowski-se-despede-do-governo\/#article\",\"isPartOf\":{\"@id\":\"https:\/\/www.notibras.com\/site\/ricardo-lewandowski-se-despede-do-governo\/\"},\"author\":{\"name\":\"Eduardo Mart\u00ednez\",\"@id\":\"https:\/\/www.notibras.com\/site\/#\/schema\/person\/5b7fabf2aedc3ada2105f03b22b4d3dd\"},\"headline\":\"Ricardo Lewandowski se despede do governo\",\"datePublished\":\"2026-01-09T05:15:41+00:00\",\"dateModified\":\"2026-01-09T05:31:12+00:00\",\"mainEntityOfPage\":{\"@id\":\"https:\/\/www.notibras.com\/site\/ricardo-lewandowski-se-despede-do-governo\/\"},\"wordCount\":181,\"publisher\":{\"@id\":\"https:\/\/www.notibras.com\/site\/#organization\"},\"image\":{\"@id\":\"https:\/\/www.notibras.com\/site\/ricardo-lewandowski-se-despede-do-governo\/#primaryimage\"},\"thumbnailUrl\":\"https:\/\/www.notibras.com\/site\/wp-content\/uploads\/2026\/01\/3-anos-8-de-janeiro-mc_abr_08012026-4-1.webp\",\"articleSection\":[\"Dona Irene\"],\"inLanguage\":\"pt-BR\"},{\"@type\":\"WebPage\",\"@id\":\"https:\/\/www.notibras.com\/site\/ricardo-lewandowski-se-despede-do-governo\/\",\"url\":\"https:\/\/www.notibras.com\/site\/ricardo-lewandowski-se-despede-do-governo\/\",\"name\":\"Ricardo Lewandowski se despede do governo - Notibras\",\"isPartOf\":{\"@id\":\"https:\/\/www.notibras.com\/site\/#website\"},\"primaryImageOfPage\":{\"@id\":\"https:\/\/www.notibras.com\/site\/ricardo-lewandowski-se-despede-do-governo\/#primaryimage\"},\"image\":{\"@id\":\"https:\/\/www.notibras.com\/site\/ricardo-lewandowski-se-despede-do-governo\/#primaryimage\"},\"thumbnailUrl\":\"https:\/\/www.notibras.com\/site\/wp-content\/uploads\/2026\/01\/3-anos-8-de-janeiro-mc_abr_08012026-4-1.webp\",\"datePublished\":\"2026-01-09T05:15:41+00:00\",\"dateModified\":\"2026-01-09T05:31:12+00:00\",\"breadcrumb\":{\"@id\":\"https:\/\/www.notibras.com\/site\/ricardo-lewandowski-se-despede-do-governo\/#breadcrumb\"},\"inLanguage\":\"pt-BR\",\"potentialAction\":[{\"@type\":\"ReadAction\",\"target\":[\"https:\/\/www.notibras.com\/site\/ricardo-lewandowski-se-despede-do-governo\/\"]}]},{\"@type\":\"ImageObject\",\"inLanguage\":\"pt-BR\",\"@id\":\"https:\/\/www.notibras.com\/site\/ricardo-lewandowski-se-despede-do-governo\/#primaryimage\",\"url\":\"https:\/\/www.notibras.com\/site\/wp-content\/uploads\/2026\/01\/3-anos-8-de-janeiro-mc_abr_08012026-4-1.webp\",\"contentUrl\":\"https:\/\/www.notibras.com\/site\/wp-content\/uploads\/2026\/01\/3-anos-8-de-janeiro-mc_abr_08012026-4-1.webp\",\"width\":1170,\"height\":700},{\"@type\":\"BreadcrumbList\",\"@id\":\"https:\/\/www.notibras.com\/site\/ricardo-lewandowski-se-despede-do-governo\/#breadcrumb\",\"itemListElement\":[{\"@type\":\"ListItem\",\"position\":1,\"name\":\"In\u00edcio\",\"item\":\"https:\/\/www.notibras.com\/site\/\"},{\"@type\":\"ListItem\",\"position\":2,\"name\":\"Ricardo Lewandowski se despede do governo\"}]},{\"@type\":\"WebSite\",\"@id\":\"https:\/\/www.notibras.com\/site\/#website\",\"url\":\"https:\/\/www.notibras.com\/site\/\",\"name\":\"Notibras\",\"description\":\"Not\u00edcias de Bras\u00edlia, do Brasil e do Mundo\",\"publisher\":{\"@id\":\"https:\/\/www.notibras.com\/site\/#organization\"},\"potentialAction\":[{\"@type\":\"SearchAction\",\"target\":{\"@type\":\"EntryPoint\",\"urlTemplate\":\"https:\/\/www.notibras.com\/site\/?s={search_term_string}\"},\"query-input\":{\"@type\":\"PropertyValueSpecification\",\"valueRequired\":true,\"valueName\":\"search_term_string\"}}],\"inLanguage\":\"pt-BR\"},{\"@type\":\"Organization\",\"@id\":\"https:\/\/www.notibras.com\/site\/#organization\",\"name\":\"Grupo Notibras de Comunica\u00e7\u00e3o\",\"url\":\"https:\/\/www.notibras.com\/site\/\",\"logo\":{\"@type\":\"ImageObject\",\"inLanguage\":\"pt-BR\",\"@id\":\"https:\/\/www.notibras.com\/site\/#\/schema\/logo\/image\/\",\"url\":\"https:\/\/www.notibras.com\/site\/wp-content\/uploads\/2023\/01\/notibras23.png\",\"contentUrl\":\"https:\/\/www.notibras.com\/site\/wp-content\/uploads\/2023\/01\/notibras23.png\",\"width\":350,\"height\":87,\"caption\":\"Grupo Notibras de Comunica\u00e7\u00e3o\"},\"image\":{\"@id\":\"https:\/\/www.notibras.com\/site\/#\/schema\/logo\/image\/\"},\"sameAs\":[\"https:\/\/www.facebook.com\/notibras\/\",\"https:\/\/x.com\/Notibras\",\"https:\/\/www.instagram.com\/notibras\/\"]},{\"@type\":\"Person\",\"@id\":\"https:\/\/www.notibras.com\/site\/#\/schema\/person\/5b7fabf2aedc3ada2105f03b22b4d3dd\",\"name\":\"Eduardo Mart\u00ednez\",\"image\":{\"@type\":\"ImageObject\",\"inLanguage\":\"pt-BR\",\"@id\":\"https:\/\/secure.gravatar.com\/avatar\/7902f906289926289cbcda644b5197c796b893c6ffd7b9a536a42d290f7704a0?s=96&d=mm&r=g\",\"url\":\"https:\/\/secure.gravatar.com\/avatar\/7902f906289926289cbcda644b5197c796b893c6ffd7b9a536a42d290f7704a0?s=96&d=mm&r=g\",\"contentUrl\":\"https:\/\/secure.gravatar.com\/avatar\/7902f906289926289cbcda644b5197c796b893c6ffd7b9a536a42d290f7704a0?s=96&d=mm&r=g\",\"caption\":\"Eduardo Mart\u00ednez\"}}]}<\/script>\n<!-- \/ Yoast SEO plugin. -->","yoast_head_json":{"title":"Ricardo Lewandowski se despede do governo - Notibras","robots":{"index":"index","follow":"follow","max-snippet":"max-snippet:-1","max-image-preview":"max-image-preview:large","max-video-preview":"max-video-preview:-1"},"canonical":"https:\/\/www.notibras.com\/site\/ricardo-lewandowski-se-despede-do-governo\/","og_locale":"pt_BR","og_type":"article","og_title":"Ricardo Lewandowski se despede do governo - Notibras","og_description":"Nesta quinta-feira, 8 de janeiro, Ricardo Lewandowski entregou ao presidente Luiz In\u00e1cio Lula da Silva a carta com pedido de exonera\u00e7\u00e3o do cargo de ministro de Estado da Justi\u00e7a e Seguran\u00e7a P\u00fablica. No documento, Lewandowski alegou motivos pessoais e familiares para deixar a fun\u00e7\u00e3o. Nos bastidores do governo, por\u00e9m, circulam rumores de que havia insatisfa\u00e7\u00e3o [&hellip;]","og_url":"https:\/\/www.notibras.com\/site\/ricardo-lewandowski-se-despede-do-governo\/","og_site_name":"Notibras","article_publisher":"https:\/\/www.facebook.com\/notibras\/","article_published_time":"2026-01-09T05:15:41+00:00","article_modified_time":"2026-01-09T05:31:12+00:00","og_image":[{"width":1170,"height":700,"url":"https:\/\/www.notibras.com\/site\/wp-content\/uploads\/2026\/01\/3-anos-8-de-janeiro-mc_abr_08012026-4-1.webp","type":"image\/webp"}],"author":"Eduardo Mart\u00ednez","twitter_card":"summary_large_image","twitter_creator":"@Notibras","twitter_site":"@Notibras","twitter_misc":{"Escrito por":"Eduardo Mart\u00ednez","Est. tempo de leitura":"2 minutos"},"schema":{"@context":"https:\/\/schema.org","@graph":[{"@type":"Article","@id":"https:\/\/www.notibras.com\/site\/ricardo-lewandowski-se-despede-do-governo\/#article","isPartOf":{"@id":"https:\/\/www.notibras.com\/site\/ricardo-lewandowski-se-despede-do-governo\/"},"author":{"name":"Eduardo Mart\u00ednez","@id":"https:\/\/www.notibras.com\/site\/#\/schema\/person\/5b7fabf2aedc3ada2105f03b22b4d3dd"},"headline":"Ricardo Lewandowski se despede do governo","datePublished":"2026-01-09T05:15:41+00:00","dateModified":"2026-01-09T05:31:12+00:00","mainEntityOfPage":{"@id":"https:\/\/www.notibras.com\/site\/ricardo-lewandowski-se-despede-do-governo\/"},"wordCount":181,"publisher":{"@id":"https:\/\/www.notibras.com\/site\/#organization"},"image":{"@id":"https:\/\/www.notibras.com\/site\/ricardo-lewandowski-se-despede-do-governo\/#primaryimage"},"thumbnailUrl":"https:\/\/www.notibras.com\/site\/wp-content\/uploads\/2026\/01\/3-anos-8-de-janeiro-mc_abr_08012026-4-1.webp","articleSection":["Dona Irene"],"inLanguage":"pt-BR"},{"@type":"WebPage","@id":"https:\/\/www.notibras.com\/site\/ricardo-lewandowski-se-despede-do-governo\/","url":"https:\/\/www.notibras.com\/site\/ricardo-lewandowski-se-despede-do-governo\/","name":"Ricardo Lewandowski se despede do governo - Notibras","isPartOf":{"@id":"https:\/\/www.notibras.com\/site\/#website"},"primaryImageOfPage":{"@id":"https:\/\/www.notibras.com\/site\/ricardo-lewandowski-se-despede-do-governo\/#primaryimage"},"image":{"@id":"https:\/\/www.notibras.com\/site\/ricardo-lewandowski-se-despede-do-governo\/#primaryimage"},"thumbnailUrl":"https:\/\/www.notibras.com\/site\/wp-content\/uploads\/2026\/01\/3-anos-8-de-janeiro-mc_abr_08012026-4-1.webp","datePublished":"2026-01-09T05:15:41+00:00","dateModified":"2026-01-09T05:31:12+00:00","breadcrumb":{"@id":"https:\/\/www.notibras.com\/site\/ricardo-lewandowski-se-despede-do-governo\/#breadcrumb"},"inLanguage":"pt-BR","potentialAction":[{"@type":"ReadAction","target":["https:\/\/www.notibras.com\/site\/ricardo-lewandowski-se-despede-do-governo\/"]}]},{"@type":"ImageObject","inLanguage":"pt-BR","@id":"https:\/\/www.notibras.com\/site\/ricardo-lewandowski-se-despede-do-governo\/#primaryimage","url":"https:\/\/www.notibras.com\/site\/wp-content\/uploads\/2026\/01\/3-anos-8-de-janeiro-mc_abr_08012026-4-1.webp","contentUrl":"https:\/\/www.notibras.com\/site\/wp-content\/uploads\/2026\/01\/3-anos-8-de-janeiro-mc_abr_08012026-4-1.webp","width":1170,"height":700},{"@type":"BreadcrumbList","@id":"https:\/\/www.notibras.com\/site\/ricardo-lewandowski-se-despede-do-governo\/#breadcrumb","itemListElement":[{"@type":"ListItem","position":1,"name":"In\u00edcio","item":"https:\/\/www.notibras.com\/site\/"},{"@type":"ListItem","position":2,"name":"Ricardo Lewandowski se despede do governo"}]},{"@type":"WebSite","@id":"https:\/\/www.notibras.com\/site\/#website","url":"https:\/\/www.notibras.com\/site\/","name":"Notibras","description":"Not\u00edcias de Bras\u00edlia, do Brasil e do Mundo","publisher":{"@id":"https:\/\/www.notibras.com\/site\/#organization"},"potentialAction":[{"@type":"SearchAction","target":{"@type":"EntryPoint","urlTemplate":"https:\/\/www.notibras.com\/site\/?s={search_term_string}"},"query-input":{"@type":"PropertyValueSpecification","valueRequired":true,"valueName":"search_term_string"}}],"inLanguage":"pt-BR"},{"@type":"Organization","@id":"https:\/\/www.notibras.com\/site\/#organization","name":"Grupo Notibras de Comunica\u00e7\u00e3o","url":"https:\/\/www.notibras.com\/site\/","logo":{"@type":"ImageObject","inLanguage":"pt-BR","@id":"https:\/\/www.notibras.com\/site\/#\/schema\/logo\/image\/","url":"https:\/\/www.notibras.com\/site\/wp-content\/uploads\/2023\/01\/notibras23.png","contentUrl":"https:\/\/www.notibras.com\/site\/wp-content\/uploads\/2023\/01\/notibras23.png","width":350,"height":87,"caption":"Grupo Notibras de Comunica\u00e7\u00e3o"},"image":{"@id":"https:\/\/www.notibras.com\/site\/#\/schema\/logo\/image\/"},"sameAs":["https:\/\/www.facebook.com\/notibras\/","https:\/\/x.com\/Notibras","https:\/\/www.instagram.com\/notibras\/"]},{"@type":"Person","@id":"https:\/\/www.notibras.com\/site\/#\/schema\/person\/5b7fabf2aedc3ada2105f03b22b4d3dd","name":"Eduardo Mart\u00ednez","image":{"@type":"ImageObject","inLanguage":"pt-BR","@id":"https:\/\/secure.gravatar.com\/avatar\/7902f906289926289cbcda644b5197c796b893c6ffd7b9a536a42d290f7704a0?s=96&d=mm&r=g","url":"https:\/\/secure.gravatar.com\/avatar\/7902f906289926289cbcda644b5197c796b893c6ffd7b9a536a42d290f7704a0?s=96&d=mm&r=g","contentUrl":"https:\/\/secure.gravatar.com\/avatar\/7902f906289926289cbcda644b5197c796b893c6ffd7b9a536a42d290f7704a0?s=96&d=mm&r=g","caption":"Eduardo Mart\u00ednez"}}]}},"amp_enabled":true,"_links":{"self":[{"href":"https:\/\/www.notibras.com\/site\/wp-json\/wp\/v2\/posts\/378248","targetHints":{"allow":["GET"]}}],"collection":[{"href":"https:\/\/www.notibras.com\/site\/wp-json\/wp\/v2\/posts"}],"about":[{"href":"https:\/\/www.notibras.com\/site\/wp-json\/wp\/v2\/types\/post"}],"author":[{"embeddable":true,"href":"https:\/\/www.notibras.com\/site\/wp-json\/wp\/v2\/users\/21"}],"replies":[{"embeddable":true,"href":"https:\/\/www.notibras.com\/site\/wp-json\/wp\/v2\/comments?post=378248"}],"version-history":[{"count":4,"href":"https:\/\/www.notibras.com\/site\/wp-json\/wp\/v2\/posts\/378248\/revisions"}],"predecessor-version":[{"id":378295,"href":"https:\/\/www.notibras.com\/site\/wp-json\/wp\/v2\/posts\/378248\/revisions\/378295"}],"wp:featuredmedia":[{"embeddable":true,"href":"https:\/\/www.notibras.com\/site\/wp-json\/wp\/v2\/media\/378249"}],"wp:attachment":[{"href":"https:\/\/www.notibras.com\/site\/wp-json\/wp\/v2\/media?parent=378248"}],"wp:term":[{"taxonomy":"category","embeddable":true,"href":"https:\/\/www.notibras.com\/site\/wp-json\/wp\/v2\/categories?post=378248"},{"taxonomy":"post_tag","embeddable":true,"href":"https:\/\/www.notibras.com\/site\/wp-json\/wp\/v2\/tags?post=378248"}],"curies":[{"name":"wp","href":"https:\/\/api.w.org\/{rel}","templated":true}]}}