{"id":378258,"date":"2026-01-09T00:30:36","date_gmt":"2026-01-09T03:30:36","guid":{"rendered":"https:\/\/www.notibras.com\/site\/?p=378258"},"modified":"2026-01-09T00:03:42","modified_gmt":"2026-01-09T03:03:42","slug":"segundo-mais-pontual-do-mundo-em-ranking-internacional","status":"publish","type":"post","link":"https:\/\/www.notibras.com\/site\/segundo-mais-pontual-do-mundo-em-ranking-internacional\/","title":{"rendered":"Segundo mais pontual do mundo em ranking internacional"},"content":{"rendered":"<p>J\u00e1 virou rotina o Aeroporto Internacional de Bras\u00edlia ser reconhecido em rankings de qualidade. Desta vez, o terminal foi listado como o segundo mais pontual do mundo na categoria de m\u00e9dio porte pela <a href=\"https:\/\/www.cirium.com\/\">empresa de dados e an\u00e1lises de avia\u00e7\u00e3o Cirium<\/a>.<\/p>\n<p>A capital federal teve 88,36% de partidas no hor\u00e1rio, em um total de 114.481 voos, ficando atr\u00e1s apenas do Aeroporto Internacional Tocumen, na Cidade do Panam\u00e1, que teve 93,34%. O Aeroporto de Johanesburgo, na \u00c1frica do Sul, completa o p\u00f3dio, com 86,22%.<\/p>\n<p>\u201c\u00c9 um motivo de grande orgulho para o turismo de Bras\u00edlia ver o Aeroporto Internacional reafirmando sua excel\u00eancia operacional ao ocupar a segunda coloca\u00e7\u00e3o no ranking mundial de pontualidade entre aeroportos de m\u00e9dio porte. Esse resultado n\u00e3o apenas reflete a efici\u00eancia e a integra\u00e7\u00e3o de todos os envolvidos na opera\u00e7\u00e3o aeroportu\u00e1ria, mas tamb\u00e9m fortalece a confian\u00e7a dos visitantes e operadores tur\u00edsticos em nossa capital como um destino s\u00f3lido, conectado e preparado para atender com qualidade e pontualidade\u201d, destacou o secret\u00e1rio de Turismo, Cristiano Ara\u00fajo.<\/p>\n<p>O ranking dos aeroportos de m\u00e9dio porte considera aqueles que operam entre 15 milh\u00f5es e 25 milh\u00f5es de assentos em um ano \u2014 dada a capacidade estimada do total de voos marcados. Os de grande porte s\u00e3o os de 25 milh\u00f5es a 40 milh\u00f5es e os de pequeno porte, de 5 milh\u00f5es a 15 milh\u00f5es. Entre os grandes, Santiago, no Chile, lidera a lista dos mais pontuais, enquanto Guayaquil, no Equador, \u00e9 o primeiro entre os pequenos.<\/p>\n<p>Levando em conta as tr\u00eas categorias, o Brasil ainda aparece na lista com Gale\u00e3o (RJ), Viracopos (SP) e Confins (MG) \u2014 6\u00ba, 8\u00ba e 10\u00ba, respectivamente, entre os m\u00e9dios \u2014, e Santos Dumont (RJ) e Salvador (BA) \u2014 3\u00ba e 8\u00ba, respectivamente, entre os pequenos.<\/p>\n<p><strong>Premia\u00e7\u00f5es<\/strong><\/p>\n<p>O Aeroporto de Bras\u00edlia tamb\u00e9m foi eleito, no ano passado, o melhor da Am\u00e9rica e o 4\u00ba melhor do mundo pela <a href=\"https:\/\/www.agenciabrasilia.df.gov.br\/w\/brasilia-tem-o-melhor-aeroporto-da-america-e-o-4-melhor-do-mundo-aponta-pesquisa\">plataforma AirHelp<\/a> \u2014 especializada em assist\u00eancia a passageiros. A nota final do terminal foi de 8,47. Entre os crit\u00e9rios avaliados, ele recebeu 8,6 em pontualidade dos voos; 8,3 em satisfa\u00e7\u00e3o dos passageiros; e 8,2 em qualidade de alimenta\u00e7\u00e3o e lojas.<\/p>\n<p>S\u00f3 de janeiro a setembro de 2025, o aeroporto brasiliense registrou 13,8 milh\u00f5es de embarques e desembarques. Atualmente, ele \u00e9 o \u00fanico do pa\u00eds com voos diretos para todas as capitais brasileiras e ainda tem nove rotas internacionais para oito pa\u00edses: Portugal (Lisboa), Argentina (Buenos Aires), Chile (Santiago), Peru (Lima), Col\u00f4mbia (Bogot\u00e1), Panam\u00e1 (Cidade do Panam\u00e1), M\u00e9xico (Canc\u00fan), e Estados Unidos (Orlando e Miami).<\/p>\n<p>\u201cO trabalho realizado pelo governo Ibaneis Rocha transformou a capital de uma cidade meramente pol\u00edtica para uma cidade tur\u00edstica, cidade de neg\u00f3cios, cidade de grandes shows nacionais e internacionais. Isso fez com que o Aeroporto JK tamb\u00e9m se modernizasse e atingisse \u00edndices positivos importantes como, por exemplo, a pontualidade. E n\u00e3o \u00e9 a primeira vez, ou seja, j\u00e1 \u00e9 um aeroporto que figura sempre no ranking dos melhores do mundo\u201d, ressaltou o secret\u00e1rio de Rela\u00e7\u00f5es Internacionais do DF, Paco Britto.<\/p>\n<p>\u201cIsso tudo contribui para o trabalho da Secretaria de Rela\u00e7\u00f5es Internacionais na conquista de novos voos internacionais, como os que conquistamos, de 2023 para c\u00e1 \u2014 a exemplo de Lima, Bogot\u00e1, Santiago, da retomada do voo para Canc\u00fan e do aumento do n\u00famero de voos para Buenos Aires, Miami e Orlando. Para este ano, tudo indica que conseguiremos ter a rota Roma-Bras\u00edlia e, certamente, termos um aeroporto na lista dos mais pontuais do mundo ajuda muito na conquista desses novos voos\u201d, acrescentou Britto.<\/p>\n","protected":false},"excerpt":{"rendered":"<p>J\u00e1 virou rotina o Aeroporto Internacional de Bras\u00edlia ser reconhecido em rankings de qualidade. Desta vez, o terminal foi listado como o segundo mais pontual do mundo na categoria de m\u00e9dio porte pela empresa de dados e an\u00e1lises de avia\u00e7\u00e3o Cirium. A capital federal teve 88,36% de partidas no hor\u00e1rio, em um total de 114.481 [&hellip;]<\/p>\n","protected":false},"author":21,"featured_media":378259,"comment_status":"closed","ping_status":"closed","sticky":false,"template":"","format":"standard","meta":{"_acf_changed":false,"footnotes":""},"categories":[161],"tags":[],"class_list":["post-378258","post","type-post","status-publish","format-standard","has-post-thumbnail","hentry","category-quadradinho-em-foco"],"acf":[],"yoast_head":"<!-- This site is optimized with the Yoast SEO plugin v27.2 - https:\/\/yoast.com\/product\/yoast-seo-wordpress\/ -->\n<title>Segundo mais pontual do mundo em ranking internacional - Notibras<\/title>\n<meta name=\"robots\" content=\"index, follow, max-snippet:-1, max-image-preview:large, max-video-preview:-1\" \/>\n<link rel=\"canonical\" href=\"https:\/\/www.notibras.com\/site\/segundo-mais-pontual-do-mundo-em-ranking-internacional\/\" \/>\n<meta property=\"og:locale\" content=\"pt_BR\" \/>\n<meta property=\"og:type\" content=\"article\" \/>\n<meta property=\"og:title\" content=\"Segundo mais pontual do mundo em ranking internacional - Notibras\" \/>\n<meta property=\"og:description\" content=\"J\u00e1 virou rotina o Aeroporto Internacional de Bras\u00edlia ser reconhecido em rankings de qualidade. Desta vez, o terminal foi listado como o segundo mais pontual do mundo na categoria de m\u00e9dio porte pela empresa de dados e an\u00e1lises de avia\u00e7\u00e3o Cirium. A capital federal teve 88,36% de partidas no hor\u00e1rio, em um total de 114.481 [&hellip;]\" \/>\n<meta property=\"og:url\" content=\"https:\/\/www.notibras.com\/site\/segundo-mais-pontual-do-mundo-em-ranking-internacional\/\" \/>\n<meta property=\"og:site_name\" content=\"Notibras\" \/>\n<meta property=\"article:publisher\" content=\"https:\/\/www.facebook.com\/notibras\/\" \/>\n<meta property=\"article:published_time\" content=\"2026-01-09T03:30:36+00:00\" \/>\n<meta property=\"og:image\" content=\"https:\/\/www.notibras.com\/site\/wp-content\/uploads\/2026\/01\/Foto-Tony-Oliveira-60.jpg\" \/>\n\t<meta property=\"og:image:width\" content=\"2048\" \/>\n\t<meta property=\"og:image:height\" content=\"1365\" \/>\n\t<meta property=\"og:image:type\" content=\"image\/jpeg\" \/>\n<meta name=\"author\" content=\"Eduardo Mart\u00ednez\" \/>\n<meta name=\"twitter:card\" content=\"summary_large_image\" \/>\n<meta name=\"twitter:creator\" content=\"@Notibras\" \/>\n<meta name=\"twitter:site\" content=\"@Notibras\" \/>\n<meta name=\"twitter:label1\" content=\"Escrito por\" \/>\n\t<meta name=\"twitter:data1\" content=\"Eduardo Mart\u00ednez\" \/>\n\t<meta name=\"twitter:label2\" content=\"Est. tempo de leitura\" \/>\n\t<meta name=\"twitter:data2\" content=\"4 minutos\" \/>\n<script type=\"application\/ld+json\" class=\"yoast-schema-graph\">{\"@context\":\"https:\/\/schema.org\",\"@graph\":[{\"@type\":\"Article\",\"@id\":\"https:\/\/www.notibras.com\/site\/segundo-mais-pontual-do-mundo-em-ranking-internacional\/#article\",\"isPartOf\":{\"@id\":\"https:\/\/www.notibras.com\/site\/segundo-mais-pontual-do-mundo-em-ranking-internacional\/\"},\"author\":{\"name\":\"Eduardo Mart\u00ednez\",\"@id\":\"https:\/\/www.notibras.com\/site\/#\/schema\/person\/5b7fabf2aedc3ada2105f03b22b4d3dd\"},\"headline\":\"Segundo mais pontual do mundo em ranking internacional\",\"datePublished\":\"2026-01-09T03:30:36+00:00\",\"mainEntityOfPage\":{\"@id\":\"https:\/\/www.notibras.com\/site\/segundo-mais-pontual-do-mundo-em-ranking-internacional\/\"},\"wordCount\":610,\"publisher\":{\"@id\":\"https:\/\/www.notibras.com\/site\/#organization\"},\"image\":{\"@id\":\"https:\/\/www.notibras.com\/site\/segundo-mais-pontual-do-mundo-em-ranking-internacional\/#primaryimage\"},\"thumbnailUrl\":\"https:\/\/www.notibras.com\/site\/wp-content\/uploads\/2026\/01\/Foto-Tony-Oliveira-60.jpg\",\"articleSection\":[\"Quadradinho em Foco\"],\"inLanguage\":\"pt-BR\"},{\"@type\":\"WebPage\",\"@id\":\"https:\/\/www.notibras.com\/site\/segundo-mais-pontual-do-mundo-em-ranking-internacional\/\",\"url\":\"https:\/\/www.notibras.com\/site\/segundo-mais-pontual-do-mundo-em-ranking-internacional\/\",\"name\":\"Segundo mais pontual do mundo em ranking internacional - Notibras\",\"isPartOf\":{\"@id\":\"https:\/\/www.notibras.com\/site\/#website\"},\"primaryImageOfPage\":{\"@id\":\"https:\/\/www.notibras.com\/site\/segundo-mais-pontual-do-mundo-em-ranking-internacional\/#primaryimage\"},\"image\":{\"@id\":\"https:\/\/www.notibras.com\/site\/segundo-mais-pontual-do-mundo-em-ranking-internacional\/#primaryimage\"},\"thumbnailUrl\":\"https:\/\/www.notibras.com\/site\/wp-content\/uploads\/2026\/01\/Foto-Tony-Oliveira-60.jpg\",\"datePublished\":\"2026-01-09T03:30:36+00:00\",\"breadcrumb\":{\"@id\":\"https:\/\/www.notibras.com\/site\/segundo-mais-pontual-do-mundo-em-ranking-internacional\/#breadcrumb\"},\"inLanguage\":\"pt-BR\",\"potentialAction\":[{\"@type\":\"ReadAction\",\"target\":[\"https:\/\/www.notibras.com\/site\/segundo-mais-pontual-do-mundo-em-ranking-internacional\/\"]}]},{\"@type\":\"ImageObject\",\"inLanguage\":\"pt-BR\",\"@id\":\"https:\/\/www.notibras.com\/site\/segundo-mais-pontual-do-mundo-em-ranking-internacional\/#primaryimage\",\"url\":\"https:\/\/www.notibras.com\/site\/wp-content\/uploads\/2026\/01\/Foto-Tony-Oliveira-60.jpg\",\"contentUrl\":\"https:\/\/www.notibras.com\/site\/wp-content\/uploads\/2026\/01\/Foto-Tony-Oliveira-60.jpg\",\"width\":2048,\"height\":1365},{\"@type\":\"BreadcrumbList\",\"@id\":\"https:\/\/www.notibras.com\/site\/segundo-mais-pontual-do-mundo-em-ranking-internacional\/#breadcrumb\",\"itemListElement\":[{\"@type\":\"ListItem\",\"position\":1,\"name\":\"In\u00edcio\",\"item\":\"https:\/\/www.notibras.com\/site\/\"},{\"@type\":\"ListItem\",\"position\":2,\"name\":\"Segundo mais pontual do mundo em ranking internacional\"}]},{\"@type\":\"WebSite\",\"@id\":\"https:\/\/www.notibras.com\/site\/#website\",\"url\":\"https:\/\/www.notibras.com\/site\/\",\"name\":\"Notibras\",\"description\":\"Not\u00edcias de Bras\u00edlia, do Brasil e do Mundo\",\"publisher\":{\"@id\":\"https:\/\/www.notibras.com\/site\/#organization\"},\"potentialAction\":[{\"@type\":\"SearchAction\",\"target\":{\"@type\":\"EntryPoint\",\"urlTemplate\":\"https:\/\/www.notibras.com\/site\/?s={search_term_string}\"},\"query-input\":{\"@type\":\"PropertyValueSpecification\",\"valueRequired\":true,\"valueName\":\"search_term_string\"}}],\"inLanguage\":\"pt-BR\"},{\"@type\":\"Organization\",\"@id\":\"https:\/\/www.notibras.com\/site\/#organization\",\"name\":\"Grupo Notibras de Comunica\u00e7\u00e3o\",\"url\":\"https:\/\/www.notibras.com\/site\/\",\"logo\":{\"@type\":\"ImageObject\",\"inLanguage\":\"pt-BR\",\"@id\":\"https:\/\/www.notibras.com\/site\/#\/schema\/logo\/image\/\",\"url\":\"https:\/\/www.notibras.com\/site\/wp-content\/uploads\/2023\/01\/notibras23.png\",\"contentUrl\":\"https:\/\/www.notibras.com\/site\/wp-content\/uploads\/2023\/01\/notibras23.png\",\"width\":350,\"height\":87,\"caption\":\"Grupo Notibras de Comunica\u00e7\u00e3o\"},\"image\":{\"@id\":\"https:\/\/www.notibras.com\/site\/#\/schema\/logo\/image\/\"},\"sameAs\":[\"https:\/\/www.facebook.com\/notibras\/\",\"https:\/\/x.com\/Notibras\",\"https:\/\/www.instagram.com\/notibras\/\"]},{\"@type\":\"Person\",\"@id\":\"https:\/\/www.notibras.com\/site\/#\/schema\/person\/5b7fabf2aedc3ada2105f03b22b4d3dd\",\"name\":\"Eduardo Mart\u00ednez\",\"image\":{\"@type\":\"ImageObject\",\"inLanguage\":\"pt-BR\",\"@id\":\"https:\/\/secure.gravatar.com\/avatar\/7902f906289926289cbcda644b5197c796b893c6ffd7b9a536a42d290f7704a0?s=96&d=mm&r=g\",\"url\":\"https:\/\/secure.gravatar.com\/avatar\/7902f906289926289cbcda644b5197c796b893c6ffd7b9a536a42d290f7704a0?s=96&d=mm&r=g\",\"contentUrl\":\"https:\/\/secure.gravatar.com\/avatar\/7902f906289926289cbcda644b5197c796b893c6ffd7b9a536a42d290f7704a0?s=96&d=mm&r=g\",\"caption\":\"Eduardo Mart\u00ednez\"}}]}<\/script>\n<!-- \/ Yoast SEO plugin. -->","yoast_head_json":{"title":"Segundo mais pontual do mundo em ranking internacional - Notibras","robots":{"index":"index","follow":"follow","max-snippet":"max-snippet:-1","max-image-preview":"max-image-preview:large","max-video-preview":"max-video-preview:-1"},"canonical":"https:\/\/www.notibras.com\/site\/segundo-mais-pontual-do-mundo-em-ranking-internacional\/","og_locale":"pt_BR","og_type":"article","og_title":"Segundo mais pontual do mundo em ranking internacional - Notibras","og_description":"J\u00e1 virou rotina o Aeroporto Internacional de Bras\u00edlia ser reconhecido em rankings de qualidade. Desta vez, o terminal foi listado como o segundo mais pontual do mundo na categoria de m\u00e9dio porte pela empresa de dados e an\u00e1lises de avia\u00e7\u00e3o Cirium. A capital federal teve 88,36% de partidas no hor\u00e1rio, em um total de 114.481 [&hellip;]","og_url":"https:\/\/www.notibras.com\/site\/segundo-mais-pontual-do-mundo-em-ranking-internacional\/","og_site_name":"Notibras","article_publisher":"https:\/\/www.facebook.com\/notibras\/","article_published_time":"2026-01-09T03:30:36+00:00","og_image":[{"width":2048,"height":1365,"url":"https:\/\/www.notibras.com\/site\/wp-content\/uploads\/2026\/01\/Foto-Tony-Oliveira-60.jpg","type":"image\/jpeg"}],"author":"Eduardo Mart\u00ednez","twitter_card":"summary_large_image","twitter_creator":"@Notibras","twitter_site":"@Notibras","twitter_misc":{"Escrito por":"Eduardo Mart\u00ednez","Est. tempo de leitura":"4 minutos"},"schema":{"@context":"https:\/\/schema.org","@graph":[{"@type":"Article","@id":"https:\/\/www.notibras.com\/site\/segundo-mais-pontual-do-mundo-em-ranking-internacional\/#article","isPartOf":{"@id":"https:\/\/www.notibras.com\/site\/segundo-mais-pontual-do-mundo-em-ranking-internacional\/"},"author":{"name":"Eduardo Mart\u00ednez","@id":"https:\/\/www.notibras.com\/site\/#\/schema\/person\/5b7fabf2aedc3ada2105f03b22b4d3dd"},"headline":"Segundo mais pontual do mundo em ranking internacional","datePublished":"2026-01-09T03:30:36+00:00","mainEntityOfPage":{"@id":"https:\/\/www.notibras.com\/site\/segundo-mais-pontual-do-mundo-em-ranking-internacional\/"},"wordCount":610,"publisher":{"@id":"https:\/\/www.notibras.com\/site\/#organization"},"image":{"@id":"https:\/\/www.notibras.com\/site\/segundo-mais-pontual-do-mundo-em-ranking-internacional\/#primaryimage"},"thumbnailUrl":"https:\/\/www.notibras.com\/site\/wp-content\/uploads\/2026\/01\/Foto-Tony-Oliveira-60.jpg","articleSection":["Quadradinho em Foco"],"inLanguage":"pt-BR"},{"@type":"WebPage","@id":"https:\/\/www.notibras.com\/site\/segundo-mais-pontual-do-mundo-em-ranking-internacional\/","url":"https:\/\/www.notibras.com\/site\/segundo-mais-pontual-do-mundo-em-ranking-internacional\/","name":"Segundo mais pontual do mundo em ranking internacional - Notibras","isPartOf":{"@id":"https:\/\/www.notibras.com\/site\/#website"},"primaryImageOfPage":{"@id":"https:\/\/www.notibras.com\/site\/segundo-mais-pontual-do-mundo-em-ranking-internacional\/#primaryimage"},"image":{"@id":"https:\/\/www.notibras.com\/site\/segundo-mais-pontual-do-mundo-em-ranking-internacional\/#primaryimage"},"thumbnailUrl":"https:\/\/www.notibras.com\/site\/wp-content\/uploads\/2026\/01\/Foto-Tony-Oliveira-60.jpg","datePublished":"2026-01-09T03:30:36+00:00","breadcrumb":{"@id":"https:\/\/www.notibras.com\/site\/segundo-mais-pontual-do-mundo-em-ranking-internacional\/#breadcrumb"},"inLanguage":"pt-BR","potentialAction":[{"@type":"ReadAction","target":["https:\/\/www.notibras.com\/site\/segundo-mais-pontual-do-mundo-em-ranking-internacional\/"]}]},{"@type":"ImageObject","inLanguage":"pt-BR","@id":"https:\/\/www.notibras.com\/site\/segundo-mais-pontual-do-mundo-em-ranking-internacional\/#primaryimage","url":"https:\/\/www.notibras.com\/site\/wp-content\/uploads\/2026\/01\/Foto-Tony-Oliveira-60.jpg","contentUrl":"https:\/\/www.notibras.com\/site\/wp-content\/uploads\/2026\/01\/Foto-Tony-Oliveira-60.jpg","width":2048,"height":1365},{"@type":"BreadcrumbList","@id":"https:\/\/www.notibras.com\/site\/segundo-mais-pontual-do-mundo-em-ranking-internacional\/#breadcrumb","itemListElement":[{"@type":"ListItem","position":1,"name":"In\u00edcio","item":"https:\/\/www.notibras.com\/site\/"},{"@type":"ListItem","position":2,"name":"Segundo mais pontual do mundo em ranking internacional"}]},{"@type":"WebSite","@id":"https:\/\/www.notibras.com\/site\/#website","url":"https:\/\/www.notibras.com\/site\/","name":"Notibras","description":"Not\u00edcias de Bras\u00edlia, do Brasil e do Mundo","publisher":{"@id":"https:\/\/www.notibras.com\/site\/#organization"},"potentialAction":[{"@type":"SearchAction","target":{"@type":"EntryPoint","urlTemplate":"https:\/\/www.notibras.com\/site\/?s={search_term_string}"},"query-input":{"@type":"PropertyValueSpecification","valueRequired":true,"valueName":"search_term_string"}}],"inLanguage":"pt-BR"},{"@type":"Organization","@id":"https:\/\/www.notibras.com\/site\/#organization","name":"Grupo Notibras de Comunica\u00e7\u00e3o","url":"https:\/\/www.notibras.com\/site\/","logo":{"@type":"ImageObject","inLanguage":"pt-BR","@id":"https:\/\/www.notibras.com\/site\/#\/schema\/logo\/image\/","url":"https:\/\/www.notibras.com\/site\/wp-content\/uploads\/2023\/01\/notibras23.png","contentUrl":"https:\/\/www.notibras.com\/site\/wp-content\/uploads\/2023\/01\/notibras23.png","width":350,"height":87,"caption":"Grupo Notibras de Comunica\u00e7\u00e3o"},"image":{"@id":"https:\/\/www.notibras.com\/site\/#\/schema\/logo\/image\/"},"sameAs":["https:\/\/www.facebook.com\/notibras\/","https:\/\/x.com\/Notibras","https:\/\/www.instagram.com\/notibras\/"]},{"@type":"Person","@id":"https:\/\/www.notibras.com\/site\/#\/schema\/person\/5b7fabf2aedc3ada2105f03b22b4d3dd","name":"Eduardo Mart\u00ednez","image":{"@type":"ImageObject","inLanguage":"pt-BR","@id":"https:\/\/secure.gravatar.com\/avatar\/7902f906289926289cbcda644b5197c796b893c6ffd7b9a536a42d290f7704a0?s=96&d=mm&r=g","url":"https:\/\/secure.gravatar.com\/avatar\/7902f906289926289cbcda644b5197c796b893c6ffd7b9a536a42d290f7704a0?s=96&d=mm&r=g","contentUrl":"https:\/\/secure.gravatar.com\/avatar\/7902f906289926289cbcda644b5197c796b893c6ffd7b9a536a42d290f7704a0?s=96&d=mm&r=g","caption":"Eduardo Mart\u00ednez"}}]}},"amp_enabled":true,"_links":{"self":[{"href":"https:\/\/www.notibras.com\/site\/wp-json\/wp\/v2\/posts\/378258","targetHints":{"allow":["GET"]}}],"collection":[{"href":"https:\/\/www.notibras.com\/site\/wp-json\/wp\/v2\/posts"}],"about":[{"href":"https:\/\/www.notibras.com\/site\/wp-json\/wp\/v2\/types\/post"}],"author":[{"embeddable":true,"href":"https:\/\/www.notibras.com\/site\/wp-json\/wp\/v2\/users\/21"}],"replies":[{"embeddable":true,"href":"https:\/\/www.notibras.com\/site\/wp-json\/wp\/v2\/comments?post=378258"}],"version-history":[{"count":3,"href":"https:\/\/www.notibras.com\/site\/wp-json\/wp\/v2\/posts\/378258\/revisions"}],"predecessor-version":[{"id":378262,"href":"https:\/\/www.notibras.com\/site\/wp-json\/wp\/v2\/posts\/378258\/revisions\/378262"}],"wp:featuredmedia":[{"embeddable":true,"href":"https:\/\/www.notibras.com\/site\/wp-json\/wp\/v2\/media\/378259"}],"wp:attachment":[{"href":"https:\/\/www.notibras.com\/site\/wp-json\/wp\/v2\/media?parent=378258"}],"wp:term":[{"taxonomy":"category","embeddable":true,"href":"https:\/\/www.notibras.com\/site\/wp-json\/wp\/v2\/categories?post=378258"},{"taxonomy":"post_tag","embeddable":true,"href":"https:\/\/www.notibras.com\/site\/wp-json\/wp\/v2\/tags?post=378258"}],"curies":[{"name":"wp","href":"https:\/\/api.w.org\/{rel}","templated":true}]}}