{"id":378268,"date":"2026-01-09T01:00:27","date_gmt":"2026-01-09T04:00:27","guid":{"rendered":"https:\/\/www.notibras.com\/site\/?p=378268"},"modified":"2026-01-09T00:20:40","modified_gmt":"2026-01-09T03:20:40","slug":"primeiras-altas-do-ano-de-animais-silvestres","status":"publish","type":"post","link":"https:\/\/www.notibras.com\/site\/primeiras-altas-do-ano-de-animais-silvestres\/","title":{"rendered":"Primeiras altas do ano de animais silvestres"},"content":{"rendered":"<p>O Hospital e Centro de Reabilita\u00e7\u00e3o da Fauna Silvestre do Distrito Federal (Hfaus) iniciou 2026 com cerca de 100 pacientes e deu as primeiras altas do ano nesta quinta-feira (8). Entre os animais recuperados pela institui\u00e7\u00e3o do Governo do Distrito Federal (GDF), est\u00e3o um filhote de bugio encontrado debilitado e com ferimento em um dos dedos, diversas aves e um jacar\u00e9 \u2014 resgatado ap\u00f3s ficar preso na piscina de uma resid\u00eancia na regi\u00e3o de Planaltina.<\/p>\n<p>O r\u00e9ptil chegou ao hospital com quadro de desidrata\u00e7\u00e3o e hipotermia, mas j\u00e1 est\u00e1 estabilizado e pronto para retornar ao ambiente natural. Os animais foram encaminhados ao Centro de Triagem de Animais Silvestres (Cetas), do Instituto Brasileiro do Meio Ambiente e dos Recursos Naturais Renov\u00e1veis (Ibama), para reintrodu\u00e7\u00e3o na natureza.<\/p>\n<p>Somente nos primeiros dias deste ano, quase 100 exemplares, entre aves, mam\u00edferos e r\u00e9pteis, j\u00e1 passaram pelo hospital. No ano passado, o Hfaus prestou cerca de 3 mil atendimentos, refor\u00e7ando a import\u00e2ncia da estrutura para a preserva\u00e7\u00e3o da fauna silvestre do Distrito Federal e Entorno. De acordo com o bi\u00f3logo e coordenador da unidade, Thiago Marques, a maior parte dos resgates come\u00e7a com o acionamento feito pela pr\u00f3pria popula\u00e7\u00e3o, que encontra os animais em \u00e1reas urbanas e comunica os \u00f3rg\u00e3os ambientais, permitindo que o socorro seja realizado de forma segura.<\/p>\n<p>\u201cSomos o primeiro hospital p\u00fablico focado exclusivamente no atendimento de animais silvestres, e isso \u00e9 motivo de muito orgulho para toda a equipe, mas nada disso seria poss\u00edvel sem o trabalho em conjunto com a Pol\u00edcia Ambiental, Bombeiros, \u00f3rg\u00e3os ambientais como o Cetas e tamb\u00e9m o apoio da popula\u00e7\u00e3o, que \u00e9 fundamental nesse processo\u201d, enfatiza o gestor. \u201c\u00c9 esse esfor\u00e7o coletivo que garante aos animais uma nova chance de voltar para a natureza.\u201d<\/p>\n<p>No hospital, os animais passam por uma abordagem multidisciplinar que envolve cuidados cl\u00ednicos, alimenta\u00e7\u00e3o adequada e enriquecimento ambiental para estimular comportamentos naturais e garantir que estejam aptos para viver em liberdade. Ap\u00f3s a alta hospitalar, eles s\u00e3o encaminhados ao Cetas, onde permanecem em quarentena e passam por reavalia\u00e7\u00f5es comportamentais e f\u00edsicas. Se apresentarem instinto de sobreviv\u00eancia e autonomia, s\u00e3o considerados aptos para soltura.<\/p>\n<p><strong>Resgate no aeroporto<\/strong><\/p>\n<p>Tamb\u00e9m recebeu alta um cachorro-do-mato que, resgatado dentro de um hangar do Aeroporto Internacional de Bras\u00edlia pela Pol\u00edcia Militar Ambiental em 31 de dezembro de 2025, ser\u00e1 reintroduzido ao habitat natural em outro momento. Ap\u00f3s passar por exames cl\u00ednico-laboratoriais, avalia\u00e7\u00f5es de imagem, tratamento contra verminose e cuidados nutricionais, o animal est\u00e1 apto para ser encaminhado ao Cetas, onde passar\u00e1 pela etapa final antes da soltura em um recinto espec\u00edfico para receb\u00ea-lo.<\/p>\n<p>Segundo o coordenador do Hfaus, muitos animais chegam ao hospital aparentando um \u00fanico problema, mas acabam sendo diagnosticados com outras altera\u00e7\u00f5es de sa\u00fade durante a triagem. No caso do cachorro-do-mato, al\u00e9m do estresse provocado pelo deslocamento at\u00e9 a \u00e1rea urbana, foram identificadas parasitoses e outras intercorr\u00eancias que exigiram acompanhamento veterin\u00e1rio especializado.<\/p>\n<p>\u201cAs a\u00e7\u00f5es antr\u00f3picas acabam fazendo com que esses animais saiam da sua condi\u00e7\u00e3o natural, ent\u00e3o eles correm para a rodovia e outras \u00e1reas pr\u00f3ximas\u201d, explica o bi\u00f3logo. \u201cEles j\u00e1 est\u00e3o com todos os exames bons, e ficamos muito felizes de realizar as primeiras altas de 2026.\u201d<\/p>\n","protected":false},"excerpt":{"rendered":"<p>O Hospital e Centro de Reabilita\u00e7\u00e3o da Fauna Silvestre do Distrito Federal (Hfaus) iniciou 2026 com cerca de 100 pacientes e deu as primeiras altas do ano nesta quinta-feira (8). Entre os animais recuperados pela institui\u00e7\u00e3o do Governo do Distrito Federal (GDF), est\u00e3o um filhote de bugio encontrado debilitado e com ferimento em um dos [&hellip;]<\/p>\n","protected":false},"author":21,"featured_media":378269,"comment_status":"closed","ping_status":"closed","sticky":false,"template":"","format":"standard","meta":{"_acf_changed":false,"footnotes":""},"categories":[161],"tags":[],"class_list":["post-378268","post","type-post","status-publish","format-standard","has-post-thumbnail","hentry","category-quadradinho-em-foco"],"acf":[],"yoast_head":"<!-- This site is optimized with the Yoast SEO plugin v27.2 - https:\/\/yoast.com\/product\/yoast-seo-wordpress\/ -->\n<title>Primeiras altas do ano de animais silvestres - Notibras<\/title>\n<meta name=\"robots\" content=\"index, follow, max-snippet:-1, max-image-preview:large, max-video-preview:-1\" \/>\n<link rel=\"canonical\" href=\"https:\/\/www.notibras.com\/site\/primeiras-altas-do-ano-de-animais-silvestres\/\" \/>\n<meta property=\"og:locale\" content=\"pt_BR\" \/>\n<meta property=\"og:type\" content=\"article\" \/>\n<meta property=\"og:title\" content=\"Primeiras altas do ano de animais silvestres - Notibras\" \/>\n<meta property=\"og:description\" content=\"O Hospital e Centro de Reabilita\u00e7\u00e3o da Fauna Silvestre do Distrito Federal (Hfaus) iniciou 2026 com cerca de 100 pacientes e deu as primeiras altas do ano nesta quinta-feira (8). Entre os animais recuperados pela institui\u00e7\u00e3o do Governo do Distrito Federal (GDF), est\u00e3o um filhote de bugio encontrado debilitado e com ferimento em um dos [&hellip;]\" \/>\n<meta property=\"og:url\" content=\"https:\/\/www.notibras.com\/site\/primeiras-altas-do-ano-de-animais-silvestres\/\" \/>\n<meta property=\"og:site_name\" content=\"Notibras\" \/>\n<meta property=\"article:publisher\" content=\"https:\/\/www.facebook.com\/notibras\/\" \/>\n<meta property=\"article:published_time\" content=\"2026-01-09T04:00:27+00:00\" \/>\n<meta property=\"og:image\" content=\"https:\/\/www.notibras.com\/site\/wp-content\/uploads\/2026\/01\/Dentro-2-69.jpg\" \/>\n\t<meta property=\"og:image:width\" content=\"1181\" \/>\n\t<meta property=\"og:image:height\" content=\"787\" \/>\n\t<meta property=\"og:image:type\" content=\"image\/jpeg\" \/>\n<meta name=\"author\" content=\"Eduardo Mart\u00ednez\" \/>\n<meta name=\"twitter:card\" content=\"summary_large_image\" \/>\n<meta name=\"twitter:creator\" content=\"@Notibras\" \/>\n<meta name=\"twitter:site\" content=\"@Notibras\" \/>\n<meta name=\"twitter:label1\" content=\"Escrito por\" \/>\n\t<meta name=\"twitter:data1\" content=\"Eduardo Mart\u00ednez\" \/>\n\t<meta name=\"twitter:label2\" content=\"Est. tempo de leitura\" \/>\n\t<meta name=\"twitter:data2\" content=\"4 minutos\" \/>\n<script type=\"application\/ld+json\" class=\"yoast-schema-graph\">{\"@context\":\"https:\/\/schema.org\",\"@graph\":[{\"@type\":\"Article\",\"@id\":\"https:\/\/www.notibras.com\/site\/primeiras-altas-do-ano-de-animais-silvestres\/#article\",\"isPartOf\":{\"@id\":\"https:\/\/www.notibras.com\/site\/primeiras-altas-do-ano-de-animais-silvestres\/\"},\"author\":{\"name\":\"Eduardo Mart\u00ednez\",\"@id\":\"https:\/\/www.notibras.com\/site\/#\/schema\/person\/5b7fabf2aedc3ada2105f03b22b4d3dd\"},\"headline\":\"Primeiras altas do ano de animais silvestres\",\"datePublished\":\"2026-01-09T04:00:27+00:00\",\"mainEntityOfPage\":{\"@id\":\"https:\/\/www.notibras.com\/site\/primeiras-altas-do-ano-de-animais-silvestres\/\"},\"wordCount\":572,\"publisher\":{\"@id\":\"https:\/\/www.notibras.com\/site\/#organization\"},\"image\":{\"@id\":\"https:\/\/www.notibras.com\/site\/primeiras-altas-do-ano-de-animais-silvestres\/#primaryimage\"},\"thumbnailUrl\":\"https:\/\/www.notibras.com\/site\/wp-content\/uploads\/2026\/01\/Dentro-2-69.jpg\",\"articleSection\":[\"Quadradinho em Foco\"],\"inLanguage\":\"pt-BR\"},{\"@type\":\"WebPage\",\"@id\":\"https:\/\/www.notibras.com\/site\/primeiras-altas-do-ano-de-animais-silvestres\/\",\"url\":\"https:\/\/www.notibras.com\/site\/primeiras-altas-do-ano-de-animais-silvestres\/\",\"name\":\"Primeiras altas do ano de animais silvestres - Notibras\",\"isPartOf\":{\"@id\":\"https:\/\/www.notibras.com\/site\/#website\"},\"primaryImageOfPage\":{\"@id\":\"https:\/\/www.notibras.com\/site\/primeiras-altas-do-ano-de-animais-silvestres\/#primaryimage\"},\"image\":{\"@id\":\"https:\/\/www.notibras.com\/site\/primeiras-altas-do-ano-de-animais-silvestres\/#primaryimage\"},\"thumbnailUrl\":\"https:\/\/www.notibras.com\/site\/wp-content\/uploads\/2026\/01\/Dentro-2-69.jpg\",\"datePublished\":\"2026-01-09T04:00:27+00:00\",\"breadcrumb\":{\"@id\":\"https:\/\/www.notibras.com\/site\/primeiras-altas-do-ano-de-animais-silvestres\/#breadcrumb\"},\"inLanguage\":\"pt-BR\",\"potentialAction\":[{\"@type\":\"ReadAction\",\"target\":[\"https:\/\/www.notibras.com\/site\/primeiras-altas-do-ano-de-animais-silvestres\/\"]}]},{\"@type\":\"ImageObject\",\"inLanguage\":\"pt-BR\",\"@id\":\"https:\/\/www.notibras.com\/site\/primeiras-altas-do-ano-de-animais-silvestres\/#primaryimage\",\"url\":\"https:\/\/www.notibras.com\/site\/wp-content\/uploads\/2026\/01\/Dentro-2-69.jpg\",\"contentUrl\":\"https:\/\/www.notibras.com\/site\/wp-content\/uploads\/2026\/01\/Dentro-2-69.jpg\",\"width\":1181,\"height\":787},{\"@type\":\"BreadcrumbList\",\"@id\":\"https:\/\/www.notibras.com\/site\/primeiras-altas-do-ano-de-animais-silvestres\/#breadcrumb\",\"itemListElement\":[{\"@type\":\"ListItem\",\"position\":1,\"name\":\"In\u00edcio\",\"item\":\"https:\/\/www.notibras.com\/site\/\"},{\"@type\":\"ListItem\",\"position\":2,\"name\":\"Primeiras altas do ano de animais silvestres\"}]},{\"@type\":\"WebSite\",\"@id\":\"https:\/\/www.notibras.com\/site\/#website\",\"url\":\"https:\/\/www.notibras.com\/site\/\",\"name\":\"Notibras\",\"description\":\"Not\u00edcias de Bras\u00edlia, do Brasil e do Mundo\",\"publisher\":{\"@id\":\"https:\/\/www.notibras.com\/site\/#organization\"},\"potentialAction\":[{\"@type\":\"SearchAction\",\"target\":{\"@type\":\"EntryPoint\",\"urlTemplate\":\"https:\/\/www.notibras.com\/site\/?s={search_term_string}\"},\"query-input\":{\"@type\":\"PropertyValueSpecification\",\"valueRequired\":true,\"valueName\":\"search_term_string\"}}],\"inLanguage\":\"pt-BR\"},{\"@type\":\"Organization\",\"@id\":\"https:\/\/www.notibras.com\/site\/#organization\",\"name\":\"Grupo Notibras de Comunica\u00e7\u00e3o\",\"url\":\"https:\/\/www.notibras.com\/site\/\",\"logo\":{\"@type\":\"ImageObject\",\"inLanguage\":\"pt-BR\",\"@id\":\"https:\/\/www.notibras.com\/site\/#\/schema\/logo\/image\/\",\"url\":\"https:\/\/www.notibras.com\/site\/wp-content\/uploads\/2023\/01\/notibras23.png\",\"contentUrl\":\"https:\/\/www.notibras.com\/site\/wp-content\/uploads\/2023\/01\/notibras23.png\",\"width\":350,\"height\":87,\"caption\":\"Grupo Notibras de Comunica\u00e7\u00e3o\"},\"image\":{\"@id\":\"https:\/\/www.notibras.com\/site\/#\/schema\/logo\/image\/\"},\"sameAs\":[\"https:\/\/www.facebook.com\/notibras\/\",\"https:\/\/x.com\/Notibras\",\"https:\/\/www.instagram.com\/notibras\/\"]},{\"@type\":\"Person\",\"@id\":\"https:\/\/www.notibras.com\/site\/#\/schema\/person\/5b7fabf2aedc3ada2105f03b22b4d3dd\",\"name\":\"Eduardo Mart\u00ednez\",\"image\":{\"@type\":\"ImageObject\",\"inLanguage\":\"pt-BR\",\"@id\":\"https:\/\/secure.gravatar.com\/avatar\/7902f906289926289cbcda644b5197c796b893c6ffd7b9a536a42d290f7704a0?s=96&d=mm&r=g\",\"url\":\"https:\/\/secure.gravatar.com\/avatar\/7902f906289926289cbcda644b5197c796b893c6ffd7b9a536a42d290f7704a0?s=96&d=mm&r=g\",\"contentUrl\":\"https:\/\/secure.gravatar.com\/avatar\/7902f906289926289cbcda644b5197c796b893c6ffd7b9a536a42d290f7704a0?s=96&d=mm&r=g\",\"caption\":\"Eduardo Mart\u00ednez\"}}]}<\/script>\n<!-- \/ Yoast SEO plugin. -->","yoast_head_json":{"title":"Primeiras altas do ano de animais silvestres - Notibras","robots":{"index":"index","follow":"follow","max-snippet":"max-snippet:-1","max-image-preview":"max-image-preview:large","max-video-preview":"max-video-preview:-1"},"canonical":"https:\/\/www.notibras.com\/site\/primeiras-altas-do-ano-de-animais-silvestres\/","og_locale":"pt_BR","og_type":"article","og_title":"Primeiras altas do ano de animais silvestres - Notibras","og_description":"O Hospital e Centro de Reabilita\u00e7\u00e3o da Fauna Silvestre do Distrito Federal (Hfaus) iniciou 2026 com cerca de 100 pacientes e deu as primeiras altas do ano nesta quinta-feira (8). Entre os animais recuperados pela institui\u00e7\u00e3o do Governo do Distrito Federal (GDF), est\u00e3o um filhote de bugio encontrado debilitado e com ferimento em um dos [&hellip;]","og_url":"https:\/\/www.notibras.com\/site\/primeiras-altas-do-ano-de-animais-silvestres\/","og_site_name":"Notibras","article_publisher":"https:\/\/www.facebook.com\/notibras\/","article_published_time":"2026-01-09T04:00:27+00:00","og_image":[{"width":1181,"height":787,"url":"https:\/\/www.notibras.com\/site\/wp-content\/uploads\/2026\/01\/Dentro-2-69.jpg","type":"image\/jpeg"}],"author":"Eduardo Mart\u00ednez","twitter_card":"summary_large_image","twitter_creator":"@Notibras","twitter_site":"@Notibras","twitter_misc":{"Escrito por":"Eduardo Mart\u00ednez","Est. tempo de leitura":"4 minutos"},"schema":{"@context":"https:\/\/schema.org","@graph":[{"@type":"Article","@id":"https:\/\/www.notibras.com\/site\/primeiras-altas-do-ano-de-animais-silvestres\/#article","isPartOf":{"@id":"https:\/\/www.notibras.com\/site\/primeiras-altas-do-ano-de-animais-silvestres\/"},"author":{"name":"Eduardo Mart\u00ednez","@id":"https:\/\/www.notibras.com\/site\/#\/schema\/person\/5b7fabf2aedc3ada2105f03b22b4d3dd"},"headline":"Primeiras altas do ano de animais silvestres","datePublished":"2026-01-09T04:00:27+00:00","mainEntityOfPage":{"@id":"https:\/\/www.notibras.com\/site\/primeiras-altas-do-ano-de-animais-silvestres\/"},"wordCount":572,"publisher":{"@id":"https:\/\/www.notibras.com\/site\/#organization"},"image":{"@id":"https:\/\/www.notibras.com\/site\/primeiras-altas-do-ano-de-animais-silvestres\/#primaryimage"},"thumbnailUrl":"https:\/\/www.notibras.com\/site\/wp-content\/uploads\/2026\/01\/Dentro-2-69.jpg","articleSection":["Quadradinho em Foco"],"inLanguage":"pt-BR"},{"@type":"WebPage","@id":"https:\/\/www.notibras.com\/site\/primeiras-altas-do-ano-de-animais-silvestres\/","url":"https:\/\/www.notibras.com\/site\/primeiras-altas-do-ano-de-animais-silvestres\/","name":"Primeiras altas do ano de animais silvestres - Notibras","isPartOf":{"@id":"https:\/\/www.notibras.com\/site\/#website"},"primaryImageOfPage":{"@id":"https:\/\/www.notibras.com\/site\/primeiras-altas-do-ano-de-animais-silvestres\/#primaryimage"},"image":{"@id":"https:\/\/www.notibras.com\/site\/primeiras-altas-do-ano-de-animais-silvestres\/#primaryimage"},"thumbnailUrl":"https:\/\/www.notibras.com\/site\/wp-content\/uploads\/2026\/01\/Dentro-2-69.jpg","datePublished":"2026-01-09T04:00:27+00:00","breadcrumb":{"@id":"https:\/\/www.notibras.com\/site\/primeiras-altas-do-ano-de-animais-silvestres\/#breadcrumb"},"inLanguage":"pt-BR","potentialAction":[{"@type":"ReadAction","target":["https:\/\/www.notibras.com\/site\/primeiras-altas-do-ano-de-animais-silvestres\/"]}]},{"@type":"ImageObject","inLanguage":"pt-BR","@id":"https:\/\/www.notibras.com\/site\/primeiras-altas-do-ano-de-animais-silvestres\/#primaryimage","url":"https:\/\/www.notibras.com\/site\/wp-content\/uploads\/2026\/01\/Dentro-2-69.jpg","contentUrl":"https:\/\/www.notibras.com\/site\/wp-content\/uploads\/2026\/01\/Dentro-2-69.jpg","width":1181,"height":787},{"@type":"BreadcrumbList","@id":"https:\/\/www.notibras.com\/site\/primeiras-altas-do-ano-de-animais-silvestres\/#breadcrumb","itemListElement":[{"@type":"ListItem","position":1,"name":"In\u00edcio","item":"https:\/\/www.notibras.com\/site\/"},{"@type":"ListItem","position":2,"name":"Primeiras altas do ano de animais silvestres"}]},{"@type":"WebSite","@id":"https:\/\/www.notibras.com\/site\/#website","url":"https:\/\/www.notibras.com\/site\/","name":"Notibras","description":"Not\u00edcias de Bras\u00edlia, do Brasil e do Mundo","publisher":{"@id":"https:\/\/www.notibras.com\/site\/#organization"},"potentialAction":[{"@type":"SearchAction","target":{"@type":"EntryPoint","urlTemplate":"https:\/\/www.notibras.com\/site\/?s={search_term_string}"},"query-input":{"@type":"PropertyValueSpecification","valueRequired":true,"valueName":"search_term_string"}}],"inLanguage":"pt-BR"},{"@type":"Organization","@id":"https:\/\/www.notibras.com\/site\/#organization","name":"Grupo Notibras de Comunica\u00e7\u00e3o","url":"https:\/\/www.notibras.com\/site\/","logo":{"@type":"ImageObject","inLanguage":"pt-BR","@id":"https:\/\/www.notibras.com\/site\/#\/schema\/logo\/image\/","url":"https:\/\/www.notibras.com\/site\/wp-content\/uploads\/2023\/01\/notibras23.png","contentUrl":"https:\/\/www.notibras.com\/site\/wp-content\/uploads\/2023\/01\/notibras23.png","width":350,"height":87,"caption":"Grupo Notibras de Comunica\u00e7\u00e3o"},"image":{"@id":"https:\/\/www.notibras.com\/site\/#\/schema\/logo\/image\/"},"sameAs":["https:\/\/www.facebook.com\/notibras\/","https:\/\/x.com\/Notibras","https:\/\/www.instagram.com\/notibras\/"]},{"@type":"Person","@id":"https:\/\/www.notibras.com\/site\/#\/schema\/person\/5b7fabf2aedc3ada2105f03b22b4d3dd","name":"Eduardo Mart\u00ednez","image":{"@type":"ImageObject","inLanguage":"pt-BR","@id":"https:\/\/secure.gravatar.com\/avatar\/7902f906289926289cbcda644b5197c796b893c6ffd7b9a536a42d290f7704a0?s=96&d=mm&r=g","url":"https:\/\/secure.gravatar.com\/avatar\/7902f906289926289cbcda644b5197c796b893c6ffd7b9a536a42d290f7704a0?s=96&d=mm&r=g","contentUrl":"https:\/\/secure.gravatar.com\/avatar\/7902f906289926289cbcda644b5197c796b893c6ffd7b9a536a42d290f7704a0?s=96&d=mm&r=g","caption":"Eduardo Mart\u00ednez"}}]}},"amp_enabled":true,"_links":{"self":[{"href":"https:\/\/www.notibras.com\/site\/wp-json\/wp\/v2\/posts\/378268","targetHints":{"allow":["GET"]}}],"collection":[{"href":"https:\/\/www.notibras.com\/site\/wp-json\/wp\/v2\/posts"}],"about":[{"href":"https:\/\/www.notibras.com\/site\/wp-json\/wp\/v2\/types\/post"}],"author":[{"embeddable":true,"href":"https:\/\/www.notibras.com\/site\/wp-json\/wp\/v2\/users\/21"}],"replies":[{"embeddable":true,"href":"https:\/\/www.notibras.com\/site\/wp-json\/wp\/v2\/comments?post=378268"}],"version-history":[{"count":3,"href":"https:\/\/www.notibras.com\/site\/wp-json\/wp\/v2\/posts\/378268\/revisions"}],"predecessor-version":[{"id":378272,"href":"https:\/\/www.notibras.com\/site\/wp-json\/wp\/v2\/posts\/378268\/revisions\/378272"}],"wp:featuredmedia":[{"embeddable":true,"href":"https:\/\/www.notibras.com\/site\/wp-json\/wp\/v2\/media\/378269"}],"wp:attachment":[{"href":"https:\/\/www.notibras.com\/site\/wp-json\/wp\/v2\/media?parent=378268"}],"wp:term":[{"taxonomy":"category","embeddable":true,"href":"https:\/\/www.notibras.com\/site\/wp-json\/wp\/v2\/categories?post=378268"},{"taxonomy":"post_tag","embeddable":true,"href":"https:\/\/www.notibras.com\/site\/wp-json\/wp\/v2\/tags?post=378268"}],"curies":[{"name":"wp","href":"https:\/\/api.w.org\/{rel}","templated":true}]}}