{"id":378273,"date":"2026-01-09T01:15:45","date_gmt":"2026-01-09T04:15:45","guid":{"rendered":"https:\/\/www.notibras.com\/site\/?p=378273"},"modified":"2026-01-09T03:49:12","modified_gmt":"2026-01-09T06:49:12","slug":"cepi-rosa-do-campo-leva-desenvolvimento-infantil-para-mais-de-200-criancas","status":"publish","type":"post","link":"https:\/\/www.notibras.com\/site\/cepi-rosa-do-campo-leva-desenvolvimento-infantil-para-mais-de-200-criancas\/","title":{"rendered":"Cepi Rosa leva desenvolvimento para mais de 200 crian\u00e7as"},"content":{"rendered":"<p>Inaugurado h\u00e1 pouco mais de um ano e meio por este Governo do Distrito Federal (GDF), o Centro de Educa\u00e7\u00e3o da Primeira Inf\u00e2ncia (Cepi) Rosa do Campo, em Santa Maria, j\u00e1 se consolidou como ponto de acolhimento, seguran\u00e7a e desenvolvimento infantil para a comunidade. Esse \u00e9 um dos 27 inaugurados pelo governador Ibaneis Rocha desde 2019. Por l\u00e1, o investimento foi superior a R$ 4,2 milh\u00f5es e hoje atende a mais de 200 crian\u00e7as de at\u00e9 3 anos em per\u00edodo integral.<\/p>\n<p>\u00c9 nesse cen\u00e1rio de estrutura qualificada e atendimento humanizado que muitas fam\u00edlias encontraram a chance de reorganizar a rotina, trabalhar com tranquilidade e garantir seguran\u00e7a aos filhos. Esse \u00e9 o caso da aut\u00f4noma Antonia Leite, 36 anos, e do agente de portaria Jos\u00e9 Carlos Silva de Lacerda, 44. Pais de \u00c2ngelo Miguel, de 3 anos, e da pequena Maria Clarice, de 2, eles contam que a creche chegou como fonte de apoio em um momento delicado.<\/p>\n<p>\u201cPerdi meu filho mais novo h\u00e1 oito meses e a escola foi o nosso apoio, a nossa fortaleza. Depois disso, eu comecei a ficar mais preocupada de alguma coisa acontecer com \u00c2ngelo ou com Maria Clarice. Eu sempre ligava aqui para escola questionando e eles me mandavam foto, me acalmavam. Foram muito atenciosos com a fase que est\u00e1vamos passando\u201d, conta Antonia.<\/p>\n<p>A integra\u00e7\u00e3o entre escola, fam\u00edlia e alunos tamb\u00e9m foi o que mais chamou a aten\u00e7\u00e3o da aut\u00f4noma Kerollen Ara\u00fajo, 34. M\u00e3e de Benjamin, de 1 ano e 6 meses, ela ressalta a import\u00e2ncia do conv\u00edvio social para garantir o desenvolvimento do filho e reorganizar as demandas do trabalho.<\/p>\n<p>\u201cEle est\u00e1 muito mais inteligente. Chega em casa contando, pedindo \u00e1gua, demonstrando coisas que aprendeu aqui\u201d, relata. Segundo Kerollen, se n\u00e3o fosse o apoio do GDF, o custo seria alto para pagar uma institui\u00e7\u00e3o particular: \u201cEu tenho dois filhos e eu gastava R$ 800 por m\u00eas para algu\u00e9m ficar com eles. Hoje, \u00e9 um dinheiro que eu posso usar para comprar coisas para eles, brinquedos, livros ou para pagar as contas de casa. Ajuda muito mesmo.\u201d<\/p>\n<p>Para al\u00e9m do ensino e do cuidado dentro de sala de aula, os centros de educa\u00e7\u00e3o da primeira inf\u00e2ncia (Cepis) cuidam tamb\u00e9m do v\u00ednculo da equipe pedag\u00f3gica com a comunidade. \u201cEu enxergo esse lugar como uma fam\u00edlia. Tenho uma troca muito boa com professoras, monitoras e a diretoria. Tudo o que acontece aqui dentro eu sou informada. E o Benjamin demonstra tudo isso quando chega em casa ou quando venho deix\u00e1-lo. D\u00e1 para ver que ele fica feliz de estar aqui\u201d, acrescenta Kerollen.<\/p>\n<p>A creche disp\u00f5e de 1.311,97 m\u00b2, seguindo o padr\u00e3o do Fundo Nacional de Desenvolvimento da Educa\u00e7\u00e3o (FNDE). Ao todo, s\u00e3o dez salas de atividades, sala multi\u00faso, lact\u00e1rio, sol\u00e1rios, frald\u00e1rios, espa\u00e7o de amamenta\u00e7\u00e3o, refeit\u00f3rio, playground, p\u00e1tio para brinquedos, sanit\u00e1rios acess\u00edveis, al\u00e9m de cozinha, lavanderia e \u00e1reas administrativas. O funcionamento integral, das 7h30 \u00e0s 17h30, garante at\u00e9 dez horas de atendimento di\u00e1rio, com cinco refei\u00e7\u00f5es, banho, hora do sono e atividades pedag\u00f3gicas.<\/p>\n<p>A estrutura robusta e moderna dos novos pr\u00e9dios reflete diretamente no avan\u00e7o no comportamento e desenvolvimento das crian\u00e7as, conforme relatam os pais. \u201cO \u00c2ngelo n\u00e3o sabia brincar com outros colegas. Hoje \u00e9 super comunicativo, j\u00e1 faz at\u00e9 apresenta\u00e7\u00e3o em grupo\u201d, conta Antonia Leite, m\u00e3e do pequeno.<\/p>\n<p><strong>Acolhimento n\u00e3o s\u00f3 para crian\u00e7as<\/strong><\/p>\n<p>De acordo com a diretora do Cepi, Maria de F\u00e1tima Nunes, o trabalho vai al\u00e9m do cuidado cotidiano. \u201cA gente preza por esse momento com os filhos e com a fam\u00edlia, porque eles tamb\u00e9m s\u00e3o nossos pilares. N\u00e3o tem como trabalhar com a crian\u00e7a sem acolher o pai, a m\u00e3e, os irm\u00e3os. Mantemos a fam\u00edlia sempre muito perto\u201d, explica.<\/p>\n<p>Segundo ela, o desenvolvimento infantil \u00e9 estimulado principalmente por atividades l\u00fadicas. \u201cAs nossas crian\u00e7as aprendem brincando, com musicaliza\u00e7\u00e3o e rodinhas. A gente percebe cada vez mais o avan\u00e7o delas por meio do l\u00fadico\u201d, diz.<\/p>\n<p>Atualmente, os ber\u00e7\u00e1rios contam com uma professora e duas monitoras; as turmas de maternal, com uma professora e uma monitora. \u201cProcuramos acolher as crian\u00e7as da melhor forma poss\u00edvel para que os pais possam trabalhar tranquilos\u201d, complementa.<\/p>\n","protected":false},"excerpt":{"rendered":"<p>Inaugurado h\u00e1 pouco mais de um ano e meio por este Governo do Distrito Federal (GDF), o Centro de Educa\u00e7\u00e3o da Primeira Inf\u00e2ncia (Cepi) Rosa do Campo, em Santa Maria, j\u00e1 se consolidou como ponto de acolhimento, seguran\u00e7a e desenvolvimento infantil para a comunidade. Esse \u00e9 um dos 27 inaugurados pelo governador Ibaneis Rocha desde [&hellip;]<\/p>\n","protected":false},"author":21,"featured_media":378274,"comment_status":"closed","ping_status":"closed","sticky":false,"template":"","format":"standard","meta":{"_acf_changed":false,"footnotes":""},"categories":[161],"tags":[],"class_list":["post-378273","post","type-post","status-publish","format-standard","has-post-thumbnail","hentry","category-quadradinho-em-foco"],"acf":[],"yoast_head":"<!-- This site is optimized with the Yoast SEO plugin v27.2 - https:\/\/yoast.com\/product\/yoast-seo-wordpress\/ -->\n<title>Cepi Rosa leva desenvolvimento para mais de 200 crian\u00e7as - Notibras<\/title>\n<meta name=\"robots\" content=\"index, follow, max-snippet:-1, max-image-preview:large, max-video-preview:-1\" \/>\n<link rel=\"canonical\" href=\"https:\/\/www.notibras.com\/site\/cepi-rosa-do-campo-leva-desenvolvimento-infantil-para-mais-de-200-criancas\/\" \/>\n<meta property=\"og:locale\" content=\"pt_BR\" \/>\n<meta property=\"og:type\" content=\"article\" \/>\n<meta property=\"og:title\" content=\"Cepi Rosa leva desenvolvimento para mais de 200 crian\u00e7as - Notibras\" \/>\n<meta property=\"og:description\" content=\"Inaugurado h\u00e1 pouco mais de um ano e meio por este Governo do Distrito Federal (GDF), o Centro de Educa\u00e7\u00e3o da Primeira Inf\u00e2ncia (Cepi) Rosa do Campo, em Santa Maria, j\u00e1 se consolidou como ponto de acolhimento, seguran\u00e7a e desenvolvimento infantil para a comunidade. Esse \u00e9 um dos 27 inaugurados pelo governador Ibaneis Rocha desde [&hellip;]\" \/>\n<meta property=\"og:url\" content=\"https:\/\/www.notibras.com\/site\/cepi-rosa-do-campo-leva-desenvolvimento-infantil-para-mais-de-200-criancas\/\" \/>\n<meta property=\"og:site_name\" content=\"Notibras\" \/>\n<meta property=\"article:publisher\" content=\"https:\/\/www.facebook.com\/notibras\/\" \/>\n<meta property=\"article:published_time\" content=\"2026-01-09T04:15:45+00:00\" \/>\n<meta property=\"article:modified_time\" content=\"2026-01-09T06:49:12+00:00\" \/>\n<meta property=\"og:image\" content=\"https:\/\/www.notibras.com\/site\/wp-content\/uploads\/2026\/01\/Kerollen-Araujo-com-seu-filho.jpg\" \/>\n\t<meta property=\"og:image:width\" content=\"1181\" \/>\n\t<meta property=\"og:image:height\" content=\"787\" \/>\n\t<meta property=\"og:image:type\" content=\"image\/jpeg\" \/>\n<meta name=\"author\" content=\"Eduardo Mart\u00ednez\" \/>\n<meta name=\"twitter:card\" content=\"summary_large_image\" \/>\n<meta name=\"twitter:creator\" content=\"@Notibras\" \/>\n<meta name=\"twitter:site\" content=\"@Notibras\" \/>\n<meta name=\"twitter:label1\" content=\"Escrito por\" \/>\n\t<meta name=\"twitter:data1\" content=\"Eduardo Mart\u00ednez\" \/>\n\t<meta name=\"twitter:label2\" content=\"Est. tempo de leitura\" \/>\n\t<meta name=\"twitter:data2\" content=\"4 minutos\" \/>\n<script type=\"application\/ld+json\" class=\"yoast-schema-graph\">{\"@context\":\"https:\/\/schema.org\",\"@graph\":[{\"@type\":\"Article\",\"@id\":\"https:\/\/www.notibras.com\/site\/cepi-rosa-do-campo-leva-desenvolvimento-infantil-para-mais-de-200-criancas\/#article\",\"isPartOf\":{\"@id\":\"https:\/\/www.notibras.com\/site\/cepi-rosa-do-campo-leva-desenvolvimento-infantil-para-mais-de-200-criancas\/\"},\"author\":{\"name\":\"Eduardo Mart\u00ednez\",\"@id\":\"https:\/\/www.notibras.com\/site\/#\/schema\/person\/5b7fabf2aedc3ada2105f03b22b4d3dd\"},\"headline\":\"Cepi Rosa leva desenvolvimento para mais de 200 crian\u00e7as\",\"datePublished\":\"2026-01-09T04:15:45+00:00\",\"dateModified\":\"2026-01-09T06:49:12+00:00\",\"mainEntityOfPage\":{\"@id\":\"https:\/\/www.notibras.com\/site\/cepi-rosa-do-campo-leva-desenvolvimento-infantil-para-mais-de-200-criancas\/\"},\"wordCount\":740,\"publisher\":{\"@id\":\"https:\/\/www.notibras.com\/site\/#organization\"},\"image\":{\"@id\":\"https:\/\/www.notibras.com\/site\/cepi-rosa-do-campo-leva-desenvolvimento-infantil-para-mais-de-200-criancas\/#primaryimage\"},\"thumbnailUrl\":\"https:\/\/www.notibras.com\/site\/wp-content\/uploads\/2026\/01\/Kerollen-Araujo-com-seu-filho.jpg\",\"articleSection\":[\"Quadradinho em Foco\"],\"inLanguage\":\"pt-BR\"},{\"@type\":\"WebPage\",\"@id\":\"https:\/\/www.notibras.com\/site\/cepi-rosa-do-campo-leva-desenvolvimento-infantil-para-mais-de-200-criancas\/\",\"url\":\"https:\/\/www.notibras.com\/site\/cepi-rosa-do-campo-leva-desenvolvimento-infantil-para-mais-de-200-criancas\/\",\"name\":\"Cepi Rosa leva desenvolvimento para mais de 200 crian\u00e7as - Notibras\",\"isPartOf\":{\"@id\":\"https:\/\/www.notibras.com\/site\/#website\"},\"primaryImageOfPage\":{\"@id\":\"https:\/\/www.notibras.com\/site\/cepi-rosa-do-campo-leva-desenvolvimento-infantil-para-mais-de-200-criancas\/#primaryimage\"},\"image\":{\"@id\":\"https:\/\/www.notibras.com\/site\/cepi-rosa-do-campo-leva-desenvolvimento-infantil-para-mais-de-200-criancas\/#primaryimage\"},\"thumbnailUrl\":\"https:\/\/www.notibras.com\/site\/wp-content\/uploads\/2026\/01\/Kerollen-Araujo-com-seu-filho.jpg\",\"datePublished\":\"2026-01-09T04:15:45+00:00\",\"dateModified\":\"2026-01-09T06:49:12+00:00\",\"breadcrumb\":{\"@id\":\"https:\/\/www.notibras.com\/site\/cepi-rosa-do-campo-leva-desenvolvimento-infantil-para-mais-de-200-criancas\/#breadcrumb\"},\"inLanguage\":\"pt-BR\",\"potentialAction\":[{\"@type\":\"ReadAction\",\"target\":[\"https:\/\/www.notibras.com\/site\/cepi-rosa-do-campo-leva-desenvolvimento-infantil-para-mais-de-200-criancas\/\"]}]},{\"@type\":\"ImageObject\",\"inLanguage\":\"pt-BR\",\"@id\":\"https:\/\/www.notibras.com\/site\/cepi-rosa-do-campo-leva-desenvolvimento-infantil-para-mais-de-200-criancas\/#primaryimage\",\"url\":\"https:\/\/www.notibras.com\/site\/wp-content\/uploads\/2026\/01\/Kerollen-Araujo-com-seu-filho.jpg\",\"contentUrl\":\"https:\/\/www.notibras.com\/site\/wp-content\/uploads\/2026\/01\/Kerollen-Araujo-com-seu-filho.jpg\",\"width\":1181,\"height\":787},{\"@type\":\"BreadcrumbList\",\"@id\":\"https:\/\/www.notibras.com\/site\/cepi-rosa-do-campo-leva-desenvolvimento-infantil-para-mais-de-200-criancas\/#breadcrumb\",\"itemListElement\":[{\"@type\":\"ListItem\",\"position\":1,\"name\":\"In\u00edcio\",\"item\":\"https:\/\/www.notibras.com\/site\/\"},{\"@type\":\"ListItem\",\"position\":2,\"name\":\"Cepi Rosa leva desenvolvimento para mais de 200 crian\u00e7as\"}]},{\"@type\":\"WebSite\",\"@id\":\"https:\/\/www.notibras.com\/site\/#website\",\"url\":\"https:\/\/www.notibras.com\/site\/\",\"name\":\"Notibras\",\"description\":\"Not\u00edcias de Bras\u00edlia, do Brasil e do Mundo\",\"publisher\":{\"@id\":\"https:\/\/www.notibras.com\/site\/#organization\"},\"potentialAction\":[{\"@type\":\"SearchAction\",\"target\":{\"@type\":\"EntryPoint\",\"urlTemplate\":\"https:\/\/www.notibras.com\/site\/?s={search_term_string}\"},\"query-input\":{\"@type\":\"PropertyValueSpecification\",\"valueRequired\":true,\"valueName\":\"search_term_string\"}}],\"inLanguage\":\"pt-BR\"},{\"@type\":\"Organization\",\"@id\":\"https:\/\/www.notibras.com\/site\/#organization\",\"name\":\"Grupo Notibras de Comunica\u00e7\u00e3o\",\"url\":\"https:\/\/www.notibras.com\/site\/\",\"logo\":{\"@type\":\"ImageObject\",\"inLanguage\":\"pt-BR\",\"@id\":\"https:\/\/www.notibras.com\/site\/#\/schema\/logo\/image\/\",\"url\":\"https:\/\/www.notibras.com\/site\/wp-content\/uploads\/2023\/01\/notibras23.png\",\"contentUrl\":\"https:\/\/www.notibras.com\/site\/wp-content\/uploads\/2023\/01\/notibras23.png\",\"width\":350,\"height\":87,\"caption\":\"Grupo Notibras de Comunica\u00e7\u00e3o\"},\"image\":{\"@id\":\"https:\/\/www.notibras.com\/site\/#\/schema\/logo\/image\/\"},\"sameAs\":[\"https:\/\/www.facebook.com\/notibras\/\",\"https:\/\/x.com\/Notibras\",\"https:\/\/www.instagram.com\/notibras\/\"]},{\"@type\":\"Person\",\"@id\":\"https:\/\/www.notibras.com\/site\/#\/schema\/person\/5b7fabf2aedc3ada2105f03b22b4d3dd\",\"name\":\"Eduardo Mart\u00ednez\",\"image\":{\"@type\":\"ImageObject\",\"inLanguage\":\"pt-BR\",\"@id\":\"https:\/\/secure.gravatar.com\/avatar\/7902f906289926289cbcda644b5197c796b893c6ffd7b9a536a42d290f7704a0?s=96&d=mm&r=g\",\"url\":\"https:\/\/secure.gravatar.com\/avatar\/7902f906289926289cbcda644b5197c796b893c6ffd7b9a536a42d290f7704a0?s=96&d=mm&r=g\",\"contentUrl\":\"https:\/\/secure.gravatar.com\/avatar\/7902f906289926289cbcda644b5197c796b893c6ffd7b9a536a42d290f7704a0?s=96&d=mm&r=g\",\"caption\":\"Eduardo Mart\u00ednez\"}}]}<\/script>\n<!-- \/ Yoast SEO plugin. -->","yoast_head_json":{"title":"Cepi Rosa leva desenvolvimento para mais de 200 crian\u00e7as - Notibras","robots":{"index":"index","follow":"follow","max-snippet":"max-snippet:-1","max-image-preview":"max-image-preview:large","max-video-preview":"max-video-preview:-1"},"canonical":"https:\/\/www.notibras.com\/site\/cepi-rosa-do-campo-leva-desenvolvimento-infantil-para-mais-de-200-criancas\/","og_locale":"pt_BR","og_type":"article","og_title":"Cepi Rosa leva desenvolvimento para mais de 200 crian\u00e7as - Notibras","og_description":"Inaugurado h\u00e1 pouco mais de um ano e meio por este Governo do Distrito Federal (GDF), o Centro de Educa\u00e7\u00e3o da Primeira Inf\u00e2ncia (Cepi) Rosa do Campo, em Santa Maria, j\u00e1 se consolidou como ponto de acolhimento, seguran\u00e7a e desenvolvimento infantil para a comunidade. Esse \u00e9 um dos 27 inaugurados pelo governador Ibaneis Rocha desde [&hellip;]","og_url":"https:\/\/www.notibras.com\/site\/cepi-rosa-do-campo-leva-desenvolvimento-infantil-para-mais-de-200-criancas\/","og_site_name":"Notibras","article_publisher":"https:\/\/www.facebook.com\/notibras\/","article_published_time":"2026-01-09T04:15:45+00:00","article_modified_time":"2026-01-09T06:49:12+00:00","og_image":[{"width":1181,"height":787,"url":"https:\/\/www.notibras.com\/site\/wp-content\/uploads\/2026\/01\/Kerollen-Araujo-com-seu-filho.jpg","type":"image\/jpeg"}],"author":"Eduardo Mart\u00ednez","twitter_card":"summary_large_image","twitter_creator":"@Notibras","twitter_site":"@Notibras","twitter_misc":{"Escrito por":"Eduardo Mart\u00ednez","Est. tempo de leitura":"4 minutos"},"schema":{"@context":"https:\/\/schema.org","@graph":[{"@type":"Article","@id":"https:\/\/www.notibras.com\/site\/cepi-rosa-do-campo-leva-desenvolvimento-infantil-para-mais-de-200-criancas\/#article","isPartOf":{"@id":"https:\/\/www.notibras.com\/site\/cepi-rosa-do-campo-leva-desenvolvimento-infantil-para-mais-de-200-criancas\/"},"author":{"name":"Eduardo Mart\u00ednez","@id":"https:\/\/www.notibras.com\/site\/#\/schema\/person\/5b7fabf2aedc3ada2105f03b22b4d3dd"},"headline":"Cepi Rosa leva desenvolvimento para mais de 200 crian\u00e7as","datePublished":"2026-01-09T04:15:45+00:00","dateModified":"2026-01-09T06:49:12+00:00","mainEntityOfPage":{"@id":"https:\/\/www.notibras.com\/site\/cepi-rosa-do-campo-leva-desenvolvimento-infantil-para-mais-de-200-criancas\/"},"wordCount":740,"publisher":{"@id":"https:\/\/www.notibras.com\/site\/#organization"},"image":{"@id":"https:\/\/www.notibras.com\/site\/cepi-rosa-do-campo-leva-desenvolvimento-infantil-para-mais-de-200-criancas\/#primaryimage"},"thumbnailUrl":"https:\/\/www.notibras.com\/site\/wp-content\/uploads\/2026\/01\/Kerollen-Araujo-com-seu-filho.jpg","articleSection":["Quadradinho em Foco"],"inLanguage":"pt-BR"},{"@type":"WebPage","@id":"https:\/\/www.notibras.com\/site\/cepi-rosa-do-campo-leva-desenvolvimento-infantil-para-mais-de-200-criancas\/","url":"https:\/\/www.notibras.com\/site\/cepi-rosa-do-campo-leva-desenvolvimento-infantil-para-mais-de-200-criancas\/","name":"Cepi Rosa leva desenvolvimento para mais de 200 crian\u00e7as - Notibras","isPartOf":{"@id":"https:\/\/www.notibras.com\/site\/#website"},"primaryImageOfPage":{"@id":"https:\/\/www.notibras.com\/site\/cepi-rosa-do-campo-leva-desenvolvimento-infantil-para-mais-de-200-criancas\/#primaryimage"},"image":{"@id":"https:\/\/www.notibras.com\/site\/cepi-rosa-do-campo-leva-desenvolvimento-infantil-para-mais-de-200-criancas\/#primaryimage"},"thumbnailUrl":"https:\/\/www.notibras.com\/site\/wp-content\/uploads\/2026\/01\/Kerollen-Araujo-com-seu-filho.jpg","datePublished":"2026-01-09T04:15:45+00:00","dateModified":"2026-01-09T06:49:12+00:00","breadcrumb":{"@id":"https:\/\/www.notibras.com\/site\/cepi-rosa-do-campo-leva-desenvolvimento-infantil-para-mais-de-200-criancas\/#breadcrumb"},"inLanguage":"pt-BR","potentialAction":[{"@type":"ReadAction","target":["https:\/\/www.notibras.com\/site\/cepi-rosa-do-campo-leva-desenvolvimento-infantil-para-mais-de-200-criancas\/"]}]},{"@type":"ImageObject","inLanguage":"pt-BR","@id":"https:\/\/www.notibras.com\/site\/cepi-rosa-do-campo-leva-desenvolvimento-infantil-para-mais-de-200-criancas\/#primaryimage","url":"https:\/\/www.notibras.com\/site\/wp-content\/uploads\/2026\/01\/Kerollen-Araujo-com-seu-filho.jpg","contentUrl":"https:\/\/www.notibras.com\/site\/wp-content\/uploads\/2026\/01\/Kerollen-Araujo-com-seu-filho.jpg","width":1181,"height":787},{"@type":"BreadcrumbList","@id":"https:\/\/www.notibras.com\/site\/cepi-rosa-do-campo-leva-desenvolvimento-infantil-para-mais-de-200-criancas\/#breadcrumb","itemListElement":[{"@type":"ListItem","position":1,"name":"In\u00edcio","item":"https:\/\/www.notibras.com\/site\/"},{"@type":"ListItem","position":2,"name":"Cepi Rosa leva desenvolvimento para mais de 200 crian\u00e7as"}]},{"@type":"WebSite","@id":"https:\/\/www.notibras.com\/site\/#website","url":"https:\/\/www.notibras.com\/site\/","name":"Notibras","description":"Not\u00edcias de Bras\u00edlia, do Brasil e do Mundo","publisher":{"@id":"https:\/\/www.notibras.com\/site\/#organization"},"potentialAction":[{"@type":"SearchAction","target":{"@type":"EntryPoint","urlTemplate":"https:\/\/www.notibras.com\/site\/?s={search_term_string}"},"query-input":{"@type":"PropertyValueSpecification","valueRequired":true,"valueName":"search_term_string"}}],"inLanguage":"pt-BR"},{"@type":"Organization","@id":"https:\/\/www.notibras.com\/site\/#organization","name":"Grupo Notibras de Comunica\u00e7\u00e3o","url":"https:\/\/www.notibras.com\/site\/","logo":{"@type":"ImageObject","inLanguage":"pt-BR","@id":"https:\/\/www.notibras.com\/site\/#\/schema\/logo\/image\/","url":"https:\/\/www.notibras.com\/site\/wp-content\/uploads\/2023\/01\/notibras23.png","contentUrl":"https:\/\/www.notibras.com\/site\/wp-content\/uploads\/2023\/01\/notibras23.png","width":350,"height":87,"caption":"Grupo Notibras de Comunica\u00e7\u00e3o"},"image":{"@id":"https:\/\/www.notibras.com\/site\/#\/schema\/logo\/image\/"},"sameAs":["https:\/\/www.facebook.com\/notibras\/","https:\/\/x.com\/Notibras","https:\/\/www.instagram.com\/notibras\/"]},{"@type":"Person","@id":"https:\/\/www.notibras.com\/site\/#\/schema\/person\/5b7fabf2aedc3ada2105f03b22b4d3dd","name":"Eduardo Mart\u00ednez","image":{"@type":"ImageObject","inLanguage":"pt-BR","@id":"https:\/\/secure.gravatar.com\/avatar\/7902f906289926289cbcda644b5197c796b893c6ffd7b9a536a42d290f7704a0?s=96&d=mm&r=g","url":"https:\/\/secure.gravatar.com\/avatar\/7902f906289926289cbcda644b5197c796b893c6ffd7b9a536a42d290f7704a0?s=96&d=mm&r=g","contentUrl":"https:\/\/secure.gravatar.com\/avatar\/7902f906289926289cbcda644b5197c796b893c6ffd7b9a536a42d290f7704a0?s=96&d=mm&r=g","caption":"Eduardo Mart\u00ednez"}}]}},"amp_enabled":true,"_links":{"self":[{"href":"https:\/\/www.notibras.com\/site\/wp-json\/wp\/v2\/posts\/378273","targetHints":{"allow":["GET"]}}],"collection":[{"href":"https:\/\/www.notibras.com\/site\/wp-json\/wp\/v2\/posts"}],"about":[{"href":"https:\/\/www.notibras.com\/site\/wp-json\/wp\/v2\/types\/post"}],"author":[{"embeddable":true,"href":"https:\/\/www.notibras.com\/site\/wp-json\/wp\/v2\/users\/21"}],"replies":[{"embeddable":true,"href":"https:\/\/www.notibras.com\/site\/wp-json\/wp\/v2\/comments?post=378273"}],"version-history":[{"count":5,"href":"https:\/\/www.notibras.com\/site\/wp-json\/wp\/v2\/posts\/378273\/revisions"}],"predecessor-version":[{"id":378305,"href":"https:\/\/www.notibras.com\/site\/wp-json\/wp\/v2\/posts\/378273\/revisions\/378305"}],"wp:featuredmedia":[{"embeddable":true,"href":"https:\/\/www.notibras.com\/site\/wp-json\/wp\/v2\/media\/378274"}],"wp:attachment":[{"href":"https:\/\/www.notibras.com\/site\/wp-json\/wp\/v2\/media?parent=378273"}],"wp:term":[{"taxonomy":"category","embeddable":true,"href":"https:\/\/www.notibras.com\/site\/wp-json\/wp\/v2\/categories?post=378273"},{"taxonomy":"post_tag","embeddable":true,"href":"https:\/\/www.notibras.com\/site\/wp-json\/wp\/v2\/tags?post=378273"}],"curies":[{"name":"wp","href":"https:\/\/api.w.org\/{rel}","templated":true}]}}