{"id":378279,"date":"2026-01-09T04:00:15","date_gmt":"2026-01-09T07:00:15","guid":{"rendered":"https:\/\/www.notibras.com\/site\/?p=378279"},"modified":"2026-01-09T00:38:22","modified_gmt":"2026-01-09T03:38:22","slug":"traco-oral-a-ferida-do-abandono-e-a-busca-constante-por-sustentacao","status":"publish","type":"post","link":"https:\/\/www.notibras.com\/site\/traco-oral-a-ferida-do-abandono-e-a-busca-constante-por-sustentacao\/","title":{"rendered":"Tra\u00e7o Oral: a ferida do abandono e a busca constante por sustenta\u00e7\u00e3o"},"content":{"rendered":"<p>O tra\u00e7o oral se forma a partir da ferida do abandono. Mas abandono, aqui, n\u00e3o deve ser entendido apenas como aus\u00eancia f\u00edsica. Na linguagem do corpo, abandono \u00e9 falta de sustenta\u00e7\u00e3o emocional. \u00c9 quando a crian\u00e7a n\u00e3o sente que pode contar de forma est\u00e1vel com quem deveria nutrir, acolher e proteger.<\/p>\n<p>Pode ser uma m\u00e3e deprimida, exausta, ansiosa, ambivalente ou emocionalmente indispon\u00edvel. Pode ser um ambiente onde o cuidado existe, mas n\u00e3o \u00e9 previs\u00edvel. A crian\u00e7a nunca sabe se ser\u00e1 atendida ou ignorada. E o corpo aprende isso antes da mente.<\/p>\n<p>O beb\u00ea n\u00e3o pensa: \u201cestou sendo abandonado\u201d.<br \/>\nO corpo sente: \u201cn\u00e3o sei se vem\u201d.<\/p>\n<p>Essa instabilidade cria um vazio profundo. Um buraco interno que n\u00e3o se fecha com explica\u00e7\u00f5es racionais. A energia vital, que deveria fluir para a constru\u00e7\u00e3o da autonomia, fica presa na busca por sustenta\u00e7\u00e3o. O corpo aprende a pedir, a sugar, a agarrar.<\/p>\n<p>Na vis\u00e3o reichiana, o tra\u00e7o oral se expressa em um corpo com dificuldade de sustenta\u00e7\u00e3o energ\u00e9tica. Pode ser mais fl\u00e1cido, mais \u201cfofo\u201d, ou aparentar fragilidade estrutural. N\u00e3o \u00e9 regra est\u00e9tica, \u00e9 sensa\u00e7\u00e3o corporal: falta ch\u00e3o interno.<\/p>\n<p>Na vida adulta, essa marca aparece como uma constante busca externa por aquilo que faltou dentro. O outro vira fonte de seguran\u00e7a emocional. Rela\u00e7\u00f5es, comida, fala, prazer, compras, redes sociais \u2014 tudo pode ser usado como tentativa de preencher o vazio.<\/p>\n<p>O oral ama profundamente, mas tamb\u00e9m depende. Ele se apega r\u00e1pido, sente medo intenso de ser deixado e, muitas vezes, aceita menos do que merece para n\u00e3o perder o v\u00ednculo. Vive uma oscila\u00e7\u00e3o constante entre car\u00eancia e frustra\u00e7\u00e3o.<\/p>\n<p>No cotidiano, essas din\u00e2micas se manifestam de forma pr\u00e1tica e por vezes angustiante: a ansiedade que surge quando o outro demora a responder, a sensa\u00e7\u00e3o sutil de abandono mesmo dentro de rela\u00e7\u00f5es est\u00e1veis, a dificuldade de estar s\u00f3 consigo mesmo. A fome emocional frequente busca preencher um vazio, enquanto a necessidade de falar muito atua como uma v\u00e1lvula para aliviar uma ang\u00fastia interna. Muitas vezes, esse padr\u00e3o culmina em rela\u00e7\u00f5es desequilibradas, nas quais se d\u00e1 consistentemente mais do que se recebe, perpetuando um ciclo de car\u00eancia e esgotamento.<\/p>\n<p>O corpo explica: quando o afeto falhou, a boca virou porta de entrada de al\u00edvio. Comer, falar, beijar, fumar, roer unhas, tudo passa pela oralidade. N\u00e3o por fraqueza, mas por mem\u00f3ria corporal. O problema n\u00e3o \u00e9 sentir necessidade do outro. Somos seres relacionais. O problema \u00e9 precisar do outro para existir emocionalmente. A cura do tra\u00e7o oral n\u00e3o acontece pela independ\u00eancia for\u00e7ada. Pelo contr\u00e1rio. Ela come\u00e7a quando a pessoa aprende a se sustentar internamente com presen\u00e7a, const\u00e2ncia e autocuidado real. N\u00e3o \u00e9 \u201cse virar sozinha\u201d. \u00c9 aprender a ser companhia de si.<\/p>\n<p>No processo terap\u00eautico, o caminho de transforma\u00e7\u00e3o se constr\u00f3i a partir de um olhar acolhedor e ativo sobre si mesmo. Inicia-se com o reconhecimento profundo da ferida do abandono, por\u00e9m sem alimentar uma postura de vitimiza\u00e7\u00e3o, transformando-a em ponto de partida para a compreens\u00e3o. Aprende-se, ent\u00e3o, a identificar a fome emocional e a distingui-la da necessidade f\u00edsica, criando espa\u00e7o para novas escolhas. Paralelamente, constroem-se rotinas s\u00f3lidas de sustenta\u00e7\u00e3o interna, pequenos rituais que ancoram e nutrem. O fortalecimento do corpo, atrav\u00e9s de pr\u00e1ticas conscientes, gera uma sensa\u00e7\u00e3o concreta de &#8220;ch\u00e3o&#8221;, de presen\u00e7a e seguran\u00e7a. Por fim, esse processo interno abre caminho para o desenvolvimento de v\u00ednculos mais equilibrados, onde a troca flui de um lugar de plenitude e n\u00e3o de car\u00eancia.<\/p>\n<p>Quando o oral entende que pode se nutrir emocionalmente, algo muda profundamente. Ele continua sens\u00edvel, amoroso e conectado \u2014 mas deixa de implorar por presen\u00e7a. Passa a escolher.<\/p>\n<p>A pergunta que inicia a cura \u00e9 simples e profunda: \u201cO que eu estou buscando fora que nunca aprendi a me dar?\u201d<\/p>\n<p>.<strong>&#8230;&#8230;&#8230;&#8230;&#8230;&#8230;<\/strong><\/p>\n<p><strong>Marina Dutra \u2013 Terapeuta <\/strong><br \/>\n<strong>Instagram: @sersuperconsciente<\/strong><br \/>\n<strong>E-mail: sersuperconsciente@gmail.com<\/strong><\/p>\n","protected":false},"excerpt":{"rendered":"<p>O tra\u00e7o oral se forma a partir da ferida do abandono. Mas abandono, aqui, n\u00e3o deve ser entendido apenas como aus\u00eancia f\u00edsica. Na linguagem do corpo, abandono \u00e9 falta de sustenta\u00e7\u00e3o emocional. \u00c9 quando a crian\u00e7a n\u00e3o sente que pode contar de forma est\u00e1vel com quem deveria nutrir, acolher e proteger. Pode ser uma m\u00e3e [&hellip;]<\/p>\n","protected":false},"author":21,"featured_media":378280,"comment_status":"closed","ping_status":"closed","sticky":false,"template":"","format":"standard","meta":{"_acf_changed":false,"footnotes":""},"categories":[155],"tags":[],"class_list":["post-378279","post","type-post","status-publish","format-standard","has-post-thumbnail","hentry","category-leitura-vip"],"acf":[],"yoast_head":"<!-- This site is optimized with the Yoast SEO plugin v27.2 - https:\/\/yoast.com\/product\/yoast-seo-wordpress\/ -->\n<title>Tra\u00e7o Oral: a ferida do abandono e a busca constante por sustenta\u00e7\u00e3o - Notibras<\/title>\n<meta name=\"robots\" content=\"index, follow, max-snippet:-1, max-image-preview:large, max-video-preview:-1\" \/>\n<link rel=\"canonical\" href=\"https:\/\/www.notibras.com\/site\/traco-oral-a-ferida-do-abandono-e-a-busca-constante-por-sustentacao\/\" \/>\n<meta property=\"og:locale\" content=\"pt_BR\" \/>\n<meta property=\"og:type\" content=\"article\" \/>\n<meta property=\"og:title\" content=\"Tra\u00e7o Oral: a ferida do abandono e a busca constante por sustenta\u00e7\u00e3o - Notibras\" \/>\n<meta property=\"og:description\" content=\"O tra\u00e7o oral se forma a partir da ferida do abandono. Mas abandono, aqui, n\u00e3o deve ser entendido apenas como aus\u00eancia f\u00edsica. Na linguagem do corpo, abandono \u00e9 falta de sustenta\u00e7\u00e3o emocional. \u00c9 quando a crian\u00e7a n\u00e3o sente que pode contar de forma est\u00e1vel com quem deveria nutrir, acolher e proteger. Pode ser uma m\u00e3e [&hellip;]\" \/>\n<meta property=\"og:url\" content=\"https:\/\/www.notibras.com\/site\/traco-oral-a-ferida-do-abandono-e-a-busca-constante-por-sustentacao\/\" \/>\n<meta property=\"og:site_name\" content=\"Notibras\" \/>\n<meta property=\"article:publisher\" content=\"https:\/\/www.facebook.com\/notibras\/\" \/>\n<meta property=\"article:published_time\" content=\"2026-01-09T07:00:15+00:00\" \/>\n<meta property=\"og:image\" content=\"https:\/\/www.notibras.com\/site\/wp-content\/uploads\/2026\/01\/Marina-ilustracao-9-de-janeiro-1024x683.png\" \/>\n\t<meta property=\"og:image:width\" content=\"1024\" \/>\n\t<meta property=\"og:image:height\" content=\"683\" \/>\n\t<meta property=\"og:image:type\" content=\"image\/png\" \/>\n<meta name=\"author\" content=\"Eduardo Mart\u00ednez\" \/>\n<meta name=\"twitter:card\" content=\"summary_large_image\" \/>\n<meta name=\"twitter:creator\" content=\"@Notibras\" \/>\n<meta name=\"twitter:site\" content=\"@Notibras\" \/>\n<meta name=\"twitter:label1\" content=\"Escrito por\" \/>\n\t<meta name=\"twitter:data1\" content=\"Eduardo Mart\u00ednez\" \/>\n\t<meta name=\"twitter:label2\" content=\"Est. tempo de leitura\" \/>\n\t<meta name=\"twitter:data2\" content=\"4 minutos\" \/>\n<script type=\"application\/ld+json\" class=\"yoast-schema-graph\">{\"@context\":\"https:\/\/schema.org\",\"@graph\":[{\"@type\":\"Article\",\"@id\":\"https:\/\/www.notibras.com\/site\/traco-oral-a-ferida-do-abandono-e-a-busca-constante-por-sustentacao\/#article\",\"isPartOf\":{\"@id\":\"https:\/\/www.notibras.com\/site\/traco-oral-a-ferida-do-abandono-e-a-busca-constante-por-sustentacao\/\"},\"author\":{\"name\":\"Eduardo Mart\u00ednez\",\"@id\":\"https:\/\/www.notibras.com\/site\/#\/schema\/person\/5b7fabf2aedc3ada2105f03b22b4d3dd\"},\"headline\":\"Tra\u00e7o Oral: a ferida do abandono e a busca constante por sustenta\u00e7\u00e3o\",\"datePublished\":\"2026-01-09T07:00:15+00:00\",\"mainEntityOfPage\":{\"@id\":\"https:\/\/www.notibras.com\/site\/traco-oral-a-ferida-do-abandono-e-a-busca-constante-por-sustentacao\/\"},\"wordCount\":705,\"publisher\":{\"@id\":\"https:\/\/www.notibras.com\/site\/#organization\"},\"image\":{\"@id\":\"https:\/\/www.notibras.com\/site\/traco-oral-a-ferida-do-abandono-e-a-busca-constante-por-sustentacao\/#primaryimage\"},\"thumbnailUrl\":\"https:\/\/www.notibras.com\/site\/wp-content\/uploads\/2026\/01\/Marina-ilustracao-9-de-janeiro.png\",\"articleSection\":[\"Leitura Vip\"],\"inLanguage\":\"pt-BR\"},{\"@type\":\"WebPage\",\"@id\":\"https:\/\/www.notibras.com\/site\/traco-oral-a-ferida-do-abandono-e-a-busca-constante-por-sustentacao\/\",\"url\":\"https:\/\/www.notibras.com\/site\/traco-oral-a-ferida-do-abandono-e-a-busca-constante-por-sustentacao\/\",\"name\":\"Tra\u00e7o Oral: a ferida do abandono e a busca constante por sustenta\u00e7\u00e3o - Notibras\",\"isPartOf\":{\"@id\":\"https:\/\/www.notibras.com\/site\/#website\"},\"primaryImageOfPage\":{\"@id\":\"https:\/\/www.notibras.com\/site\/traco-oral-a-ferida-do-abandono-e-a-busca-constante-por-sustentacao\/#primaryimage\"},\"image\":{\"@id\":\"https:\/\/www.notibras.com\/site\/traco-oral-a-ferida-do-abandono-e-a-busca-constante-por-sustentacao\/#primaryimage\"},\"thumbnailUrl\":\"https:\/\/www.notibras.com\/site\/wp-content\/uploads\/2026\/01\/Marina-ilustracao-9-de-janeiro.png\",\"datePublished\":\"2026-01-09T07:00:15+00:00\",\"breadcrumb\":{\"@id\":\"https:\/\/www.notibras.com\/site\/traco-oral-a-ferida-do-abandono-e-a-busca-constante-por-sustentacao\/#breadcrumb\"},\"inLanguage\":\"pt-BR\",\"potentialAction\":[{\"@type\":\"ReadAction\",\"target\":[\"https:\/\/www.notibras.com\/site\/traco-oral-a-ferida-do-abandono-e-a-busca-constante-por-sustentacao\/\"]}]},{\"@type\":\"ImageObject\",\"inLanguage\":\"pt-BR\",\"@id\":\"https:\/\/www.notibras.com\/site\/traco-oral-a-ferida-do-abandono-e-a-busca-constante-por-sustentacao\/#primaryimage\",\"url\":\"https:\/\/www.notibras.com\/site\/wp-content\/uploads\/2026\/01\/Marina-ilustracao-9-de-janeiro.png\",\"contentUrl\":\"https:\/\/www.notibras.com\/site\/wp-content\/uploads\/2026\/01\/Marina-ilustracao-9-de-janeiro.png\",\"width\":1536,\"height\":1024},{\"@type\":\"BreadcrumbList\",\"@id\":\"https:\/\/www.notibras.com\/site\/traco-oral-a-ferida-do-abandono-e-a-busca-constante-por-sustentacao\/#breadcrumb\",\"itemListElement\":[{\"@type\":\"ListItem\",\"position\":1,\"name\":\"In\u00edcio\",\"item\":\"https:\/\/www.notibras.com\/site\/\"},{\"@type\":\"ListItem\",\"position\":2,\"name\":\"Tra\u00e7o Oral: a ferida do abandono e a busca constante por sustenta\u00e7\u00e3o\"}]},{\"@type\":\"WebSite\",\"@id\":\"https:\/\/www.notibras.com\/site\/#website\",\"url\":\"https:\/\/www.notibras.com\/site\/\",\"name\":\"Notibras\",\"description\":\"Not\u00edcias de Bras\u00edlia, do Brasil e do Mundo\",\"publisher\":{\"@id\":\"https:\/\/www.notibras.com\/site\/#organization\"},\"potentialAction\":[{\"@type\":\"SearchAction\",\"target\":{\"@type\":\"EntryPoint\",\"urlTemplate\":\"https:\/\/www.notibras.com\/site\/?s={search_term_string}\"},\"query-input\":{\"@type\":\"PropertyValueSpecification\",\"valueRequired\":true,\"valueName\":\"search_term_string\"}}],\"inLanguage\":\"pt-BR\"},{\"@type\":\"Organization\",\"@id\":\"https:\/\/www.notibras.com\/site\/#organization\",\"name\":\"Grupo Notibras de Comunica\u00e7\u00e3o\",\"url\":\"https:\/\/www.notibras.com\/site\/\",\"logo\":{\"@type\":\"ImageObject\",\"inLanguage\":\"pt-BR\",\"@id\":\"https:\/\/www.notibras.com\/site\/#\/schema\/logo\/image\/\",\"url\":\"https:\/\/www.notibras.com\/site\/wp-content\/uploads\/2023\/01\/notibras23.png\",\"contentUrl\":\"https:\/\/www.notibras.com\/site\/wp-content\/uploads\/2023\/01\/notibras23.png\",\"width\":350,\"height\":87,\"caption\":\"Grupo Notibras de Comunica\u00e7\u00e3o\"},\"image\":{\"@id\":\"https:\/\/www.notibras.com\/site\/#\/schema\/logo\/image\/\"},\"sameAs\":[\"https:\/\/www.facebook.com\/notibras\/\",\"https:\/\/x.com\/Notibras\",\"https:\/\/www.instagram.com\/notibras\/\"]},{\"@type\":\"Person\",\"@id\":\"https:\/\/www.notibras.com\/site\/#\/schema\/person\/5b7fabf2aedc3ada2105f03b22b4d3dd\",\"name\":\"Eduardo Mart\u00ednez\",\"image\":{\"@type\":\"ImageObject\",\"inLanguage\":\"pt-BR\",\"@id\":\"https:\/\/secure.gravatar.com\/avatar\/7902f906289926289cbcda644b5197c796b893c6ffd7b9a536a42d290f7704a0?s=96&d=mm&r=g\",\"url\":\"https:\/\/secure.gravatar.com\/avatar\/7902f906289926289cbcda644b5197c796b893c6ffd7b9a536a42d290f7704a0?s=96&d=mm&r=g\",\"contentUrl\":\"https:\/\/secure.gravatar.com\/avatar\/7902f906289926289cbcda644b5197c796b893c6ffd7b9a536a42d290f7704a0?s=96&d=mm&r=g\",\"caption\":\"Eduardo Mart\u00ednez\"}}]}<\/script>\n<!-- \/ Yoast SEO plugin. -->","yoast_head_json":{"title":"Tra\u00e7o Oral: a ferida do abandono e a busca constante por sustenta\u00e7\u00e3o - Notibras","robots":{"index":"index","follow":"follow","max-snippet":"max-snippet:-1","max-image-preview":"max-image-preview:large","max-video-preview":"max-video-preview:-1"},"canonical":"https:\/\/www.notibras.com\/site\/traco-oral-a-ferida-do-abandono-e-a-busca-constante-por-sustentacao\/","og_locale":"pt_BR","og_type":"article","og_title":"Tra\u00e7o Oral: a ferida do abandono e a busca constante por sustenta\u00e7\u00e3o - Notibras","og_description":"O tra\u00e7o oral se forma a partir da ferida do abandono. Mas abandono, aqui, n\u00e3o deve ser entendido apenas como aus\u00eancia f\u00edsica. Na linguagem do corpo, abandono \u00e9 falta de sustenta\u00e7\u00e3o emocional. \u00c9 quando a crian\u00e7a n\u00e3o sente que pode contar de forma est\u00e1vel com quem deveria nutrir, acolher e proteger. Pode ser uma m\u00e3e [&hellip;]","og_url":"https:\/\/www.notibras.com\/site\/traco-oral-a-ferida-do-abandono-e-a-busca-constante-por-sustentacao\/","og_site_name":"Notibras","article_publisher":"https:\/\/www.facebook.com\/notibras\/","article_published_time":"2026-01-09T07:00:15+00:00","og_image":[{"width":1024,"height":683,"url":"https:\/\/www.notibras.com\/site\/wp-content\/uploads\/2026\/01\/Marina-ilustracao-9-de-janeiro-1024x683.png","type":"image\/png"}],"author":"Eduardo Mart\u00ednez","twitter_card":"summary_large_image","twitter_creator":"@Notibras","twitter_site":"@Notibras","twitter_misc":{"Escrito por":"Eduardo Mart\u00ednez","Est. tempo de leitura":"4 minutos"},"schema":{"@context":"https:\/\/schema.org","@graph":[{"@type":"Article","@id":"https:\/\/www.notibras.com\/site\/traco-oral-a-ferida-do-abandono-e-a-busca-constante-por-sustentacao\/#article","isPartOf":{"@id":"https:\/\/www.notibras.com\/site\/traco-oral-a-ferida-do-abandono-e-a-busca-constante-por-sustentacao\/"},"author":{"name":"Eduardo Mart\u00ednez","@id":"https:\/\/www.notibras.com\/site\/#\/schema\/person\/5b7fabf2aedc3ada2105f03b22b4d3dd"},"headline":"Tra\u00e7o Oral: a ferida do abandono e a busca constante por sustenta\u00e7\u00e3o","datePublished":"2026-01-09T07:00:15+00:00","mainEntityOfPage":{"@id":"https:\/\/www.notibras.com\/site\/traco-oral-a-ferida-do-abandono-e-a-busca-constante-por-sustentacao\/"},"wordCount":705,"publisher":{"@id":"https:\/\/www.notibras.com\/site\/#organization"},"image":{"@id":"https:\/\/www.notibras.com\/site\/traco-oral-a-ferida-do-abandono-e-a-busca-constante-por-sustentacao\/#primaryimage"},"thumbnailUrl":"https:\/\/www.notibras.com\/site\/wp-content\/uploads\/2026\/01\/Marina-ilustracao-9-de-janeiro.png","articleSection":["Leitura Vip"],"inLanguage":"pt-BR"},{"@type":"WebPage","@id":"https:\/\/www.notibras.com\/site\/traco-oral-a-ferida-do-abandono-e-a-busca-constante-por-sustentacao\/","url":"https:\/\/www.notibras.com\/site\/traco-oral-a-ferida-do-abandono-e-a-busca-constante-por-sustentacao\/","name":"Tra\u00e7o Oral: a ferida do abandono e a busca constante por sustenta\u00e7\u00e3o - Notibras","isPartOf":{"@id":"https:\/\/www.notibras.com\/site\/#website"},"primaryImageOfPage":{"@id":"https:\/\/www.notibras.com\/site\/traco-oral-a-ferida-do-abandono-e-a-busca-constante-por-sustentacao\/#primaryimage"},"image":{"@id":"https:\/\/www.notibras.com\/site\/traco-oral-a-ferida-do-abandono-e-a-busca-constante-por-sustentacao\/#primaryimage"},"thumbnailUrl":"https:\/\/www.notibras.com\/site\/wp-content\/uploads\/2026\/01\/Marina-ilustracao-9-de-janeiro.png","datePublished":"2026-01-09T07:00:15+00:00","breadcrumb":{"@id":"https:\/\/www.notibras.com\/site\/traco-oral-a-ferida-do-abandono-e-a-busca-constante-por-sustentacao\/#breadcrumb"},"inLanguage":"pt-BR","potentialAction":[{"@type":"ReadAction","target":["https:\/\/www.notibras.com\/site\/traco-oral-a-ferida-do-abandono-e-a-busca-constante-por-sustentacao\/"]}]},{"@type":"ImageObject","inLanguage":"pt-BR","@id":"https:\/\/www.notibras.com\/site\/traco-oral-a-ferida-do-abandono-e-a-busca-constante-por-sustentacao\/#primaryimage","url":"https:\/\/www.notibras.com\/site\/wp-content\/uploads\/2026\/01\/Marina-ilustracao-9-de-janeiro.png","contentUrl":"https:\/\/www.notibras.com\/site\/wp-content\/uploads\/2026\/01\/Marina-ilustracao-9-de-janeiro.png","width":1536,"height":1024},{"@type":"BreadcrumbList","@id":"https:\/\/www.notibras.com\/site\/traco-oral-a-ferida-do-abandono-e-a-busca-constante-por-sustentacao\/#breadcrumb","itemListElement":[{"@type":"ListItem","position":1,"name":"In\u00edcio","item":"https:\/\/www.notibras.com\/site\/"},{"@type":"ListItem","position":2,"name":"Tra\u00e7o Oral: a ferida do abandono e a busca constante por sustenta\u00e7\u00e3o"}]},{"@type":"WebSite","@id":"https:\/\/www.notibras.com\/site\/#website","url":"https:\/\/www.notibras.com\/site\/","name":"Notibras","description":"Not\u00edcias de Bras\u00edlia, do Brasil e do Mundo","publisher":{"@id":"https:\/\/www.notibras.com\/site\/#organization"},"potentialAction":[{"@type":"SearchAction","target":{"@type":"EntryPoint","urlTemplate":"https:\/\/www.notibras.com\/site\/?s={search_term_string}"},"query-input":{"@type":"PropertyValueSpecification","valueRequired":true,"valueName":"search_term_string"}}],"inLanguage":"pt-BR"},{"@type":"Organization","@id":"https:\/\/www.notibras.com\/site\/#organization","name":"Grupo Notibras de Comunica\u00e7\u00e3o","url":"https:\/\/www.notibras.com\/site\/","logo":{"@type":"ImageObject","inLanguage":"pt-BR","@id":"https:\/\/www.notibras.com\/site\/#\/schema\/logo\/image\/","url":"https:\/\/www.notibras.com\/site\/wp-content\/uploads\/2023\/01\/notibras23.png","contentUrl":"https:\/\/www.notibras.com\/site\/wp-content\/uploads\/2023\/01\/notibras23.png","width":350,"height":87,"caption":"Grupo Notibras de Comunica\u00e7\u00e3o"},"image":{"@id":"https:\/\/www.notibras.com\/site\/#\/schema\/logo\/image\/"},"sameAs":["https:\/\/www.facebook.com\/notibras\/","https:\/\/x.com\/Notibras","https:\/\/www.instagram.com\/notibras\/"]},{"@type":"Person","@id":"https:\/\/www.notibras.com\/site\/#\/schema\/person\/5b7fabf2aedc3ada2105f03b22b4d3dd","name":"Eduardo Mart\u00ednez","image":{"@type":"ImageObject","inLanguage":"pt-BR","@id":"https:\/\/secure.gravatar.com\/avatar\/7902f906289926289cbcda644b5197c796b893c6ffd7b9a536a42d290f7704a0?s=96&d=mm&r=g","url":"https:\/\/secure.gravatar.com\/avatar\/7902f906289926289cbcda644b5197c796b893c6ffd7b9a536a42d290f7704a0?s=96&d=mm&r=g","contentUrl":"https:\/\/secure.gravatar.com\/avatar\/7902f906289926289cbcda644b5197c796b893c6ffd7b9a536a42d290f7704a0?s=96&d=mm&r=g","caption":"Eduardo Mart\u00ednez"}}]}},"amp_enabled":true,"_links":{"self":[{"href":"https:\/\/www.notibras.com\/site\/wp-json\/wp\/v2\/posts\/378279","targetHints":{"allow":["GET"]}}],"collection":[{"href":"https:\/\/www.notibras.com\/site\/wp-json\/wp\/v2\/posts"}],"about":[{"href":"https:\/\/www.notibras.com\/site\/wp-json\/wp\/v2\/types\/post"}],"author":[{"embeddable":true,"href":"https:\/\/www.notibras.com\/site\/wp-json\/wp\/v2\/users\/21"}],"replies":[{"embeddable":true,"href":"https:\/\/www.notibras.com\/site\/wp-json\/wp\/v2\/comments?post=378279"}],"version-history":[{"count":2,"href":"https:\/\/www.notibras.com\/site\/wp-json\/wp\/v2\/posts\/378279\/revisions"}],"predecessor-version":[{"id":378282,"href":"https:\/\/www.notibras.com\/site\/wp-json\/wp\/v2\/posts\/378279\/revisions\/378282"}],"wp:featuredmedia":[{"embeddable":true,"href":"https:\/\/www.notibras.com\/site\/wp-json\/wp\/v2\/media\/378280"}],"wp:attachment":[{"href":"https:\/\/www.notibras.com\/site\/wp-json\/wp\/v2\/media?parent=378279"}],"wp:term":[{"taxonomy":"category","embeddable":true,"href":"https:\/\/www.notibras.com\/site\/wp-json\/wp\/v2\/categories?post=378279"},{"taxonomy":"post_tag","embeddable":true,"href":"https:\/\/www.notibras.com\/site\/wp-json\/wp\/v2\/tags?post=378279"}],"curies":[{"name":"wp","href":"https:\/\/api.w.org\/{rel}","templated":true}]}}