{"id":378283,"date":"2026-01-09T02:12:40","date_gmt":"2026-01-09T05:12:40","guid":{"rendered":"https:\/\/www.notibras.com\/site\/?p=378283"},"modified":"2026-01-09T02:30:45","modified_gmt":"2026-01-09T05:30:45","slug":"jovem-talento-estreia-como-contista-no-cafe-literario","status":"publish","type":"post","link":"https:\/\/www.notibras.com\/site\/jovem-talento-estreia-como-contista-no-cafe-literario\/","title":{"rendered":"Jovem talento estreia como contista no Caf\u00e9 Liter\u00e1rio"},"content":{"rendered":"<p>A hist\u00f3ria da ci\u00eancia registra Carl Friedrich Gauss como um dos maiores prod\u00edgios da matem\u00e1tica entre os s\u00e9culos XVIII e XIX. No s\u00e9culo XXI, a reda\u00e7\u00e3o do <strong>Notibras<\/strong> parece ter encontrado um paralelo art\u00edstico para essa precocidade: o jovem Francisco Filipino. Com apenas 11 anos, Francisco j\u00e1 \u00e9 um nome familiar no cotidiano do jornal, sendo o respons\u00e1vel pelas fotografias e ilustra\u00e7\u00f5es que acompanham as editorias<strong> Caf\u00e9 Liter\u00e1rio<\/strong> e <strong>Ponto de Vista<\/strong>.<\/p>\n<p>Neste s\u00e1bado (10), o jovem expande seu repert\u00f3rio art\u00edstico e faz sua estreia oficial como contista no <strong>Caf\u00e9 Liter\u00e1rio<\/strong>. Al\u00e9m de ilustrar os textos de diversos escritores renomados publicados diariamente, ele agora ocupa o papel de autor, revelando uma faceta multifacetada que tem surpreendido os colegas de reda\u00e7\u00e3o.<\/p>\n<p>A inclina\u00e7\u00e3o para as letras n\u00e3o parece ser mera coincid\u00eancia. Francisco \u00e9 filho de Daniel Marchi, o &#8220;Bruxo do M\u00e9ier&#8221;, premiado poeta e um dos editores do <strong>Caf\u00e9 Liter\u00e1rio<\/strong>. O jovem cresceu em um ambiente de efervesc\u00eancia cultural, convivendo com nomes como o escritor Eduardo Mart\u00ednez e a jornalista e poeta Cec\u00edlia Baumann, que comp\u00f5em o corpo editorial da se\u00e7\u00e3o.<\/p>\n<p>Embora o futuro profissional de Francisco ainda seja um livro em branco, o otimismo na reda\u00e7\u00e3o \u00e9 un\u00e2nime. Aqueles que tiveram acesso antecipado ao conto, que ser\u00e1 publicado amanh\u00e3, destacam a maturidade e a sensibilidade do texto. Entre os editores e leitores, a expectativa \u00e9 que esta seja apenas a primeira de muitas incurs\u00f5es do jovem artista pelo universo da escrita.<\/p>\n","protected":false},"excerpt":{"rendered":"<p>A hist\u00f3ria da ci\u00eancia registra Carl Friedrich Gauss como um dos maiores prod\u00edgios da matem\u00e1tica entre os s\u00e9culos XVIII e XIX. No s\u00e9culo XXI, a reda\u00e7\u00e3o do Notibras parece ter encontrado um paralelo art\u00edstico para essa precocidade: o jovem Francisco Filipino. Com apenas 11 anos, Francisco j\u00e1 \u00e9 um nome familiar no cotidiano do jornal, [&hellip;]<\/p>\n","protected":false},"author":21,"featured_media":378284,"comment_status":"closed","ping_status":"closed","sticky":false,"template":"","format":"standard","meta":{"_acf_changed":false,"footnotes":""},"categories":[155],"tags":[],"class_list":["post-378283","post","type-post","status-publish","format-standard","has-post-thumbnail","hentry","category-leitura-vip"],"acf":[],"yoast_head":"<!-- This site is optimized with the Yoast SEO plugin v27.2 - https:\/\/yoast.com\/product\/yoast-seo-wordpress\/ -->\n<title>Jovem talento estreia como contista no Caf\u00e9 Liter\u00e1rio - Notibras<\/title>\n<meta name=\"robots\" content=\"index, follow, max-snippet:-1, max-image-preview:large, max-video-preview:-1\" \/>\n<link rel=\"canonical\" href=\"https:\/\/www.notibras.com\/site\/jovem-talento-estreia-como-contista-no-cafe-literario\/\" \/>\n<meta property=\"og:locale\" content=\"pt_BR\" \/>\n<meta property=\"og:type\" content=\"article\" \/>\n<meta property=\"og:title\" content=\"Jovem talento estreia como contista no Caf\u00e9 Liter\u00e1rio - Notibras\" \/>\n<meta property=\"og:description\" content=\"A hist\u00f3ria da ci\u00eancia registra Carl Friedrich Gauss como um dos maiores prod\u00edgios da matem\u00e1tica entre os s\u00e9culos XVIII e XIX. No s\u00e9culo XXI, a reda\u00e7\u00e3o do Notibras parece ter encontrado um paralelo art\u00edstico para essa precocidade: o jovem Francisco Filipino. Com apenas 11 anos, Francisco j\u00e1 \u00e9 um nome familiar no cotidiano do jornal, [&hellip;]\" \/>\n<meta property=\"og:url\" content=\"https:\/\/www.notibras.com\/site\/jovem-talento-estreia-como-contista-no-cafe-literario\/\" \/>\n<meta property=\"og:site_name\" content=\"Notibras\" \/>\n<meta property=\"article:publisher\" content=\"https:\/\/www.facebook.com\/notibras\/\" \/>\n<meta property=\"article:published_time\" content=\"2026-01-09T05:12:40+00:00\" \/>\n<meta property=\"article:modified_time\" content=\"2026-01-09T05:30:45+00:00\" \/>\n<meta property=\"og:image\" content=\"https:\/\/www.notibras.com\/site\/wp-content\/uploads\/2026\/01\/WhatsApp-Image-2026-01-09-at-00.59.33.jpeg\" \/>\n\t<meta property=\"og:image:width\" content=\"1134\" \/>\n\t<meta property=\"og:image:height\" content=\"1512\" \/>\n\t<meta property=\"og:image:type\" content=\"image\/jpeg\" \/>\n<meta name=\"author\" content=\"Eduardo Mart\u00ednez\" \/>\n<meta name=\"twitter:card\" content=\"summary_large_image\" \/>\n<meta name=\"twitter:creator\" content=\"@Notibras\" \/>\n<meta name=\"twitter:site\" content=\"@Notibras\" \/>\n<meta name=\"twitter:label1\" content=\"Escrito por\" \/>\n\t<meta name=\"twitter:data1\" content=\"Eduardo Mart\u00ednez\" \/>\n\t<meta name=\"twitter:label2\" content=\"Est. tempo de leitura\" \/>\n\t<meta name=\"twitter:data2\" content=\"2 minutos\" \/>\n<script type=\"application\/ld+json\" class=\"yoast-schema-graph\">{\"@context\":\"https:\/\/schema.org\",\"@graph\":[{\"@type\":\"Article\",\"@id\":\"https:\/\/www.notibras.com\/site\/jovem-talento-estreia-como-contista-no-cafe-literario\/#article\",\"isPartOf\":{\"@id\":\"https:\/\/www.notibras.com\/site\/jovem-talento-estreia-como-contista-no-cafe-literario\/\"},\"author\":{\"name\":\"Eduardo Mart\u00ednez\",\"@id\":\"https:\/\/www.notibras.com\/site\/#\/schema\/person\/5b7fabf2aedc3ada2105f03b22b4d3dd\"},\"headline\":\"Jovem talento estreia como contista no Caf\u00e9 Liter\u00e1rio\",\"datePublished\":\"2026-01-09T05:12:40+00:00\",\"dateModified\":\"2026-01-09T05:30:45+00:00\",\"mainEntityOfPage\":{\"@id\":\"https:\/\/www.notibras.com\/site\/jovem-talento-estreia-como-contista-no-cafe-literario\/\"},\"wordCount\":274,\"publisher\":{\"@id\":\"https:\/\/www.notibras.com\/site\/#organization\"},\"image\":{\"@id\":\"https:\/\/www.notibras.com\/site\/jovem-talento-estreia-como-contista-no-cafe-literario\/#primaryimage\"},\"thumbnailUrl\":\"https:\/\/www.notibras.com\/site\/wp-content\/uploads\/2026\/01\/WhatsApp-Image-2026-01-09-at-00.59.33.jpeg\",\"articleSection\":[\"Leitura Vip\"],\"inLanguage\":\"pt-BR\"},{\"@type\":\"WebPage\",\"@id\":\"https:\/\/www.notibras.com\/site\/jovem-talento-estreia-como-contista-no-cafe-literario\/\",\"url\":\"https:\/\/www.notibras.com\/site\/jovem-talento-estreia-como-contista-no-cafe-literario\/\",\"name\":\"Jovem talento estreia como contista no Caf\u00e9 Liter\u00e1rio - Notibras\",\"isPartOf\":{\"@id\":\"https:\/\/www.notibras.com\/site\/#website\"},\"primaryImageOfPage\":{\"@id\":\"https:\/\/www.notibras.com\/site\/jovem-talento-estreia-como-contista-no-cafe-literario\/#primaryimage\"},\"image\":{\"@id\":\"https:\/\/www.notibras.com\/site\/jovem-talento-estreia-como-contista-no-cafe-literario\/#primaryimage\"},\"thumbnailUrl\":\"https:\/\/www.notibras.com\/site\/wp-content\/uploads\/2026\/01\/WhatsApp-Image-2026-01-09-at-00.59.33.jpeg\",\"datePublished\":\"2026-01-09T05:12:40+00:00\",\"dateModified\":\"2026-01-09T05:30:45+00:00\",\"breadcrumb\":{\"@id\":\"https:\/\/www.notibras.com\/site\/jovem-talento-estreia-como-contista-no-cafe-literario\/#breadcrumb\"},\"inLanguage\":\"pt-BR\",\"potentialAction\":[{\"@type\":\"ReadAction\",\"target\":[\"https:\/\/www.notibras.com\/site\/jovem-talento-estreia-como-contista-no-cafe-literario\/\"]}]},{\"@type\":\"ImageObject\",\"inLanguage\":\"pt-BR\",\"@id\":\"https:\/\/www.notibras.com\/site\/jovem-talento-estreia-como-contista-no-cafe-literario\/#primaryimage\",\"url\":\"https:\/\/www.notibras.com\/site\/wp-content\/uploads\/2026\/01\/WhatsApp-Image-2026-01-09-at-00.59.33.jpeg\",\"contentUrl\":\"https:\/\/www.notibras.com\/site\/wp-content\/uploads\/2026\/01\/WhatsApp-Image-2026-01-09-at-00.59.33.jpeg\",\"width\":1134,\"height\":1512},{\"@type\":\"BreadcrumbList\",\"@id\":\"https:\/\/www.notibras.com\/site\/jovem-talento-estreia-como-contista-no-cafe-literario\/#breadcrumb\",\"itemListElement\":[{\"@type\":\"ListItem\",\"position\":1,\"name\":\"In\u00edcio\",\"item\":\"https:\/\/www.notibras.com\/site\/\"},{\"@type\":\"ListItem\",\"position\":2,\"name\":\"Jovem talento estreia como contista no Caf\u00e9 Liter\u00e1rio\"}]},{\"@type\":\"WebSite\",\"@id\":\"https:\/\/www.notibras.com\/site\/#website\",\"url\":\"https:\/\/www.notibras.com\/site\/\",\"name\":\"Notibras\",\"description\":\"Not\u00edcias de Bras\u00edlia, do Brasil e do Mundo\",\"publisher\":{\"@id\":\"https:\/\/www.notibras.com\/site\/#organization\"},\"potentialAction\":[{\"@type\":\"SearchAction\",\"target\":{\"@type\":\"EntryPoint\",\"urlTemplate\":\"https:\/\/www.notibras.com\/site\/?s={search_term_string}\"},\"query-input\":{\"@type\":\"PropertyValueSpecification\",\"valueRequired\":true,\"valueName\":\"search_term_string\"}}],\"inLanguage\":\"pt-BR\"},{\"@type\":\"Organization\",\"@id\":\"https:\/\/www.notibras.com\/site\/#organization\",\"name\":\"Grupo Notibras de Comunica\u00e7\u00e3o\",\"url\":\"https:\/\/www.notibras.com\/site\/\",\"logo\":{\"@type\":\"ImageObject\",\"inLanguage\":\"pt-BR\",\"@id\":\"https:\/\/www.notibras.com\/site\/#\/schema\/logo\/image\/\",\"url\":\"https:\/\/www.notibras.com\/site\/wp-content\/uploads\/2023\/01\/notibras23.png\",\"contentUrl\":\"https:\/\/www.notibras.com\/site\/wp-content\/uploads\/2023\/01\/notibras23.png\",\"width\":350,\"height\":87,\"caption\":\"Grupo Notibras de Comunica\u00e7\u00e3o\"},\"image\":{\"@id\":\"https:\/\/www.notibras.com\/site\/#\/schema\/logo\/image\/\"},\"sameAs\":[\"https:\/\/www.facebook.com\/notibras\/\",\"https:\/\/x.com\/Notibras\",\"https:\/\/www.instagram.com\/notibras\/\"]},{\"@type\":\"Person\",\"@id\":\"https:\/\/www.notibras.com\/site\/#\/schema\/person\/5b7fabf2aedc3ada2105f03b22b4d3dd\",\"name\":\"Eduardo Mart\u00ednez\",\"image\":{\"@type\":\"ImageObject\",\"inLanguage\":\"pt-BR\",\"@id\":\"https:\/\/secure.gravatar.com\/avatar\/7902f906289926289cbcda644b5197c796b893c6ffd7b9a536a42d290f7704a0?s=96&d=mm&r=g\",\"url\":\"https:\/\/secure.gravatar.com\/avatar\/7902f906289926289cbcda644b5197c796b893c6ffd7b9a536a42d290f7704a0?s=96&d=mm&r=g\",\"contentUrl\":\"https:\/\/secure.gravatar.com\/avatar\/7902f906289926289cbcda644b5197c796b893c6ffd7b9a536a42d290f7704a0?s=96&d=mm&r=g\",\"caption\":\"Eduardo Mart\u00ednez\"}}]}<\/script>\n<!-- \/ Yoast SEO plugin. -->","yoast_head_json":{"title":"Jovem talento estreia como contista no Caf\u00e9 Liter\u00e1rio - Notibras","robots":{"index":"index","follow":"follow","max-snippet":"max-snippet:-1","max-image-preview":"max-image-preview:large","max-video-preview":"max-video-preview:-1"},"canonical":"https:\/\/www.notibras.com\/site\/jovem-talento-estreia-como-contista-no-cafe-literario\/","og_locale":"pt_BR","og_type":"article","og_title":"Jovem talento estreia como contista no Caf\u00e9 Liter\u00e1rio - Notibras","og_description":"A hist\u00f3ria da ci\u00eancia registra Carl Friedrich Gauss como um dos maiores prod\u00edgios da matem\u00e1tica entre os s\u00e9culos XVIII e XIX. No s\u00e9culo XXI, a reda\u00e7\u00e3o do Notibras parece ter encontrado um paralelo art\u00edstico para essa precocidade: o jovem Francisco Filipino. Com apenas 11 anos, Francisco j\u00e1 \u00e9 um nome familiar no cotidiano do jornal, [&hellip;]","og_url":"https:\/\/www.notibras.com\/site\/jovem-talento-estreia-como-contista-no-cafe-literario\/","og_site_name":"Notibras","article_publisher":"https:\/\/www.facebook.com\/notibras\/","article_published_time":"2026-01-09T05:12:40+00:00","article_modified_time":"2026-01-09T05:30:45+00:00","og_image":[{"width":1134,"height":1512,"url":"https:\/\/www.notibras.com\/site\/wp-content\/uploads\/2026\/01\/WhatsApp-Image-2026-01-09-at-00.59.33.jpeg","type":"image\/jpeg"}],"author":"Eduardo Mart\u00ednez","twitter_card":"summary_large_image","twitter_creator":"@Notibras","twitter_site":"@Notibras","twitter_misc":{"Escrito por":"Eduardo Mart\u00ednez","Est. tempo de leitura":"2 minutos"},"schema":{"@context":"https:\/\/schema.org","@graph":[{"@type":"Article","@id":"https:\/\/www.notibras.com\/site\/jovem-talento-estreia-como-contista-no-cafe-literario\/#article","isPartOf":{"@id":"https:\/\/www.notibras.com\/site\/jovem-talento-estreia-como-contista-no-cafe-literario\/"},"author":{"name":"Eduardo Mart\u00ednez","@id":"https:\/\/www.notibras.com\/site\/#\/schema\/person\/5b7fabf2aedc3ada2105f03b22b4d3dd"},"headline":"Jovem talento estreia como contista no Caf\u00e9 Liter\u00e1rio","datePublished":"2026-01-09T05:12:40+00:00","dateModified":"2026-01-09T05:30:45+00:00","mainEntityOfPage":{"@id":"https:\/\/www.notibras.com\/site\/jovem-talento-estreia-como-contista-no-cafe-literario\/"},"wordCount":274,"publisher":{"@id":"https:\/\/www.notibras.com\/site\/#organization"},"image":{"@id":"https:\/\/www.notibras.com\/site\/jovem-talento-estreia-como-contista-no-cafe-literario\/#primaryimage"},"thumbnailUrl":"https:\/\/www.notibras.com\/site\/wp-content\/uploads\/2026\/01\/WhatsApp-Image-2026-01-09-at-00.59.33.jpeg","articleSection":["Leitura Vip"],"inLanguage":"pt-BR"},{"@type":"WebPage","@id":"https:\/\/www.notibras.com\/site\/jovem-talento-estreia-como-contista-no-cafe-literario\/","url":"https:\/\/www.notibras.com\/site\/jovem-talento-estreia-como-contista-no-cafe-literario\/","name":"Jovem talento estreia como contista no Caf\u00e9 Liter\u00e1rio - Notibras","isPartOf":{"@id":"https:\/\/www.notibras.com\/site\/#website"},"primaryImageOfPage":{"@id":"https:\/\/www.notibras.com\/site\/jovem-talento-estreia-como-contista-no-cafe-literario\/#primaryimage"},"image":{"@id":"https:\/\/www.notibras.com\/site\/jovem-talento-estreia-como-contista-no-cafe-literario\/#primaryimage"},"thumbnailUrl":"https:\/\/www.notibras.com\/site\/wp-content\/uploads\/2026\/01\/WhatsApp-Image-2026-01-09-at-00.59.33.jpeg","datePublished":"2026-01-09T05:12:40+00:00","dateModified":"2026-01-09T05:30:45+00:00","breadcrumb":{"@id":"https:\/\/www.notibras.com\/site\/jovem-talento-estreia-como-contista-no-cafe-literario\/#breadcrumb"},"inLanguage":"pt-BR","potentialAction":[{"@type":"ReadAction","target":["https:\/\/www.notibras.com\/site\/jovem-talento-estreia-como-contista-no-cafe-literario\/"]}]},{"@type":"ImageObject","inLanguage":"pt-BR","@id":"https:\/\/www.notibras.com\/site\/jovem-talento-estreia-como-contista-no-cafe-literario\/#primaryimage","url":"https:\/\/www.notibras.com\/site\/wp-content\/uploads\/2026\/01\/WhatsApp-Image-2026-01-09-at-00.59.33.jpeg","contentUrl":"https:\/\/www.notibras.com\/site\/wp-content\/uploads\/2026\/01\/WhatsApp-Image-2026-01-09-at-00.59.33.jpeg","width":1134,"height":1512},{"@type":"BreadcrumbList","@id":"https:\/\/www.notibras.com\/site\/jovem-talento-estreia-como-contista-no-cafe-literario\/#breadcrumb","itemListElement":[{"@type":"ListItem","position":1,"name":"In\u00edcio","item":"https:\/\/www.notibras.com\/site\/"},{"@type":"ListItem","position":2,"name":"Jovem talento estreia como contista no Caf\u00e9 Liter\u00e1rio"}]},{"@type":"WebSite","@id":"https:\/\/www.notibras.com\/site\/#website","url":"https:\/\/www.notibras.com\/site\/","name":"Notibras","description":"Not\u00edcias de Bras\u00edlia, do Brasil e do Mundo","publisher":{"@id":"https:\/\/www.notibras.com\/site\/#organization"},"potentialAction":[{"@type":"SearchAction","target":{"@type":"EntryPoint","urlTemplate":"https:\/\/www.notibras.com\/site\/?s={search_term_string}"},"query-input":{"@type":"PropertyValueSpecification","valueRequired":true,"valueName":"search_term_string"}}],"inLanguage":"pt-BR"},{"@type":"Organization","@id":"https:\/\/www.notibras.com\/site\/#organization","name":"Grupo Notibras de Comunica\u00e7\u00e3o","url":"https:\/\/www.notibras.com\/site\/","logo":{"@type":"ImageObject","inLanguage":"pt-BR","@id":"https:\/\/www.notibras.com\/site\/#\/schema\/logo\/image\/","url":"https:\/\/www.notibras.com\/site\/wp-content\/uploads\/2023\/01\/notibras23.png","contentUrl":"https:\/\/www.notibras.com\/site\/wp-content\/uploads\/2023\/01\/notibras23.png","width":350,"height":87,"caption":"Grupo Notibras de Comunica\u00e7\u00e3o"},"image":{"@id":"https:\/\/www.notibras.com\/site\/#\/schema\/logo\/image\/"},"sameAs":["https:\/\/www.facebook.com\/notibras\/","https:\/\/x.com\/Notibras","https:\/\/www.instagram.com\/notibras\/"]},{"@type":"Person","@id":"https:\/\/www.notibras.com\/site\/#\/schema\/person\/5b7fabf2aedc3ada2105f03b22b4d3dd","name":"Eduardo Mart\u00ednez","image":{"@type":"ImageObject","inLanguage":"pt-BR","@id":"https:\/\/secure.gravatar.com\/avatar\/7902f906289926289cbcda644b5197c796b893c6ffd7b9a536a42d290f7704a0?s=96&d=mm&r=g","url":"https:\/\/secure.gravatar.com\/avatar\/7902f906289926289cbcda644b5197c796b893c6ffd7b9a536a42d290f7704a0?s=96&d=mm&r=g","contentUrl":"https:\/\/secure.gravatar.com\/avatar\/7902f906289926289cbcda644b5197c796b893c6ffd7b9a536a42d290f7704a0?s=96&d=mm&r=g","caption":"Eduardo Mart\u00ednez"}}]}},"amp_enabled":true,"_links":{"self":[{"href":"https:\/\/www.notibras.com\/site\/wp-json\/wp\/v2\/posts\/378283","targetHints":{"allow":["GET"]}}],"collection":[{"href":"https:\/\/www.notibras.com\/site\/wp-json\/wp\/v2\/posts"}],"about":[{"href":"https:\/\/www.notibras.com\/site\/wp-json\/wp\/v2\/types\/post"}],"author":[{"embeddable":true,"href":"https:\/\/www.notibras.com\/site\/wp-json\/wp\/v2\/users\/21"}],"replies":[{"embeddable":true,"href":"https:\/\/www.notibras.com\/site\/wp-json\/wp\/v2\/comments?post=378283"}],"version-history":[{"count":10,"href":"https:\/\/www.notibras.com\/site\/wp-json\/wp\/v2\/posts\/378283\/revisions"}],"predecessor-version":[{"id":378296,"href":"https:\/\/www.notibras.com\/site\/wp-json\/wp\/v2\/posts\/378283\/revisions\/378296"}],"wp:featuredmedia":[{"embeddable":true,"href":"https:\/\/www.notibras.com\/site\/wp-json\/wp\/v2\/media\/378284"}],"wp:attachment":[{"href":"https:\/\/www.notibras.com\/site\/wp-json\/wp\/v2\/media?parent=378283"}],"wp:term":[{"taxonomy":"category","embeddable":true,"href":"https:\/\/www.notibras.com\/site\/wp-json\/wp\/v2\/categories?post=378283"},{"taxonomy":"post_tag","embeddable":true,"href":"https:\/\/www.notibras.com\/site\/wp-json\/wp\/v2\/tags?post=378283"}],"curies":[{"name":"wp","href":"https:\/\/api.w.org\/{rel}","templated":true}]}}