{"id":378303,"date":"2026-01-09T03:40:02","date_gmt":"2026-01-09T06:40:02","guid":{"rendered":"https:\/\/www.notibras.com\/site\/?p=378303"},"modified":"2026-01-09T03:40:02","modified_gmt":"2026-01-09T06:40:02","slug":"o-advogado-o-delegado-e-o-pedido-sobre-lulinha","status":"publish","type":"post","link":"https:\/\/www.notibras.com\/site\/o-advogado-o-delegado-e-o-pedido-sobre-lulinha\/","title":{"rendered":"O advogado, o delegado e o pedido sobre Lulinha"},"content":{"rendered":"<p>Formado na escola da <em>Folha de S.Paulo<\/em>, sucursal Bras\u00edlia, nos anos 70, 80 e 90 do s\u00e9culo passado, hoje sou assinante do jornal <em>O<\/em> <em>Estado de S\u00e3o Paulo<\/em>, cujos rep\u00f3rteres &#8216;furei&#8217; e por eles fui &#8216;furado&#8217;. No jarg\u00e3o jornal\u00edstico, mat\u00e9rias exclusivas. Naquela \u00e9poca, a <em>Folha<\/em> &#8216;n\u00e3o tinha o rabo preso com ningu\u00e9m&#8217;. Hoje avalio que o <em>Estad\u00e3o<\/em> \u00e9 mais independente. E foi justamente n&#8217;<em>O Estado de S\u00e3o<\/em> <em>Paulo<\/em>, que me deparei na quinta, 8, com uma informa\u00e7\u00e3o que, vista sob a \u00f3tica jornal\u00edstica, soa como nada republicana. Trata-se de uma suposta conversa entre o diretor-geral da Pol\u00edcia Federal Andrei Rodrigues e o jurista Marco Aur\u00e9lio Carvalho, coordenador do Grupo Prerrogativas, um aglomerado oficioso de advogados ligados ao PT.<\/p>\n<p>O <em>Estad\u00e3o<\/em> trouxe \u00e0 tona um tema delicado: inger\u00eancia direta de um representante de um grupo meramente figurativo, nas decis\u00f5es a serem pautadas pela Pol\u00edcia Judici\u00e1ria. No caso em quest\u00e3o, investiga\u00e7\u00f5es sobre eventuais liga\u00e7\u00f5es entre Lulinha, filho de Lula, e o &#8216;Careca&#8217; do INSS. A PF, disse Marco Aur\u00e9lio a Andrei, deve instaurar inqu\u00e9rito para identificar a origem de vazamentos seletivos, numa refer\u00eancia direta \u00e0s suspeitas que recaem sobre o primog\u00eanito do presidente da Rep\u00fablica.<\/p>\n<p>N\u00e3o conhe\u00e7o o delegado Andrei; portanto, n\u00e3o assumirei, como j\u00e1 me foi dito em diferentes oportunidades, que n\u00e3o \u00e9 flor que se cheire. Quanto ao advogado Marco Aur\u00e9lio, nossos contatos foram durante um bom tempo totalmente virtuais, com trocas de mensagens pelo <em>WhatsApp<\/em>. Uma amizade de m\u00e3o \u00fanica, claro. O advogado pede, sugere, d\u00e1 dicas; o rep\u00f3rter, confiando na fonte, escreve e publica. Mas, no &#8216;cara ou coroa&#8217; da moeda, surge uma nota de tr\u00eas reais. E a falsidade ganha corpo.<\/p>\n<p>Respeitado o que publicou o <em>Estad\u00e3o<\/em>, o col\u00f3quio entre o homem do<em> Prerr\u00f4<\/em> e o da PF, pode ter diferentes vers\u00f5es, todas delicadas. Como foi paralelo ao an\u00fancio da sa\u00edda de Ricardo Lewandowski da Esplanada, pode-se especular, inclusive, a abordagem sobre o desmembramento da pasta do ex-ministro, surgindo a da Justi\u00e7a e a da Seguran\u00e7a P\u00fablica. Cria-se, assim, um elo de apoio, do tipo &#8216;tamo junto&#8217;. O problema \u00e9 a famosa via de m\u00e3o \u00fanica.<\/p>\n<p>Voltando \u00e0 not\u00edcia do <em>Estad\u00e3o. <\/em>Seus leitores, na grande maioria, ca\u00edram de pau no assunto abordado na mat\u00e9ria. Para sintetizar, foi dito, literalmente, que causa mais do que estranheza, chegando \u00e0 beira do desconforto institucional, que um representante de um grupo de advogados, sem not\u00edcia p\u00fablica de mandato formal, procura\u00e7\u00e3o ou constitui\u00e7\u00e3o regular como defensor, transite politicamente pelos corredores do Poder para interpelar o diretor-geral da Pol\u00edcia Federal a respeito de vazamentos envolvendo algu\u00e9m que, registre-se, sequer figura como investigado. N\u00e3o \u00e9 apenas um detalhe processual. O que se observa \u00e9 a pr\u00f3pria l\u00f3gica tensionada do sistema.<\/p>\n<p>Mais inquietante ainda \u00e9 a naturalidade com que essa interlocu\u00e7\u00e3o se estabelece. Em que momento a Pol\u00edcia Federal passou a funcionar como balc\u00e3o de atendimento seletivo, sens\u00edvel a press\u00f5es de ocasi\u00e3o e a sensibilidades pol\u00edticas espec\u00edficas? Em condi\u00e7\u00f5es normais, cidad\u00e3os comuns \u2014 desprovidos de sobrenome influente, rede de rela\u00e7\u00f5es ou capital simb\u00f3lico \u2014 n\u00e3o desfrutam dessa presteza institucional. Para eles, vazamentos s\u00e3o vistos como mero ru\u00eddo de fundo; para alguns poucos, tornam-se crises de Estado.<\/p>\n<p>E onde est\u00e1 a Ordem dos Advogados do Brasil diante desse tipo de atua\u00e7\u00e3o nebulosa, que n\u00e3o se enquadra com clareza nem na defesa t\u00e9cnica nem na tutela objetiva das prerrogativas profissionais? A OAB silencia, quando deveria, ao menos, perguntar a quem esse advogado representa, com que poderes e em nome de qual interesse jur\u00eddico concreto?<\/p>\n<p>Do ponto de vista institucional, a pergunta \u00e9 ainda mais inc\u00f4moda. Quais seriam, a t\u00edtulo de ilustra\u00e7\u00e3o, os crit\u00e9rios, sejam formais, impessoais e republicanos, que orientam o diretor-geral da PF a receber e acolher demandas de quem n\u00e3o \u00e9 parte no procedimento, n\u00e3o figura nos autos e n\u00e3o ostenta legitimidade processual reconhecida? Ou o crit\u00e9rio \u00e9 outro, menos confess\u00e1vel?<\/p>\n<p>N\u00e3o se trata, conv\u00e9m frisar, de imputar ilegalidade autom\u00e1tica. Trata-se de algo talvez mais grave, transportando para a assimetria escancarada. Vazamentos de investiga\u00e7\u00f5es s\u00e3o quase um g\u00eanero jornal\u00edstico no Brasil e, como tal, historicamente tratados com complac\u00eancia e resigna\u00e7\u00e3o institucional. O problema parece emergir apenas quando o nome vazado carrega peso pol\u00edtico, tr\u00e2nsito nos sal\u00f5es ou capacidade de gerar constrangimento no andar de cima.<\/p>\n<p>Essa seletividade, e n\u00e3o o vazamento em si, \u00e9 o que corr\u00f3i a credibilidade das institui\u00e7\u00f5es. Quando a lei muda de temperatura conforme o sobrenome atingido, o discurso da imparcialidade vira ret\u00f3rica oca, e a confian\u00e7a p\u00fablica evapora. O Estado de Direito n\u00e3o se fragiliza apenas por atos ilegais, mas tamb\u00e9m (e sobretudo, permito-me dizer) por gestos simb\u00f3licos que revelam quem merece aten\u00e7\u00e3o e quem deve se conformar com o sil\u00eancio.<\/p>\n<p>A prop\u00f3sito de sil\u00eancio: uma brisa soprada de S\u00e3o Paulo, empurrando a not\u00edcia sobre uma casa que recebeu Lula e Janja no p\u00f3s-per\u00edodo de pris\u00e3o em Curitiba, pode desabar em Bras\u00edlia como tempestade. Mesmo que demore como uma remessa de Sedex-10, vai espalhar um odor acre na sala e cozinha do Alvorada.<\/p>\n<p>&#8230;&#8230;&#8230;&#8230;&#8230;&#8230;..<\/p>\n<p data-start=\"2308\" data-end=\"2729\" data-is-last-node=\"\" data-is-only-node=\"\"><strong>Jos\u00e9 Seabra \u00e9 CEO fundador de Notibras<\/strong><\/p>\n","protected":false},"excerpt":{"rendered":"<p>Formado na escola da Folha de S.Paulo, sucursal Bras\u00edlia, nos anos 70, 80 e 90 do s\u00e9culo passado, hoje sou assinante do jornal O Estado de S\u00e3o Paulo, cujos rep\u00f3rteres &#8216;furei&#8217; e por eles fui &#8216;furado&#8217;. No jarg\u00e3o jornal\u00edstico, mat\u00e9rias exclusivas. Naquela \u00e9poca, a Folha &#8216;n\u00e3o tinha o rabo preso com ningu\u00e9m&#8217;. Hoje avalio que [&hellip;]<\/p>\n","protected":false},"author":2,"featured_media":277295,"comment_status":"closed","ping_status":"closed","sticky":false,"template":"","format":"standard","meta":{"_acf_changed":false,"footnotes":""},"categories":[16],"tags":[95],"class_list":["post-378303","post","type-post","status-publish","format-standard","has-post-thumbnail","hentry","category-brasil","tag-capa"],"acf":[],"yoast_head":"<!-- This site is optimized with the Yoast SEO plugin v27.2 - https:\/\/yoast.com\/product\/yoast-seo-wordpress\/ -->\n<title>O advogado, o delegado e o pedido sobre Lulinha - Notibras<\/title>\n<meta name=\"robots\" content=\"index, follow, max-snippet:-1, max-image-preview:large, max-video-preview:-1\" \/>\n<link rel=\"canonical\" href=\"https:\/\/www.notibras.com\/site\/o-advogado-o-delegado-e-o-pedido-sobre-lulinha\/\" \/>\n<meta property=\"og:locale\" content=\"pt_BR\" \/>\n<meta property=\"og:type\" content=\"article\" \/>\n<meta property=\"og:title\" content=\"O advogado, o delegado e o pedido sobre Lulinha - Notibras\" \/>\n<meta property=\"og:description\" content=\"Formado na escola da Folha de S.Paulo, sucursal Bras\u00edlia, nos anos 70, 80 e 90 do s\u00e9culo passado, hoje sou assinante do jornal O Estado de S\u00e3o Paulo, cujos rep\u00f3rteres &#8216;furei&#8217; e por eles fui &#8216;furado&#8217;. No jarg\u00e3o jornal\u00edstico, mat\u00e9rias exclusivas. Naquela \u00e9poca, a Folha &#8216;n\u00e3o tinha o rabo preso com ningu\u00e9m&#8217;. Hoje avalio que [&hellip;]\" \/>\n<meta property=\"og:url\" content=\"https:\/\/www.notibras.com\/site\/o-advogado-o-delegado-e-o-pedido-sobre-lulinha\/\" \/>\n<meta property=\"og:site_name\" content=\"Notibras\" \/>\n<meta property=\"article:publisher\" content=\"https:\/\/www.facebook.com\/notibras\/\" \/>\n<meta property=\"article:published_time\" content=\"2026-01-09T06:40:02+00:00\" \/>\n<meta property=\"og:image\" content=\"https:\/\/www.notibras.com\/site\/wp-content\/uploads\/2021\/12\/foto_marco_aurelio_de_carvalho_advogado-14474945.jpg\" \/>\n\t<meta property=\"og:image:width\" content=\"1920\" \/>\n\t<meta property=\"og:image:height\" content=\"1082\" \/>\n\t<meta property=\"og:image:type\" content=\"image\/jpeg\" \/>\n<meta name=\"author\" content=\"Reda\u00e7\u00e3o\" \/>\n<meta name=\"twitter:card\" content=\"summary_large_image\" \/>\n<meta name=\"twitter:creator\" content=\"@Notibras\" \/>\n<meta name=\"twitter:site\" content=\"@Notibras\" \/>\n<meta name=\"twitter:label1\" content=\"Escrito por\" \/>\n\t<meta name=\"twitter:data1\" content=\"Reda\u00e7\u00e3o\" \/>\n\t<meta name=\"twitter:label2\" content=\"Est. tempo de leitura\" \/>\n\t<meta name=\"twitter:data2\" content=\"5 minutos\" \/>\n<script type=\"application\/ld+json\" class=\"yoast-schema-graph\">{\"@context\":\"https:\/\/schema.org\",\"@graph\":[{\"@type\":\"Article\",\"@id\":\"https:\/\/www.notibras.com\/site\/o-advogado-o-delegado-e-o-pedido-sobre-lulinha\/#article\",\"isPartOf\":{\"@id\":\"https:\/\/www.notibras.com\/site\/o-advogado-o-delegado-e-o-pedido-sobre-lulinha\/\"},\"author\":{\"name\":\"Reda\u00e7\u00e3o\",\"@id\":\"https:\/\/www.notibras.com\/site\/#\/schema\/person\/36ab0979449956132d3e5b517ea76ac8\"},\"headline\":\"O advogado, o delegado e o pedido sobre Lulinha\",\"datePublished\":\"2026-01-09T06:40:02+00:00\",\"mainEntityOfPage\":{\"@id\":\"https:\/\/www.notibras.com\/site\/o-advogado-o-delegado-e-o-pedido-sobre-lulinha\/\"},\"wordCount\":937,\"publisher\":{\"@id\":\"https:\/\/www.notibras.com\/site\/#organization\"},\"image\":{\"@id\":\"https:\/\/www.notibras.com\/site\/o-advogado-o-delegado-e-o-pedido-sobre-lulinha\/#primaryimage\"},\"thumbnailUrl\":\"https:\/\/www.notibras.com\/site\/wp-content\/uploads\/2021\/12\/foto_marco_aurelio_de_carvalho_advogado-14474945.jpg\",\"keywords\":[\"capa\"],\"articleSection\":[\"Brasil\"],\"inLanguage\":\"pt-BR\"},{\"@type\":\"WebPage\",\"@id\":\"https:\/\/www.notibras.com\/site\/o-advogado-o-delegado-e-o-pedido-sobre-lulinha\/\",\"url\":\"https:\/\/www.notibras.com\/site\/o-advogado-o-delegado-e-o-pedido-sobre-lulinha\/\",\"name\":\"O advogado, o delegado e o pedido sobre Lulinha - Notibras\",\"isPartOf\":{\"@id\":\"https:\/\/www.notibras.com\/site\/#website\"},\"primaryImageOfPage\":{\"@id\":\"https:\/\/www.notibras.com\/site\/o-advogado-o-delegado-e-o-pedido-sobre-lulinha\/#primaryimage\"},\"image\":{\"@id\":\"https:\/\/www.notibras.com\/site\/o-advogado-o-delegado-e-o-pedido-sobre-lulinha\/#primaryimage\"},\"thumbnailUrl\":\"https:\/\/www.notibras.com\/site\/wp-content\/uploads\/2021\/12\/foto_marco_aurelio_de_carvalho_advogado-14474945.jpg\",\"datePublished\":\"2026-01-09T06:40:02+00:00\",\"breadcrumb\":{\"@id\":\"https:\/\/www.notibras.com\/site\/o-advogado-o-delegado-e-o-pedido-sobre-lulinha\/#breadcrumb\"},\"inLanguage\":\"pt-BR\",\"potentialAction\":[{\"@type\":\"ReadAction\",\"target\":[\"https:\/\/www.notibras.com\/site\/o-advogado-o-delegado-e-o-pedido-sobre-lulinha\/\"]}]},{\"@type\":\"ImageObject\",\"inLanguage\":\"pt-BR\",\"@id\":\"https:\/\/www.notibras.com\/site\/o-advogado-o-delegado-e-o-pedido-sobre-lulinha\/#primaryimage\",\"url\":\"https:\/\/www.notibras.com\/site\/wp-content\/uploads\/2021\/12\/foto_marco_aurelio_de_carvalho_advogado-14474945.jpg\",\"contentUrl\":\"https:\/\/www.notibras.com\/site\/wp-content\/uploads\/2021\/12\/foto_marco_aurelio_de_carvalho_advogado-14474945.jpg\",\"width\":1920,\"height\":1082},{\"@type\":\"BreadcrumbList\",\"@id\":\"https:\/\/www.notibras.com\/site\/o-advogado-o-delegado-e-o-pedido-sobre-lulinha\/#breadcrumb\",\"itemListElement\":[{\"@type\":\"ListItem\",\"position\":1,\"name\":\"In\u00edcio\",\"item\":\"https:\/\/www.notibras.com\/site\/\"},{\"@type\":\"ListItem\",\"position\":2,\"name\":\"O advogado, o delegado e o pedido sobre Lulinha\"}]},{\"@type\":\"WebSite\",\"@id\":\"https:\/\/www.notibras.com\/site\/#website\",\"url\":\"https:\/\/www.notibras.com\/site\/\",\"name\":\"Notibras\",\"description\":\"Not\u00edcias de Bras\u00edlia, do Brasil e do Mundo\",\"publisher\":{\"@id\":\"https:\/\/www.notibras.com\/site\/#organization\"},\"potentialAction\":[{\"@type\":\"SearchAction\",\"target\":{\"@type\":\"EntryPoint\",\"urlTemplate\":\"https:\/\/www.notibras.com\/site\/?s={search_term_string}\"},\"query-input\":{\"@type\":\"PropertyValueSpecification\",\"valueRequired\":true,\"valueName\":\"search_term_string\"}}],\"inLanguage\":\"pt-BR\"},{\"@type\":\"Organization\",\"@id\":\"https:\/\/www.notibras.com\/site\/#organization\",\"name\":\"Grupo Notibras de Comunica\u00e7\u00e3o\",\"url\":\"https:\/\/www.notibras.com\/site\/\",\"logo\":{\"@type\":\"ImageObject\",\"inLanguage\":\"pt-BR\",\"@id\":\"https:\/\/www.notibras.com\/site\/#\/schema\/logo\/image\/\",\"url\":\"https:\/\/www.notibras.com\/site\/wp-content\/uploads\/2023\/01\/notibras23.png\",\"contentUrl\":\"https:\/\/www.notibras.com\/site\/wp-content\/uploads\/2023\/01\/notibras23.png\",\"width\":350,\"height\":87,\"caption\":\"Grupo Notibras de Comunica\u00e7\u00e3o\"},\"image\":{\"@id\":\"https:\/\/www.notibras.com\/site\/#\/schema\/logo\/image\/\"},\"sameAs\":[\"https:\/\/www.facebook.com\/notibras\/\",\"https:\/\/x.com\/Notibras\",\"https:\/\/www.instagram.com\/notibras\/\"]},{\"@type\":\"Person\",\"@id\":\"https:\/\/www.notibras.com\/site\/#\/schema\/person\/36ab0979449956132d3e5b517ea76ac8\",\"name\":\"Reda\u00e7\u00e3o\",\"image\":{\"@type\":\"ImageObject\",\"inLanguage\":\"pt-BR\",\"@id\":\"https:\/\/secure.gravatar.com\/avatar\/e0a867bdedb85fd243eadf09663511f96fc81e0720a4a42581f334ad4303aa6b?s=96&d=mm&r=g\",\"url\":\"https:\/\/secure.gravatar.com\/avatar\/e0a867bdedb85fd243eadf09663511f96fc81e0720a4a42581f334ad4303aa6b?s=96&d=mm&r=g\",\"contentUrl\":\"https:\/\/secure.gravatar.com\/avatar\/e0a867bdedb85fd243eadf09663511f96fc81e0720a4a42581f334ad4303aa6b?s=96&d=mm&r=g\",\"caption\":\"Reda\u00e7\u00e3o\"}}]}<\/script>\n<!-- \/ Yoast SEO plugin. -->","yoast_head_json":{"title":"O advogado, o delegado e o pedido sobre Lulinha - Notibras","robots":{"index":"index","follow":"follow","max-snippet":"max-snippet:-1","max-image-preview":"max-image-preview:large","max-video-preview":"max-video-preview:-1"},"canonical":"https:\/\/www.notibras.com\/site\/o-advogado-o-delegado-e-o-pedido-sobre-lulinha\/","og_locale":"pt_BR","og_type":"article","og_title":"O advogado, o delegado e o pedido sobre Lulinha - Notibras","og_description":"Formado na escola da Folha de S.Paulo, sucursal Bras\u00edlia, nos anos 70, 80 e 90 do s\u00e9culo passado, hoje sou assinante do jornal O Estado de S\u00e3o Paulo, cujos rep\u00f3rteres &#8216;furei&#8217; e por eles fui &#8216;furado&#8217;. No jarg\u00e3o jornal\u00edstico, mat\u00e9rias exclusivas. Naquela \u00e9poca, a Folha &#8216;n\u00e3o tinha o rabo preso com ningu\u00e9m&#8217;. Hoje avalio que [&hellip;]","og_url":"https:\/\/www.notibras.com\/site\/o-advogado-o-delegado-e-o-pedido-sobre-lulinha\/","og_site_name":"Notibras","article_publisher":"https:\/\/www.facebook.com\/notibras\/","article_published_time":"2026-01-09T06:40:02+00:00","og_image":[{"width":1920,"height":1082,"url":"https:\/\/www.notibras.com\/site\/wp-content\/uploads\/2021\/12\/foto_marco_aurelio_de_carvalho_advogado-14474945.jpg","type":"image\/jpeg"}],"author":"Reda\u00e7\u00e3o","twitter_card":"summary_large_image","twitter_creator":"@Notibras","twitter_site":"@Notibras","twitter_misc":{"Escrito por":"Reda\u00e7\u00e3o","Est. tempo de leitura":"5 minutos"},"schema":{"@context":"https:\/\/schema.org","@graph":[{"@type":"Article","@id":"https:\/\/www.notibras.com\/site\/o-advogado-o-delegado-e-o-pedido-sobre-lulinha\/#article","isPartOf":{"@id":"https:\/\/www.notibras.com\/site\/o-advogado-o-delegado-e-o-pedido-sobre-lulinha\/"},"author":{"name":"Reda\u00e7\u00e3o","@id":"https:\/\/www.notibras.com\/site\/#\/schema\/person\/36ab0979449956132d3e5b517ea76ac8"},"headline":"O advogado, o delegado e o pedido sobre Lulinha","datePublished":"2026-01-09T06:40:02+00:00","mainEntityOfPage":{"@id":"https:\/\/www.notibras.com\/site\/o-advogado-o-delegado-e-o-pedido-sobre-lulinha\/"},"wordCount":937,"publisher":{"@id":"https:\/\/www.notibras.com\/site\/#organization"},"image":{"@id":"https:\/\/www.notibras.com\/site\/o-advogado-o-delegado-e-o-pedido-sobre-lulinha\/#primaryimage"},"thumbnailUrl":"https:\/\/www.notibras.com\/site\/wp-content\/uploads\/2021\/12\/foto_marco_aurelio_de_carvalho_advogado-14474945.jpg","keywords":["capa"],"articleSection":["Brasil"],"inLanguage":"pt-BR"},{"@type":"WebPage","@id":"https:\/\/www.notibras.com\/site\/o-advogado-o-delegado-e-o-pedido-sobre-lulinha\/","url":"https:\/\/www.notibras.com\/site\/o-advogado-o-delegado-e-o-pedido-sobre-lulinha\/","name":"O advogado, o delegado e o pedido sobre Lulinha - Notibras","isPartOf":{"@id":"https:\/\/www.notibras.com\/site\/#website"},"primaryImageOfPage":{"@id":"https:\/\/www.notibras.com\/site\/o-advogado-o-delegado-e-o-pedido-sobre-lulinha\/#primaryimage"},"image":{"@id":"https:\/\/www.notibras.com\/site\/o-advogado-o-delegado-e-o-pedido-sobre-lulinha\/#primaryimage"},"thumbnailUrl":"https:\/\/www.notibras.com\/site\/wp-content\/uploads\/2021\/12\/foto_marco_aurelio_de_carvalho_advogado-14474945.jpg","datePublished":"2026-01-09T06:40:02+00:00","breadcrumb":{"@id":"https:\/\/www.notibras.com\/site\/o-advogado-o-delegado-e-o-pedido-sobre-lulinha\/#breadcrumb"},"inLanguage":"pt-BR","potentialAction":[{"@type":"ReadAction","target":["https:\/\/www.notibras.com\/site\/o-advogado-o-delegado-e-o-pedido-sobre-lulinha\/"]}]},{"@type":"ImageObject","inLanguage":"pt-BR","@id":"https:\/\/www.notibras.com\/site\/o-advogado-o-delegado-e-o-pedido-sobre-lulinha\/#primaryimage","url":"https:\/\/www.notibras.com\/site\/wp-content\/uploads\/2021\/12\/foto_marco_aurelio_de_carvalho_advogado-14474945.jpg","contentUrl":"https:\/\/www.notibras.com\/site\/wp-content\/uploads\/2021\/12\/foto_marco_aurelio_de_carvalho_advogado-14474945.jpg","width":1920,"height":1082},{"@type":"BreadcrumbList","@id":"https:\/\/www.notibras.com\/site\/o-advogado-o-delegado-e-o-pedido-sobre-lulinha\/#breadcrumb","itemListElement":[{"@type":"ListItem","position":1,"name":"In\u00edcio","item":"https:\/\/www.notibras.com\/site\/"},{"@type":"ListItem","position":2,"name":"O advogado, o delegado e o pedido sobre Lulinha"}]},{"@type":"WebSite","@id":"https:\/\/www.notibras.com\/site\/#website","url":"https:\/\/www.notibras.com\/site\/","name":"Notibras","description":"Not\u00edcias de Bras\u00edlia, do Brasil e do Mundo","publisher":{"@id":"https:\/\/www.notibras.com\/site\/#organization"},"potentialAction":[{"@type":"SearchAction","target":{"@type":"EntryPoint","urlTemplate":"https:\/\/www.notibras.com\/site\/?s={search_term_string}"},"query-input":{"@type":"PropertyValueSpecification","valueRequired":true,"valueName":"search_term_string"}}],"inLanguage":"pt-BR"},{"@type":"Organization","@id":"https:\/\/www.notibras.com\/site\/#organization","name":"Grupo Notibras de Comunica\u00e7\u00e3o","url":"https:\/\/www.notibras.com\/site\/","logo":{"@type":"ImageObject","inLanguage":"pt-BR","@id":"https:\/\/www.notibras.com\/site\/#\/schema\/logo\/image\/","url":"https:\/\/www.notibras.com\/site\/wp-content\/uploads\/2023\/01\/notibras23.png","contentUrl":"https:\/\/www.notibras.com\/site\/wp-content\/uploads\/2023\/01\/notibras23.png","width":350,"height":87,"caption":"Grupo Notibras de Comunica\u00e7\u00e3o"},"image":{"@id":"https:\/\/www.notibras.com\/site\/#\/schema\/logo\/image\/"},"sameAs":["https:\/\/www.facebook.com\/notibras\/","https:\/\/x.com\/Notibras","https:\/\/www.instagram.com\/notibras\/"]},{"@type":"Person","@id":"https:\/\/www.notibras.com\/site\/#\/schema\/person\/36ab0979449956132d3e5b517ea76ac8","name":"Reda\u00e7\u00e3o","image":{"@type":"ImageObject","inLanguage":"pt-BR","@id":"https:\/\/secure.gravatar.com\/avatar\/e0a867bdedb85fd243eadf09663511f96fc81e0720a4a42581f334ad4303aa6b?s=96&d=mm&r=g","url":"https:\/\/secure.gravatar.com\/avatar\/e0a867bdedb85fd243eadf09663511f96fc81e0720a4a42581f334ad4303aa6b?s=96&d=mm&r=g","contentUrl":"https:\/\/secure.gravatar.com\/avatar\/e0a867bdedb85fd243eadf09663511f96fc81e0720a4a42581f334ad4303aa6b?s=96&d=mm&r=g","caption":"Reda\u00e7\u00e3o"}}]}},"amp_enabled":true,"_links":{"self":[{"href":"https:\/\/www.notibras.com\/site\/wp-json\/wp\/v2\/posts\/378303","targetHints":{"allow":["GET"]}}],"collection":[{"href":"https:\/\/www.notibras.com\/site\/wp-json\/wp\/v2\/posts"}],"about":[{"href":"https:\/\/www.notibras.com\/site\/wp-json\/wp\/v2\/types\/post"}],"author":[{"embeddable":true,"href":"https:\/\/www.notibras.com\/site\/wp-json\/wp\/v2\/users\/2"}],"replies":[{"embeddable":true,"href":"https:\/\/www.notibras.com\/site\/wp-json\/wp\/v2\/comments?post=378303"}],"version-history":[{"count":1,"href":"https:\/\/www.notibras.com\/site\/wp-json\/wp\/v2\/posts\/378303\/revisions"}],"predecessor-version":[{"id":378304,"href":"https:\/\/www.notibras.com\/site\/wp-json\/wp\/v2\/posts\/378303\/revisions\/378304"}],"wp:featuredmedia":[{"embeddable":true,"href":"https:\/\/www.notibras.com\/site\/wp-json\/wp\/v2\/media\/277295"}],"wp:attachment":[{"href":"https:\/\/www.notibras.com\/site\/wp-json\/wp\/v2\/media?parent=378303"}],"wp:term":[{"taxonomy":"category","embeddable":true,"href":"https:\/\/www.notibras.com\/site\/wp-json\/wp\/v2\/categories?post=378303"},{"taxonomy":"post_tag","embeddable":true,"href":"https:\/\/www.notibras.com\/site\/wp-json\/wp\/v2\/tags?post=378303"}],"curies":[{"name":"wp","href":"https:\/\/api.w.org\/{rel}","templated":true}]}}