{"id":378306,"date":"2026-01-09T07:36:54","date_gmt":"2026-01-09T10:36:54","guid":{"rendered":"https:\/\/www.notibras.com\/site\/?p=378306"},"modified":"2026-01-09T07:36:54","modified_gmt":"2026-01-09T10:36:54","slug":"sem-protecao-do-mito-nikolas-podera-virar-meme-dos-proprios-memes","status":"publish","type":"post","link":"https:\/\/www.notibras.com\/site\/sem-protecao-do-mito-nikolas-podera-virar-meme-dos-proprios-memes\/","title":{"rendered":"Sem prote\u00e7\u00e3o do mito, Nikolas poder\u00e1 virar meme dos pr\u00f3prios memes"},"content":{"rendered":"<p>Do tipo menino chupetinha criado com av\u00f3, daqueles que brincam de casinha, de m\u00e9dico e de trenzinho, o deputado mineiro Nikolas Ferreira (PL-MG)) tem de se apegar a todos os deuses, orix\u00e1s e pais de santo para se reeleger. Se perder o mandato, certamente correr\u00e1 o risco de ser preso e, para onde for, perder\u00e1 o que diz ter ainda sem marcas. No xilindr\u00f3, ele ser\u00e1 o primeiro, o segundo, o terceiro e o d\u00e9cimo-quarto de uma fila intermin\u00e1vel de trogloditas loucos por carne fresca.<\/p>\n<p>Deputado federal de primeiro mandato, o tal menino acha que tudo s\u00e3o flores no Parlamento. Por enquanto, todos \u00e0 sua volta adoram quando ele bota o pesco\u00e7o na guilhotina. Um dia cortar\u00e3o. \u00c9 \u00f3bvio que, como todo bobo da corte, v\u00e3o esticar a corda at\u00e9 que ela o enforque. \u00c9 assim que agem os mais espertos. Como ele, seus \u201ccomandantes\u201d talvez morram sem descobrir que, por tr\u00e1s de todo paladino da moralidade, vive um canalha. Certamente tamb\u00e9m ningu\u00e9m lhe dir\u00e1 que o ser humano \u00e9 cego aos pr\u00f3prios defeitos.<\/p>\n<p>Tanto isso \u00e9 verdade que jamais um cego se proclamou vil\u00e3o e nunca um idiota se disse idiota. Muito mais nas elei\u00e7\u00f5es de 2018 e um pouco menos na de 2022, grande parte dos deputados bolsonaristas se elegeu na esteira destrambelhada da figura do mito. Do mesmo modo que o sonho acabou, a euforia n\u00e3o existe mais, porque o mito derreteu, escafedeu-se. Isso quer dizer que, em 2026, com Luiz In\u00e1cio nadando de bra\u00e7ada, ser\u00e1 cada um por si e Fl\u00e1vio Bolsonaro ou Tarc\u00edsio de Freitas por nenhum deles.<\/p>\n<p>Oito anos depois de levitar nos bra\u00e7os da multid\u00e3o que o acompanhava nas ruas, nas redes sociais, nas motociatas e nas manifesta\u00e7\u00f5es convocadas pelo pastor Silas Malafaia, Bolsonaro hoje est\u00e1 s\u00f3, sem sa\u00fade e enfrentando um esvaziamento pol\u00edtico que seus desmobilizados seguidores nunca imaginaram. Pior \u00e9 a rejei\u00e7\u00e3o. Acabou as fases da vitimiza\u00e7\u00e3o, do coitadinho, do perseguido pol\u00edtico e do paciente preferido\u00a0do vil\u00e3o Alexandre de Moraes.<\/p>\n<p>Prova disso \u00e9 que numa das \u00faltimas pesquisas Genial\/Quaest, mais de 60% dos consultados se manifestaram no sentido de que todas as decis\u00f5es judiciais contra Bolsonaro foram justas e que ele deve mesmo ficar preso porque tudo que fez. Ou seja, acabou a festa. Tenho a impress\u00e3o de que a maioria dos bolsonaristas descobriu que amar os her\u00f3is e os mitos \u00e9 f\u00e1cil. Dif\u00edcil \u00e9 amar o pr\u00f3ximo, torcer pelo crescimento econ\u00f4mico igualit\u00e1rio do povo e votar em nomes que, antes da fam\u00edlia e do pr\u00f3prio bolso, pensem na pluralidade social da p\u00e1tria.<\/p>\n<p>Pau mandado ou realmente a reencarna\u00e7\u00e3o do Menino Maluquinho, o deputado Nikolas Ferreira publicou recentemente um meme sugerindo que o presidente Luiz In\u00e1cio seja sequestrado por Donald Trump. Embora disponha de imunidade parlamentar, Nikolas n\u00e3o est\u00e1 acima da lei e, portanto, deve experimentar em breve mais um ferro grosso vindo dos tribunais. Fora isso, ele que se cuide, pois, nas elei\u00e7\u00f5es de outubro, para seu desespero, Lula estar\u00e1 na \u00e1rea com um novo slogan: \u201cO que n\u00e3o provoca minha morte faz com eu fique mais forte\u201d. O cen\u00e1rio mais dr\u00e1stico \u00e9 que, sem o colo do mito, ele corre o risco de virar meme de seus pr\u00f3prios memes.<\/p>\n","protected":false},"excerpt":{"rendered":"<p>Do tipo menino chupetinha criado com av\u00f3, daqueles que brincam de casinha, de m\u00e9dico e de trenzinho, o deputado mineiro Nikolas Ferreira (PL-MG)) tem de se apegar a todos os deuses, orix\u00e1s e pais de santo para se reeleger. Se perder o mandato, certamente correr\u00e1 o risco de ser preso e, para onde for, perder\u00e1 [&hellip;]<\/p>\n","protected":false},"author":2,"featured_media":300749,"comment_status":"closed","ping_status":"closed","sticky":false,"template":"","format":"standard","meta":{"_acf_changed":false,"footnotes":""},"categories":[16],"tags":[],"class_list":["post-378306","post","type-post","status-publish","format-standard","has-post-thumbnail","hentry","category-brasil"],"acf":[],"yoast_head":"<!-- This site is optimized with the Yoast SEO plugin v27.2 - https:\/\/yoast.com\/product\/yoast-seo-wordpress\/ -->\n<title>Sem prote\u00e7\u00e3o do mito, Nikolas poder\u00e1 virar meme dos pr\u00f3prios memes - Notibras<\/title>\n<meta name=\"robots\" content=\"index, follow, max-snippet:-1, max-image-preview:large, max-video-preview:-1\" \/>\n<link rel=\"canonical\" href=\"https:\/\/www.notibras.com\/site\/sem-protecao-do-mito-nikolas-podera-virar-meme-dos-proprios-memes\/\" \/>\n<meta property=\"og:locale\" content=\"pt_BR\" \/>\n<meta property=\"og:type\" content=\"article\" \/>\n<meta property=\"og:title\" content=\"Sem prote\u00e7\u00e3o do mito, Nikolas poder\u00e1 virar meme dos pr\u00f3prios memes - Notibras\" \/>\n<meta property=\"og:description\" content=\"Do tipo menino chupetinha criado com av\u00f3, daqueles que brincam de casinha, de m\u00e9dico e de trenzinho, o deputado mineiro Nikolas Ferreira (PL-MG)) tem de se apegar a todos os deuses, orix\u00e1s e pais de santo para se reeleger. Se perder o mandato, certamente correr\u00e1 o risco de ser preso e, para onde for, perder\u00e1 [&hellip;]\" \/>\n<meta property=\"og:url\" content=\"https:\/\/www.notibras.com\/site\/sem-protecao-do-mito-nikolas-podera-virar-meme-dos-proprios-memes\/\" \/>\n<meta property=\"og:site_name\" content=\"Notibras\" \/>\n<meta property=\"article:publisher\" content=\"https:\/\/www.facebook.com\/notibras\/\" \/>\n<meta property=\"article:published_time\" content=\"2026-01-09T10:36:54+00:00\" \/>\n<meta property=\"og:image\" content=\"https:\/\/www.notibras.com\/site\/wp-content\/uploads\/2023\/03\/nikolas.webp\" \/>\n\t<meta property=\"og:image:width\" content=\"1064\" \/>\n\t<meta property=\"og:image:height\" content=\"614\" \/>\n\t<meta property=\"og:image:type\" content=\"image\/webp\" \/>\n<meta name=\"author\" content=\"Reda\u00e7\u00e3o\" \/>\n<meta name=\"twitter:card\" content=\"summary_large_image\" \/>\n<meta name=\"twitter:creator\" content=\"@Notibras\" \/>\n<meta name=\"twitter:site\" content=\"@Notibras\" \/>\n<meta name=\"twitter:label1\" content=\"Escrito por\" \/>\n\t<meta name=\"twitter:data1\" content=\"Reda\u00e7\u00e3o\" \/>\n\t<meta name=\"twitter:label2\" content=\"Est. tempo de leitura\" \/>\n\t<meta name=\"twitter:data2\" content=\"4 minutos\" \/>\n<script type=\"application\/ld+json\" class=\"yoast-schema-graph\">{\"@context\":\"https:\/\/schema.org\",\"@graph\":[{\"@type\":\"Article\",\"@id\":\"https:\/\/www.notibras.com\/site\/sem-protecao-do-mito-nikolas-podera-virar-meme-dos-proprios-memes\/#article\",\"isPartOf\":{\"@id\":\"https:\/\/www.notibras.com\/site\/sem-protecao-do-mito-nikolas-podera-virar-meme-dos-proprios-memes\/\"},\"author\":{\"name\":\"Reda\u00e7\u00e3o\",\"@id\":\"https:\/\/www.notibras.com\/site\/#\/schema\/person\/36ab0979449956132d3e5b517ea76ac8\"},\"headline\":\"Sem prote\u00e7\u00e3o do mito, Nikolas poder\u00e1 virar meme dos pr\u00f3prios memes\",\"datePublished\":\"2026-01-09T10:36:54+00:00\",\"mainEntityOfPage\":{\"@id\":\"https:\/\/www.notibras.com\/site\/sem-protecao-do-mito-nikolas-podera-virar-meme-dos-proprios-memes\/\"},\"wordCount\":578,\"publisher\":{\"@id\":\"https:\/\/www.notibras.com\/site\/#organization\"},\"image\":{\"@id\":\"https:\/\/www.notibras.com\/site\/sem-protecao-do-mito-nikolas-podera-virar-meme-dos-proprios-memes\/#primaryimage\"},\"thumbnailUrl\":\"https:\/\/www.notibras.com\/site\/wp-content\/uploads\/2023\/03\/nikolas.webp\",\"articleSection\":[\"Brasil\"],\"inLanguage\":\"pt-BR\"},{\"@type\":\"WebPage\",\"@id\":\"https:\/\/www.notibras.com\/site\/sem-protecao-do-mito-nikolas-podera-virar-meme-dos-proprios-memes\/\",\"url\":\"https:\/\/www.notibras.com\/site\/sem-protecao-do-mito-nikolas-podera-virar-meme-dos-proprios-memes\/\",\"name\":\"Sem prote\u00e7\u00e3o do mito, Nikolas poder\u00e1 virar meme dos pr\u00f3prios memes - Notibras\",\"isPartOf\":{\"@id\":\"https:\/\/www.notibras.com\/site\/#website\"},\"primaryImageOfPage\":{\"@id\":\"https:\/\/www.notibras.com\/site\/sem-protecao-do-mito-nikolas-podera-virar-meme-dos-proprios-memes\/#primaryimage\"},\"image\":{\"@id\":\"https:\/\/www.notibras.com\/site\/sem-protecao-do-mito-nikolas-podera-virar-meme-dos-proprios-memes\/#primaryimage\"},\"thumbnailUrl\":\"https:\/\/www.notibras.com\/site\/wp-content\/uploads\/2023\/03\/nikolas.webp\",\"datePublished\":\"2026-01-09T10:36:54+00:00\",\"breadcrumb\":{\"@id\":\"https:\/\/www.notibras.com\/site\/sem-protecao-do-mito-nikolas-podera-virar-meme-dos-proprios-memes\/#breadcrumb\"},\"inLanguage\":\"pt-BR\",\"potentialAction\":[{\"@type\":\"ReadAction\",\"target\":[\"https:\/\/www.notibras.com\/site\/sem-protecao-do-mito-nikolas-podera-virar-meme-dos-proprios-memes\/\"]}]},{\"@type\":\"ImageObject\",\"inLanguage\":\"pt-BR\",\"@id\":\"https:\/\/www.notibras.com\/site\/sem-protecao-do-mito-nikolas-podera-virar-meme-dos-proprios-memes\/#primaryimage\",\"url\":\"https:\/\/www.notibras.com\/site\/wp-content\/uploads\/2023\/03\/nikolas.webp\",\"contentUrl\":\"https:\/\/www.notibras.com\/site\/wp-content\/uploads\/2023\/03\/nikolas.webp\",\"width\":1064,\"height\":614},{\"@type\":\"BreadcrumbList\",\"@id\":\"https:\/\/www.notibras.com\/site\/sem-protecao-do-mito-nikolas-podera-virar-meme-dos-proprios-memes\/#breadcrumb\",\"itemListElement\":[{\"@type\":\"ListItem\",\"position\":1,\"name\":\"In\u00edcio\",\"item\":\"https:\/\/www.notibras.com\/site\/\"},{\"@type\":\"ListItem\",\"position\":2,\"name\":\"Sem prote\u00e7\u00e3o do mito, Nikolas poder\u00e1 virar meme dos pr\u00f3prios memes\"}]},{\"@type\":\"WebSite\",\"@id\":\"https:\/\/www.notibras.com\/site\/#website\",\"url\":\"https:\/\/www.notibras.com\/site\/\",\"name\":\"Notibras\",\"description\":\"Not\u00edcias de Bras\u00edlia, do Brasil e do Mundo\",\"publisher\":{\"@id\":\"https:\/\/www.notibras.com\/site\/#organization\"},\"potentialAction\":[{\"@type\":\"SearchAction\",\"target\":{\"@type\":\"EntryPoint\",\"urlTemplate\":\"https:\/\/www.notibras.com\/site\/?s={search_term_string}\"},\"query-input\":{\"@type\":\"PropertyValueSpecification\",\"valueRequired\":true,\"valueName\":\"search_term_string\"}}],\"inLanguage\":\"pt-BR\"},{\"@type\":\"Organization\",\"@id\":\"https:\/\/www.notibras.com\/site\/#organization\",\"name\":\"Grupo Notibras de Comunica\u00e7\u00e3o\",\"url\":\"https:\/\/www.notibras.com\/site\/\",\"logo\":{\"@type\":\"ImageObject\",\"inLanguage\":\"pt-BR\",\"@id\":\"https:\/\/www.notibras.com\/site\/#\/schema\/logo\/image\/\",\"url\":\"https:\/\/www.notibras.com\/site\/wp-content\/uploads\/2023\/01\/notibras23.png\",\"contentUrl\":\"https:\/\/www.notibras.com\/site\/wp-content\/uploads\/2023\/01\/notibras23.png\",\"width\":350,\"height\":87,\"caption\":\"Grupo Notibras de Comunica\u00e7\u00e3o\"},\"image\":{\"@id\":\"https:\/\/www.notibras.com\/site\/#\/schema\/logo\/image\/\"},\"sameAs\":[\"https:\/\/www.facebook.com\/notibras\/\",\"https:\/\/x.com\/Notibras\",\"https:\/\/www.instagram.com\/notibras\/\"]},{\"@type\":\"Person\",\"@id\":\"https:\/\/www.notibras.com\/site\/#\/schema\/person\/36ab0979449956132d3e5b517ea76ac8\",\"name\":\"Reda\u00e7\u00e3o\",\"image\":{\"@type\":\"ImageObject\",\"inLanguage\":\"pt-BR\",\"@id\":\"https:\/\/secure.gravatar.com\/avatar\/e0a867bdedb85fd243eadf09663511f96fc81e0720a4a42581f334ad4303aa6b?s=96&d=mm&r=g\",\"url\":\"https:\/\/secure.gravatar.com\/avatar\/e0a867bdedb85fd243eadf09663511f96fc81e0720a4a42581f334ad4303aa6b?s=96&d=mm&r=g\",\"contentUrl\":\"https:\/\/secure.gravatar.com\/avatar\/e0a867bdedb85fd243eadf09663511f96fc81e0720a4a42581f334ad4303aa6b?s=96&d=mm&r=g\",\"caption\":\"Reda\u00e7\u00e3o\"}}]}<\/script>\n<!-- \/ Yoast SEO plugin. -->","yoast_head_json":{"title":"Sem prote\u00e7\u00e3o do mito, Nikolas poder\u00e1 virar meme dos pr\u00f3prios memes - Notibras","robots":{"index":"index","follow":"follow","max-snippet":"max-snippet:-1","max-image-preview":"max-image-preview:large","max-video-preview":"max-video-preview:-1"},"canonical":"https:\/\/www.notibras.com\/site\/sem-protecao-do-mito-nikolas-podera-virar-meme-dos-proprios-memes\/","og_locale":"pt_BR","og_type":"article","og_title":"Sem prote\u00e7\u00e3o do mito, Nikolas poder\u00e1 virar meme dos pr\u00f3prios memes - Notibras","og_description":"Do tipo menino chupetinha criado com av\u00f3, daqueles que brincam de casinha, de m\u00e9dico e de trenzinho, o deputado mineiro Nikolas Ferreira (PL-MG)) tem de se apegar a todos os deuses, orix\u00e1s e pais de santo para se reeleger. Se perder o mandato, certamente correr\u00e1 o risco de ser preso e, para onde for, perder\u00e1 [&hellip;]","og_url":"https:\/\/www.notibras.com\/site\/sem-protecao-do-mito-nikolas-podera-virar-meme-dos-proprios-memes\/","og_site_name":"Notibras","article_publisher":"https:\/\/www.facebook.com\/notibras\/","article_published_time":"2026-01-09T10:36:54+00:00","og_image":[{"width":1064,"height":614,"url":"https:\/\/www.notibras.com\/site\/wp-content\/uploads\/2023\/03\/nikolas.webp","type":"image\/webp"}],"author":"Reda\u00e7\u00e3o","twitter_card":"summary_large_image","twitter_creator":"@Notibras","twitter_site":"@Notibras","twitter_misc":{"Escrito por":"Reda\u00e7\u00e3o","Est. tempo de leitura":"4 minutos"},"schema":{"@context":"https:\/\/schema.org","@graph":[{"@type":"Article","@id":"https:\/\/www.notibras.com\/site\/sem-protecao-do-mito-nikolas-podera-virar-meme-dos-proprios-memes\/#article","isPartOf":{"@id":"https:\/\/www.notibras.com\/site\/sem-protecao-do-mito-nikolas-podera-virar-meme-dos-proprios-memes\/"},"author":{"name":"Reda\u00e7\u00e3o","@id":"https:\/\/www.notibras.com\/site\/#\/schema\/person\/36ab0979449956132d3e5b517ea76ac8"},"headline":"Sem prote\u00e7\u00e3o do mito, Nikolas poder\u00e1 virar meme dos pr\u00f3prios memes","datePublished":"2026-01-09T10:36:54+00:00","mainEntityOfPage":{"@id":"https:\/\/www.notibras.com\/site\/sem-protecao-do-mito-nikolas-podera-virar-meme-dos-proprios-memes\/"},"wordCount":578,"publisher":{"@id":"https:\/\/www.notibras.com\/site\/#organization"},"image":{"@id":"https:\/\/www.notibras.com\/site\/sem-protecao-do-mito-nikolas-podera-virar-meme-dos-proprios-memes\/#primaryimage"},"thumbnailUrl":"https:\/\/www.notibras.com\/site\/wp-content\/uploads\/2023\/03\/nikolas.webp","articleSection":["Brasil"],"inLanguage":"pt-BR"},{"@type":"WebPage","@id":"https:\/\/www.notibras.com\/site\/sem-protecao-do-mito-nikolas-podera-virar-meme-dos-proprios-memes\/","url":"https:\/\/www.notibras.com\/site\/sem-protecao-do-mito-nikolas-podera-virar-meme-dos-proprios-memes\/","name":"Sem prote\u00e7\u00e3o do mito, Nikolas poder\u00e1 virar meme dos pr\u00f3prios memes - Notibras","isPartOf":{"@id":"https:\/\/www.notibras.com\/site\/#website"},"primaryImageOfPage":{"@id":"https:\/\/www.notibras.com\/site\/sem-protecao-do-mito-nikolas-podera-virar-meme-dos-proprios-memes\/#primaryimage"},"image":{"@id":"https:\/\/www.notibras.com\/site\/sem-protecao-do-mito-nikolas-podera-virar-meme-dos-proprios-memes\/#primaryimage"},"thumbnailUrl":"https:\/\/www.notibras.com\/site\/wp-content\/uploads\/2023\/03\/nikolas.webp","datePublished":"2026-01-09T10:36:54+00:00","breadcrumb":{"@id":"https:\/\/www.notibras.com\/site\/sem-protecao-do-mito-nikolas-podera-virar-meme-dos-proprios-memes\/#breadcrumb"},"inLanguage":"pt-BR","potentialAction":[{"@type":"ReadAction","target":["https:\/\/www.notibras.com\/site\/sem-protecao-do-mito-nikolas-podera-virar-meme-dos-proprios-memes\/"]}]},{"@type":"ImageObject","inLanguage":"pt-BR","@id":"https:\/\/www.notibras.com\/site\/sem-protecao-do-mito-nikolas-podera-virar-meme-dos-proprios-memes\/#primaryimage","url":"https:\/\/www.notibras.com\/site\/wp-content\/uploads\/2023\/03\/nikolas.webp","contentUrl":"https:\/\/www.notibras.com\/site\/wp-content\/uploads\/2023\/03\/nikolas.webp","width":1064,"height":614},{"@type":"BreadcrumbList","@id":"https:\/\/www.notibras.com\/site\/sem-protecao-do-mito-nikolas-podera-virar-meme-dos-proprios-memes\/#breadcrumb","itemListElement":[{"@type":"ListItem","position":1,"name":"In\u00edcio","item":"https:\/\/www.notibras.com\/site\/"},{"@type":"ListItem","position":2,"name":"Sem prote\u00e7\u00e3o do mito, Nikolas poder\u00e1 virar meme dos pr\u00f3prios memes"}]},{"@type":"WebSite","@id":"https:\/\/www.notibras.com\/site\/#website","url":"https:\/\/www.notibras.com\/site\/","name":"Notibras","description":"Not\u00edcias de Bras\u00edlia, do Brasil e do Mundo","publisher":{"@id":"https:\/\/www.notibras.com\/site\/#organization"},"potentialAction":[{"@type":"SearchAction","target":{"@type":"EntryPoint","urlTemplate":"https:\/\/www.notibras.com\/site\/?s={search_term_string}"},"query-input":{"@type":"PropertyValueSpecification","valueRequired":true,"valueName":"search_term_string"}}],"inLanguage":"pt-BR"},{"@type":"Organization","@id":"https:\/\/www.notibras.com\/site\/#organization","name":"Grupo Notibras de Comunica\u00e7\u00e3o","url":"https:\/\/www.notibras.com\/site\/","logo":{"@type":"ImageObject","inLanguage":"pt-BR","@id":"https:\/\/www.notibras.com\/site\/#\/schema\/logo\/image\/","url":"https:\/\/www.notibras.com\/site\/wp-content\/uploads\/2023\/01\/notibras23.png","contentUrl":"https:\/\/www.notibras.com\/site\/wp-content\/uploads\/2023\/01\/notibras23.png","width":350,"height":87,"caption":"Grupo Notibras de Comunica\u00e7\u00e3o"},"image":{"@id":"https:\/\/www.notibras.com\/site\/#\/schema\/logo\/image\/"},"sameAs":["https:\/\/www.facebook.com\/notibras\/","https:\/\/x.com\/Notibras","https:\/\/www.instagram.com\/notibras\/"]},{"@type":"Person","@id":"https:\/\/www.notibras.com\/site\/#\/schema\/person\/36ab0979449956132d3e5b517ea76ac8","name":"Reda\u00e7\u00e3o","image":{"@type":"ImageObject","inLanguage":"pt-BR","@id":"https:\/\/secure.gravatar.com\/avatar\/e0a867bdedb85fd243eadf09663511f96fc81e0720a4a42581f334ad4303aa6b?s=96&d=mm&r=g","url":"https:\/\/secure.gravatar.com\/avatar\/e0a867bdedb85fd243eadf09663511f96fc81e0720a4a42581f334ad4303aa6b?s=96&d=mm&r=g","contentUrl":"https:\/\/secure.gravatar.com\/avatar\/e0a867bdedb85fd243eadf09663511f96fc81e0720a4a42581f334ad4303aa6b?s=96&d=mm&r=g","caption":"Reda\u00e7\u00e3o"}}]}},"amp_enabled":true,"_links":{"self":[{"href":"https:\/\/www.notibras.com\/site\/wp-json\/wp\/v2\/posts\/378306","targetHints":{"allow":["GET"]}}],"collection":[{"href":"https:\/\/www.notibras.com\/site\/wp-json\/wp\/v2\/posts"}],"about":[{"href":"https:\/\/www.notibras.com\/site\/wp-json\/wp\/v2\/types\/post"}],"author":[{"embeddable":true,"href":"https:\/\/www.notibras.com\/site\/wp-json\/wp\/v2\/users\/2"}],"replies":[{"embeddable":true,"href":"https:\/\/www.notibras.com\/site\/wp-json\/wp\/v2\/comments?post=378306"}],"version-history":[{"count":1,"href":"https:\/\/www.notibras.com\/site\/wp-json\/wp\/v2\/posts\/378306\/revisions"}],"predecessor-version":[{"id":378307,"href":"https:\/\/www.notibras.com\/site\/wp-json\/wp\/v2\/posts\/378306\/revisions\/378307"}],"wp:featuredmedia":[{"embeddable":true,"href":"https:\/\/www.notibras.com\/site\/wp-json\/wp\/v2\/media\/300749"}],"wp:attachment":[{"href":"https:\/\/www.notibras.com\/site\/wp-json\/wp\/v2\/media?parent=378306"}],"wp:term":[{"taxonomy":"category","embeddable":true,"href":"https:\/\/www.notibras.com\/site\/wp-json\/wp\/v2\/categories?post=378306"},{"taxonomy":"post_tag","embeddable":true,"href":"https:\/\/www.notibras.com\/site\/wp-json\/wp\/v2\/tags?post=378306"}],"curies":[{"name":"wp","href":"https:\/\/api.w.org\/{rel}","templated":true}]}}