{"id":378308,"date":"2026-01-09T07:40:15","date_gmt":"2026-01-09T10:40:15","guid":{"rendered":"https:\/\/www.notibras.com\/site\/?p=378308"},"modified":"2026-01-09T07:40:15","modified_gmt":"2026-01-09T10:40:15","slug":"ocupado-com-maioria-na-camara-trump-deixara-brasil-livre-para-o-lula-4","status":"publish","type":"post","link":"https:\/\/www.notibras.com\/site\/ocupado-com-maioria-na-camara-trump-deixara-brasil-livre-para-o-lula-4\/","title":{"rendered":"Ocupado com maioria na C\u00e2mara, Trump deixar\u00e1 Brasil livre para o Lula 4"},"content":{"rendered":"<p>Depois da ardilosa invas\u00e3o \u00e0 Venezuela, do tes\u00e3o recolhido pela Groel\u00e2ndia, dos suspiros contra a col\u00f4mbia e do sonho incubado de tomar Cuba, o furor de Donald Trump, o novo dono do mundo, por novas ocupa\u00e7\u00f5es dos Estados Unidos no lado pobre das Am\u00e9ricas, incluindo eventuais interfer\u00eancias nas elei\u00e7\u00f5es presidenciais do Brasil, deve ficar para depois. Sin\u00f4nimo de mais tarde ou nunca mais, o depois quer dizer elei\u00e7\u00f5es para renova\u00e7\u00e3o do dividido e poderoso Congresso dos EUA.<\/p>\n<p>Dividido, mas bem mais s\u00e9rio do que as duas casas do nosso Legislativo, nas quais, se cada um soubesse o que o outro faz dentro de quatro paredes, nenhum dos 584 \u201crepresentantes\u201d do povo se cumprimentava. Detalhes irrelevantes diante das oito elei\u00e7\u00f5es gerais, regionais e parlamentares que devem moldar a pol\u00edtica mundial em 2026. Al\u00e9m dos EUA, ocorrer\u00e3o elei\u00e7\u00f5es presidenciais na Hungria, no Brasil, em Israel, Peru, Col\u00f4mbia e Bangladesh, al\u00e9m das estaduais na Alemanha (estaduais).<\/p>\n<p>Obviamente que a principal delas \u00e9 o pleito legislativo norte-americano, marcado para 3 de novembro, uma semana ap\u00f3s o segundo turno das elei\u00e7\u00f5es presidenciais brasileiras. Na Am\u00e9rica do Sul, os pais de santo prometem se unir contra o caboclo republicano. Ciente disso, com a popularidade em baixa e a infla\u00e7\u00e3o local em alta, Trump ter\u00e1 de trabalhar duro para evitar que os democratas conquistem a maioria na C\u00e2mara e acabem com seu mandato maquiav\u00e9lico. Dos 435 assentos da C\u00e2mara de Representa\u00e7\u00e3o, a oposi\u00e7\u00e3o ao presidente republicano precisa somente de mais tr\u00eas cadeiras para obrigar o mo\u00e7o do topete amarelo a dan\u00e7ar conforme o novo ritmo.<\/p>\n<p>Considerando que, historicamente, o partido do presidente perde cadeiras ap\u00f3s sua vit\u00f3ria, Donald Trump precisa aprender rapidamente o passinho dos descolados, sob pena de perder de vez o rebolado que come\u00e7ou a aprender com o ditador Nicol\u00e1s Maduro. Com a maioria, os legisladores da C\u00e2mara ter\u00e3o o poder de bloquear efetivamente a agenda pol\u00edtica de Trump e at\u00e9 requerer o impeachment do l\u00edder republicano. Das oito elei\u00e7\u00f5es presidenciais deste ano, o mandat\u00e1rio brasileiro Luiz In\u00e1cio Lula da Silva e seus colegas Benjamin Netanyahu (Israel) e Viktor Orban (Hungria) tentar\u00e3o manter nas urnas uma question\u00e1vel longevidade pol\u00edtica.<\/p>\n<p>A necessidade de ganhar votos nos 50 estados americanos deve dificultar o presidente dos EUA na tarefa de impedir os votos que provavelmente garantir\u00e3o a quarta elei\u00e7\u00e3o de Lula e as eventuais derrotas de Netanyahu e Orban. Por enquanto, Luiz In\u00e1cio n\u00e3o tem advers\u00e1rio sacramentado. Embora com n\u00fameros positivos bem abaixo dos recordes registrados no fim dos anos 2000, Lula aparece em todas as pesquisas eleitorais como o candidato com maiores chances de vencer tanto no primeiro quanto no segundo turno.<\/p>\n<p>Com Jair Bolsonaro recolhido \u00e0s quatro linhas prisionais ap\u00f3s a condena\u00e7\u00e3o por tentativa de golpe, a direita brasileira continua indefinida entre o governador de S\u00e3o Paulo, Tarc\u00edsio de Freitas, e o senador Fl\u00e1vio Bolsonaro, filho mais velho de Jair Messias. Com Trump internamente enrolado at\u00e9 o \u00faltimo fio de cabelo e Bolsonaro preso, resta \u00e0 direita bater tambor tr\u00eas vezes ao dia para tentar frear os rodopios da entidade que embala Luiz In\u00e1cio rumo ao Lula 4.<\/p>\n<p>&#8230;&#8230;&#8230;..<\/p>\n<p><strong>Misael Igreja \u00e9 analista de Notibras para assuntos pol\u00edticos, econ\u00f4micos e sociais<\/strong><\/p>\n","protected":false},"excerpt":{"rendered":"<p>Depois da ardilosa invas\u00e3o \u00e0 Venezuela, do tes\u00e3o recolhido pela Groel\u00e2ndia, dos suspiros contra a col\u00f4mbia e do sonho incubado de tomar Cuba, o furor de Donald Trump, o novo dono do mundo, por novas ocupa\u00e7\u00f5es dos Estados Unidos no lado pobre das Am\u00e9ricas, incluindo eventuais interfer\u00eancias nas elei\u00e7\u00f5es presidenciais do Brasil, deve ficar para [&hellip;]<\/p>\n","protected":false},"author":2,"featured_media":368445,"comment_status":"closed","ping_status":"closed","sticky":false,"template":"","format":"standard","meta":{"_acf_changed":false,"footnotes":""},"categories":[16],"tags":[],"class_list":["post-378308","post","type-post","status-publish","format-standard","has-post-thumbnail","hentry","category-brasil"],"acf":[],"yoast_head":"<!-- This site is optimized with the Yoast SEO plugin v27.2 - https:\/\/yoast.com\/product\/yoast-seo-wordpress\/ -->\n<title>Ocupado com maioria na C\u00e2mara, Trump deixar\u00e1 Brasil livre para o Lula 4 - Notibras<\/title>\n<meta name=\"robots\" content=\"index, follow, max-snippet:-1, max-image-preview:large, max-video-preview:-1\" \/>\n<link rel=\"canonical\" href=\"https:\/\/www.notibras.com\/site\/ocupado-com-maioria-na-camara-trump-deixara-brasil-livre-para-o-lula-4\/\" \/>\n<meta property=\"og:locale\" content=\"pt_BR\" \/>\n<meta property=\"og:type\" content=\"article\" \/>\n<meta property=\"og:title\" content=\"Ocupado com maioria na C\u00e2mara, Trump deixar\u00e1 Brasil livre para o Lula 4 - Notibras\" \/>\n<meta property=\"og:description\" content=\"Depois da ardilosa invas\u00e3o \u00e0 Venezuela, do tes\u00e3o recolhido pela Groel\u00e2ndia, dos suspiros contra a col\u00f4mbia e do sonho incubado de tomar Cuba, o furor de Donald Trump, o novo dono do mundo, por novas ocupa\u00e7\u00f5es dos Estados Unidos no lado pobre das Am\u00e9ricas, incluindo eventuais interfer\u00eancias nas elei\u00e7\u00f5es presidenciais do Brasil, deve ficar para [&hellip;]\" \/>\n<meta property=\"og:url\" content=\"https:\/\/www.notibras.com\/site\/ocupado-com-maioria-na-camara-trump-deixara-brasil-livre-para-o-lula-4\/\" \/>\n<meta property=\"og:site_name\" content=\"Notibras\" \/>\n<meta property=\"article:publisher\" content=\"https:\/\/www.facebook.com\/notibras\/\" \/>\n<meta property=\"article:published_time\" content=\"2026-01-09T10:40:15+00:00\" \/>\n<meta name=\"author\" content=\"Reda\u00e7\u00e3o\" \/>\n<meta name=\"twitter:card\" content=\"summary_large_image\" \/>\n<meta name=\"twitter:creator\" content=\"@Notibras\" \/>\n<meta name=\"twitter:site\" content=\"@Notibras\" \/>\n<meta name=\"twitter:label1\" content=\"Escrito por\" \/>\n\t<meta name=\"twitter:data1\" content=\"Reda\u00e7\u00e3o\" \/>\n\t<meta name=\"twitter:label2\" content=\"Est. tempo de leitura\" \/>\n\t<meta name=\"twitter:data2\" content=\"3 minutos\" \/>\n<script type=\"application\/ld+json\" class=\"yoast-schema-graph\">{\"@context\":\"https:\/\/schema.org\",\"@graph\":[{\"@type\":\"Article\",\"@id\":\"https:\/\/www.notibras.com\/site\/ocupado-com-maioria-na-camara-trump-deixara-brasil-livre-para-o-lula-4\/#article\",\"isPartOf\":{\"@id\":\"https:\/\/www.notibras.com\/site\/ocupado-com-maioria-na-camara-trump-deixara-brasil-livre-para-o-lula-4\/\"},\"author\":{\"name\":\"Reda\u00e7\u00e3o\",\"@id\":\"https:\/\/www.notibras.com\/site\/#\/schema\/person\/36ab0979449956132d3e5b517ea76ac8\"},\"headline\":\"Ocupado com maioria na C\u00e2mara, Trump deixar\u00e1 Brasil livre para o Lula 4\",\"datePublished\":\"2026-01-09T10:40:15+00:00\",\"mainEntityOfPage\":{\"@id\":\"https:\/\/www.notibras.com\/site\/ocupado-com-maioria-na-camara-trump-deixara-brasil-livre-para-o-lula-4\/\"},\"wordCount\":586,\"publisher\":{\"@id\":\"https:\/\/www.notibras.com\/site\/#organization\"},\"image\":{\"@id\":\"https:\/\/www.notibras.com\/site\/ocupado-com-maioria-na-camara-trump-deixara-brasil-livre-para-o-lula-4\/#primaryimage\"},\"thumbnailUrl\":\"https:\/\/www.notibras.com\/site\/wp-content\/uploads\/2025\/10\/trump.lula_.malasia.avif\",\"articleSection\":[\"Brasil\"],\"inLanguage\":\"pt-BR\"},{\"@type\":\"WebPage\",\"@id\":\"https:\/\/www.notibras.com\/site\/ocupado-com-maioria-na-camara-trump-deixara-brasil-livre-para-o-lula-4\/\",\"url\":\"https:\/\/www.notibras.com\/site\/ocupado-com-maioria-na-camara-trump-deixara-brasil-livre-para-o-lula-4\/\",\"name\":\"Ocupado com maioria na C\u00e2mara, Trump deixar\u00e1 Brasil livre para o Lula 4 - Notibras\",\"isPartOf\":{\"@id\":\"https:\/\/www.notibras.com\/site\/#website\"},\"primaryImageOfPage\":{\"@id\":\"https:\/\/www.notibras.com\/site\/ocupado-com-maioria-na-camara-trump-deixara-brasil-livre-para-o-lula-4\/#primaryimage\"},\"image\":{\"@id\":\"https:\/\/www.notibras.com\/site\/ocupado-com-maioria-na-camara-trump-deixara-brasil-livre-para-o-lula-4\/#primaryimage\"},\"thumbnailUrl\":\"https:\/\/www.notibras.com\/site\/wp-content\/uploads\/2025\/10\/trump.lula_.malasia.avif\",\"datePublished\":\"2026-01-09T10:40:15+00:00\",\"breadcrumb\":{\"@id\":\"https:\/\/www.notibras.com\/site\/ocupado-com-maioria-na-camara-trump-deixara-brasil-livre-para-o-lula-4\/#breadcrumb\"},\"inLanguage\":\"pt-BR\",\"potentialAction\":[{\"@type\":\"ReadAction\",\"target\":[\"https:\/\/www.notibras.com\/site\/ocupado-com-maioria-na-camara-trump-deixara-brasil-livre-para-o-lula-4\/\"]}]},{\"@type\":\"ImageObject\",\"inLanguage\":\"pt-BR\",\"@id\":\"https:\/\/www.notibras.com\/site\/ocupado-com-maioria-na-camara-trump-deixara-brasil-livre-para-o-lula-4\/#primaryimage\",\"url\":\"https:\/\/www.notibras.com\/site\/wp-content\/uploads\/2025\/10\/trump.lula_.malasia.avif\",\"contentUrl\":\"https:\/\/www.notibras.com\/site\/wp-content\/uploads\/2025\/10\/trump.lula_.malasia.avif\",\"width\":984,\"height\":656},{\"@type\":\"BreadcrumbList\",\"@id\":\"https:\/\/www.notibras.com\/site\/ocupado-com-maioria-na-camara-trump-deixara-brasil-livre-para-o-lula-4\/#breadcrumb\",\"itemListElement\":[{\"@type\":\"ListItem\",\"position\":1,\"name\":\"In\u00edcio\",\"item\":\"https:\/\/www.notibras.com\/site\/\"},{\"@type\":\"ListItem\",\"position\":2,\"name\":\"Ocupado com maioria na C\u00e2mara, Trump deixar\u00e1 Brasil livre para o Lula 4\"}]},{\"@type\":\"WebSite\",\"@id\":\"https:\/\/www.notibras.com\/site\/#website\",\"url\":\"https:\/\/www.notibras.com\/site\/\",\"name\":\"Notibras\",\"description\":\"Not\u00edcias de Bras\u00edlia, do Brasil e do Mundo\",\"publisher\":{\"@id\":\"https:\/\/www.notibras.com\/site\/#organization\"},\"potentialAction\":[{\"@type\":\"SearchAction\",\"target\":{\"@type\":\"EntryPoint\",\"urlTemplate\":\"https:\/\/www.notibras.com\/site\/?s={search_term_string}\"},\"query-input\":{\"@type\":\"PropertyValueSpecification\",\"valueRequired\":true,\"valueName\":\"search_term_string\"}}],\"inLanguage\":\"pt-BR\"},{\"@type\":\"Organization\",\"@id\":\"https:\/\/www.notibras.com\/site\/#organization\",\"name\":\"Grupo Notibras de Comunica\u00e7\u00e3o\",\"url\":\"https:\/\/www.notibras.com\/site\/\",\"logo\":{\"@type\":\"ImageObject\",\"inLanguage\":\"pt-BR\",\"@id\":\"https:\/\/www.notibras.com\/site\/#\/schema\/logo\/image\/\",\"url\":\"https:\/\/www.notibras.com\/site\/wp-content\/uploads\/2023\/01\/notibras23.png\",\"contentUrl\":\"https:\/\/www.notibras.com\/site\/wp-content\/uploads\/2023\/01\/notibras23.png\",\"width\":350,\"height\":87,\"caption\":\"Grupo Notibras de Comunica\u00e7\u00e3o\"},\"image\":{\"@id\":\"https:\/\/www.notibras.com\/site\/#\/schema\/logo\/image\/\"},\"sameAs\":[\"https:\/\/www.facebook.com\/notibras\/\",\"https:\/\/x.com\/Notibras\",\"https:\/\/www.instagram.com\/notibras\/\"]},{\"@type\":\"Person\",\"@id\":\"https:\/\/www.notibras.com\/site\/#\/schema\/person\/36ab0979449956132d3e5b517ea76ac8\",\"name\":\"Reda\u00e7\u00e3o\",\"image\":{\"@type\":\"ImageObject\",\"inLanguage\":\"pt-BR\",\"@id\":\"https:\/\/secure.gravatar.com\/avatar\/e0a867bdedb85fd243eadf09663511f96fc81e0720a4a42581f334ad4303aa6b?s=96&d=mm&r=g\",\"url\":\"https:\/\/secure.gravatar.com\/avatar\/e0a867bdedb85fd243eadf09663511f96fc81e0720a4a42581f334ad4303aa6b?s=96&d=mm&r=g\",\"contentUrl\":\"https:\/\/secure.gravatar.com\/avatar\/e0a867bdedb85fd243eadf09663511f96fc81e0720a4a42581f334ad4303aa6b?s=96&d=mm&r=g\",\"caption\":\"Reda\u00e7\u00e3o\"}}]}<\/script>\n<!-- \/ Yoast SEO plugin. -->","yoast_head_json":{"title":"Ocupado com maioria na C\u00e2mara, Trump deixar\u00e1 Brasil livre para o Lula 4 - Notibras","robots":{"index":"index","follow":"follow","max-snippet":"max-snippet:-1","max-image-preview":"max-image-preview:large","max-video-preview":"max-video-preview:-1"},"canonical":"https:\/\/www.notibras.com\/site\/ocupado-com-maioria-na-camara-trump-deixara-brasil-livre-para-o-lula-4\/","og_locale":"pt_BR","og_type":"article","og_title":"Ocupado com maioria na C\u00e2mara, Trump deixar\u00e1 Brasil livre para o Lula 4 - Notibras","og_description":"Depois da ardilosa invas\u00e3o \u00e0 Venezuela, do tes\u00e3o recolhido pela Groel\u00e2ndia, dos suspiros contra a col\u00f4mbia e do sonho incubado de tomar Cuba, o furor de Donald Trump, o novo dono do mundo, por novas ocupa\u00e7\u00f5es dos Estados Unidos no lado pobre das Am\u00e9ricas, incluindo eventuais interfer\u00eancias nas elei\u00e7\u00f5es presidenciais do Brasil, deve ficar para [&hellip;]","og_url":"https:\/\/www.notibras.com\/site\/ocupado-com-maioria-na-camara-trump-deixara-brasil-livre-para-o-lula-4\/","og_site_name":"Notibras","article_publisher":"https:\/\/www.facebook.com\/notibras\/","article_published_time":"2026-01-09T10:40:15+00:00","author":"Reda\u00e7\u00e3o","twitter_card":"summary_large_image","twitter_creator":"@Notibras","twitter_site":"@Notibras","twitter_misc":{"Escrito por":"Reda\u00e7\u00e3o","Est. tempo de leitura":"3 minutos"},"schema":{"@context":"https:\/\/schema.org","@graph":[{"@type":"Article","@id":"https:\/\/www.notibras.com\/site\/ocupado-com-maioria-na-camara-trump-deixara-brasil-livre-para-o-lula-4\/#article","isPartOf":{"@id":"https:\/\/www.notibras.com\/site\/ocupado-com-maioria-na-camara-trump-deixara-brasil-livre-para-o-lula-4\/"},"author":{"name":"Reda\u00e7\u00e3o","@id":"https:\/\/www.notibras.com\/site\/#\/schema\/person\/36ab0979449956132d3e5b517ea76ac8"},"headline":"Ocupado com maioria na C\u00e2mara, Trump deixar\u00e1 Brasil livre para o Lula 4","datePublished":"2026-01-09T10:40:15+00:00","mainEntityOfPage":{"@id":"https:\/\/www.notibras.com\/site\/ocupado-com-maioria-na-camara-trump-deixara-brasil-livre-para-o-lula-4\/"},"wordCount":586,"publisher":{"@id":"https:\/\/www.notibras.com\/site\/#organization"},"image":{"@id":"https:\/\/www.notibras.com\/site\/ocupado-com-maioria-na-camara-trump-deixara-brasil-livre-para-o-lula-4\/#primaryimage"},"thumbnailUrl":"https:\/\/www.notibras.com\/site\/wp-content\/uploads\/2025\/10\/trump.lula_.malasia.avif","articleSection":["Brasil"],"inLanguage":"pt-BR"},{"@type":"WebPage","@id":"https:\/\/www.notibras.com\/site\/ocupado-com-maioria-na-camara-trump-deixara-brasil-livre-para-o-lula-4\/","url":"https:\/\/www.notibras.com\/site\/ocupado-com-maioria-na-camara-trump-deixara-brasil-livre-para-o-lula-4\/","name":"Ocupado com maioria na C\u00e2mara, Trump deixar\u00e1 Brasil livre para o Lula 4 - Notibras","isPartOf":{"@id":"https:\/\/www.notibras.com\/site\/#website"},"primaryImageOfPage":{"@id":"https:\/\/www.notibras.com\/site\/ocupado-com-maioria-na-camara-trump-deixara-brasil-livre-para-o-lula-4\/#primaryimage"},"image":{"@id":"https:\/\/www.notibras.com\/site\/ocupado-com-maioria-na-camara-trump-deixara-brasil-livre-para-o-lula-4\/#primaryimage"},"thumbnailUrl":"https:\/\/www.notibras.com\/site\/wp-content\/uploads\/2025\/10\/trump.lula_.malasia.avif","datePublished":"2026-01-09T10:40:15+00:00","breadcrumb":{"@id":"https:\/\/www.notibras.com\/site\/ocupado-com-maioria-na-camara-trump-deixara-brasil-livre-para-o-lula-4\/#breadcrumb"},"inLanguage":"pt-BR","potentialAction":[{"@type":"ReadAction","target":["https:\/\/www.notibras.com\/site\/ocupado-com-maioria-na-camara-trump-deixara-brasil-livre-para-o-lula-4\/"]}]},{"@type":"ImageObject","inLanguage":"pt-BR","@id":"https:\/\/www.notibras.com\/site\/ocupado-com-maioria-na-camara-trump-deixara-brasil-livre-para-o-lula-4\/#primaryimage","url":"https:\/\/www.notibras.com\/site\/wp-content\/uploads\/2025\/10\/trump.lula_.malasia.avif","contentUrl":"https:\/\/www.notibras.com\/site\/wp-content\/uploads\/2025\/10\/trump.lula_.malasia.avif","width":984,"height":656},{"@type":"BreadcrumbList","@id":"https:\/\/www.notibras.com\/site\/ocupado-com-maioria-na-camara-trump-deixara-brasil-livre-para-o-lula-4\/#breadcrumb","itemListElement":[{"@type":"ListItem","position":1,"name":"In\u00edcio","item":"https:\/\/www.notibras.com\/site\/"},{"@type":"ListItem","position":2,"name":"Ocupado com maioria na C\u00e2mara, Trump deixar\u00e1 Brasil livre para o Lula 4"}]},{"@type":"WebSite","@id":"https:\/\/www.notibras.com\/site\/#website","url":"https:\/\/www.notibras.com\/site\/","name":"Notibras","description":"Not\u00edcias de Bras\u00edlia, do Brasil e do Mundo","publisher":{"@id":"https:\/\/www.notibras.com\/site\/#organization"},"potentialAction":[{"@type":"SearchAction","target":{"@type":"EntryPoint","urlTemplate":"https:\/\/www.notibras.com\/site\/?s={search_term_string}"},"query-input":{"@type":"PropertyValueSpecification","valueRequired":true,"valueName":"search_term_string"}}],"inLanguage":"pt-BR"},{"@type":"Organization","@id":"https:\/\/www.notibras.com\/site\/#organization","name":"Grupo Notibras de Comunica\u00e7\u00e3o","url":"https:\/\/www.notibras.com\/site\/","logo":{"@type":"ImageObject","inLanguage":"pt-BR","@id":"https:\/\/www.notibras.com\/site\/#\/schema\/logo\/image\/","url":"https:\/\/www.notibras.com\/site\/wp-content\/uploads\/2023\/01\/notibras23.png","contentUrl":"https:\/\/www.notibras.com\/site\/wp-content\/uploads\/2023\/01\/notibras23.png","width":350,"height":87,"caption":"Grupo Notibras de Comunica\u00e7\u00e3o"},"image":{"@id":"https:\/\/www.notibras.com\/site\/#\/schema\/logo\/image\/"},"sameAs":["https:\/\/www.facebook.com\/notibras\/","https:\/\/x.com\/Notibras","https:\/\/www.instagram.com\/notibras\/"]},{"@type":"Person","@id":"https:\/\/www.notibras.com\/site\/#\/schema\/person\/36ab0979449956132d3e5b517ea76ac8","name":"Reda\u00e7\u00e3o","image":{"@type":"ImageObject","inLanguage":"pt-BR","@id":"https:\/\/secure.gravatar.com\/avatar\/e0a867bdedb85fd243eadf09663511f96fc81e0720a4a42581f334ad4303aa6b?s=96&d=mm&r=g","url":"https:\/\/secure.gravatar.com\/avatar\/e0a867bdedb85fd243eadf09663511f96fc81e0720a4a42581f334ad4303aa6b?s=96&d=mm&r=g","contentUrl":"https:\/\/secure.gravatar.com\/avatar\/e0a867bdedb85fd243eadf09663511f96fc81e0720a4a42581f334ad4303aa6b?s=96&d=mm&r=g","caption":"Reda\u00e7\u00e3o"}}]}},"amp_enabled":true,"_links":{"self":[{"href":"https:\/\/www.notibras.com\/site\/wp-json\/wp\/v2\/posts\/378308","targetHints":{"allow":["GET"]}}],"collection":[{"href":"https:\/\/www.notibras.com\/site\/wp-json\/wp\/v2\/posts"}],"about":[{"href":"https:\/\/www.notibras.com\/site\/wp-json\/wp\/v2\/types\/post"}],"author":[{"embeddable":true,"href":"https:\/\/www.notibras.com\/site\/wp-json\/wp\/v2\/users\/2"}],"replies":[{"embeddable":true,"href":"https:\/\/www.notibras.com\/site\/wp-json\/wp\/v2\/comments?post=378308"}],"version-history":[{"count":1,"href":"https:\/\/www.notibras.com\/site\/wp-json\/wp\/v2\/posts\/378308\/revisions"}],"predecessor-version":[{"id":378309,"href":"https:\/\/www.notibras.com\/site\/wp-json\/wp\/v2\/posts\/378308\/revisions\/378309"}],"wp:featuredmedia":[{"embeddable":true,"href":"https:\/\/www.notibras.com\/site\/wp-json\/wp\/v2\/media\/368445"}],"wp:attachment":[{"href":"https:\/\/www.notibras.com\/site\/wp-json\/wp\/v2\/media?parent=378308"}],"wp:term":[{"taxonomy":"category","embeddable":true,"href":"https:\/\/www.notibras.com\/site\/wp-json\/wp\/v2\/categories?post=378308"},{"taxonomy":"post_tag","embeddable":true,"href":"https:\/\/www.notibras.com\/site\/wp-json\/wp\/v2\/tags?post=378308"}],"curies":[{"name":"wp","href":"https:\/\/api.w.org\/{rel}","templated":true}]}}