{"id":378313,"date":"2026-01-09T00:00:00","date_gmt":"2026-01-09T03:00:00","guid":{"rendered":"https:\/\/www.notibras.com\/site\/?p=378313"},"modified":"2026-01-09T07:50:25","modified_gmt":"2026-01-09T10:50:25","slug":"infogripe-revela-queda-nos-casos-de-sindrome-respiratoria-grave","status":"publish","type":"post","link":"https:\/\/www.notibras.com\/site\/infogripe-revela-queda-nos-casos-de-sindrome-respiratoria-grave\/","title":{"rendered":"Infogripe revela queda nos casos de S\u00edndrome Respirat\u00f3ria Grave"},"content":{"rendered":"<p>O primeiro boletim InfoGripe de 2026, publicado pela Funda\u00e7\u00e3o Oswaldo Cruz (Fiocruz) nesta quinta-feira (8), indica que o n\u00famero de casos de S\u00edndrome Respirat\u00f3ria Aguda Grave (SRAG), a n\u00edvel nacional, apresenta sinal de queda nas tend\u00eancias de longo e de curto prazo e n\u00e3o h\u00e1, em quase todos os estados e capitais, incid\u00eancia em n\u00edvel de alerta, risco ou alto risco. Durante o ano de 2025, 13.678 pessoas morreram no pa\u00eds por S\u00edndrome Respirat\u00f3ria Grave.<\/p>\n<p>Nas \u00faltimas oito semanas, a incid\u00eancia e a mortalidade semanais m\u00e9dias mant\u00eam o padr\u00e3o caracter\u00edstico de maior impacto nos extremos das faixas et\u00e1rias analisadas.<\/p>\n<p>A incid\u00eancia de SRAG \u00e9 mais elevada entre as crian\u00e7as pequenas, enquanto a mortalidade se concentra principalmente nos idosos.<\/p>\n<p>Em rela\u00e7\u00e3o aos demais v\u00edrus com circula\u00e7\u00e3o relevante no pa\u00eds, o impacto nos casos de SRAG tem se concentrado entre as crian\u00e7as e est\u00e1 associado principalmente ao rinov\u00edrus e ao metapneumov\u00edrus. Por se tratar de um cen\u00e1rio que inclui as quatro \u00faltimas semanas epidemiol\u00f3gicas, a incid\u00eancia e mortalidade est\u00e3o sujeitas a altera\u00e7\u00f5es.<\/p>\n<p><strong>Mortes<\/strong><br \/>\nEm 2025, foram notificados 13.678 \u00f3bitos de SRAG, sendo 6.889 (50,4%) com resultado laboratorial positivo para algum v\u00edrus respirat\u00f3rio, 5.524 (40,4%) negativos e ao menos 222 (1,6%) aguardando resultado laboratorial.<\/p>\n<p>Dentre os \u00f3bitos positivos, observou-se que 47,8% s\u00e3o de influenza A, 1,8% de influenza B, 10,8% de v\u00edrus sincicial respirat\u00f3rio, 14,9% de rinov\u00edrus e 24,7% de Sars-CoV-2 (Covid-19).<\/p>\n<p>A an\u00e1lise abrange a Semana Epidemiol\u00f3gica 53, no per\u00edodo de 28 de dezembro de 2025 a 3 de janeiro de 2026.<\/p>\n","protected":false},"excerpt":{"rendered":"<p>O primeiro boletim InfoGripe de 2026, publicado pela Funda\u00e7\u00e3o Oswaldo Cruz (Fiocruz) nesta quinta-feira (8), indica que o n\u00famero de casos de S\u00edndrome Respirat\u00f3ria Aguda Grave (SRAG), a n\u00edvel nacional, apresenta sinal de queda nas tend\u00eancias de longo e de curto prazo e n\u00e3o h\u00e1, em quase todos os estados e capitais, incid\u00eancia em n\u00edvel [&hellip;]<\/p>\n","protected":false},"author":2,"featured_media":378314,"comment_status":"closed","ping_status":"closed","sticky":false,"template":"","format":"standard","meta":{"_acf_changed":false,"footnotes":""},"categories":[16],"tags":[],"class_list":["post-378313","post","type-post","status-publish","format-standard","has-post-thumbnail","hentry","category-brasil"],"acf":[],"yoast_head":"<!-- This site is optimized with the Yoast SEO plugin v27.2 - https:\/\/yoast.com\/product\/yoast-seo-wordpress\/ -->\n<title>Infogripe revela queda nos casos de S\u00edndrome Respirat\u00f3ria Grave - Notibras<\/title>\n<meta name=\"robots\" content=\"index, follow, max-snippet:-1, max-image-preview:large, max-video-preview:-1\" \/>\n<link rel=\"canonical\" href=\"https:\/\/www.notibras.com\/site\/infogripe-revela-queda-nos-casos-de-sindrome-respiratoria-grave\/\" \/>\n<meta property=\"og:locale\" content=\"pt_BR\" \/>\n<meta property=\"og:type\" content=\"article\" \/>\n<meta property=\"og:title\" content=\"Infogripe revela queda nos casos de S\u00edndrome Respirat\u00f3ria Grave - Notibras\" \/>\n<meta property=\"og:description\" content=\"O primeiro boletim InfoGripe de 2026, publicado pela Funda\u00e7\u00e3o Oswaldo Cruz (Fiocruz) nesta quinta-feira (8), indica que o n\u00famero de casos de S\u00edndrome Respirat\u00f3ria Aguda Grave (SRAG), a n\u00edvel nacional, apresenta sinal de queda nas tend\u00eancias de longo e de curto prazo e n\u00e3o h\u00e1, em quase todos os estados e capitais, incid\u00eancia em n\u00edvel [&hellip;]\" \/>\n<meta property=\"og:url\" content=\"https:\/\/www.notibras.com\/site\/infogripe-revela-queda-nos-casos-de-sindrome-respiratoria-grave\/\" \/>\n<meta property=\"og:site_name\" content=\"Notibras\" \/>\n<meta property=\"article:publisher\" content=\"https:\/\/www.facebook.com\/notibras\/\" \/>\n<meta property=\"article:published_time\" content=\"2026-01-09T03:00:00+00:00\" \/>\n<meta property=\"article:modified_time\" content=\"2026-01-09T10:50:25+00:00\" \/>\n<meta property=\"og:image\" content=\"https:\/\/www.notibras.com\/site\/wp-content\/uploads\/2026\/01\/dsc8071.webp\" \/>\n\t<meta property=\"og:image:width\" content=\"1170\" \/>\n\t<meta property=\"og:image:height\" content=\"700\" \/>\n\t<meta property=\"og:image:type\" content=\"image\/webp\" \/>\n<meta name=\"author\" content=\"Reda\u00e7\u00e3o\" \/>\n<meta name=\"twitter:card\" content=\"summary_large_image\" \/>\n<meta name=\"twitter:creator\" content=\"@Notibras\" \/>\n<meta name=\"twitter:site\" content=\"@Notibras\" \/>\n<meta name=\"twitter:label1\" content=\"Escrito por\" \/>\n\t<meta name=\"twitter:data1\" content=\"Reda\u00e7\u00e3o\" \/>\n\t<meta name=\"twitter:label2\" content=\"Est. tempo de leitura\" \/>\n\t<meta name=\"twitter:data2\" content=\"2 minutos\" \/>\n<script type=\"application\/ld+json\" class=\"yoast-schema-graph\">{\"@context\":\"https:\/\/schema.org\",\"@graph\":[{\"@type\":\"Article\",\"@id\":\"https:\/\/www.notibras.com\/site\/infogripe-revela-queda-nos-casos-de-sindrome-respiratoria-grave\/#article\",\"isPartOf\":{\"@id\":\"https:\/\/www.notibras.com\/site\/infogripe-revela-queda-nos-casos-de-sindrome-respiratoria-grave\/\"},\"author\":{\"name\":\"Reda\u00e7\u00e3o\",\"@id\":\"https:\/\/www.notibras.com\/site\/#\/schema\/person\/36ab0979449956132d3e5b517ea76ac8\"},\"headline\":\"Infogripe revela queda nos casos de S\u00edndrome Respirat\u00f3ria Grave\",\"datePublished\":\"2026-01-09T03:00:00+00:00\",\"dateModified\":\"2026-01-09T10:50:25+00:00\",\"mainEntityOfPage\":{\"@id\":\"https:\/\/www.notibras.com\/site\/infogripe-revela-queda-nos-casos-de-sindrome-respiratoria-grave\/\"},\"wordCount\":279,\"publisher\":{\"@id\":\"https:\/\/www.notibras.com\/site\/#organization\"},\"image\":{\"@id\":\"https:\/\/www.notibras.com\/site\/infogripe-revela-queda-nos-casos-de-sindrome-respiratoria-grave\/#primaryimage\"},\"thumbnailUrl\":\"https:\/\/www.notibras.com\/site\/wp-content\/uploads\/2026\/01\/dsc8071.webp\",\"articleSection\":[\"Brasil\"],\"inLanguage\":\"pt-BR\"},{\"@type\":\"WebPage\",\"@id\":\"https:\/\/www.notibras.com\/site\/infogripe-revela-queda-nos-casos-de-sindrome-respiratoria-grave\/\",\"url\":\"https:\/\/www.notibras.com\/site\/infogripe-revela-queda-nos-casos-de-sindrome-respiratoria-grave\/\",\"name\":\"Infogripe revela queda nos casos de S\u00edndrome Respirat\u00f3ria Grave - Notibras\",\"isPartOf\":{\"@id\":\"https:\/\/www.notibras.com\/site\/#website\"},\"primaryImageOfPage\":{\"@id\":\"https:\/\/www.notibras.com\/site\/infogripe-revela-queda-nos-casos-de-sindrome-respiratoria-grave\/#primaryimage\"},\"image\":{\"@id\":\"https:\/\/www.notibras.com\/site\/infogripe-revela-queda-nos-casos-de-sindrome-respiratoria-grave\/#primaryimage\"},\"thumbnailUrl\":\"https:\/\/www.notibras.com\/site\/wp-content\/uploads\/2026\/01\/dsc8071.webp\",\"datePublished\":\"2026-01-09T03:00:00+00:00\",\"dateModified\":\"2026-01-09T10:50:25+00:00\",\"breadcrumb\":{\"@id\":\"https:\/\/www.notibras.com\/site\/infogripe-revela-queda-nos-casos-de-sindrome-respiratoria-grave\/#breadcrumb\"},\"inLanguage\":\"pt-BR\",\"potentialAction\":[{\"@type\":\"ReadAction\",\"target\":[\"https:\/\/www.notibras.com\/site\/infogripe-revela-queda-nos-casos-de-sindrome-respiratoria-grave\/\"]}]},{\"@type\":\"ImageObject\",\"inLanguage\":\"pt-BR\",\"@id\":\"https:\/\/www.notibras.com\/site\/infogripe-revela-queda-nos-casos-de-sindrome-respiratoria-grave\/#primaryimage\",\"url\":\"https:\/\/www.notibras.com\/site\/wp-content\/uploads\/2026\/01\/dsc8071.webp\",\"contentUrl\":\"https:\/\/www.notibras.com\/site\/wp-content\/uploads\/2026\/01\/dsc8071.webp\",\"width\":1170,\"height\":700},{\"@type\":\"BreadcrumbList\",\"@id\":\"https:\/\/www.notibras.com\/site\/infogripe-revela-queda-nos-casos-de-sindrome-respiratoria-grave\/#breadcrumb\",\"itemListElement\":[{\"@type\":\"ListItem\",\"position\":1,\"name\":\"In\u00edcio\",\"item\":\"https:\/\/www.notibras.com\/site\/\"},{\"@type\":\"ListItem\",\"position\":2,\"name\":\"Infogripe revela queda nos casos de S\u00edndrome Respirat\u00f3ria Grave\"}]},{\"@type\":\"WebSite\",\"@id\":\"https:\/\/www.notibras.com\/site\/#website\",\"url\":\"https:\/\/www.notibras.com\/site\/\",\"name\":\"Notibras\",\"description\":\"Not\u00edcias de Bras\u00edlia, do Brasil e do Mundo\",\"publisher\":{\"@id\":\"https:\/\/www.notibras.com\/site\/#organization\"},\"potentialAction\":[{\"@type\":\"SearchAction\",\"target\":{\"@type\":\"EntryPoint\",\"urlTemplate\":\"https:\/\/www.notibras.com\/site\/?s={search_term_string}\"},\"query-input\":{\"@type\":\"PropertyValueSpecification\",\"valueRequired\":true,\"valueName\":\"search_term_string\"}}],\"inLanguage\":\"pt-BR\"},{\"@type\":\"Organization\",\"@id\":\"https:\/\/www.notibras.com\/site\/#organization\",\"name\":\"Grupo Notibras de Comunica\u00e7\u00e3o\",\"url\":\"https:\/\/www.notibras.com\/site\/\",\"logo\":{\"@type\":\"ImageObject\",\"inLanguage\":\"pt-BR\",\"@id\":\"https:\/\/www.notibras.com\/site\/#\/schema\/logo\/image\/\",\"url\":\"https:\/\/www.notibras.com\/site\/wp-content\/uploads\/2023\/01\/notibras23.png\",\"contentUrl\":\"https:\/\/www.notibras.com\/site\/wp-content\/uploads\/2023\/01\/notibras23.png\",\"width\":350,\"height\":87,\"caption\":\"Grupo Notibras de Comunica\u00e7\u00e3o\"},\"image\":{\"@id\":\"https:\/\/www.notibras.com\/site\/#\/schema\/logo\/image\/\"},\"sameAs\":[\"https:\/\/www.facebook.com\/notibras\/\",\"https:\/\/x.com\/Notibras\",\"https:\/\/www.instagram.com\/notibras\/\"]},{\"@type\":\"Person\",\"@id\":\"https:\/\/www.notibras.com\/site\/#\/schema\/person\/36ab0979449956132d3e5b517ea76ac8\",\"name\":\"Reda\u00e7\u00e3o\",\"image\":{\"@type\":\"ImageObject\",\"inLanguage\":\"pt-BR\",\"@id\":\"https:\/\/secure.gravatar.com\/avatar\/e0a867bdedb85fd243eadf09663511f96fc81e0720a4a42581f334ad4303aa6b?s=96&d=mm&r=g\",\"url\":\"https:\/\/secure.gravatar.com\/avatar\/e0a867bdedb85fd243eadf09663511f96fc81e0720a4a42581f334ad4303aa6b?s=96&d=mm&r=g\",\"contentUrl\":\"https:\/\/secure.gravatar.com\/avatar\/e0a867bdedb85fd243eadf09663511f96fc81e0720a4a42581f334ad4303aa6b?s=96&d=mm&r=g\",\"caption\":\"Reda\u00e7\u00e3o\"}}]}<\/script>\n<!-- \/ Yoast SEO plugin. -->","yoast_head_json":{"title":"Infogripe revela queda nos casos de S\u00edndrome Respirat\u00f3ria Grave - Notibras","robots":{"index":"index","follow":"follow","max-snippet":"max-snippet:-1","max-image-preview":"max-image-preview:large","max-video-preview":"max-video-preview:-1"},"canonical":"https:\/\/www.notibras.com\/site\/infogripe-revela-queda-nos-casos-de-sindrome-respiratoria-grave\/","og_locale":"pt_BR","og_type":"article","og_title":"Infogripe revela queda nos casos de S\u00edndrome Respirat\u00f3ria Grave - Notibras","og_description":"O primeiro boletim InfoGripe de 2026, publicado pela Funda\u00e7\u00e3o Oswaldo Cruz (Fiocruz) nesta quinta-feira (8), indica que o n\u00famero de casos de S\u00edndrome Respirat\u00f3ria Aguda Grave (SRAG), a n\u00edvel nacional, apresenta sinal de queda nas tend\u00eancias de longo e de curto prazo e n\u00e3o h\u00e1, em quase todos os estados e capitais, incid\u00eancia em n\u00edvel [&hellip;]","og_url":"https:\/\/www.notibras.com\/site\/infogripe-revela-queda-nos-casos-de-sindrome-respiratoria-grave\/","og_site_name":"Notibras","article_publisher":"https:\/\/www.facebook.com\/notibras\/","article_published_time":"2026-01-09T03:00:00+00:00","article_modified_time":"2026-01-09T10:50:25+00:00","og_image":[{"width":1170,"height":700,"url":"https:\/\/www.notibras.com\/site\/wp-content\/uploads\/2026\/01\/dsc8071.webp","type":"image\/webp"}],"author":"Reda\u00e7\u00e3o","twitter_card":"summary_large_image","twitter_creator":"@Notibras","twitter_site":"@Notibras","twitter_misc":{"Escrito por":"Reda\u00e7\u00e3o","Est. tempo de leitura":"2 minutos"},"schema":{"@context":"https:\/\/schema.org","@graph":[{"@type":"Article","@id":"https:\/\/www.notibras.com\/site\/infogripe-revela-queda-nos-casos-de-sindrome-respiratoria-grave\/#article","isPartOf":{"@id":"https:\/\/www.notibras.com\/site\/infogripe-revela-queda-nos-casos-de-sindrome-respiratoria-grave\/"},"author":{"name":"Reda\u00e7\u00e3o","@id":"https:\/\/www.notibras.com\/site\/#\/schema\/person\/36ab0979449956132d3e5b517ea76ac8"},"headline":"Infogripe revela queda nos casos de S\u00edndrome Respirat\u00f3ria Grave","datePublished":"2026-01-09T03:00:00+00:00","dateModified":"2026-01-09T10:50:25+00:00","mainEntityOfPage":{"@id":"https:\/\/www.notibras.com\/site\/infogripe-revela-queda-nos-casos-de-sindrome-respiratoria-grave\/"},"wordCount":279,"publisher":{"@id":"https:\/\/www.notibras.com\/site\/#organization"},"image":{"@id":"https:\/\/www.notibras.com\/site\/infogripe-revela-queda-nos-casos-de-sindrome-respiratoria-grave\/#primaryimage"},"thumbnailUrl":"https:\/\/www.notibras.com\/site\/wp-content\/uploads\/2026\/01\/dsc8071.webp","articleSection":["Brasil"],"inLanguage":"pt-BR"},{"@type":"WebPage","@id":"https:\/\/www.notibras.com\/site\/infogripe-revela-queda-nos-casos-de-sindrome-respiratoria-grave\/","url":"https:\/\/www.notibras.com\/site\/infogripe-revela-queda-nos-casos-de-sindrome-respiratoria-grave\/","name":"Infogripe revela queda nos casos de S\u00edndrome Respirat\u00f3ria Grave - Notibras","isPartOf":{"@id":"https:\/\/www.notibras.com\/site\/#website"},"primaryImageOfPage":{"@id":"https:\/\/www.notibras.com\/site\/infogripe-revela-queda-nos-casos-de-sindrome-respiratoria-grave\/#primaryimage"},"image":{"@id":"https:\/\/www.notibras.com\/site\/infogripe-revela-queda-nos-casos-de-sindrome-respiratoria-grave\/#primaryimage"},"thumbnailUrl":"https:\/\/www.notibras.com\/site\/wp-content\/uploads\/2026\/01\/dsc8071.webp","datePublished":"2026-01-09T03:00:00+00:00","dateModified":"2026-01-09T10:50:25+00:00","breadcrumb":{"@id":"https:\/\/www.notibras.com\/site\/infogripe-revela-queda-nos-casos-de-sindrome-respiratoria-grave\/#breadcrumb"},"inLanguage":"pt-BR","potentialAction":[{"@type":"ReadAction","target":["https:\/\/www.notibras.com\/site\/infogripe-revela-queda-nos-casos-de-sindrome-respiratoria-grave\/"]}]},{"@type":"ImageObject","inLanguage":"pt-BR","@id":"https:\/\/www.notibras.com\/site\/infogripe-revela-queda-nos-casos-de-sindrome-respiratoria-grave\/#primaryimage","url":"https:\/\/www.notibras.com\/site\/wp-content\/uploads\/2026\/01\/dsc8071.webp","contentUrl":"https:\/\/www.notibras.com\/site\/wp-content\/uploads\/2026\/01\/dsc8071.webp","width":1170,"height":700},{"@type":"BreadcrumbList","@id":"https:\/\/www.notibras.com\/site\/infogripe-revela-queda-nos-casos-de-sindrome-respiratoria-grave\/#breadcrumb","itemListElement":[{"@type":"ListItem","position":1,"name":"In\u00edcio","item":"https:\/\/www.notibras.com\/site\/"},{"@type":"ListItem","position":2,"name":"Infogripe revela queda nos casos de S\u00edndrome Respirat\u00f3ria Grave"}]},{"@type":"WebSite","@id":"https:\/\/www.notibras.com\/site\/#website","url":"https:\/\/www.notibras.com\/site\/","name":"Notibras","description":"Not\u00edcias de Bras\u00edlia, do Brasil e do Mundo","publisher":{"@id":"https:\/\/www.notibras.com\/site\/#organization"},"potentialAction":[{"@type":"SearchAction","target":{"@type":"EntryPoint","urlTemplate":"https:\/\/www.notibras.com\/site\/?s={search_term_string}"},"query-input":{"@type":"PropertyValueSpecification","valueRequired":true,"valueName":"search_term_string"}}],"inLanguage":"pt-BR"},{"@type":"Organization","@id":"https:\/\/www.notibras.com\/site\/#organization","name":"Grupo Notibras de Comunica\u00e7\u00e3o","url":"https:\/\/www.notibras.com\/site\/","logo":{"@type":"ImageObject","inLanguage":"pt-BR","@id":"https:\/\/www.notibras.com\/site\/#\/schema\/logo\/image\/","url":"https:\/\/www.notibras.com\/site\/wp-content\/uploads\/2023\/01\/notibras23.png","contentUrl":"https:\/\/www.notibras.com\/site\/wp-content\/uploads\/2023\/01\/notibras23.png","width":350,"height":87,"caption":"Grupo Notibras de Comunica\u00e7\u00e3o"},"image":{"@id":"https:\/\/www.notibras.com\/site\/#\/schema\/logo\/image\/"},"sameAs":["https:\/\/www.facebook.com\/notibras\/","https:\/\/x.com\/Notibras","https:\/\/www.instagram.com\/notibras\/"]},{"@type":"Person","@id":"https:\/\/www.notibras.com\/site\/#\/schema\/person\/36ab0979449956132d3e5b517ea76ac8","name":"Reda\u00e7\u00e3o","image":{"@type":"ImageObject","inLanguage":"pt-BR","@id":"https:\/\/secure.gravatar.com\/avatar\/e0a867bdedb85fd243eadf09663511f96fc81e0720a4a42581f334ad4303aa6b?s=96&d=mm&r=g","url":"https:\/\/secure.gravatar.com\/avatar\/e0a867bdedb85fd243eadf09663511f96fc81e0720a4a42581f334ad4303aa6b?s=96&d=mm&r=g","contentUrl":"https:\/\/secure.gravatar.com\/avatar\/e0a867bdedb85fd243eadf09663511f96fc81e0720a4a42581f334ad4303aa6b?s=96&d=mm&r=g","caption":"Reda\u00e7\u00e3o"}}]}},"amp_enabled":true,"_links":{"self":[{"href":"https:\/\/www.notibras.com\/site\/wp-json\/wp\/v2\/posts\/378313","targetHints":{"allow":["GET"]}}],"collection":[{"href":"https:\/\/www.notibras.com\/site\/wp-json\/wp\/v2\/posts"}],"about":[{"href":"https:\/\/www.notibras.com\/site\/wp-json\/wp\/v2\/types\/post"}],"author":[{"embeddable":true,"href":"https:\/\/www.notibras.com\/site\/wp-json\/wp\/v2\/users\/2"}],"replies":[{"embeddable":true,"href":"https:\/\/www.notibras.com\/site\/wp-json\/wp\/v2\/comments?post=378313"}],"version-history":[{"count":1,"href":"https:\/\/www.notibras.com\/site\/wp-json\/wp\/v2\/posts\/378313\/revisions"}],"predecessor-version":[{"id":378315,"href":"https:\/\/www.notibras.com\/site\/wp-json\/wp\/v2\/posts\/378313\/revisions\/378315"}],"wp:featuredmedia":[{"embeddable":true,"href":"https:\/\/www.notibras.com\/site\/wp-json\/wp\/v2\/media\/378314"}],"wp:attachment":[{"href":"https:\/\/www.notibras.com\/site\/wp-json\/wp\/v2\/media?parent=378313"}],"wp:term":[{"taxonomy":"category","embeddable":true,"href":"https:\/\/www.notibras.com\/site\/wp-json\/wp\/v2\/categories?post=378313"},{"taxonomy":"post_tag","embeddable":true,"href":"https:\/\/www.notibras.com\/site\/wp-json\/wp\/v2\/tags?post=378313"}],"curies":[{"name":"wp","href":"https:\/\/api.w.org\/{rel}","templated":true}]}}