{"id":378319,"date":"2026-01-09T06:55:16","date_gmt":"2026-01-09T09:55:16","guid":{"rendered":"https:\/\/www.notibras.com\/site\/?p=378319"},"modified":"2026-01-09T10:26:00","modified_gmt":"2026-01-09T13:26:00","slug":"vivencia-ruptura-choque-e-reinterpretacao-da-democracia","status":"publish","type":"post","link":"https:\/\/www.notibras.com\/site\/vivencia-ruptura-choque-e-reinterpretacao-da-democracia\/","title":{"rendered":"Viv\u00eancia, ruptura, choque e reinterpreta\u00e7\u00e3o da democracia"},"content":{"rendered":"<p>Andar de verde e amarelo n\u00e3o faz de voc\u00ea um patriota muito menos um nacionalista ou guerreiro pela liberdade. O presidente Lula vetou o projeto que reduzia penas de Bolsonaro e condenados pelo 8 de janeiro. O an\u00fancio do veto aconteceu no dia em que os ataques golpistas completaram tr\u00eas anos. Os presidentes da C\u00e2mara e do Senado faltaram \u00e0s cerim\u00f4nias, e o STF realizou seu pr\u00f3prio ato.<\/p>\n<p>No dia 8 de janeiro, o que senti primeiro foi incredulidade. As imagens chegavam em sequ\u00eancia, quase sem tempo para serem assimiladas, e eu custava a reconhecer nelas o pa\u00eds em que vivo. N\u00e3o era apenas a destrui\u00e7\u00e3o f\u00edsica dos pr\u00e9dios p\u00fablicos que me afetava, mas a sensa\u00e7\u00e3o de que algo mais profundo havia sido rompido \u2014 uma esp\u00e9cie de acordo silencioso sobre limites, respeito e conviv\u00eancia democr\u00e1tica.<\/p>\n<p>Acompanhar os acontecimentos provocou um desconforto dif\u00edcil de nomear. Havia indigna\u00e7\u00e3o, mas tamb\u00e9m um sentimento de impot\u00eancia. Parecia que a democracia, que at\u00e9 ent\u00e3o eu via como algo relativamente est\u00e1vel, estava exposta de forma crua, vulner\u00e1vel, dependendo da a\u00e7\u00e3o \u2014 ou da omiss\u00e3o \u2014 de pessoas e institui\u00e7\u00f5es concretas. Pela primeira vez, percebi que ela n\u00e3o \u00e9 um dado adquirido, mas uma constru\u00e7\u00e3o fr\u00e1gil, que pode ser tensionada at\u00e9 o limite.<\/p>\n<p>O impacto emocional foi agravado pela forma como tudo aconteceu diante das telas. As redes sociais transformaram o epis\u00f3dio em um fluxo cont\u00ednuo de imagens, vers\u00f5es e discursos conflitantes. Enquanto eu tentava compreender o que estava acontecendo, tamb\u00e9m me dava conta de que diferentes pessoas vivenciavam aquele mesmo dia de maneiras radicalmente opostas. Essa fragmenta\u00e7\u00e3o da realidade me inquietou quase tanto quanto os pr\u00f3prios ataques.<\/p>\n<p>Depois do choque inicial, veio a tristeza. Uma tristeza c\u00edvica, de ver s\u00edmbolos p\u00fablicos sendo violados e de perceber o quanto o debate pol\u00edtico havia se degradado a ponto de justificar a nega\u00e7\u00e3o das pr\u00f3prias institui\u00e7\u00f5es. N\u00e3o era apenas sobre um lado ou outro, mas sobre a dificuldade crescente de reconhecer o outro como parte leg\u00edtima da mesma comunidade pol\u00edtica.<\/p>\n<p>Com o passar do tempo, o 8 de janeiro deixou de ser apenas um dia de imagens violentas e passou a ocupar um lugar mais profundo na minha mem\u00f3ria. Tornou-se um marco, um alerta. Passei a enxergar com mais clareza a import\u00e2ncia da responsabilidade coletiva, da informa\u00e7\u00e3o qualificada e do compromisso cotidiano com a democracia. A viv\u00eancia daquele dia n\u00e3o se encerrou ali; ela continua reverberando na forma como observo a pol\u00edtica, as institui\u00e7\u00f5es e o papel de cada um de n\u00f3s na preserva\u00e7\u00e3o do espa\u00e7o democr\u00e1tico.<\/p>\n<p>O Congresso Nacional aprovou, no fim do ano passado, o projeto que pode reduzir a puni\u00e7\u00e3o de todos os envolvidos na tentativa de golpe contra a democracia brasileira e contra os poderes constitu\u00eddos, o presidente Lula vetou integralmente o projeto.<\/p>\n<p>O 8 de janeiro est\u00e1 marcado pela hist\u00f3ria como o dia da vit\u00f3ria da democracia. Vit\u00f3ria sobre os que tentaram tomar o poder pela for\u00e7a, desprezando a vontade popular expressa nas urnas.<\/p>\n<p>Com o veto de Lula, o projeto volta ao Congresso e os parlamentares v\u00e3o decidir, em sess\u00e3o conjunta, se mant\u00eam ou derrubam a decis\u00e3o.<\/p>\n<p>Para derrubar o veto, ser\u00e1 necess\u00e1rio o apoio de 257 deputados e 41 senadores. Se derrubado, o projeto de lei entra em vigor ap\u00f3s sua promulga\u00e7\u00e3o. Existe um mundo que voc\u00ea n\u00e3o vivencia e, por isso, \u00e9 preciso defender a Democracia e o Estado de Direito Democr\u00e1tico. Fiquemos de olho!<\/p>\n<p>&#8230;&#8230;&#8230;&#8230;&#8230;&#8230;<\/p>\n<p><strong>Jo\u00e3o Moura \u00e9 Professor, Filosofo e Observador da Sociedade e Governos<\/strong><\/p>\n","protected":false},"excerpt":{"rendered":"<p>Andar de verde e amarelo n\u00e3o faz de voc\u00ea um patriota muito menos um nacionalista ou guerreiro pela liberdade. O presidente Lula vetou o projeto que reduzia penas de Bolsonaro e condenados pelo 8 de janeiro. O an\u00fancio do veto aconteceu no dia em que os ataques golpistas completaram tr\u00eas anos. Os presidentes da C\u00e2mara [&hellip;]<\/p>\n","protected":false},"author":2,"featured_media":345138,"comment_status":"closed","ping_status":"closed","sticky":false,"template":"","format":"standard","meta":{"_acf_changed":false,"footnotes":""},"categories":[16],"tags":[],"class_list":["post-378319","post","type-post","status-publish","format-standard","has-post-thumbnail","hentry","category-brasil"],"acf":[],"yoast_head":"<!-- This site is optimized with the Yoast SEO plugin v27.2 - https:\/\/yoast.com\/product\/yoast-seo-wordpress\/ -->\n<title>Viv\u00eancia, ruptura, choque e reinterpreta\u00e7\u00e3o da democracia - Notibras<\/title>\n<meta name=\"robots\" content=\"index, follow, max-snippet:-1, max-image-preview:large, max-video-preview:-1\" \/>\n<link rel=\"canonical\" href=\"https:\/\/www.notibras.com\/site\/vivencia-ruptura-choque-e-reinterpretacao-da-democracia\/\" \/>\n<meta property=\"og:locale\" content=\"pt_BR\" \/>\n<meta property=\"og:type\" content=\"article\" \/>\n<meta property=\"og:title\" content=\"Viv\u00eancia, ruptura, choque e reinterpreta\u00e7\u00e3o da democracia - Notibras\" \/>\n<meta property=\"og:description\" content=\"Andar de verde e amarelo n\u00e3o faz de voc\u00ea um patriota muito menos um nacionalista ou guerreiro pela liberdade. O presidente Lula vetou o projeto que reduzia penas de Bolsonaro e condenados pelo 8 de janeiro. O an\u00fancio do veto aconteceu no dia em que os ataques golpistas completaram tr\u00eas anos. Os presidentes da C\u00e2mara [&hellip;]\" \/>\n<meta property=\"og:url\" content=\"https:\/\/www.notibras.com\/site\/vivencia-ruptura-choque-e-reinterpretacao-da-democracia\/\" \/>\n<meta property=\"og:site_name\" content=\"Notibras\" \/>\n<meta property=\"article:publisher\" content=\"https:\/\/www.facebook.com\/notibras\/\" \/>\n<meta property=\"article:published_time\" content=\"2026-01-09T09:55:16+00:00\" \/>\n<meta property=\"article:modified_time\" content=\"2026-01-09T13:26:00+00:00\" \/>\n<meta property=\"og:image\" content=\"https:\/\/www.notibras.com\/site\/wp-content\/uploads\/2025\/01\/golpistas.fuga_.agu_.webp\" \/>\n\t<meta property=\"og:image:width\" content=\"1170\" \/>\n\t<meta property=\"og:image:height\" content=\"700\" \/>\n\t<meta property=\"og:image:type\" content=\"image\/webp\" \/>\n<meta name=\"author\" content=\"Reda\u00e7\u00e3o\" \/>\n<meta name=\"twitter:card\" content=\"summary_large_image\" \/>\n<meta name=\"twitter:creator\" content=\"@Notibras\" \/>\n<meta name=\"twitter:site\" content=\"@Notibras\" \/>\n<meta name=\"twitter:label1\" content=\"Escrito por\" \/>\n\t<meta name=\"twitter:data1\" content=\"Reda\u00e7\u00e3o\" \/>\n\t<meta name=\"twitter:label2\" content=\"Est. tempo de leitura\" \/>\n\t<meta name=\"twitter:data2\" content=\"4 minutos\" \/>\n<script type=\"application\/ld+json\" class=\"yoast-schema-graph\">{\"@context\":\"https:\/\/schema.org\",\"@graph\":[{\"@type\":\"Article\",\"@id\":\"https:\/\/www.notibras.com\/site\/vivencia-ruptura-choque-e-reinterpretacao-da-democracia\/#article\",\"isPartOf\":{\"@id\":\"https:\/\/www.notibras.com\/site\/vivencia-ruptura-choque-e-reinterpretacao-da-democracia\/\"},\"author\":{\"name\":\"Reda\u00e7\u00e3o\",\"@id\":\"https:\/\/www.notibras.com\/site\/#\/schema\/person\/36ab0979449956132d3e5b517ea76ac8\"},\"headline\":\"Viv\u00eancia, ruptura, choque e reinterpreta\u00e7\u00e3o da democracia\",\"datePublished\":\"2026-01-09T09:55:16+00:00\",\"dateModified\":\"2026-01-09T13:26:00+00:00\",\"mainEntityOfPage\":{\"@id\":\"https:\/\/www.notibras.com\/site\/vivencia-ruptura-choque-e-reinterpretacao-da-democracia\/\"},\"wordCount\":646,\"publisher\":{\"@id\":\"https:\/\/www.notibras.com\/site\/#organization\"},\"image\":{\"@id\":\"https:\/\/www.notibras.com\/site\/vivencia-ruptura-choque-e-reinterpretacao-da-democracia\/#primaryimage\"},\"thumbnailUrl\":\"https:\/\/www.notibras.com\/site\/wp-content\/uploads\/2025\/01\/golpistas.fuga_.agu_.webp\",\"articleSection\":[\"Brasil\"],\"inLanguage\":\"pt-BR\"},{\"@type\":\"WebPage\",\"@id\":\"https:\/\/www.notibras.com\/site\/vivencia-ruptura-choque-e-reinterpretacao-da-democracia\/\",\"url\":\"https:\/\/www.notibras.com\/site\/vivencia-ruptura-choque-e-reinterpretacao-da-democracia\/\",\"name\":\"Viv\u00eancia, ruptura, choque e reinterpreta\u00e7\u00e3o da democracia - Notibras\",\"isPartOf\":{\"@id\":\"https:\/\/www.notibras.com\/site\/#website\"},\"primaryImageOfPage\":{\"@id\":\"https:\/\/www.notibras.com\/site\/vivencia-ruptura-choque-e-reinterpretacao-da-democracia\/#primaryimage\"},\"image\":{\"@id\":\"https:\/\/www.notibras.com\/site\/vivencia-ruptura-choque-e-reinterpretacao-da-democracia\/#primaryimage\"},\"thumbnailUrl\":\"https:\/\/www.notibras.com\/site\/wp-content\/uploads\/2025\/01\/golpistas.fuga_.agu_.webp\",\"datePublished\":\"2026-01-09T09:55:16+00:00\",\"dateModified\":\"2026-01-09T13:26:00+00:00\",\"breadcrumb\":{\"@id\":\"https:\/\/www.notibras.com\/site\/vivencia-ruptura-choque-e-reinterpretacao-da-democracia\/#breadcrumb\"},\"inLanguage\":\"pt-BR\",\"potentialAction\":[{\"@type\":\"ReadAction\",\"target\":[\"https:\/\/www.notibras.com\/site\/vivencia-ruptura-choque-e-reinterpretacao-da-democracia\/\"]}]},{\"@type\":\"ImageObject\",\"inLanguage\":\"pt-BR\",\"@id\":\"https:\/\/www.notibras.com\/site\/vivencia-ruptura-choque-e-reinterpretacao-da-democracia\/#primaryimage\",\"url\":\"https:\/\/www.notibras.com\/site\/wp-content\/uploads\/2025\/01\/golpistas.fuga_.agu_.webp\",\"contentUrl\":\"https:\/\/www.notibras.com\/site\/wp-content\/uploads\/2025\/01\/golpistas.fuga_.agu_.webp\",\"width\":1170,\"height\":700},{\"@type\":\"BreadcrumbList\",\"@id\":\"https:\/\/www.notibras.com\/site\/vivencia-ruptura-choque-e-reinterpretacao-da-democracia\/#breadcrumb\",\"itemListElement\":[{\"@type\":\"ListItem\",\"position\":1,\"name\":\"In\u00edcio\",\"item\":\"https:\/\/www.notibras.com\/site\/\"},{\"@type\":\"ListItem\",\"position\":2,\"name\":\"Viv\u00eancia, ruptura, choque e reinterpreta\u00e7\u00e3o da democracia\"}]},{\"@type\":\"WebSite\",\"@id\":\"https:\/\/www.notibras.com\/site\/#website\",\"url\":\"https:\/\/www.notibras.com\/site\/\",\"name\":\"Notibras\",\"description\":\"Not\u00edcias de Bras\u00edlia, do Brasil e do Mundo\",\"publisher\":{\"@id\":\"https:\/\/www.notibras.com\/site\/#organization\"},\"potentialAction\":[{\"@type\":\"SearchAction\",\"target\":{\"@type\":\"EntryPoint\",\"urlTemplate\":\"https:\/\/www.notibras.com\/site\/?s={search_term_string}\"},\"query-input\":{\"@type\":\"PropertyValueSpecification\",\"valueRequired\":true,\"valueName\":\"search_term_string\"}}],\"inLanguage\":\"pt-BR\"},{\"@type\":\"Organization\",\"@id\":\"https:\/\/www.notibras.com\/site\/#organization\",\"name\":\"Grupo Notibras de Comunica\u00e7\u00e3o\",\"url\":\"https:\/\/www.notibras.com\/site\/\",\"logo\":{\"@type\":\"ImageObject\",\"inLanguage\":\"pt-BR\",\"@id\":\"https:\/\/www.notibras.com\/site\/#\/schema\/logo\/image\/\",\"url\":\"https:\/\/www.notibras.com\/site\/wp-content\/uploads\/2023\/01\/notibras23.png\",\"contentUrl\":\"https:\/\/www.notibras.com\/site\/wp-content\/uploads\/2023\/01\/notibras23.png\",\"width\":350,\"height\":87,\"caption\":\"Grupo Notibras de Comunica\u00e7\u00e3o\"},\"image\":{\"@id\":\"https:\/\/www.notibras.com\/site\/#\/schema\/logo\/image\/\"},\"sameAs\":[\"https:\/\/www.facebook.com\/notibras\/\",\"https:\/\/x.com\/Notibras\",\"https:\/\/www.instagram.com\/notibras\/\"]},{\"@type\":\"Person\",\"@id\":\"https:\/\/www.notibras.com\/site\/#\/schema\/person\/36ab0979449956132d3e5b517ea76ac8\",\"name\":\"Reda\u00e7\u00e3o\",\"image\":{\"@type\":\"ImageObject\",\"inLanguage\":\"pt-BR\",\"@id\":\"https:\/\/secure.gravatar.com\/avatar\/e0a867bdedb85fd243eadf09663511f96fc81e0720a4a42581f334ad4303aa6b?s=96&d=mm&r=g\",\"url\":\"https:\/\/secure.gravatar.com\/avatar\/e0a867bdedb85fd243eadf09663511f96fc81e0720a4a42581f334ad4303aa6b?s=96&d=mm&r=g\",\"contentUrl\":\"https:\/\/secure.gravatar.com\/avatar\/e0a867bdedb85fd243eadf09663511f96fc81e0720a4a42581f334ad4303aa6b?s=96&d=mm&r=g\",\"caption\":\"Reda\u00e7\u00e3o\"}}]}<\/script>\n<!-- \/ Yoast SEO plugin. -->","yoast_head_json":{"title":"Viv\u00eancia, ruptura, choque e reinterpreta\u00e7\u00e3o da democracia - Notibras","robots":{"index":"index","follow":"follow","max-snippet":"max-snippet:-1","max-image-preview":"max-image-preview:large","max-video-preview":"max-video-preview:-1"},"canonical":"https:\/\/www.notibras.com\/site\/vivencia-ruptura-choque-e-reinterpretacao-da-democracia\/","og_locale":"pt_BR","og_type":"article","og_title":"Viv\u00eancia, ruptura, choque e reinterpreta\u00e7\u00e3o da democracia - Notibras","og_description":"Andar de verde e amarelo n\u00e3o faz de voc\u00ea um patriota muito menos um nacionalista ou guerreiro pela liberdade. O presidente Lula vetou o projeto que reduzia penas de Bolsonaro e condenados pelo 8 de janeiro. O an\u00fancio do veto aconteceu no dia em que os ataques golpistas completaram tr\u00eas anos. Os presidentes da C\u00e2mara [&hellip;]","og_url":"https:\/\/www.notibras.com\/site\/vivencia-ruptura-choque-e-reinterpretacao-da-democracia\/","og_site_name":"Notibras","article_publisher":"https:\/\/www.facebook.com\/notibras\/","article_published_time":"2026-01-09T09:55:16+00:00","article_modified_time":"2026-01-09T13:26:00+00:00","og_image":[{"width":1170,"height":700,"url":"https:\/\/www.notibras.com\/site\/wp-content\/uploads\/2025\/01\/golpistas.fuga_.agu_.webp","type":"image\/webp"}],"author":"Reda\u00e7\u00e3o","twitter_card":"summary_large_image","twitter_creator":"@Notibras","twitter_site":"@Notibras","twitter_misc":{"Escrito por":"Reda\u00e7\u00e3o","Est. tempo de leitura":"4 minutos"},"schema":{"@context":"https:\/\/schema.org","@graph":[{"@type":"Article","@id":"https:\/\/www.notibras.com\/site\/vivencia-ruptura-choque-e-reinterpretacao-da-democracia\/#article","isPartOf":{"@id":"https:\/\/www.notibras.com\/site\/vivencia-ruptura-choque-e-reinterpretacao-da-democracia\/"},"author":{"name":"Reda\u00e7\u00e3o","@id":"https:\/\/www.notibras.com\/site\/#\/schema\/person\/36ab0979449956132d3e5b517ea76ac8"},"headline":"Viv\u00eancia, ruptura, choque e reinterpreta\u00e7\u00e3o da democracia","datePublished":"2026-01-09T09:55:16+00:00","dateModified":"2026-01-09T13:26:00+00:00","mainEntityOfPage":{"@id":"https:\/\/www.notibras.com\/site\/vivencia-ruptura-choque-e-reinterpretacao-da-democracia\/"},"wordCount":646,"publisher":{"@id":"https:\/\/www.notibras.com\/site\/#organization"},"image":{"@id":"https:\/\/www.notibras.com\/site\/vivencia-ruptura-choque-e-reinterpretacao-da-democracia\/#primaryimage"},"thumbnailUrl":"https:\/\/www.notibras.com\/site\/wp-content\/uploads\/2025\/01\/golpistas.fuga_.agu_.webp","articleSection":["Brasil"],"inLanguage":"pt-BR"},{"@type":"WebPage","@id":"https:\/\/www.notibras.com\/site\/vivencia-ruptura-choque-e-reinterpretacao-da-democracia\/","url":"https:\/\/www.notibras.com\/site\/vivencia-ruptura-choque-e-reinterpretacao-da-democracia\/","name":"Viv\u00eancia, ruptura, choque e reinterpreta\u00e7\u00e3o da democracia - Notibras","isPartOf":{"@id":"https:\/\/www.notibras.com\/site\/#website"},"primaryImageOfPage":{"@id":"https:\/\/www.notibras.com\/site\/vivencia-ruptura-choque-e-reinterpretacao-da-democracia\/#primaryimage"},"image":{"@id":"https:\/\/www.notibras.com\/site\/vivencia-ruptura-choque-e-reinterpretacao-da-democracia\/#primaryimage"},"thumbnailUrl":"https:\/\/www.notibras.com\/site\/wp-content\/uploads\/2025\/01\/golpistas.fuga_.agu_.webp","datePublished":"2026-01-09T09:55:16+00:00","dateModified":"2026-01-09T13:26:00+00:00","breadcrumb":{"@id":"https:\/\/www.notibras.com\/site\/vivencia-ruptura-choque-e-reinterpretacao-da-democracia\/#breadcrumb"},"inLanguage":"pt-BR","potentialAction":[{"@type":"ReadAction","target":["https:\/\/www.notibras.com\/site\/vivencia-ruptura-choque-e-reinterpretacao-da-democracia\/"]}]},{"@type":"ImageObject","inLanguage":"pt-BR","@id":"https:\/\/www.notibras.com\/site\/vivencia-ruptura-choque-e-reinterpretacao-da-democracia\/#primaryimage","url":"https:\/\/www.notibras.com\/site\/wp-content\/uploads\/2025\/01\/golpistas.fuga_.agu_.webp","contentUrl":"https:\/\/www.notibras.com\/site\/wp-content\/uploads\/2025\/01\/golpistas.fuga_.agu_.webp","width":1170,"height":700},{"@type":"BreadcrumbList","@id":"https:\/\/www.notibras.com\/site\/vivencia-ruptura-choque-e-reinterpretacao-da-democracia\/#breadcrumb","itemListElement":[{"@type":"ListItem","position":1,"name":"In\u00edcio","item":"https:\/\/www.notibras.com\/site\/"},{"@type":"ListItem","position":2,"name":"Viv\u00eancia, ruptura, choque e reinterpreta\u00e7\u00e3o da democracia"}]},{"@type":"WebSite","@id":"https:\/\/www.notibras.com\/site\/#website","url":"https:\/\/www.notibras.com\/site\/","name":"Notibras","description":"Not\u00edcias de Bras\u00edlia, do Brasil e do Mundo","publisher":{"@id":"https:\/\/www.notibras.com\/site\/#organization"},"potentialAction":[{"@type":"SearchAction","target":{"@type":"EntryPoint","urlTemplate":"https:\/\/www.notibras.com\/site\/?s={search_term_string}"},"query-input":{"@type":"PropertyValueSpecification","valueRequired":true,"valueName":"search_term_string"}}],"inLanguage":"pt-BR"},{"@type":"Organization","@id":"https:\/\/www.notibras.com\/site\/#organization","name":"Grupo Notibras de Comunica\u00e7\u00e3o","url":"https:\/\/www.notibras.com\/site\/","logo":{"@type":"ImageObject","inLanguage":"pt-BR","@id":"https:\/\/www.notibras.com\/site\/#\/schema\/logo\/image\/","url":"https:\/\/www.notibras.com\/site\/wp-content\/uploads\/2023\/01\/notibras23.png","contentUrl":"https:\/\/www.notibras.com\/site\/wp-content\/uploads\/2023\/01\/notibras23.png","width":350,"height":87,"caption":"Grupo Notibras de Comunica\u00e7\u00e3o"},"image":{"@id":"https:\/\/www.notibras.com\/site\/#\/schema\/logo\/image\/"},"sameAs":["https:\/\/www.facebook.com\/notibras\/","https:\/\/x.com\/Notibras","https:\/\/www.instagram.com\/notibras\/"]},{"@type":"Person","@id":"https:\/\/www.notibras.com\/site\/#\/schema\/person\/36ab0979449956132d3e5b517ea76ac8","name":"Reda\u00e7\u00e3o","image":{"@type":"ImageObject","inLanguage":"pt-BR","@id":"https:\/\/secure.gravatar.com\/avatar\/e0a867bdedb85fd243eadf09663511f96fc81e0720a4a42581f334ad4303aa6b?s=96&d=mm&r=g","url":"https:\/\/secure.gravatar.com\/avatar\/e0a867bdedb85fd243eadf09663511f96fc81e0720a4a42581f334ad4303aa6b?s=96&d=mm&r=g","contentUrl":"https:\/\/secure.gravatar.com\/avatar\/e0a867bdedb85fd243eadf09663511f96fc81e0720a4a42581f334ad4303aa6b?s=96&d=mm&r=g","caption":"Reda\u00e7\u00e3o"}}]}},"amp_enabled":true,"_links":{"self":[{"href":"https:\/\/www.notibras.com\/site\/wp-json\/wp\/v2\/posts\/378319","targetHints":{"allow":["GET"]}}],"collection":[{"href":"https:\/\/www.notibras.com\/site\/wp-json\/wp\/v2\/posts"}],"about":[{"href":"https:\/\/www.notibras.com\/site\/wp-json\/wp\/v2\/types\/post"}],"author":[{"embeddable":true,"href":"https:\/\/www.notibras.com\/site\/wp-json\/wp\/v2\/users\/2"}],"replies":[{"embeddable":true,"href":"https:\/\/www.notibras.com\/site\/wp-json\/wp\/v2\/comments?post=378319"}],"version-history":[{"count":2,"href":"https:\/\/www.notibras.com\/site\/wp-json\/wp\/v2\/posts\/378319\/revisions"}],"predecessor-version":[{"id":378339,"href":"https:\/\/www.notibras.com\/site\/wp-json\/wp\/v2\/posts\/378319\/revisions\/378339"}],"wp:featuredmedia":[{"embeddable":true,"href":"https:\/\/www.notibras.com\/site\/wp-json\/wp\/v2\/media\/345138"}],"wp:attachment":[{"href":"https:\/\/www.notibras.com\/site\/wp-json\/wp\/v2\/media?parent=378319"}],"wp:term":[{"taxonomy":"category","embeddable":true,"href":"https:\/\/www.notibras.com\/site\/wp-json\/wp\/v2\/categories?post=378319"},{"taxonomy":"post_tag","embeddable":true,"href":"https:\/\/www.notibras.com\/site\/wp-json\/wp\/v2\/tags?post=378319"}],"curies":[{"name":"wp","href":"https:\/\/api.w.org\/{rel}","templated":true}]}}