{"id":37832,"date":"2015-02-22T14:34:25","date_gmt":"2015-02-22T17:34:25","guid":{"rendered":"http:\/\/www.notibras.com\/site\/?p=37832"},"modified":"2015-02-23T10:35:34","modified_gmt":"2015-02-23T13:35:34","slug":"ex-baixista-da-legiao-urbana-e-encontrado-morto-em-sao-paulo","status":"publish","type":"post","link":"https:\/\/www.notibras.com\/site\/ex-baixista-da-legiao-urbana-e-encontrado-morto-em-sao-paulo\/","title":{"rendered":"Ex-baixista da Legi\u00e3o Urbana achado morto em S\u00e3o Paulo"},"content":{"rendered":"<p>O ex-baixista Renato Rocha, integrante da primeira forma\u00e7\u00e3o da banda Legi\u00e3o Urbana, foi encontrado morto, na manh\u00e3 deste domingo (22), dentro de um hotel em Guaruj\u00e1, no litoral de S\u00e3o Paulo.<\/p>\n<p>Segundo a Pol\u00edcia Militar, o corpo encontrado encostado na porta de um hotel no bairro da Enseada, por volta das 8h30, era do m\u00fasico que fez parte da primeira forma\u00e7\u00e3o da banda. Informa\u00e7\u00f5es obtidas preliminarmente pela pol\u00edcia indicam que Renato teria morrido de causa natural.<\/p>\n<blockquote><p>A irm\u00e3 do m\u00fasico, respons\u00e1vel por administrar uma das p\u00e1ginas em homenagem a Renato nas redes sociais, postou uma mensagem falando sobre a morte do m\u00fasico. &#8220;Renato faleceu nesta manh\u00e3, de parada card\u00edaca, em S\u00e3o Paulo. Vai com os anjos, Renato. For\u00e7a ao seu casal de filhos, sua netinha, ao seu pai e aos seus demais familiares&#8221;, diz a mensagem.<\/p><\/blockquote>\n<p>Na mesma publica\u00e7\u00e3o, uma mensagem atribu\u00edda ao irm\u00e3o de Renato, o m\u00e9dico Roberto Rocha, explica que uma mulher foi chamar o m\u00fasico no quarto e, como ele n\u00e3o respondeu, acabou acionando outras pessoas para abrir a porta. Renato teria sido encontrado ca\u00eddo, j\u00e1 morto.<\/p>\n<p>Ainda segundo a pol\u00edcia, o corpo foi removido do hotel e encaminhado ao Instituto M\u00e9dico Legal (IML) do Guaruj\u00e1. Ainda n\u00e3o h\u00e1 informa\u00e7\u00f5es sobre local e hor\u00e1rio do vel\u00f3rio e do enterro do m\u00fasico.<\/p>\n","protected":false},"excerpt":{"rendered":"<p>O ex-baixista Renato Rocha, integrante da primeira forma\u00e7\u00e3o da banda Legi\u00e3o Urbana, foi encontrado morto, na manh\u00e3 deste domingo (22), dentro de um hotel em Guaruj\u00e1, no litoral de S\u00e3o Paulo. Segundo a Pol\u00edcia Militar, o corpo encontrado encostado na porta de um hotel no bairro da Enseada, por volta das 8h30, era do m\u00fasico [&hellip;]<\/p>\n","protected":false},"author":1,"featured_media":37833,"comment_status":"open","ping_status":"closed","sticky":false,"template":"","format":"standard","meta":{"_acf_changed":false,"footnotes":""},"categories":[16],"tags":[],"class_list":["post-37832","post","type-post","status-publish","format-standard","has-post-thumbnail","hentry","category-brasil"],"acf":[],"yoast_head":"<!-- This site is optimized with the Yoast SEO plugin v27.2 - https:\/\/yoast.com\/product\/yoast-seo-wordpress\/ -->\n<title>Ex-baixista da Legi\u00e3o Urbana achado morto em S\u00e3o Paulo - Notibras<\/title>\n<meta name=\"robots\" content=\"index, follow, max-snippet:-1, max-image-preview:large, max-video-preview:-1\" \/>\n<link rel=\"canonical\" href=\"https:\/\/www.notibras.com\/site\/ex-baixista-da-legiao-urbana-e-encontrado-morto-em-sao-paulo\/\" \/>\n<meta property=\"og:locale\" content=\"pt_BR\" \/>\n<meta property=\"og:type\" content=\"article\" \/>\n<meta property=\"og:title\" content=\"Ex-baixista da Legi\u00e3o Urbana achado morto em S\u00e3o Paulo - Notibras\" \/>\n<meta property=\"og:description\" content=\"O ex-baixista Renato Rocha, integrante da primeira forma\u00e7\u00e3o da banda Legi\u00e3o Urbana, foi encontrado morto, na manh\u00e3 deste domingo (22), dentro de um hotel em Guaruj\u00e1, no litoral de S\u00e3o Paulo. Segundo a Pol\u00edcia Militar, o corpo encontrado encostado na porta de um hotel no bairro da Enseada, por volta das 8h30, era do m\u00fasico [&hellip;]\" \/>\n<meta property=\"og:url\" content=\"https:\/\/www.notibras.com\/site\/ex-baixista-da-legiao-urbana-e-encontrado-morto-em-sao-paulo\/\" \/>\n<meta property=\"og:site_name\" content=\"Notibras\" \/>\n<meta property=\"article:publisher\" content=\"https:\/\/www.facebook.com\/notibras\/\" \/>\n<meta property=\"article:published_time\" content=\"2015-02-22T17:34:25+00:00\" \/>\n<meta property=\"article:modified_time\" content=\"2015-02-23T13:35:34+00:00\" \/>\n<meta property=\"og:image\" content=\"https:\/\/www.notibras.com\/site\/wp-content\/uploads\/2015\/02\/Sem-t\u00edtulo-14.jpg\" \/>\n\t<meta property=\"og:image:width\" content=\"525\" \/>\n\t<meta property=\"og:image:height\" content=\"360\" \/>\n\t<meta property=\"og:image:type\" content=\"image\/jpeg\" \/>\n<meta name=\"author\" content=\"Reda\u00e7\u00e3o\" \/>\n<meta name=\"twitter:card\" content=\"summary_large_image\" \/>\n<meta name=\"twitter:creator\" content=\"@Notibras\" \/>\n<meta name=\"twitter:site\" content=\"@Notibras\" \/>\n<meta name=\"twitter:label1\" content=\"Escrito por\" \/>\n\t<meta name=\"twitter:data1\" content=\"Reda\u00e7\u00e3o\" \/>\n\t<meta name=\"twitter:label2\" content=\"Est. tempo de leitura\" \/>\n\t<meta name=\"twitter:data2\" content=\"1 minuto\" \/>\n<script type=\"application\/ld+json\" class=\"yoast-schema-graph\">{\"@context\":\"https:\/\/schema.org\",\"@graph\":[{\"@type\":\"Article\",\"@id\":\"https:\/\/www.notibras.com\/site\/ex-baixista-da-legiao-urbana-e-encontrado-morto-em-sao-paulo\/#article\",\"isPartOf\":{\"@id\":\"https:\/\/www.notibras.com\/site\/ex-baixista-da-legiao-urbana-e-encontrado-morto-em-sao-paulo\/\"},\"author\":{\"name\":\"Reda\u00e7\u00e3o\",\"@id\":\"https:\/\/www.notibras.com\/site\/#\/schema\/person\/00b8e1aa08f9ef6563e878c5159d01cf\"},\"headline\":\"Ex-baixista da Legi\u00e3o Urbana achado morto em S\u00e3o Paulo\",\"datePublished\":\"2015-02-22T17:34:25+00:00\",\"dateModified\":\"2015-02-23T13:35:34+00:00\",\"mainEntityOfPage\":{\"@id\":\"https:\/\/www.notibras.com\/site\/ex-baixista-da-legiao-urbana-e-encontrado-morto-em-sao-paulo\/\"},\"wordCount\":253,\"commentCount\":0,\"publisher\":{\"@id\":\"https:\/\/www.notibras.com\/site\/#organization\"},\"image\":{\"@id\":\"https:\/\/www.notibras.com\/site\/ex-baixista-da-legiao-urbana-e-encontrado-morto-em-sao-paulo\/#primaryimage\"},\"thumbnailUrl\":\"https:\/\/www.notibras.com\/site\/wp-content\/uploads\/2015\/02\/Sem-t\u00edtulo-14.jpg\",\"articleSection\":[\"Brasil\"],\"inLanguage\":\"pt-BR\",\"potentialAction\":[{\"@type\":\"CommentAction\",\"name\":\"Comment\",\"target\":[\"https:\/\/www.notibras.com\/site\/ex-baixista-da-legiao-urbana-e-encontrado-morto-em-sao-paulo\/#respond\"]}]},{\"@type\":\"WebPage\",\"@id\":\"https:\/\/www.notibras.com\/site\/ex-baixista-da-legiao-urbana-e-encontrado-morto-em-sao-paulo\/\",\"url\":\"https:\/\/www.notibras.com\/site\/ex-baixista-da-legiao-urbana-e-encontrado-morto-em-sao-paulo\/\",\"name\":\"Ex-baixista da Legi\u00e3o Urbana achado morto em S\u00e3o Paulo - Notibras\",\"isPartOf\":{\"@id\":\"https:\/\/www.notibras.com\/site\/#website\"},\"primaryImageOfPage\":{\"@id\":\"https:\/\/www.notibras.com\/site\/ex-baixista-da-legiao-urbana-e-encontrado-morto-em-sao-paulo\/#primaryimage\"},\"image\":{\"@id\":\"https:\/\/www.notibras.com\/site\/ex-baixista-da-legiao-urbana-e-encontrado-morto-em-sao-paulo\/#primaryimage\"},\"thumbnailUrl\":\"https:\/\/www.notibras.com\/site\/wp-content\/uploads\/2015\/02\/Sem-t\u00edtulo-14.jpg\",\"datePublished\":\"2015-02-22T17:34:25+00:00\",\"dateModified\":\"2015-02-23T13:35:34+00:00\",\"breadcrumb\":{\"@id\":\"https:\/\/www.notibras.com\/site\/ex-baixista-da-legiao-urbana-e-encontrado-morto-em-sao-paulo\/#breadcrumb\"},\"inLanguage\":\"pt-BR\",\"potentialAction\":[{\"@type\":\"ReadAction\",\"target\":[\"https:\/\/www.notibras.com\/site\/ex-baixista-da-legiao-urbana-e-encontrado-morto-em-sao-paulo\/\"]}]},{\"@type\":\"ImageObject\",\"inLanguage\":\"pt-BR\",\"@id\":\"https:\/\/www.notibras.com\/site\/ex-baixista-da-legiao-urbana-e-encontrado-morto-em-sao-paulo\/#primaryimage\",\"url\":\"https:\/\/www.notibras.com\/site\/wp-content\/uploads\/2015\/02\/Sem-t\u00edtulo-14.jpg\",\"contentUrl\":\"https:\/\/www.notibras.com\/site\/wp-content\/uploads\/2015\/02\/Sem-t\u00edtulo-14.jpg\",\"width\":525,\"height\":360},{\"@type\":\"BreadcrumbList\",\"@id\":\"https:\/\/www.notibras.com\/site\/ex-baixista-da-legiao-urbana-e-encontrado-morto-em-sao-paulo\/#breadcrumb\",\"itemListElement\":[{\"@type\":\"ListItem\",\"position\":1,\"name\":\"In\u00edcio\",\"item\":\"https:\/\/www.notibras.com\/site\/\"},{\"@type\":\"ListItem\",\"position\":2,\"name\":\"Ex-baixista da Legi\u00e3o Urbana achado morto em S\u00e3o Paulo\"}]},{\"@type\":\"WebSite\",\"@id\":\"https:\/\/www.notibras.com\/site\/#website\",\"url\":\"https:\/\/www.notibras.com\/site\/\",\"name\":\"Notibras\",\"description\":\"Not\u00edcias de Bras\u00edlia, do Brasil e do Mundo\",\"publisher\":{\"@id\":\"https:\/\/www.notibras.com\/site\/#organization\"},\"potentialAction\":[{\"@type\":\"SearchAction\",\"target\":{\"@type\":\"EntryPoint\",\"urlTemplate\":\"https:\/\/www.notibras.com\/site\/?s={search_term_string}\"},\"query-input\":{\"@type\":\"PropertyValueSpecification\",\"valueRequired\":true,\"valueName\":\"search_term_string\"}}],\"inLanguage\":\"pt-BR\"},{\"@type\":\"Organization\",\"@id\":\"https:\/\/www.notibras.com\/site\/#organization\",\"name\":\"Grupo Notibras de Comunica\u00e7\u00e3o\",\"url\":\"https:\/\/www.notibras.com\/site\/\",\"logo\":{\"@type\":\"ImageObject\",\"inLanguage\":\"pt-BR\",\"@id\":\"https:\/\/www.notibras.com\/site\/#\/schema\/logo\/image\/\",\"url\":\"https:\/\/www.notibras.com\/site\/wp-content\/uploads\/2023\/01\/notibras23.png\",\"contentUrl\":\"https:\/\/www.notibras.com\/site\/wp-content\/uploads\/2023\/01\/notibras23.png\",\"width\":350,\"height\":87,\"caption\":\"Grupo Notibras de Comunica\u00e7\u00e3o\"},\"image\":{\"@id\":\"https:\/\/www.notibras.com\/site\/#\/schema\/logo\/image\/\"},\"sameAs\":[\"https:\/\/www.facebook.com\/notibras\/\",\"https:\/\/x.com\/Notibras\",\"https:\/\/www.instagram.com\/notibras\/\"]},{\"@type\":\"Person\",\"@id\":\"https:\/\/www.notibras.com\/site\/#\/schema\/person\/00b8e1aa08f9ef6563e878c5159d01cf\",\"name\":\"Reda\u00e7\u00e3o\",\"image\":{\"@type\":\"ImageObject\",\"inLanguage\":\"pt-BR\",\"@id\":\"https:\/\/secure.gravatar.com\/avatar\/ac5a707d5b47784a5ed426c6e213e201423c750890f64e4c379114dade67dfb9?s=96&d=mm&r=g\",\"url\":\"https:\/\/secure.gravatar.com\/avatar\/ac5a707d5b47784a5ed426c6e213e201423c750890f64e4c379114dade67dfb9?s=96&d=mm&r=g\",\"contentUrl\":\"https:\/\/secure.gravatar.com\/avatar\/ac5a707d5b47784a5ed426c6e213e201423c750890f64e4c379114dade67dfb9?s=96&d=mm&r=g\",\"caption\":\"Reda\u00e7\u00e3o\"}}]}<\/script>\n<!-- \/ Yoast SEO plugin. -->","yoast_head_json":{"title":"Ex-baixista da Legi\u00e3o Urbana achado morto em S\u00e3o Paulo - Notibras","robots":{"index":"index","follow":"follow","max-snippet":"max-snippet:-1","max-image-preview":"max-image-preview:large","max-video-preview":"max-video-preview:-1"},"canonical":"https:\/\/www.notibras.com\/site\/ex-baixista-da-legiao-urbana-e-encontrado-morto-em-sao-paulo\/","og_locale":"pt_BR","og_type":"article","og_title":"Ex-baixista da Legi\u00e3o Urbana achado morto em S\u00e3o Paulo - Notibras","og_description":"O ex-baixista Renato Rocha, integrante da primeira forma\u00e7\u00e3o da banda Legi\u00e3o Urbana, foi encontrado morto, na manh\u00e3 deste domingo (22), dentro de um hotel em Guaruj\u00e1, no litoral de S\u00e3o Paulo. Segundo a Pol\u00edcia Militar, o corpo encontrado encostado na porta de um hotel no bairro da Enseada, por volta das 8h30, era do m\u00fasico [&hellip;]","og_url":"https:\/\/www.notibras.com\/site\/ex-baixista-da-legiao-urbana-e-encontrado-morto-em-sao-paulo\/","og_site_name":"Notibras","article_publisher":"https:\/\/www.facebook.com\/notibras\/","article_published_time":"2015-02-22T17:34:25+00:00","article_modified_time":"2015-02-23T13:35:34+00:00","og_image":[{"width":525,"height":360,"url":"https:\/\/www.notibras.com\/site\/wp-content\/uploads\/2015\/02\/Sem-t\u00edtulo-14.jpg","type":"image\/jpeg"}],"author":"Reda\u00e7\u00e3o","twitter_card":"summary_large_image","twitter_creator":"@Notibras","twitter_site":"@Notibras","twitter_misc":{"Escrito por":"Reda\u00e7\u00e3o","Est. tempo de leitura":"1 minuto"},"schema":{"@context":"https:\/\/schema.org","@graph":[{"@type":"Article","@id":"https:\/\/www.notibras.com\/site\/ex-baixista-da-legiao-urbana-e-encontrado-morto-em-sao-paulo\/#article","isPartOf":{"@id":"https:\/\/www.notibras.com\/site\/ex-baixista-da-legiao-urbana-e-encontrado-morto-em-sao-paulo\/"},"author":{"name":"Reda\u00e7\u00e3o","@id":"https:\/\/www.notibras.com\/site\/#\/schema\/person\/00b8e1aa08f9ef6563e878c5159d01cf"},"headline":"Ex-baixista da Legi\u00e3o Urbana achado morto em S\u00e3o Paulo","datePublished":"2015-02-22T17:34:25+00:00","dateModified":"2015-02-23T13:35:34+00:00","mainEntityOfPage":{"@id":"https:\/\/www.notibras.com\/site\/ex-baixista-da-legiao-urbana-e-encontrado-morto-em-sao-paulo\/"},"wordCount":253,"commentCount":0,"publisher":{"@id":"https:\/\/www.notibras.com\/site\/#organization"},"image":{"@id":"https:\/\/www.notibras.com\/site\/ex-baixista-da-legiao-urbana-e-encontrado-morto-em-sao-paulo\/#primaryimage"},"thumbnailUrl":"https:\/\/www.notibras.com\/site\/wp-content\/uploads\/2015\/02\/Sem-t\u00edtulo-14.jpg","articleSection":["Brasil"],"inLanguage":"pt-BR","potentialAction":[{"@type":"CommentAction","name":"Comment","target":["https:\/\/www.notibras.com\/site\/ex-baixista-da-legiao-urbana-e-encontrado-morto-em-sao-paulo\/#respond"]}]},{"@type":"WebPage","@id":"https:\/\/www.notibras.com\/site\/ex-baixista-da-legiao-urbana-e-encontrado-morto-em-sao-paulo\/","url":"https:\/\/www.notibras.com\/site\/ex-baixista-da-legiao-urbana-e-encontrado-morto-em-sao-paulo\/","name":"Ex-baixista da Legi\u00e3o Urbana achado morto em S\u00e3o Paulo - Notibras","isPartOf":{"@id":"https:\/\/www.notibras.com\/site\/#website"},"primaryImageOfPage":{"@id":"https:\/\/www.notibras.com\/site\/ex-baixista-da-legiao-urbana-e-encontrado-morto-em-sao-paulo\/#primaryimage"},"image":{"@id":"https:\/\/www.notibras.com\/site\/ex-baixista-da-legiao-urbana-e-encontrado-morto-em-sao-paulo\/#primaryimage"},"thumbnailUrl":"https:\/\/www.notibras.com\/site\/wp-content\/uploads\/2015\/02\/Sem-t\u00edtulo-14.jpg","datePublished":"2015-02-22T17:34:25+00:00","dateModified":"2015-02-23T13:35:34+00:00","breadcrumb":{"@id":"https:\/\/www.notibras.com\/site\/ex-baixista-da-legiao-urbana-e-encontrado-morto-em-sao-paulo\/#breadcrumb"},"inLanguage":"pt-BR","potentialAction":[{"@type":"ReadAction","target":["https:\/\/www.notibras.com\/site\/ex-baixista-da-legiao-urbana-e-encontrado-morto-em-sao-paulo\/"]}]},{"@type":"ImageObject","inLanguage":"pt-BR","@id":"https:\/\/www.notibras.com\/site\/ex-baixista-da-legiao-urbana-e-encontrado-morto-em-sao-paulo\/#primaryimage","url":"https:\/\/www.notibras.com\/site\/wp-content\/uploads\/2015\/02\/Sem-t\u00edtulo-14.jpg","contentUrl":"https:\/\/www.notibras.com\/site\/wp-content\/uploads\/2015\/02\/Sem-t\u00edtulo-14.jpg","width":525,"height":360},{"@type":"BreadcrumbList","@id":"https:\/\/www.notibras.com\/site\/ex-baixista-da-legiao-urbana-e-encontrado-morto-em-sao-paulo\/#breadcrumb","itemListElement":[{"@type":"ListItem","position":1,"name":"In\u00edcio","item":"https:\/\/www.notibras.com\/site\/"},{"@type":"ListItem","position":2,"name":"Ex-baixista da Legi\u00e3o Urbana achado morto em S\u00e3o Paulo"}]},{"@type":"WebSite","@id":"https:\/\/www.notibras.com\/site\/#website","url":"https:\/\/www.notibras.com\/site\/","name":"Notibras","description":"Not\u00edcias de Bras\u00edlia, do Brasil e do Mundo","publisher":{"@id":"https:\/\/www.notibras.com\/site\/#organization"},"potentialAction":[{"@type":"SearchAction","target":{"@type":"EntryPoint","urlTemplate":"https:\/\/www.notibras.com\/site\/?s={search_term_string}"},"query-input":{"@type":"PropertyValueSpecification","valueRequired":true,"valueName":"search_term_string"}}],"inLanguage":"pt-BR"},{"@type":"Organization","@id":"https:\/\/www.notibras.com\/site\/#organization","name":"Grupo Notibras de Comunica\u00e7\u00e3o","url":"https:\/\/www.notibras.com\/site\/","logo":{"@type":"ImageObject","inLanguage":"pt-BR","@id":"https:\/\/www.notibras.com\/site\/#\/schema\/logo\/image\/","url":"https:\/\/www.notibras.com\/site\/wp-content\/uploads\/2023\/01\/notibras23.png","contentUrl":"https:\/\/www.notibras.com\/site\/wp-content\/uploads\/2023\/01\/notibras23.png","width":350,"height":87,"caption":"Grupo Notibras de Comunica\u00e7\u00e3o"},"image":{"@id":"https:\/\/www.notibras.com\/site\/#\/schema\/logo\/image\/"},"sameAs":["https:\/\/www.facebook.com\/notibras\/","https:\/\/x.com\/Notibras","https:\/\/www.instagram.com\/notibras\/"]},{"@type":"Person","@id":"https:\/\/www.notibras.com\/site\/#\/schema\/person\/00b8e1aa08f9ef6563e878c5159d01cf","name":"Reda\u00e7\u00e3o","image":{"@type":"ImageObject","inLanguage":"pt-BR","@id":"https:\/\/secure.gravatar.com\/avatar\/ac5a707d5b47784a5ed426c6e213e201423c750890f64e4c379114dade67dfb9?s=96&d=mm&r=g","url":"https:\/\/secure.gravatar.com\/avatar\/ac5a707d5b47784a5ed426c6e213e201423c750890f64e4c379114dade67dfb9?s=96&d=mm&r=g","contentUrl":"https:\/\/secure.gravatar.com\/avatar\/ac5a707d5b47784a5ed426c6e213e201423c750890f64e4c379114dade67dfb9?s=96&d=mm&r=g","caption":"Reda\u00e7\u00e3o"}}]}},"amp_enabled":true,"_links":{"self":[{"href":"https:\/\/www.notibras.com\/site\/wp-json\/wp\/v2\/posts\/37832","targetHints":{"allow":["GET"]}}],"collection":[{"href":"https:\/\/www.notibras.com\/site\/wp-json\/wp\/v2\/posts"}],"about":[{"href":"https:\/\/www.notibras.com\/site\/wp-json\/wp\/v2\/types\/post"}],"author":[{"embeddable":true,"href":"https:\/\/www.notibras.com\/site\/wp-json\/wp\/v2\/users\/1"}],"replies":[{"embeddable":true,"href":"https:\/\/www.notibras.com\/site\/wp-json\/wp\/v2\/comments?post=37832"}],"version-history":[{"count":0,"href":"https:\/\/www.notibras.com\/site\/wp-json\/wp\/v2\/posts\/37832\/revisions"}],"wp:featuredmedia":[{"embeddable":true,"href":"https:\/\/www.notibras.com\/site\/wp-json\/wp\/v2\/media\/37833"}],"wp:attachment":[{"href":"https:\/\/www.notibras.com\/site\/wp-json\/wp\/v2\/media?parent=37832"}],"wp:term":[{"taxonomy":"category","embeddable":true,"href":"https:\/\/www.notibras.com\/site\/wp-json\/wp\/v2\/categories?post=37832"},{"taxonomy":"post_tag","embeddable":true,"href":"https:\/\/www.notibras.com\/site\/wp-json\/wp\/v2\/tags?post=37832"}],"curies":[{"name":"wp","href":"https:\/\/api.w.org\/{rel}","templated":true}]}}