{"id":378321,"date":"2026-01-09T08:04:52","date_gmt":"2026-01-09T11:04:52","guid":{"rendered":"https:\/\/www.notibras.com\/site\/?p=378321"},"modified":"2026-01-09T08:04:52","modified_gmt":"2026-01-09T11:04:52","slug":"desafios-climaticos-que-moldam-a-vida-do-sofrido-povo-nordestino","status":"publish","type":"post","link":"https:\/\/www.notibras.com\/site\/desafios-climaticos-que-moldam-a-vida-do-sofrido-povo-nordestino\/","title":{"rendered":"Desafios clim\u00e1ticos que moldam a vida do sofrido povo nordestino"},"content":{"rendered":"<p>O dia nasceu antes do rel\u00f3gio. Os galos ainda cochilavam quando Maria conta os primeiros gr\u00e3os de luz que invadiram seu terreiro rachado. O sol, que para muitos \u00e9 promessa de vida, para ela \u00e9 aviso: hoje ser\u00e1 mais um dia quente demais.<\/p>\n<p>A terra seca range sob os p\u00e9s, e os p\u00e9s, por sua vez, caminham sempre em busca d\u2019\u00e1gua \u2014 seja no po\u00e7o, seja na mem\u00f3ria de tempos em que as m\u00e3os se molhavam no rio. \u201c\u00d4, filho, lembra quando a gente plantava milho e ele crescia at\u00e9 o c\u00e9u?\u201d, diz Maria.<\/p>\n<p>O filho olha o horizonte l\u00edvido e responde: \u201cLembro, m\u00e3e. Mas agora a colheita \u00e9 feita de esperan\u00e7as\u201d. \u00c9 assim: a vida nordestina n\u00e3o se mede em n\u00fameros de chuva, mas em for\u00e7a de persist\u00eancia.<\/p>\n<p>Quando uma nuvem resolve aparecer no c\u00e9u de terras escaldantes, \u00e9 como se um santo tivesse sorrido para o sert\u00e3o.<\/p>\n<p>Crian\u00e7as saem correndo, m\u00e3os erguidas, esperando que o c\u00e9u derrame ben\u00e7\u00e3os. Os mais velhos ainda chacoalham a cabe\u00e7a, cautelosos: \u201cNuvem que passa r\u00e1pido n\u00e3o enche a\u00e7ude\u201d.<\/p>\n<p>Em 2026, as nuvens t\u00eam pressa. Passam leves, como se n\u00e3o quisessem molhar a terra \u2014 ou talvez como se tivessem medo do pr\u00f3prio sol.<\/p>\n<p>O vento carrega poeira, e os pensamentos carregam perguntas: Quando foi que a chuva deixou de ser certeza para virar nostalgia?<\/p>\n<p>No canto de uma casa caiada de branco, o mandacaru insiste. Seus bra\u00e7os espinhados apontam para o c\u00e9u \u2014 talvez em s\u00faplica, talvez em desafio.<\/p>\n<p>\u00c9 planta que conhece o sert\u00e3o como ningu\u00e9m: sobrevive com pouco, resiste com tudo. Junto ao mandacaru, Seu Ant\u00f4nio conversa com a seca como quem fala com um amigo dif\u00edcil: \u201c\u00d4 estiagem, tu me conhece. J\u00e1 passei por ti antes. N\u00e3o me derruba!\u201d. O mandacaru floresce de vez em quando \u2014 flores amarelas que duram como um sorriso.<\/p>\n<p>Elas n\u00e3o mudam a falta d\u2019\u00e1gua, mas mudam o cora\u00e7\u00e3o de quem contempla.<\/p>\n<p>Ningu\u00e9m sabe ao certo quando a esperan\u00e7a nasceu no Nordeste. Ela deve ter chegado com os primeiros caminhantes que atravessaram o sert\u00e3o em busca d\u2019\u00e1gua. Ou talvez com o primeiro trov\u00e3o que ribombou e fez o solo tremer.<\/p>\n<p>Hoje, a esperan\u00e7a tem som: \u00e9 o barulho de caminh\u00f5es-pipa chegando nas comunidades; \u00e9 o riso das crian\u00e7as ao ver \u00e1gua nos tanques; \u00e9 o canto distante de um pastor a guiar o rebanho.<\/p>\n<p>E, sobretudo, \u00e9 a voz resiliente das pessoas que, mesmo diante de not\u00edcias de secas prolongadas e mudan\u00e7as de clima, continuam acreditando.<\/p>\n<p>Quando o sol finalmente descansa al\u00e9m da serra, o c\u00e9u se tinge de laranja, vermelho e um pouco de azul t\u00edmido. \u00c9 o momento em que os nordestinos se re\u00fanem: para jantar, para conversar, para sonhar.<\/p>\n<p>O cansa\u00e7o do dia \u00e9 pesado, mas a f\u00e9 segue leve. Ali, na mistura de terra, suor e alegria, h\u00e1 uma verdade que ningu\u00e9m pode negar: entre a esperan\u00e7a e a estiagem, o nordestino aprende a viver com as duas \u2014 e ainda inventa coragem para sorrir.<\/p>\n","protected":false},"excerpt":{"rendered":"<p>O dia nasceu antes do rel\u00f3gio. Os galos ainda cochilavam quando Maria conta os primeiros gr\u00e3os de luz que invadiram seu terreiro rachado. O sol, que para muitos \u00e9 promessa de vida, para ela \u00e9 aviso: hoje ser\u00e1 mais um dia quente demais. A terra seca range sob os p\u00e9s, e os p\u00e9s, por sua [&hellip;]<\/p>\n","protected":false},"author":2,"featured_media":378322,"comment_status":"closed","ping_status":"closed","sticky":false,"template":"","format":"standard","meta":{"_acf_changed":false,"footnotes":""},"categories":[165],"tags":[],"class_list":["post-378321","post","type-post","status-publish","format-standard","has-post-thumbnail","hentry","category-nordeste"],"acf":[],"yoast_head":"<!-- This site is optimized with the Yoast SEO plugin v27.2 - https:\/\/yoast.com\/product\/yoast-seo-wordpress\/ -->\n<title>Desafios clim\u00e1ticos que moldam a vida do sofrido povo nordestino - Notibras<\/title>\n<meta name=\"robots\" content=\"index, follow, max-snippet:-1, max-image-preview:large, max-video-preview:-1\" \/>\n<link rel=\"canonical\" href=\"https:\/\/www.notibras.com\/site\/desafios-climaticos-que-moldam-a-vida-do-sofrido-povo-nordestino\/\" \/>\n<meta property=\"og:locale\" content=\"pt_BR\" \/>\n<meta property=\"og:type\" content=\"article\" \/>\n<meta property=\"og:title\" content=\"Desafios clim\u00e1ticos que moldam a vida do sofrido povo nordestino - Notibras\" \/>\n<meta property=\"og:description\" content=\"O dia nasceu antes do rel\u00f3gio. Os galos ainda cochilavam quando Maria conta os primeiros gr\u00e3os de luz que invadiram seu terreiro rachado. O sol, que para muitos \u00e9 promessa de vida, para ela \u00e9 aviso: hoje ser\u00e1 mais um dia quente demais. A terra seca range sob os p\u00e9s, e os p\u00e9s, por sua [&hellip;]\" \/>\n<meta property=\"og:url\" content=\"https:\/\/www.notibras.com\/site\/desafios-climaticos-que-moldam-a-vida-do-sofrido-povo-nordestino\/\" \/>\n<meta property=\"og:site_name\" content=\"Notibras\" \/>\n<meta property=\"article:publisher\" content=\"https:\/\/www.facebook.com\/notibras\/\" \/>\n<meta property=\"article:published_time\" content=\"2026-01-09T11:04:52+00:00\" \/>\n<meta property=\"og:image\" content=\"https:\/\/www.notibras.com\/site\/wp-content\/uploads\/2026\/01\/9ae0ee86-310a-4e32-be3e-4b6e7158e5b3.jpg\" \/>\n\t<meta property=\"og:image:width\" content=\"1280\" \/>\n\t<meta property=\"og:image:height\" content=\"720\" \/>\n\t<meta property=\"og:image:type\" content=\"image\/jpeg\" \/>\n<meta name=\"author\" content=\"Reda\u00e7\u00e3o\" \/>\n<meta name=\"twitter:card\" content=\"summary_large_image\" \/>\n<meta name=\"twitter:creator\" content=\"@Notibras\" \/>\n<meta name=\"twitter:site\" content=\"@Notibras\" \/>\n<meta name=\"twitter:label1\" content=\"Escrito por\" \/>\n\t<meta name=\"twitter:data1\" content=\"Reda\u00e7\u00e3o\" \/>\n\t<meta name=\"twitter:label2\" content=\"Est. tempo de leitura\" \/>\n\t<meta name=\"twitter:data2\" content=\"3 minutos\" \/>\n<script type=\"application\/ld+json\" class=\"yoast-schema-graph\">{\"@context\":\"https:\/\/schema.org\",\"@graph\":[{\"@type\":\"Article\",\"@id\":\"https:\/\/www.notibras.com\/site\/desafios-climaticos-que-moldam-a-vida-do-sofrido-povo-nordestino\/#article\",\"isPartOf\":{\"@id\":\"https:\/\/www.notibras.com\/site\/desafios-climaticos-que-moldam-a-vida-do-sofrido-povo-nordestino\/\"},\"author\":{\"name\":\"Reda\u00e7\u00e3o\",\"@id\":\"https:\/\/www.notibras.com\/site\/#\/schema\/person\/36ab0979449956132d3e5b517ea76ac8\"},\"headline\":\"Desafios clim\u00e1ticos que moldam a vida do sofrido povo nordestino\",\"datePublished\":\"2026-01-09T11:04:52+00:00\",\"mainEntityOfPage\":{\"@id\":\"https:\/\/www.notibras.com\/site\/desafios-climaticos-que-moldam-a-vida-do-sofrido-povo-nordestino\/\"},\"wordCount\":542,\"publisher\":{\"@id\":\"https:\/\/www.notibras.com\/site\/#organization\"},\"image\":{\"@id\":\"https:\/\/www.notibras.com\/site\/desafios-climaticos-que-moldam-a-vida-do-sofrido-povo-nordestino\/#primaryimage\"},\"thumbnailUrl\":\"https:\/\/www.notibras.com\/site\/wp-content\/uploads\/2026\/01\/9ae0ee86-310a-4e32-be3e-4b6e7158e5b3.jpg\",\"articleSection\":[\"Nordeste\"],\"inLanguage\":\"pt-BR\"},{\"@type\":\"WebPage\",\"@id\":\"https:\/\/www.notibras.com\/site\/desafios-climaticos-que-moldam-a-vida-do-sofrido-povo-nordestino\/\",\"url\":\"https:\/\/www.notibras.com\/site\/desafios-climaticos-que-moldam-a-vida-do-sofrido-povo-nordestino\/\",\"name\":\"Desafios clim\u00e1ticos que moldam a vida do sofrido povo nordestino - Notibras\",\"isPartOf\":{\"@id\":\"https:\/\/www.notibras.com\/site\/#website\"},\"primaryImageOfPage\":{\"@id\":\"https:\/\/www.notibras.com\/site\/desafios-climaticos-que-moldam-a-vida-do-sofrido-povo-nordestino\/#primaryimage\"},\"image\":{\"@id\":\"https:\/\/www.notibras.com\/site\/desafios-climaticos-que-moldam-a-vida-do-sofrido-povo-nordestino\/#primaryimage\"},\"thumbnailUrl\":\"https:\/\/www.notibras.com\/site\/wp-content\/uploads\/2026\/01\/9ae0ee86-310a-4e32-be3e-4b6e7158e5b3.jpg\",\"datePublished\":\"2026-01-09T11:04:52+00:00\",\"breadcrumb\":{\"@id\":\"https:\/\/www.notibras.com\/site\/desafios-climaticos-que-moldam-a-vida-do-sofrido-povo-nordestino\/#breadcrumb\"},\"inLanguage\":\"pt-BR\",\"potentialAction\":[{\"@type\":\"ReadAction\",\"target\":[\"https:\/\/www.notibras.com\/site\/desafios-climaticos-que-moldam-a-vida-do-sofrido-povo-nordestino\/\"]}]},{\"@type\":\"ImageObject\",\"inLanguage\":\"pt-BR\",\"@id\":\"https:\/\/www.notibras.com\/site\/desafios-climaticos-que-moldam-a-vida-do-sofrido-povo-nordestino\/#primaryimage\",\"url\":\"https:\/\/www.notibras.com\/site\/wp-content\/uploads\/2026\/01\/9ae0ee86-310a-4e32-be3e-4b6e7158e5b3.jpg\",\"contentUrl\":\"https:\/\/www.notibras.com\/site\/wp-content\/uploads\/2026\/01\/9ae0ee86-310a-4e32-be3e-4b6e7158e5b3.jpg\",\"width\":1280,\"height\":720},{\"@type\":\"BreadcrumbList\",\"@id\":\"https:\/\/www.notibras.com\/site\/desafios-climaticos-que-moldam-a-vida-do-sofrido-povo-nordestino\/#breadcrumb\",\"itemListElement\":[{\"@type\":\"ListItem\",\"position\":1,\"name\":\"In\u00edcio\",\"item\":\"https:\/\/www.notibras.com\/site\/\"},{\"@type\":\"ListItem\",\"position\":2,\"name\":\"Desafios clim\u00e1ticos que moldam a vida do sofrido povo nordestino\"}]},{\"@type\":\"WebSite\",\"@id\":\"https:\/\/www.notibras.com\/site\/#website\",\"url\":\"https:\/\/www.notibras.com\/site\/\",\"name\":\"Notibras\",\"description\":\"Not\u00edcias de Bras\u00edlia, do Brasil e do Mundo\",\"publisher\":{\"@id\":\"https:\/\/www.notibras.com\/site\/#organization\"},\"potentialAction\":[{\"@type\":\"SearchAction\",\"target\":{\"@type\":\"EntryPoint\",\"urlTemplate\":\"https:\/\/www.notibras.com\/site\/?s={search_term_string}\"},\"query-input\":{\"@type\":\"PropertyValueSpecification\",\"valueRequired\":true,\"valueName\":\"search_term_string\"}}],\"inLanguage\":\"pt-BR\"},{\"@type\":\"Organization\",\"@id\":\"https:\/\/www.notibras.com\/site\/#organization\",\"name\":\"Grupo Notibras de Comunica\u00e7\u00e3o\",\"url\":\"https:\/\/www.notibras.com\/site\/\",\"logo\":{\"@type\":\"ImageObject\",\"inLanguage\":\"pt-BR\",\"@id\":\"https:\/\/www.notibras.com\/site\/#\/schema\/logo\/image\/\",\"url\":\"https:\/\/www.notibras.com\/site\/wp-content\/uploads\/2023\/01\/notibras23.png\",\"contentUrl\":\"https:\/\/www.notibras.com\/site\/wp-content\/uploads\/2023\/01\/notibras23.png\",\"width\":350,\"height\":87,\"caption\":\"Grupo Notibras de Comunica\u00e7\u00e3o\"},\"image\":{\"@id\":\"https:\/\/www.notibras.com\/site\/#\/schema\/logo\/image\/\"},\"sameAs\":[\"https:\/\/www.facebook.com\/notibras\/\",\"https:\/\/x.com\/Notibras\",\"https:\/\/www.instagram.com\/notibras\/\"]},{\"@type\":\"Person\",\"@id\":\"https:\/\/www.notibras.com\/site\/#\/schema\/person\/36ab0979449956132d3e5b517ea76ac8\",\"name\":\"Reda\u00e7\u00e3o\",\"image\":{\"@type\":\"ImageObject\",\"inLanguage\":\"pt-BR\",\"@id\":\"https:\/\/secure.gravatar.com\/avatar\/e0a867bdedb85fd243eadf09663511f96fc81e0720a4a42581f334ad4303aa6b?s=96&d=mm&r=g\",\"url\":\"https:\/\/secure.gravatar.com\/avatar\/e0a867bdedb85fd243eadf09663511f96fc81e0720a4a42581f334ad4303aa6b?s=96&d=mm&r=g\",\"contentUrl\":\"https:\/\/secure.gravatar.com\/avatar\/e0a867bdedb85fd243eadf09663511f96fc81e0720a4a42581f334ad4303aa6b?s=96&d=mm&r=g\",\"caption\":\"Reda\u00e7\u00e3o\"}}]}<\/script>\n<!-- \/ Yoast SEO plugin. -->","yoast_head_json":{"title":"Desafios clim\u00e1ticos que moldam a vida do sofrido povo nordestino - Notibras","robots":{"index":"index","follow":"follow","max-snippet":"max-snippet:-1","max-image-preview":"max-image-preview:large","max-video-preview":"max-video-preview:-1"},"canonical":"https:\/\/www.notibras.com\/site\/desafios-climaticos-que-moldam-a-vida-do-sofrido-povo-nordestino\/","og_locale":"pt_BR","og_type":"article","og_title":"Desafios clim\u00e1ticos que moldam a vida do sofrido povo nordestino - Notibras","og_description":"O dia nasceu antes do rel\u00f3gio. Os galos ainda cochilavam quando Maria conta os primeiros gr\u00e3os de luz que invadiram seu terreiro rachado. O sol, que para muitos \u00e9 promessa de vida, para ela \u00e9 aviso: hoje ser\u00e1 mais um dia quente demais. A terra seca range sob os p\u00e9s, e os p\u00e9s, por sua [&hellip;]","og_url":"https:\/\/www.notibras.com\/site\/desafios-climaticos-que-moldam-a-vida-do-sofrido-povo-nordestino\/","og_site_name":"Notibras","article_publisher":"https:\/\/www.facebook.com\/notibras\/","article_published_time":"2026-01-09T11:04:52+00:00","og_image":[{"width":1280,"height":720,"url":"https:\/\/www.notibras.com\/site\/wp-content\/uploads\/2026\/01\/9ae0ee86-310a-4e32-be3e-4b6e7158e5b3.jpg","type":"image\/jpeg"}],"author":"Reda\u00e7\u00e3o","twitter_card":"summary_large_image","twitter_creator":"@Notibras","twitter_site":"@Notibras","twitter_misc":{"Escrito por":"Reda\u00e7\u00e3o","Est. tempo de leitura":"3 minutos"},"schema":{"@context":"https:\/\/schema.org","@graph":[{"@type":"Article","@id":"https:\/\/www.notibras.com\/site\/desafios-climaticos-que-moldam-a-vida-do-sofrido-povo-nordestino\/#article","isPartOf":{"@id":"https:\/\/www.notibras.com\/site\/desafios-climaticos-que-moldam-a-vida-do-sofrido-povo-nordestino\/"},"author":{"name":"Reda\u00e7\u00e3o","@id":"https:\/\/www.notibras.com\/site\/#\/schema\/person\/36ab0979449956132d3e5b517ea76ac8"},"headline":"Desafios clim\u00e1ticos que moldam a vida do sofrido povo nordestino","datePublished":"2026-01-09T11:04:52+00:00","mainEntityOfPage":{"@id":"https:\/\/www.notibras.com\/site\/desafios-climaticos-que-moldam-a-vida-do-sofrido-povo-nordestino\/"},"wordCount":542,"publisher":{"@id":"https:\/\/www.notibras.com\/site\/#organization"},"image":{"@id":"https:\/\/www.notibras.com\/site\/desafios-climaticos-que-moldam-a-vida-do-sofrido-povo-nordestino\/#primaryimage"},"thumbnailUrl":"https:\/\/www.notibras.com\/site\/wp-content\/uploads\/2026\/01\/9ae0ee86-310a-4e32-be3e-4b6e7158e5b3.jpg","articleSection":["Nordeste"],"inLanguage":"pt-BR"},{"@type":"WebPage","@id":"https:\/\/www.notibras.com\/site\/desafios-climaticos-que-moldam-a-vida-do-sofrido-povo-nordestino\/","url":"https:\/\/www.notibras.com\/site\/desafios-climaticos-que-moldam-a-vida-do-sofrido-povo-nordestino\/","name":"Desafios clim\u00e1ticos que moldam a vida do sofrido povo nordestino - Notibras","isPartOf":{"@id":"https:\/\/www.notibras.com\/site\/#website"},"primaryImageOfPage":{"@id":"https:\/\/www.notibras.com\/site\/desafios-climaticos-que-moldam-a-vida-do-sofrido-povo-nordestino\/#primaryimage"},"image":{"@id":"https:\/\/www.notibras.com\/site\/desafios-climaticos-que-moldam-a-vida-do-sofrido-povo-nordestino\/#primaryimage"},"thumbnailUrl":"https:\/\/www.notibras.com\/site\/wp-content\/uploads\/2026\/01\/9ae0ee86-310a-4e32-be3e-4b6e7158e5b3.jpg","datePublished":"2026-01-09T11:04:52+00:00","breadcrumb":{"@id":"https:\/\/www.notibras.com\/site\/desafios-climaticos-que-moldam-a-vida-do-sofrido-povo-nordestino\/#breadcrumb"},"inLanguage":"pt-BR","potentialAction":[{"@type":"ReadAction","target":["https:\/\/www.notibras.com\/site\/desafios-climaticos-que-moldam-a-vida-do-sofrido-povo-nordestino\/"]}]},{"@type":"ImageObject","inLanguage":"pt-BR","@id":"https:\/\/www.notibras.com\/site\/desafios-climaticos-que-moldam-a-vida-do-sofrido-povo-nordestino\/#primaryimage","url":"https:\/\/www.notibras.com\/site\/wp-content\/uploads\/2026\/01\/9ae0ee86-310a-4e32-be3e-4b6e7158e5b3.jpg","contentUrl":"https:\/\/www.notibras.com\/site\/wp-content\/uploads\/2026\/01\/9ae0ee86-310a-4e32-be3e-4b6e7158e5b3.jpg","width":1280,"height":720},{"@type":"BreadcrumbList","@id":"https:\/\/www.notibras.com\/site\/desafios-climaticos-que-moldam-a-vida-do-sofrido-povo-nordestino\/#breadcrumb","itemListElement":[{"@type":"ListItem","position":1,"name":"In\u00edcio","item":"https:\/\/www.notibras.com\/site\/"},{"@type":"ListItem","position":2,"name":"Desafios clim\u00e1ticos que moldam a vida do sofrido povo nordestino"}]},{"@type":"WebSite","@id":"https:\/\/www.notibras.com\/site\/#website","url":"https:\/\/www.notibras.com\/site\/","name":"Notibras","description":"Not\u00edcias de Bras\u00edlia, do Brasil e do Mundo","publisher":{"@id":"https:\/\/www.notibras.com\/site\/#organization"},"potentialAction":[{"@type":"SearchAction","target":{"@type":"EntryPoint","urlTemplate":"https:\/\/www.notibras.com\/site\/?s={search_term_string}"},"query-input":{"@type":"PropertyValueSpecification","valueRequired":true,"valueName":"search_term_string"}}],"inLanguage":"pt-BR"},{"@type":"Organization","@id":"https:\/\/www.notibras.com\/site\/#organization","name":"Grupo Notibras de Comunica\u00e7\u00e3o","url":"https:\/\/www.notibras.com\/site\/","logo":{"@type":"ImageObject","inLanguage":"pt-BR","@id":"https:\/\/www.notibras.com\/site\/#\/schema\/logo\/image\/","url":"https:\/\/www.notibras.com\/site\/wp-content\/uploads\/2023\/01\/notibras23.png","contentUrl":"https:\/\/www.notibras.com\/site\/wp-content\/uploads\/2023\/01\/notibras23.png","width":350,"height":87,"caption":"Grupo Notibras de Comunica\u00e7\u00e3o"},"image":{"@id":"https:\/\/www.notibras.com\/site\/#\/schema\/logo\/image\/"},"sameAs":["https:\/\/www.facebook.com\/notibras\/","https:\/\/x.com\/Notibras","https:\/\/www.instagram.com\/notibras\/"]},{"@type":"Person","@id":"https:\/\/www.notibras.com\/site\/#\/schema\/person\/36ab0979449956132d3e5b517ea76ac8","name":"Reda\u00e7\u00e3o","image":{"@type":"ImageObject","inLanguage":"pt-BR","@id":"https:\/\/secure.gravatar.com\/avatar\/e0a867bdedb85fd243eadf09663511f96fc81e0720a4a42581f334ad4303aa6b?s=96&d=mm&r=g","url":"https:\/\/secure.gravatar.com\/avatar\/e0a867bdedb85fd243eadf09663511f96fc81e0720a4a42581f334ad4303aa6b?s=96&d=mm&r=g","contentUrl":"https:\/\/secure.gravatar.com\/avatar\/e0a867bdedb85fd243eadf09663511f96fc81e0720a4a42581f334ad4303aa6b?s=96&d=mm&r=g","caption":"Reda\u00e7\u00e3o"}}]}},"amp_enabled":true,"_links":{"self":[{"href":"https:\/\/www.notibras.com\/site\/wp-json\/wp\/v2\/posts\/378321","targetHints":{"allow":["GET"]}}],"collection":[{"href":"https:\/\/www.notibras.com\/site\/wp-json\/wp\/v2\/posts"}],"about":[{"href":"https:\/\/www.notibras.com\/site\/wp-json\/wp\/v2\/types\/post"}],"author":[{"embeddable":true,"href":"https:\/\/www.notibras.com\/site\/wp-json\/wp\/v2\/users\/2"}],"replies":[{"embeddable":true,"href":"https:\/\/www.notibras.com\/site\/wp-json\/wp\/v2\/comments?post=378321"}],"version-history":[{"count":1,"href":"https:\/\/www.notibras.com\/site\/wp-json\/wp\/v2\/posts\/378321\/revisions"}],"predecessor-version":[{"id":378323,"href":"https:\/\/www.notibras.com\/site\/wp-json\/wp\/v2\/posts\/378321\/revisions\/378323"}],"wp:featuredmedia":[{"embeddable":true,"href":"https:\/\/www.notibras.com\/site\/wp-json\/wp\/v2\/media\/378322"}],"wp:attachment":[{"href":"https:\/\/www.notibras.com\/site\/wp-json\/wp\/v2\/media?parent=378321"}],"wp:term":[{"taxonomy":"category","embeddable":true,"href":"https:\/\/www.notibras.com\/site\/wp-json\/wp\/v2\/categories?post=378321"},{"taxonomy":"post_tag","embeddable":true,"href":"https:\/\/www.notibras.com\/site\/wp-json\/wp\/v2\/tags?post=378321"}],"curies":[{"name":"wp","href":"https:\/\/api.w.org\/{rel}","templated":true}]}}