{"id":378324,"date":"2026-01-09T00:07:47","date_gmt":"2026-01-09T03:07:47","guid":{"rendered":"https:\/\/www.notibras.com\/site\/?p=378324"},"modified":"2026-01-09T08:10:14","modified_gmt":"2026-01-09T11:10:14","slug":"cagepa-alertada-para-corrigir-poluicao-saindo-de-galeria-pluvial-na-orla","status":"publish","type":"post","link":"https:\/\/www.notibras.com\/site\/cagepa-alertada-para-corrigir-poluicao-saindo-de-galeria-pluvial-na-orla\/","title":{"rendered":"Cagepa alertada para corrigir polui\u00e7\u00e3o saindo de galeria pluvial na orla"},"content":{"rendered":"<p>A Secretaria Municipal de Meio Ambiente (Semam) notificou a Companhia de \u00c1gua e Esgotos da Para\u00edba (Cagepa) para corrigir um vazamento de esgoto na orla de Jo\u00e3o Pessoa, ap\u00f3s \u00e1gua com sinais de polui\u00e7\u00e3o ser identificada saindo de uma galeria pluvial na praia de Tamba\u00fa.<\/p>\n<p>Em nota, a secretaria informou que a notifica\u00e7\u00e3o para a Cagepa diz respeito a imediata manuten\u00e7\u00e3o de po\u00e7os de visita, com intuito de parar o descarte dos res\u00edduos l\u00edquidos ou gasosos nas vias p\u00fablicas de Jo\u00e3o Pessoa.<\/p>\n<p>A Semam destacou ainda que foi constada o derramamento de esgoto em v\u00e1rios pontos da Orla mar\u00edtima de Jo\u00e3o Pessoa, e o rompimento de uma rede coletora no bairro dos Banc\u00e1rios.<\/p>\n<p>A Cagepa tamb\u00e9m emitiu uma nota, em resposta \u00e0 notifica\u00e7\u00e3o, dizendo que o &#8220;esgoto sob sua responsabilidade encontra-se em opera\u00e7\u00e3o normal&#8221;. Disse tamb\u00e9m que nos \u00faltimos dia foi registrado um &#8220;epis\u00f3dio pontual&#8221; de extravasamento em um Po\u00e7o de Visita (PV), ocorrido em 30 de dezembro, fora da \u00e1rea onde o fen\u00f4meno em Tamba\u00fa foi observado. O \u00f3rg\u00e3o disse que esse problema foi resolvido.<\/p>\n<p>A companhia disse ainda que &#8220;o escurecimento da \u00e1gua em \u00e1reas da orla \u00e9 um fen\u00f4meno complexo&#8221; e que \u00e9 &#8220;associado a diversos fatores&#8221;, entre eles liga\u00e7\u00f5es clandestinas de esgoto em galerias de drenagem pluvial.<\/p>\n<p>O \u00f3rg\u00e3o afirmou ainda que a &#8220;limpeza e manuten\u00e7\u00e3o de galerias, canais e bocas de lobo, \u00e9 de compet\u00eancia municipal, enquanto \u00e0 companhia cabe a coleta e o tratamento do esgoto sanit\u00e1rio&#8221;. Se colocou tamb\u00e9m \u00e0 disposi\u00e7\u00e3o para colaborar com a Prefeitura de Jo\u00e3o Pessoa, \u00f3rg\u00e3os ambientais e demais entidades envolvidas.<\/p>\n","protected":false},"excerpt":{"rendered":"<p>A Secretaria Municipal de Meio Ambiente (Semam) notificou a Companhia de \u00c1gua e Esgotos da Para\u00edba (Cagepa) para corrigir um vazamento de esgoto na orla de Jo\u00e3o Pessoa, ap\u00f3s \u00e1gua com sinais de polui\u00e7\u00e3o ser identificada saindo de uma galeria pluvial na praia de Tamba\u00fa. Em nota, a secretaria informou que a notifica\u00e7\u00e3o para a [&hellip;]<\/p>\n","protected":false},"author":2,"featured_media":378325,"comment_status":"closed","ping_status":"closed","sticky":false,"template":"","format":"standard","meta":{"_acf_changed":false,"footnotes":""},"categories":[165],"tags":[],"class_list":["post-378324","post","type-post","status-publish","format-standard","has-post-thumbnail","hentry","category-nordeste"],"acf":[],"yoast_head":"<!-- This site is optimized with the Yoast SEO plugin v27.2 - https:\/\/yoast.com\/product\/yoast-seo-wordpress\/ -->\n<title>Cagepa alertada para corrigir polui\u00e7\u00e3o saindo de galeria pluvial na orla - Notibras<\/title>\n<meta name=\"robots\" content=\"index, follow, max-snippet:-1, max-image-preview:large, max-video-preview:-1\" \/>\n<link rel=\"canonical\" href=\"https:\/\/www.notibras.com\/site\/cagepa-alertada-para-corrigir-poluicao-saindo-de-galeria-pluvial-na-orla\/\" \/>\n<meta property=\"og:locale\" content=\"pt_BR\" \/>\n<meta property=\"og:type\" content=\"article\" \/>\n<meta property=\"og:title\" content=\"Cagepa alertada para corrigir polui\u00e7\u00e3o saindo de galeria pluvial na orla - Notibras\" \/>\n<meta property=\"og:description\" content=\"A Secretaria Municipal de Meio Ambiente (Semam) notificou a Companhia de \u00c1gua e Esgotos da Para\u00edba (Cagepa) para corrigir um vazamento de esgoto na orla de Jo\u00e3o Pessoa, ap\u00f3s \u00e1gua com sinais de polui\u00e7\u00e3o ser identificada saindo de uma galeria pluvial na praia de Tamba\u00fa. Em nota, a secretaria informou que a notifica\u00e7\u00e3o para a [&hellip;]\" \/>\n<meta property=\"og:url\" content=\"https:\/\/www.notibras.com\/site\/cagepa-alertada-para-corrigir-poluicao-saindo-de-galeria-pluvial-na-orla\/\" \/>\n<meta property=\"og:site_name\" content=\"Notibras\" \/>\n<meta property=\"article:publisher\" content=\"https:\/\/www.facebook.com\/notibras\/\" \/>\n<meta property=\"article:published_time\" content=\"2026-01-09T03:07:47+00:00\" \/>\n<meta property=\"article:modified_time\" content=\"2026-01-09T11:10:14+00:00\" \/>\n<meta property=\"og:image\" content=\"https:\/\/www.notibras.com\/site\/wp-content\/uploads\/2026\/01\/f186f75b-00c5-4d83-a2de-a6e27636a891.jpg\" \/>\n\t<meta property=\"og:image:width\" content=\"984\" \/>\n\t<meta property=\"og:image:height\" content=\"553\" \/>\n\t<meta property=\"og:image:type\" content=\"image\/jpeg\" \/>\n<meta name=\"author\" content=\"Reda\u00e7\u00e3o\" \/>\n<meta name=\"twitter:card\" content=\"summary_large_image\" \/>\n<meta name=\"twitter:creator\" content=\"@Notibras\" \/>\n<meta name=\"twitter:site\" content=\"@Notibras\" \/>\n<meta name=\"twitter:label1\" content=\"Escrito por\" \/>\n\t<meta name=\"twitter:data1\" content=\"Reda\u00e7\u00e3o\" \/>\n\t<meta name=\"twitter:label2\" content=\"Est. tempo de leitura\" \/>\n\t<meta name=\"twitter:data2\" content=\"2 minutos\" \/>\n<script type=\"application\/ld+json\" class=\"yoast-schema-graph\">{\"@context\":\"https:\/\/schema.org\",\"@graph\":[{\"@type\":\"Article\",\"@id\":\"https:\/\/www.notibras.com\/site\/cagepa-alertada-para-corrigir-poluicao-saindo-de-galeria-pluvial-na-orla\/#article\",\"isPartOf\":{\"@id\":\"https:\/\/www.notibras.com\/site\/cagepa-alertada-para-corrigir-poluicao-saindo-de-galeria-pluvial-na-orla\/\"},\"author\":{\"name\":\"Reda\u00e7\u00e3o\",\"@id\":\"https:\/\/www.notibras.com\/site\/#\/schema\/person\/36ab0979449956132d3e5b517ea76ac8\"},\"headline\":\"Cagepa alertada para corrigir polui\u00e7\u00e3o saindo de galeria pluvial na orla\",\"datePublished\":\"2026-01-09T03:07:47+00:00\",\"dateModified\":\"2026-01-09T11:10:14+00:00\",\"mainEntityOfPage\":{\"@id\":\"https:\/\/www.notibras.com\/site\/cagepa-alertada-para-corrigir-poluicao-saindo-de-galeria-pluvial-na-orla\/\"},\"wordCount\":300,\"publisher\":{\"@id\":\"https:\/\/www.notibras.com\/site\/#organization\"},\"image\":{\"@id\":\"https:\/\/www.notibras.com\/site\/cagepa-alertada-para-corrigir-poluicao-saindo-de-galeria-pluvial-na-orla\/#primaryimage\"},\"thumbnailUrl\":\"https:\/\/www.notibras.com\/site\/wp-content\/uploads\/2026\/01\/f186f75b-00c5-4d83-a2de-a6e27636a891.jpg\",\"articleSection\":[\"Nordeste\"],\"inLanguage\":\"pt-BR\"},{\"@type\":\"WebPage\",\"@id\":\"https:\/\/www.notibras.com\/site\/cagepa-alertada-para-corrigir-poluicao-saindo-de-galeria-pluvial-na-orla\/\",\"url\":\"https:\/\/www.notibras.com\/site\/cagepa-alertada-para-corrigir-poluicao-saindo-de-galeria-pluvial-na-orla\/\",\"name\":\"Cagepa alertada para corrigir polui\u00e7\u00e3o saindo de galeria pluvial na orla - Notibras\",\"isPartOf\":{\"@id\":\"https:\/\/www.notibras.com\/site\/#website\"},\"primaryImageOfPage\":{\"@id\":\"https:\/\/www.notibras.com\/site\/cagepa-alertada-para-corrigir-poluicao-saindo-de-galeria-pluvial-na-orla\/#primaryimage\"},\"image\":{\"@id\":\"https:\/\/www.notibras.com\/site\/cagepa-alertada-para-corrigir-poluicao-saindo-de-galeria-pluvial-na-orla\/#primaryimage\"},\"thumbnailUrl\":\"https:\/\/www.notibras.com\/site\/wp-content\/uploads\/2026\/01\/f186f75b-00c5-4d83-a2de-a6e27636a891.jpg\",\"datePublished\":\"2026-01-09T03:07:47+00:00\",\"dateModified\":\"2026-01-09T11:10:14+00:00\",\"breadcrumb\":{\"@id\":\"https:\/\/www.notibras.com\/site\/cagepa-alertada-para-corrigir-poluicao-saindo-de-galeria-pluvial-na-orla\/#breadcrumb\"},\"inLanguage\":\"pt-BR\",\"potentialAction\":[{\"@type\":\"ReadAction\",\"target\":[\"https:\/\/www.notibras.com\/site\/cagepa-alertada-para-corrigir-poluicao-saindo-de-galeria-pluvial-na-orla\/\"]}]},{\"@type\":\"ImageObject\",\"inLanguage\":\"pt-BR\",\"@id\":\"https:\/\/www.notibras.com\/site\/cagepa-alertada-para-corrigir-poluicao-saindo-de-galeria-pluvial-na-orla\/#primaryimage\",\"url\":\"https:\/\/www.notibras.com\/site\/wp-content\/uploads\/2026\/01\/f186f75b-00c5-4d83-a2de-a6e27636a891.jpg\",\"contentUrl\":\"https:\/\/www.notibras.com\/site\/wp-content\/uploads\/2026\/01\/f186f75b-00c5-4d83-a2de-a6e27636a891.jpg\",\"width\":984,\"height\":553},{\"@type\":\"BreadcrumbList\",\"@id\":\"https:\/\/www.notibras.com\/site\/cagepa-alertada-para-corrigir-poluicao-saindo-de-galeria-pluvial-na-orla\/#breadcrumb\",\"itemListElement\":[{\"@type\":\"ListItem\",\"position\":1,\"name\":\"In\u00edcio\",\"item\":\"https:\/\/www.notibras.com\/site\/\"},{\"@type\":\"ListItem\",\"position\":2,\"name\":\"Cagepa alertada para corrigir polui\u00e7\u00e3o saindo de galeria pluvial na orla\"}]},{\"@type\":\"WebSite\",\"@id\":\"https:\/\/www.notibras.com\/site\/#website\",\"url\":\"https:\/\/www.notibras.com\/site\/\",\"name\":\"Notibras\",\"description\":\"Not\u00edcias de Bras\u00edlia, do Brasil e do Mundo\",\"publisher\":{\"@id\":\"https:\/\/www.notibras.com\/site\/#organization\"},\"potentialAction\":[{\"@type\":\"SearchAction\",\"target\":{\"@type\":\"EntryPoint\",\"urlTemplate\":\"https:\/\/www.notibras.com\/site\/?s={search_term_string}\"},\"query-input\":{\"@type\":\"PropertyValueSpecification\",\"valueRequired\":true,\"valueName\":\"search_term_string\"}}],\"inLanguage\":\"pt-BR\"},{\"@type\":\"Organization\",\"@id\":\"https:\/\/www.notibras.com\/site\/#organization\",\"name\":\"Grupo Notibras de Comunica\u00e7\u00e3o\",\"url\":\"https:\/\/www.notibras.com\/site\/\",\"logo\":{\"@type\":\"ImageObject\",\"inLanguage\":\"pt-BR\",\"@id\":\"https:\/\/www.notibras.com\/site\/#\/schema\/logo\/image\/\",\"url\":\"https:\/\/www.notibras.com\/site\/wp-content\/uploads\/2023\/01\/notibras23.png\",\"contentUrl\":\"https:\/\/www.notibras.com\/site\/wp-content\/uploads\/2023\/01\/notibras23.png\",\"width\":350,\"height\":87,\"caption\":\"Grupo Notibras de Comunica\u00e7\u00e3o\"},\"image\":{\"@id\":\"https:\/\/www.notibras.com\/site\/#\/schema\/logo\/image\/\"},\"sameAs\":[\"https:\/\/www.facebook.com\/notibras\/\",\"https:\/\/x.com\/Notibras\",\"https:\/\/www.instagram.com\/notibras\/\"]},{\"@type\":\"Person\",\"@id\":\"https:\/\/www.notibras.com\/site\/#\/schema\/person\/36ab0979449956132d3e5b517ea76ac8\",\"name\":\"Reda\u00e7\u00e3o\",\"image\":{\"@type\":\"ImageObject\",\"inLanguage\":\"pt-BR\",\"@id\":\"https:\/\/secure.gravatar.com\/avatar\/e0a867bdedb85fd243eadf09663511f96fc81e0720a4a42581f334ad4303aa6b?s=96&d=mm&r=g\",\"url\":\"https:\/\/secure.gravatar.com\/avatar\/e0a867bdedb85fd243eadf09663511f96fc81e0720a4a42581f334ad4303aa6b?s=96&d=mm&r=g\",\"contentUrl\":\"https:\/\/secure.gravatar.com\/avatar\/e0a867bdedb85fd243eadf09663511f96fc81e0720a4a42581f334ad4303aa6b?s=96&d=mm&r=g\",\"caption\":\"Reda\u00e7\u00e3o\"}}]}<\/script>\n<!-- \/ Yoast SEO plugin. -->","yoast_head_json":{"title":"Cagepa alertada para corrigir polui\u00e7\u00e3o saindo de galeria pluvial na orla - Notibras","robots":{"index":"index","follow":"follow","max-snippet":"max-snippet:-1","max-image-preview":"max-image-preview:large","max-video-preview":"max-video-preview:-1"},"canonical":"https:\/\/www.notibras.com\/site\/cagepa-alertada-para-corrigir-poluicao-saindo-de-galeria-pluvial-na-orla\/","og_locale":"pt_BR","og_type":"article","og_title":"Cagepa alertada para corrigir polui\u00e7\u00e3o saindo de galeria pluvial na orla - Notibras","og_description":"A Secretaria Municipal de Meio Ambiente (Semam) notificou a Companhia de \u00c1gua e Esgotos da Para\u00edba (Cagepa) para corrigir um vazamento de esgoto na orla de Jo\u00e3o Pessoa, ap\u00f3s \u00e1gua com sinais de polui\u00e7\u00e3o ser identificada saindo de uma galeria pluvial na praia de Tamba\u00fa. Em nota, a secretaria informou que a notifica\u00e7\u00e3o para a [&hellip;]","og_url":"https:\/\/www.notibras.com\/site\/cagepa-alertada-para-corrigir-poluicao-saindo-de-galeria-pluvial-na-orla\/","og_site_name":"Notibras","article_publisher":"https:\/\/www.facebook.com\/notibras\/","article_published_time":"2026-01-09T03:07:47+00:00","article_modified_time":"2026-01-09T11:10:14+00:00","og_image":[{"width":984,"height":553,"url":"https:\/\/www.notibras.com\/site\/wp-content\/uploads\/2026\/01\/f186f75b-00c5-4d83-a2de-a6e27636a891.jpg","type":"image\/jpeg"}],"author":"Reda\u00e7\u00e3o","twitter_card":"summary_large_image","twitter_creator":"@Notibras","twitter_site":"@Notibras","twitter_misc":{"Escrito por":"Reda\u00e7\u00e3o","Est. tempo de leitura":"2 minutos"},"schema":{"@context":"https:\/\/schema.org","@graph":[{"@type":"Article","@id":"https:\/\/www.notibras.com\/site\/cagepa-alertada-para-corrigir-poluicao-saindo-de-galeria-pluvial-na-orla\/#article","isPartOf":{"@id":"https:\/\/www.notibras.com\/site\/cagepa-alertada-para-corrigir-poluicao-saindo-de-galeria-pluvial-na-orla\/"},"author":{"name":"Reda\u00e7\u00e3o","@id":"https:\/\/www.notibras.com\/site\/#\/schema\/person\/36ab0979449956132d3e5b517ea76ac8"},"headline":"Cagepa alertada para corrigir polui\u00e7\u00e3o saindo de galeria pluvial na orla","datePublished":"2026-01-09T03:07:47+00:00","dateModified":"2026-01-09T11:10:14+00:00","mainEntityOfPage":{"@id":"https:\/\/www.notibras.com\/site\/cagepa-alertada-para-corrigir-poluicao-saindo-de-galeria-pluvial-na-orla\/"},"wordCount":300,"publisher":{"@id":"https:\/\/www.notibras.com\/site\/#organization"},"image":{"@id":"https:\/\/www.notibras.com\/site\/cagepa-alertada-para-corrigir-poluicao-saindo-de-galeria-pluvial-na-orla\/#primaryimage"},"thumbnailUrl":"https:\/\/www.notibras.com\/site\/wp-content\/uploads\/2026\/01\/f186f75b-00c5-4d83-a2de-a6e27636a891.jpg","articleSection":["Nordeste"],"inLanguage":"pt-BR"},{"@type":"WebPage","@id":"https:\/\/www.notibras.com\/site\/cagepa-alertada-para-corrigir-poluicao-saindo-de-galeria-pluvial-na-orla\/","url":"https:\/\/www.notibras.com\/site\/cagepa-alertada-para-corrigir-poluicao-saindo-de-galeria-pluvial-na-orla\/","name":"Cagepa alertada para corrigir polui\u00e7\u00e3o saindo de galeria pluvial na orla - Notibras","isPartOf":{"@id":"https:\/\/www.notibras.com\/site\/#website"},"primaryImageOfPage":{"@id":"https:\/\/www.notibras.com\/site\/cagepa-alertada-para-corrigir-poluicao-saindo-de-galeria-pluvial-na-orla\/#primaryimage"},"image":{"@id":"https:\/\/www.notibras.com\/site\/cagepa-alertada-para-corrigir-poluicao-saindo-de-galeria-pluvial-na-orla\/#primaryimage"},"thumbnailUrl":"https:\/\/www.notibras.com\/site\/wp-content\/uploads\/2026\/01\/f186f75b-00c5-4d83-a2de-a6e27636a891.jpg","datePublished":"2026-01-09T03:07:47+00:00","dateModified":"2026-01-09T11:10:14+00:00","breadcrumb":{"@id":"https:\/\/www.notibras.com\/site\/cagepa-alertada-para-corrigir-poluicao-saindo-de-galeria-pluvial-na-orla\/#breadcrumb"},"inLanguage":"pt-BR","potentialAction":[{"@type":"ReadAction","target":["https:\/\/www.notibras.com\/site\/cagepa-alertada-para-corrigir-poluicao-saindo-de-galeria-pluvial-na-orla\/"]}]},{"@type":"ImageObject","inLanguage":"pt-BR","@id":"https:\/\/www.notibras.com\/site\/cagepa-alertada-para-corrigir-poluicao-saindo-de-galeria-pluvial-na-orla\/#primaryimage","url":"https:\/\/www.notibras.com\/site\/wp-content\/uploads\/2026\/01\/f186f75b-00c5-4d83-a2de-a6e27636a891.jpg","contentUrl":"https:\/\/www.notibras.com\/site\/wp-content\/uploads\/2026\/01\/f186f75b-00c5-4d83-a2de-a6e27636a891.jpg","width":984,"height":553},{"@type":"BreadcrumbList","@id":"https:\/\/www.notibras.com\/site\/cagepa-alertada-para-corrigir-poluicao-saindo-de-galeria-pluvial-na-orla\/#breadcrumb","itemListElement":[{"@type":"ListItem","position":1,"name":"In\u00edcio","item":"https:\/\/www.notibras.com\/site\/"},{"@type":"ListItem","position":2,"name":"Cagepa alertada para corrigir polui\u00e7\u00e3o saindo de galeria pluvial na orla"}]},{"@type":"WebSite","@id":"https:\/\/www.notibras.com\/site\/#website","url":"https:\/\/www.notibras.com\/site\/","name":"Notibras","description":"Not\u00edcias de Bras\u00edlia, do Brasil e do Mundo","publisher":{"@id":"https:\/\/www.notibras.com\/site\/#organization"},"potentialAction":[{"@type":"SearchAction","target":{"@type":"EntryPoint","urlTemplate":"https:\/\/www.notibras.com\/site\/?s={search_term_string}"},"query-input":{"@type":"PropertyValueSpecification","valueRequired":true,"valueName":"search_term_string"}}],"inLanguage":"pt-BR"},{"@type":"Organization","@id":"https:\/\/www.notibras.com\/site\/#organization","name":"Grupo Notibras de Comunica\u00e7\u00e3o","url":"https:\/\/www.notibras.com\/site\/","logo":{"@type":"ImageObject","inLanguage":"pt-BR","@id":"https:\/\/www.notibras.com\/site\/#\/schema\/logo\/image\/","url":"https:\/\/www.notibras.com\/site\/wp-content\/uploads\/2023\/01\/notibras23.png","contentUrl":"https:\/\/www.notibras.com\/site\/wp-content\/uploads\/2023\/01\/notibras23.png","width":350,"height":87,"caption":"Grupo Notibras de Comunica\u00e7\u00e3o"},"image":{"@id":"https:\/\/www.notibras.com\/site\/#\/schema\/logo\/image\/"},"sameAs":["https:\/\/www.facebook.com\/notibras\/","https:\/\/x.com\/Notibras","https:\/\/www.instagram.com\/notibras\/"]},{"@type":"Person","@id":"https:\/\/www.notibras.com\/site\/#\/schema\/person\/36ab0979449956132d3e5b517ea76ac8","name":"Reda\u00e7\u00e3o","image":{"@type":"ImageObject","inLanguage":"pt-BR","@id":"https:\/\/secure.gravatar.com\/avatar\/e0a867bdedb85fd243eadf09663511f96fc81e0720a4a42581f334ad4303aa6b?s=96&d=mm&r=g","url":"https:\/\/secure.gravatar.com\/avatar\/e0a867bdedb85fd243eadf09663511f96fc81e0720a4a42581f334ad4303aa6b?s=96&d=mm&r=g","contentUrl":"https:\/\/secure.gravatar.com\/avatar\/e0a867bdedb85fd243eadf09663511f96fc81e0720a4a42581f334ad4303aa6b?s=96&d=mm&r=g","caption":"Reda\u00e7\u00e3o"}}]}},"amp_enabled":true,"_links":{"self":[{"href":"https:\/\/www.notibras.com\/site\/wp-json\/wp\/v2\/posts\/378324","targetHints":{"allow":["GET"]}}],"collection":[{"href":"https:\/\/www.notibras.com\/site\/wp-json\/wp\/v2\/posts"}],"about":[{"href":"https:\/\/www.notibras.com\/site\/wp-json\/wp\/v2\/types\/post"}],"author":[{"embeddable":true,"href":"https:\/\/www.notibras.com\/site\/wp-json\/wp\/v2\/users\/2"}],"replies":[{"embeddable":true,"href":"https:\/\/www.notibras.com\/site\/wp-json\/wp\/v2\/comments?post=378324"}],"version-history":[{"count":1,"href":"https:\/\/www.notibras.com\/site\/wp-json\/wp\/v2\/posts\/378324\/revisions"}],"predecessor-version":[{"id":378326,"href":"https:\/\/www.notibras.com\/site\/wp-json\/wp\/v2\/posts\/378324\/revisions\/378326"}],"wp:featuredmedia":[{"embeddable":true,"href":"https:\/\/www.notibras.com\/site\/wp-json\/wp\/v2\/media\/378325"}],"wp:attachment":[{"href":"https:\/\/www.notibras.com\/site\/wp-json\/wp\/v2\/media?parent=378324"}],"wp:term":[{"taxonomy":"category","embeddable":true,"href":"https:\/\/www.notibras.com\/site\/wp-json\/wp\/v2\/categories?post=378324"},{"taxonomy":"post_tag","embeddable":true,"href":"https:\/\/www.notibras.com\/site\/wp-json\/wp\/v2\/tags?post=378324"}],"curies":[{"name":"wp","href":"https:\/\/api.w.org\/{rel}","templated":true}]}}