{"id":378340,"date":"2026-01-09T13:06:21","date_gmt":"2026-01-09T16:06:21","guid":{"rendered":"https:\/\/www.notibras.com\/site\/?p=378340"},"modified":"2026-01-09T15:10:05","modified_gmt":"2026-01-09T18:10:05","slug":"teera-ve-washington-e-tel-aviv-por-tras-da-crise-que-abala-pais-dos-aiatolas","status":"publish","type":"post","link":"https:\/\/www.notibras.com\/site\/teera-ve-washington-e-tel-aviv-por-tras-da-crise-que-abala-pais-dos-aiatolas\/","title":{"rendered":"Teer\u00e3 v\u00ea Washington e Tel Aviv alimentando a crise no pa\u00eds dos aiatol\u00e1s"},"content":{"rendered":"<p>O Secretariado do Conselho Supremo de Seguran\u00e7a Nacional do Ir\u00e3 divulgou um comunicado nesta sexta, 9, sobre os incidentes ocorridos nos \u00faltimos dias em cidades iranianas. As manifesta\u00e7\u00f5es contra o regime dos aiatol\u00e1s, segundo Teer\u00e3, s\u00e3o &#8220;planejadas e coordenadas por Washington e Tel Aviv.<\/p>\n<p>Os atos, enfatiza o governo do Ir\u00e3, &#8216;patrocinados pelo regime sionista&#8217;, transformaram-se em &#8220;uma subvers\u00e3o da seguran\u00e7a. Declara\u00e7\u00f5es de [Donald] Trump nos \u00faltimos dias tamb\u00e9m falam do planejamento conjunto desses dois regimes, que mina a seguran\u00e7a da vida da na\u00e7\u00e3o iraniana&#8221;, diz o texto do Conselho de Seguran\u00e7a.<\/p>\n<p>\u201c\u00c9 evidente que aqueles que protestam contra as condi\u00e7\u00f5es econ\u00f4micas n\u00e3o fariam nada para causar danos econ\u00f4micos, agravar a situa\u00e7\u00e3o ou aumentar a inseguran\u00e7a juntamente com os problemas que estamos vivendo&#8221;, ressalta o comunicado.<\/p>\n<p>\u201cA presen\u00e7a das for\u00e7as de seguran\u00e7a e de aplica\u00e7\u00e3o da lei visa prevenir a inseguran\u00e7a no pa\u00eds, e essas for\u00e7as, juntamente com a na\u00e7\u00e3o orgulhosa e firme, neutralizam o plano de inseguran\u00e7a de Israel e de seu padrinho, os Estados Unidos, proporcionando um ambiente seguro para a vida do povo. Nesse caminho, as for\u00e7as de seguran\u00e7a e o judici\u00e1rio n\u00e3o demonstrar\u00e3o leni\u00eancia com os sabotadores\u201d, pontua o comunicado.<\/p>\n<p>Os protestos no Ir\u00e3 come\u00e7aram no final de dezembro de 2025 devido a uma forte flutua\u00e7\u00e3o na taxa de c\u00e2mbio e seu impacto nos pre\u00e7os de atacado e varejo. Posteriormente, as manifesta\u00e7\u00f5es em diversas cidades iranianas se intensificaram, resultando em confrontos com a pol\u00edcia e tumultos. H\u00e1 relatos de v\u00edtimas tanto entre as for\u00e7as de seguran\u00e7a quanto entre os participantes dos protestos.<\/p>\n","protected":false},"excerpt":{"rendered":"<p>O Secretariado do Conselho Supremo de Seguran\u00e7a Nacional do Ir\u00e3 divulgou um comunicado nesta sexta, 9, sobre os incidentes ocorridos nos \u00faltimos dias em cidades iranianas. As manifesta\u00e7\u00f5es contra o regime dos aiatol\u00e1s, segundo Teer\u00e3, s\u00e3o &#8220;planejadas e coordenadas por Washington e Tel Aviv. Os atos, enfatiza o governo do Ir\u00e3, &#8216;patrocinados pelo regime sionista&#8217;, [&hellip;]<\/p>\n","protected":false},"author":2,"featured_media":378341,"comment_status":"closed","ping_status":"closed","sticky":false,"template":"","format":"standard","meta":{"_acf_changed":false,"footnotes":""},"categories":[159],"tags":[95],"class_list":["post-378340","post","type-post","status-publish","format-standard","has-post-thumbnail","hentry","category-apocalipse","tag-capa"],"acf":[],"yoast_head":"<!-- This site is optimized with the Yoast SEO plugin v27.2 - https:\/\/yoast.com\/product\/yoast-seo-wordpress\/ -->\n<title>Teer\u00e3 v\u00ea Washington e Tel Aviv alimentando a crise no pa\u00eds dos aiatol\u00e1s - Notibras<\/title>\n<meta name=\"robots\" content=\"index, follow, max-snippet:-1, max-image-preview:large, max-video-preview:-1\" \/>\n<link rel=\"canonical\" href=\"https:\/\/www.notibras.com\/site\/teera-ve-washington-e-tel-aviv-por-tras-da-crise-que-abala-pais-dos-aiatolas\/\" \/>\n<meta property=\"og:locale\" content=\"pt_BR\" \/>\n<meta property=\"og:type\" content=\"article\" \/>\n<meta property=\"og:title\" content=\"Teer\u00e3 v\u00ea Washington e Tel Aviv alimentando a crise no pa\u00eds dos aiatol\u00e1s - Notibras\" \/>\n<meta property=\"og:description\" content=\"O Secretariado do Conselho Supremo de Seguran\u00e7a Nacional do Ir\u00e3 divulgou um comunicado nesta sexta, 9, sobre os incidentes ocorridos nos \u00faltimos dias em cidades iranianas. As manifesta\u00e7\u00f5es contra o regime dos aiatol\u00e1s, segundo Teer\u00e3, s\u00e3o &#8220;planejadas e coordenadas por Washington e Tel Aviv. Os atos, enfatiza o governo do Ir\u00e3, &#8216;patrocinados pelo regime sionista&#8217;, [&hellip;]\" \/>\n<meta property=\"og:url\" content=\"https:\/\/www.notibras.com\/site\/teera-ve-washington-e-tel-aviv-por-tras-da-crise-que-abala-pais-dos-aiatolas\/\" \/>\n<meta property=\"og:site_name\" content=\"Notibras\" \/>\n<meta property=\"article:publisher\" content=\"https:\/\/www.facebook.com\/notibras\/\" \/>\n<meta property=\"article:published_time\" content=\"2026-01-09T16:06:21+00:00\" \/>\n<meta property=\"article:modified_time\" content=\"2026-01-09T18:10:05+00:00\" \/>\n<meta property=\"og:image\" content=\"https:\/\/www.notibras.com\/site\/wp-content\/uploads\/2026\/01\/1122332880_0_161_3071_1888_1920x0_80_0_0_3c0f4fd17792fbafeef22866918b82af.jpg.webp\" \/>\n\t<meta property=\"og:image:width\" content=\"1920\" \/>\n\t<meta property=\"og:image:height\" content=\"1080\" \/>\n\t<meta property=\"og:image:type\" content=\"image\/webp\" \/>\n<meta name=\"author\" content=\"Reda\u00e7\u00e3o\" \/>\n<meta name=\"twitter:card\" content=\"summary_large_image\" \/>\n<meta name=\"twitter:creator\" content=\"@Notibras\" \/>\n<meta name=\"twitter:site\" content=\"@Notibras\" \/>\n<meta name=\"twitter:label1\" content=\"Escrito por\" \/>\n\t<meta name=\"twitter:data1\" content=\"Reda\u00e7\u00e3o\" \/>\n\t<meta name=\"twitter:label2\" content=\"Est. tempo de leitura\" \/>\n\t<meta name=\"twitter:data2\" content=\"2 minutos\" \/>\n<script type=\"application\/ld+json\" class=\"yoast-schema-graph\">{\"@context\":\"https:\/\/schema.org\",\"@graph\":[{\"@type\":\"Article\",\"@id\":\"https:\/\/www.notibras.com\/site\/teera-ve-washington-e-tel-aviv-por-tras-da-crise-que-abala-pais-dos-aiatolas\/#article\",\"isPartOf\":{\"@id\":\"https:\/\/www.notibras.com\/site\/teera-ve-washington-e-tel-aviv-por-tras-da-crise-que-abala-pais-dos-aiatolas\/\"},\"author\":{\"name\":\"Reda\u00e7\u00e3o\",\"@id\":\"https:\/\/www.notibras.com\/site\/#\/schema\/person\/36ab0979449956132d3e5b517ea76ac8\"},\"headline\":\"Teer\u00e3 v\u00ea Washington e Tel Aviv alimentando a crise no pa\u00eds dos aiatol\u00e1s\",\"datePublished\":\"2026-01-09T16:06:21+00:00\",\"dateModified\":\"2026-01-09T18:10:05+00:00\",\"mainEntityOfPage\":{\"@id\":\"https:\/\/www.notibras.com\/site\/teera-ve-washington-e-tel-aviv-por-tras-da-crise-que-abala-pais-dos-aiatolas\/\"},\"wordCount\":309,\"publisher\":{\"@id\":\"https:\/\/www.notibras.com\/site\/#organization\"},\"image\":{\"@id\":\"https:\/\/www.notibras.com\/site\/teera-ve-washington-e-tel-aviv-por-tras-da-crise-que-abala-pais-dos-aiatolas\/#primaryimage\"},\"thumbnailUrl\":\"https:\/\/www.notibras.com\/site\/wp-content\/uploads\/2026\/01\/1122332880_0_161_3071_1888_1920x0_80_0_0_3c0f4fd17792fbafeef22866918b82af.jpg.webp\",\"keywords\":[\"capa\"],\"articleSection\":[\"Apocalipse\"],\"inLanguage\":\"pt-BR\"},{\"@type\":\"WebPage\",\"@id\":\"https:\/\/www.notibras.com\/site\/teera-ve-washington-e-tel-aviv-por-tras-da-crise-que-abala-pais-dos-aiatolas\/\",\"url\":\"https:\/\/www.notibras.com\/site\/teera-ve-washington-e-tel-aviv-por-tras-da-crise-que-abala-pais-dos-aiatolas\/\",\"name\":\"Teer\u00e3 v\u00ea Washington e Tel Aviv alimentando a crise no pa\u00eds dos aiatol\u00e1s - Notibras\",\"isPartOf\":{\"@id\":\"https:\/\/www.notibras.com\/site\/#website\"},\"primaryImageOfPage\":{\"@id\":\"https:\/\/www.notibras.com\/site\/teera-ve-washington-e-tel-aviv-por-tras-da-crise-que-abala-pais-dos-aiatolas\/#primaryimage\"},\"image\":{\"@id\":\"https:\/\/www.notibras.com\/site\/teera-ve-washington-e-tel-aviv-por-tras-da-crise-que-abala-pais-dos-aiatolas\/#primaryimage\"},\"thumbnailUrl\":\"https:\/\/www.notibras.com\/site\/wp-content\/uploads\/2026\/01\/1122332880_0_161_3071_1888_1920x0_80_0_0_3c0f4fd17792fbafeef22866918b82af.jpg.webp\",\"datePublished\":\"2026-01-09T16:06:21+00:00\",\"dateModified\":\"2026-01-09T18:10:05+00:00\",\"breadcrumb\":{\"@id\":\"https:\/\/www.notibras.com\/site\/teera-ve-washington-e-tel-aviv-por-tras-da-crise-que-abala-pais-dos-aiatolas\/#breadcrumb\"},\"inLanguage\":\"pt-BR\",\"potentialAction\":[{\"@type\":\"ReadAction\",\"target\":[\"https:\/\/www.notibras.com\/site\/teera-ve-washington-e-tel-aviv-por-tras-da-crise-que-abala-pais-dos-aiatolas\/\"]}]},{\"@type\":\"ImageObject\",\"inLanguage\":\"pt-BR\",\"@id\":\"https:\/\/www.notibras.com\/site\/teera-ve-washington-e-tel-aviv-por-tras-da-crise-que-abala-pais-dos-aiatolas\/#primaryimage\",\"url\":\"https:\/\/www.notibras.com\/site\/wp-content\/uploads\/2026\/01\/1122332880_0_161_3071_1888_1920x0_80_0_0_3c0f4fd17792fbafeef22866918b82af.jpg.webp\",\"contentUrl\":\"https:\/\/www.notibras.com\/site\/wp-content\/uploads\/2026\/01\/1122332880_0_161_3071_1888_1920x0_80_0_0_3c0f4fd17792fbafeef22866918b82af.jpg.webp\",\"width\":1920,\"height\":1080},{\"@type\":\"BreadcrumbList\",\"@id\":\"https:\/\/www.notibras.com\/site\/teera-ve-washington-e-tel-aviv-por-tras-da-crise-que-abala-pais-dos-aiatolas\/#breadcrumb\",\"itemListElement\":[{\"@type\":\"ListItem\",\"position\":1,\"name\":\"In\u00edcio\",\"item\":\"https:\/\/www.notibras.com\/site\/\"},{\"@type\":\"ListItem\",\"position\":2,\"name\":\"Teer\u00e3 v\u00ea Washington e Tel Aviv alimentando a crise no pa\u00eds dos aiatol\u00e1s\"}]},{\"@type\":\"WebSite\",\"@id\":\"https:\/\/www.notibras.com\/site\/#website\",\"url\":\"https:\/\/www.notibras.com\/site\/\",\"name\":\"Notibras\",\"description\":\"Not\u00edcias de Bras\u00edlia, do Brasil e do Mundo\",\"publisher\":{\"@id\":\"https:\/\/www.notibras.com\/site\/#organization\"},\"potentialAction\":[{\"@type\":\"SearchAction\",\"target\":{\"@type\":\"EntryPoint\",\"urlTemplate\":\"https:\/\/www.notibras.com\/site\/?s={search_term_string}\"},\"query-input\":{\"@type\":\"PropertyValueSpecification\",\"valueRequired\":true,\"valueName\":\"search_term_string\"}}],\"inLanguage\":\"pt-BR\"},{\"@type\":\"Organization\",\"@id\":\"https:\/\/www.notibras.com\/site\/#organization\",\"name\":\"Grupo Notibras de Comunica\u00e7\u00e3o\",\"url\":\"https:\/\/www.notibras.com\/site\/\",\"logo\":{\"@type\":\"ImageObject\",\"inLanguage\":\"pt-BR\",\"@id\":\"https:\/\/www.notibras.com\/site\/#\/schema\/logo\/image\/\",\"url\":\"https:\/\/www.notibras.com\/site\/wp-content\/uploads\/2023\/01\/notibras23.png\",\"contentUrl\":\"https:\/\/www.notibras.com\/site\/wp-content\/uploads\/2023\/01\/notibras23.png\",\"width\":350,\"height\":87,\"caption\":\"Grupo Notibras de Comunica\u00e7\u00e3o\"},\"image\":{\"@id\":\"https:\/\/www.notibras.com\/site\/#\/schema\/logo\/image\/\"},\"sameAs\":[\"https:\/\/www.facebook.com\/notibras\/\",\"https:\/\/x.com\/Notibras\",\"https:\/\/www.instagram.com\/notibras\/\"]},{\"@type\":\"Person\",\"@id\":\"https:\/\/www.notibras.com\/site\/#\/schema\/person\/36ab0979449956132d3e5b517ea76ac8\",\"name\":\"Reda\u00e7\u00e3o\",\"image\":{\"@type\":\"ImageObject\",\"inLanguage\":\"pt-BR\",\"@id\":\"https:\/\/secure.gravatar.com\/avatar\/e0a867bdedb85fd243eadf09663511f96fc81e0720a4a42581f334ad4303aa6b?s=96&d=mm&r=g\",\"url\":\"https:\/\/secure.gravatar.com\/avatar\/e0a867bdedb85fd243eadf09663511f96fc81e0720a4a42581f334ad4303aa6b?s=96&d=mm&r=g\",\"contentUrl\":\"https:\/\/secure.gravatar.com\/avatar\/e0a867bdedb85fd243eadf09663511f96fc81e0720a4a42581f334ad4303aa6b?s=96&d=mm&r=g\",\"caption\":\"Reda\u00e7\u00e3o\"}}]}<\/script>\n<!-- \/ Yoast SEO plugin. -->","yoast_head_json":{"title":"Teer\u00e3 v\u00ea Washington e Tel Aviv alimentando a crise no pa\u00eds dos aiatol\u00e1s - Notibras","robots":{"index":"index","follow":"follow","max-snippet":"max-snippet:-1","max-image-preview":"max-image-preview:large","max-video-preview":"max-video-preview:-1"},"canonical":"https:\/\/www.notibras.com\/site\/teera-ve-washington-e-tel-aviv-por-tras-da-crise-que-abala-pais-dos-aiatolas\/","og_locale":"pt_BR","og_type":"article","og_title":"Teer\u00e3 v\u00ea Washington e Tel Aviv alimentando a crise no pa\u00eds dos aiatol\u00e1s - Notibras","og_description":"O Secretariado do Conselho Supremo de Seguran\u00e7a Nacional do Ir\u00e3 divulgou um comunicado nesta sexta, 9, sobre os incidentes ocorridos nos \u00faltimos dias em cidades iranianas. As manifesta\u00e7\u00f5es contra o regime dos aiatol\u00e1s, segundo Teer\u00e3, s\u00e3o &#8220;planejadas e coordenadas por Washington e Tel Aviv. Os atos, enfatiza o governo do Ir\u00e3, &#8216;patrocinados pelo regime sionista&#8217;, [&hellip;]","og_url":"https:\/\/www.notibras.com\/site\/teera-ve-washington-e-tel-aviv-por-tras-da-crise-que-abala-pais-dos-aiatolas\/","og_site_name":"Notibras","article_publisher":"https:\/\/www.facebook.com\/notibras\/","article_published_time":"2026-01-09T16:06:21+00:00","article_modified_time":"2026-01-09T18:10:05+00:00","og_image":[{"width":1920,"height":1080,"url":"https:\/\/www.notibras.com\/site\/wp-content\/uploads\/2026\/01\/1122332880_0_161_3071_1888_1920x0_80_0_0_3c0f4fd17792fbafeef22866918b82af.jpg.webp","type":"image\/webp"}],"author":"Reda\u00e7\u00e3o","twitter_card":"summary_large_image","twitter_creator":"@Notibras","twitter_site":"@Notibras","twitter_misc":{"Escrito por":"Reda\u00e7\u00e3o","Est. tempo de leitura":"2 minutos"},"schema":{"@context":"https:\/\/schema.org","@graph":[{"@type":"Article","@id":"https:\/\/www.notibras.com\/site\/teera-ve-washington-e-tel-aviv-por-tras-da-crise-que-abala-pais-dos-aiatolas\/#article","isPartOf":{"@id":"https:\/\/www.notibras.com\/site\/teera-ve-washington-e-tel-aviv-por-tras-da-crise-que-abala-pais-dos-aiatolas\/"},"author":{"name":"Reda\u00e7\u00e3o","@id":"https:\/\/www.notibras.com\/site\/#\/schema\/person\/36ab0979449956132d3e5b517ea76ac8"},"headline":"Teer\u00e3 v\u00ea Washington e Tel Aviv alimentando a crise no pa\u00eds dos aiatol\u00e1s","datePublished":"2026-01-09T16:06:21+00:00","dateModified":"2026-01-09T18:10:05+00:00","mainEntityOfPage":{"@id":"https:\/\/www.notibras.com\/site\/teera-ve-washington-e-tel-aviv-por-tras-da-crise-que-abala-pais-dos-aiatolas\/"},"wordCount":309,"publisher":{"@id":"https:\/\/www.notibras.com\/site\/#organization"},"image":{"@id":"https:\/\/www.notibras.com\/site\/teera-ve-washington-e-tel-aviv-por-tras-da-crise-que-abala-pais-dos-aiatolas\/#primaryimage"},"thumbnailUrl":"https:\/\/www.notibras.com\/site\/wp-content\/uploads\/2026\/01\/1122332880_0_161_3071_1888_1920x0_80_0_0_3c0f4fd17792fbafeef22866918b82af.jpg.webp","keywords":["capa"],"articleSection":["Apocalipse"],"inLanguage":"pt-BR"},{"@type":"WebPage","@id":"https:\/\/www.notibras.com\/site\/teera-ve-washington-e-tel-aviv-por-tras-da-crise-que-abala-pais-dos-aiatolas\/","url":"https:\/\/www.notibras.com\/site\/teera-ve-washington-e-tel-aviv-por-tras-da-crise-que-abala-pais-dos-aiatolas\/","name":"Teer\u00e3 v\u00ea Washington e Tel Aviv alimentando a crise no pa\u00eds dos aiatol\u00e1s - Notibras","isPartOf":{"@id":"https:\/\/www.notibras.com\/site\/#website"},"primaryImageOfPage":{"@id":"https:\/\/www.notibras.com\/site\/teera-ve-washington-e-tel-aviv-por-tras-da-crise-que-abala-pais-dos-aiatolas\/#primaryimage"},"image":{"@id":"https:\/\/www.notibras.com\/site\/teera-ve-washington-e-tel-aviv-por-tras-da-crise-que-abala-pais-dos-aiatolas\/#primaryimage"},"thumbnailUrl":"https:\/\/www.notibras.com\/site\/wp-content\/uploads\/2026\/01\/1122332880_0_161_3071_1888_1920x0_80_0_0_3c0f4fd17792fbafeef22866918b82af.jpg.webp","datePublished":"2026-01-09T16:06:21+00:00","dateModified":"2026-01-09T18:10:05+00:00","breadcrumb":{"@id":"https:\/\/www.notibras.com\/site\/teera-ve-washington-e-tel-aviv-por-tras-da-crise-que-abala-pais-dos-aiatolas\/#breadcrumb"},"inLanguage":"pt-BR","potentialAction":[{"@type":"ReadAction","target":["https:\/\/www.notibras.com\/site\/teera-ve-washington-e-tel-aviv-por-tras-da-crise-que-abala-pais-dos-aiatolas\/"]}]},{"@type":"ImageObject","inLanguage":"pt-BR","@id":"https:\/\/www.notibras.com\/site\/teera-ve-washington-e-tel-aviv-por-tras-da-crise-que-abala-pais-dos-aiatolas\/#primaryimage","url":"https:\/\/www.notibras.com\/site\/wp-content\/uploads\/2026\/01\/1122332880_0_161_3071_1888_1920x0_80_0_0_3c0f4fd17792fbafeef22866918b82af.jpg.webp","contentUrl":"https:\/\/www.notibras.com\/site\/wp-content\/uploads\/2026\/01\/1122332880_0_161_3071_1888_1920x0_80_0_0_3c0f4fd17792fbafeef22866918b82af.jpg.webp","width":1920,"height":1080},{"@type":"BreadcrumbList","@id":"https:\/\/www.notibras.com\/site\/teera-ve-washington-e-tel-aviv-por-tras-da-crise-que-abala-pais-dos-aiatolas\/#breadcrumb","itemListElement":[{"@type":"ListItem","position":1,"name":"In\u00edcio","item":"https:\/\/www.notibras.com\/site\/"},{"@type":"ListItem","position":2,"name":"Teer\u00e3 v\u00ea Washington e Tel Aviv alimentando a crise no pa\u00eds dos aiatol\u00e1s"}]},{"@type":"WebSite","@id":"https:\/\/www.notibras.com\/site\/#website","url":"https:\/\/www.notibras.com\/site\/","name":"Notibras","description":"Not\u00edcias de Bras\u00edlia, do Brasil e do Mundo","publisher":{"@id":"https:\/\/www.notibras.com\/site\/#organization"},"potentialAction":[{"@type":"SearchAction","target":{"@type":"EntryPoint","urlTemplate":"https:\/\/www.notibras.com\/site\/?s={search_term_string}"},"query-input":{"@type":"PropertyValueSpecification","valueRequired":true,"valueName":"search_term_string"}}],"inLanguage":"pt-BR"},{"@type":"Organization","@id":"https:\/\/www.notibras.com\/site\/#organization","name":"Grupo Notibras de Comunica\u00e7\u00e3o","url":"https:\/\/www.notibras.com\/site\/","logo":{"@type":"ImageObject","inLanguage":"pt-BR","@id":"https:\/\/www.notibras.com\/site\/#\/schema\/logo\/image\/","url":"https:\/\/www.notibras.com\/site\/wp-content\/uploads\/2023\/01\/notibras23.png","contentUrl":"https:\/\/www.notibras.com\/site\/wp-content\/uploads\/2023\/01\/notibras23.png","width":350,"height":87,"caption":"Grupo Notibras de Comunica\u00e7\u00e3o"},"image":{"@id":"https:\/\/www.notibras.com\/site\/#\/schema\/logo\/image\/"},"sameAs":["https:\/\/www.facebook.com\/notibras\/","https:\/\/x.com\/Notibras","https:\/\/www.instagram.com\/notibras\/"]},{"@type":"Person","@id":"https:\/\/www.notibras.com\/site\/#\/schema\/person\/36ab0979449956132d3e5b517ea76ac8","name":"Reda\u00e7\u00e3o","image":{"@type":"ImageObject","inLanguage":"pt-BR","@id":"https:\/\/secure.gravatar.com\/avatar\/e0a867bdedb85fd243eadf09663511f96fc81e0720a4a42581f334ad4303aa6b?s=96&d=mm&r=g","url":"https:\/\/secure.gravatar.com\/avatar\/e0a867bdedb85fd243eadf09663511f96fc81e0720a4a42581f334ad4303aa6b?s=96&d=mm&r=g","contentUrl":"https:\/\/secure.gravatar.com\/avatar\/e0a867bdedb85fd243eadf09663511f96fc81e0720a4a42581f334ad4303aa6b?s=96&d=mm&r=g","caption":"Reda\u00e7\u00e3o"}}]}},"amp_enabled":true,"_links":{"self":[{"href":"https:\/\/www.notibras.com\/site\/wp-json\/wp\/v2\/posts\/378340","targetHints":{"allow":["GET"]}}],"collection":[{"href":"https:\/\/www.notibras.com\/site\/wp-json\/wp\/v2\/posts"}],"about":[{"href":"https:\/\/www.notibras.com\/site\/wp-json\/wp\/v2\/types\/post"}],"author":[{"embeddable":true,"href":"https:\/\/www.notibras.com\/site\/wp-json\/wp\/v2\/users\/2"}],"replies":[{"embeddable":true,"href":"https:\/\/www.notibras.com\/site\/wp-json\/wp\/v2\/comments?post=378340"}],"version-history":[{"count":3,"href":"https:\/\/www.notibras.com\/site\/wp-json\/wp\/v2\/posts\/378340\/revisions"}],"predecessor-version":[{"id":378344,"href":"https:\/\/www.notibras.com\/site\/wp-json\/wp\/v2\/posts\/378340\/revisions\/378344"}],"wp:featuredmedia":[{"embeddable":true,"href":"https:\/\/www.notibras.com\/site\/wp-json\/wp\/v2\/media\/378341"}],"wp:attachment":[{"href":"https:\/\/www.notibras.com\/site\/wp-json\/wp\/v2\/media?parent=378340"}],"wp:term":[{"taxonomy":"category","embeddable":true,"href":"https:\/\/www.notibras.com\/site\/wp-json\/wp\/v2\/categories?post=378340"},{"taxonomy":"post_tag","embeddable":true,"href":"https:\/\/www.notibras.com\/site\/wp-json\/wp\/v2\/tags?post=378340"}],"curies":[{"name":"wp","href":"https:\/\/api.w.org\/{rel}","templated":true}]}}