{"id":378345,"date":"2026-01-09T14:18:28","date_gmt":"2026-01-09T17:18:28","guid":{"rendered":"https:\/\/www.notibras.com\/site\/?p=378345"},"modified":"2026-01-09T16:20:54","modified_gmt":"2026-01-09T19:20:54","slug":"uniao-europeia-aprova-acordo-com-o-mercosul","status":"publish","type":"post","link":"https:\/\/www.notibras.com\/site\/uniao-europeia-aprova-acordo-com-o-mercosul\/","title":{"rendered":"Uni\u00e3o Europeia aprova acordo com o Mercosul"},"content":{"rendered":"<p>A presidente da Comiss\u00e3o Europeia, Ursula von der Leyen, confirmou a aprova\u00e7\u00e3o, por ampla maioria dos pa\u00edses que integram a UE, do acordo de livre com\u00e9rcio com o Mercosul \u2013 bloco formado por Argentina, Brasil, Paraguai e Uruguai.<\/p>\n<p>\u201cA decis\u00e3o do Conselho de apoiar o acordo UE-Mercosul \u00e9 hist\u00f3rica\u201d, escreveu Ursula em sua conta na rede social X. \u201cA Europa est\u00e1 enviando um sinal forte.<\/p>\n<p>&#8220;Estamos empenhados em criar crescimento, empregos e em garantir os interesses dos consumidores e das empresas europeias\u201d, acrescentou a presidente da comiss\u00e3o respons\u00e1vel por elaborar propostas de leis para todo o bloco e por executar as decis\u00f5es do Parlamento e do Conselho europeu.<\/p>\n<p>Com o resultado confirmado, a presidente da Comiss\u00e3o Europeia poder\u00e1 viajar para o Paraguai, j\u00e1 na pr\u00f3xima semana, para ratificar o acordo com os pa\u00edses-membros do Mercosul. O Paraguai assumiu em dezembro de 2025 a presid\u00eancia rotativa pro-tempore do bloco.<\/p>\n<p>Em um comunicado mais extenso, divulgado na p\u00e1gina da Comiss\u00e3o, Ursula disse esperar ansiosamente pela assinatura do acordo que, para entrar em vigor, ainda ter\u00e1 que ser aprovado no Parlamento Europeu.<\/p>\n<p>\u201cEm um momento em que o com\u00e9rcio e as depend\u00eancias [comerciais e econ\u00f4micas] est\u00e3o sendo usadas como armas, e a natureza perigosa e transacional da realidade em que vivemos se torna cada vez mais evidente, este acordo comercial hist\u00f3rico \u00e9 mais uma prova de que a Europa tra\u00e7a seu pr\u00f3prio curso e se mant\u00e9m como uma parceira confi\u00e1vel.\u201d<\/p>\n<p>A presidente da Comiss\u00e3o destacou ainda \u201ca forte lideran\u00e7a e boa coopera\u00e7\u00e3o\u201d do presidente Luiz In\u00e1cio Lula da Silva durante o per\u00edodo em que o Brasil presidiu o Mercosul \u2013 entre julho e dezembro de 2025.<\/p>\n<p>Mais cedo, o ministro da Agricultura e Desenvolvimento Rural da Pol\u00f4nia, Stefan Krajewski, comentou, em sua conta no X, que al\u00e9m de seu pa\u00eds, votaram contra o acordo \u00c1ustria, Fran\u00e7a, Hungria e Irlanda.<\/p>\n<p>Pelas regras do bloco, para ser aprovada, a proposta tinha que obter o aval de ao menos 15 dos 27 Estados-membros que, juntos, representem ao menos 65% da popula\u00e7\u00e3o total do bloco.<\/p>\n<p><strong>Repercuss\u00e3o<\/strong><br \/>\nNo Brasil, a decis\u00e3o foi comemorada por lideran\u00e7as pol\u00edticas e empresariais. Respons\u00e1vel por promover os produtos e servi\u00e7os brasileiros no exterior, a Ag\u00eancia Brasileira de Promo\u00e7\u00e3o de Exporta\u00e7\u00e3o e Investimentos (ApexBrasil) afirma que o acordo estabelece um mercado de quase US$ 22 trilh\u00f5es, com o potencial de incrementar as exporta\u00e7\u00f5es brasileiras para a Uni\u00e3o Europeia em cerca de US$ 7 bilh\u00f5es.<\/p>\n<p>\u201cEstamos falando de uma popula\u00e7\u00e3o de mais de 700 milh\u00f5es de habitantes e de um PIB de perto de US$ 22 trilh\u00f5es. S\u00f3 perde para o dos Estados Unidos, em torno de US$ 29 trilh\u00f5es, e supera o da China, que gira em torno de US$ 19 trilh\u00f5es\u201d, comentou o presidente da ag\u00eancia, Jorge Viana, em nota.<\/p>\n<p>Viana tamb\u00e9m destacou a qualidade da pauta exportadora brasileira com o bloco europeu: \u201cMais de um ter\u00e7o daquilo que o Brasil exporta para a regi\u00e3o \u00e9 composto de produtos da ind\u00fastria de processamento.\u201d<\/p>\n<p>O acordo prev\u00ea redu\u00e7\u00e3o imediata de tarifas para m\u00e1quinas e equipamentos de transporte como motores e geradores para energia el\u00e9trica, motores de pist\u00e3o (autope\u00e7as) e avi\u00f5es. Todos representam \u00e1reas estrat\u00e9gicas para inser\u00e7\u00e3o competitiva do Brasil.<\/p>\n<p>Tamb\u00e9m haver\u00e1 oportunidade positiva para couro e peles, pedras de cantaria, facas e l\u00e2minas e produtos qu\u00edmicos. Haver\u00e1 redu\u00e7\u00e3o gradativa das tarifas, at\u00e9 zer\u00e1-las, sobre diversas commodities (sujeitos a cotas).<\/p>\n","protected":false},"excerpt":{"rendered":"<p>A presidente da Comiss\u00e3o Europeia, Ursula von der Leyen, confirmou a aprova\u00e7\u00e3o, por ampla maioria dos pa\u00edses que integram a UE, do acordo de livre com\u00e9rcio com o Mercosul \u2013 bloco formado por Argentina, Brasil, Paraguai e Uruguai. \u201cA decis\u00e3o do Conselho de apoiar o acordo UE-Mercosul \u00e9 hist\u00f3rica\u201d, escreveu Ursula em sua conta na [&hellip;]<\/p>\n","protected":false},"author":2,"featured_media":165435,"comment_status":"closed","ping_status":"closed","sticky":false,"template":"","format":"standard","meta":{"_acf_changed":false,"footnotes":""},"categories":[16],"tags":[],"class_list":["post-378345","post","type-post","status-publish","format-standard","has-post-thumbnail","hentry","category-brasil"],"acf":[],"yoast_head":"<!-- This site is optimized with the Yoast SEO plugin v27.2 - https:\/\/yoast.com\/product\/yoast-seo-wordpress\/ -->\n<title>Uni\u00e3o Europeia aprova acordo com o Mercosul - Notibras<\/title>\n<meta name=\"robots\" content=\"index, follow, max-snippet:-1, max-image-preview:large, max-video-preview:-1\" \/>\n<link rel=\"canonical\" href=\"https:\/\/www.notibras.com\/site\/uniao-europeia-aprova-acordo-com-o-mercosul\/\" \/>\n<meta property=\"og:locale\" content=\"pt_BR\" \/>\n<meta property=\"og:type\" content=\"article\" \/>\n<meta property=\"og:title\" content=\"Uni\u00e3o Europeia aprova acordo com o Mercosul - Notibras\" \/>\n<meta property=\"og:description\" content=\"A presidente da Comiss\u00e3o Europeia, Ursula von der Leyen, confirmou a aprova\u00e7\u00e3o, por ampla maioria dos pa\u00edses que integram a UE, do acordo de livre com\u00e9rcio com o Mercosul \u2013 bloco formado por Argentina, Brasil, Paraguai e Uruguai. \u201cA decis\u00e3o do Conselho de apoiar o acordo UE-Mercosul \u00e9 hist\u00f3rica\u201d, escreveu Ursula em sua conta na [&hellip;]\" \/>\n<meta property=\"og:url\" content=\"https:\/\/www.notibras.com\/site\/uniao-europeia-aprova-acordo-com-o-mercosul\/\" \/>\n<meta property=\"og:site_name\" content=\"Notibras\" \/>\n<meta property=\"article:publisher\" content=\"https:\/\/www.facebook.com\/notibras\/\" \/>\n<meta property=\"article:published_time\" content=\"2026-01-09T17:18:28+00:00\" \/>\n<meta property=\"article:modified_time\" content=\"2026-01-09T19:20:54+00:00\" \/>\n<meta property=\"og:image\" content=\"https:\/\/www.notibras.com\/site\/wp-content\/uploads\/2018\/01\/exporta\u00e7\u00e3o.jpg\" \/>\n\t<meta property=\"og:image:width\" content=\"1332\" \/>\n\t<meta property=\"og:image:height\" content=\"886\" \/>\n\t<meta property=\"og:image:type\" content=\"image\/jpeg\" \/>\n<meta name=\"author\" content=\"Reda\u00e7\u00e3o\" \/>\n<meta name=\"twitter:card\" content=\"summary_large_image\" \/>\n<meta name=\"twitter:creator\" content=\"@Notibras\" \/>\n<meta name=\"twitter:site\" content=\"@Notibras\" \/>\n<meta name=\"twitter:label1\" content=\"Escrito por\" \/>\n\t<meta name=\"twitter:data1\" content=\"Reda\u00e7\u00e3o\" \/>\n\t<meta name=\"twitter:label2\" content=\"Est. tempo de leitura\" \/>\n\t<meta name=\"twitter:data2\" content=\"4 minutos\" \/>\n<script type=\"application\/ld+json\" class=\"yoast-schema-graph\">{\"@context\":\"https:\/\/schema.org\",\"@graph\":[{\"@type\":\"Article\",\"@id\":\"https:\/\/www.notibras.com\/site\/uniao-europeia-aprova-acordo-com-o-mercosul\/#article\",\"isPartOf\":{\"@id\":\"https:\/\/www.notibras.com\/site\/uniao-europeia-aprova-acordo-com-o-mercosul\/\"},\"author\":{\"name\":\"Reda\u00e7\u00e3o\",\"@id\":\"https:\/\/www.notibras.com\/site\/#\/schema\/person\/36ab0979449956132d3e5b517ea76ac8\"},\"headline\":\"Uni\u00e3o Europeia aprova acordo com o Mercosul\",\"datePublished\":\"2026-01-09T17:18:28+00:00\",\"dateModified\":\"2026-01-09T19:20:54+00:00\",\"mainEntityOfPage\":{\"@id\":\"https:\/\/www.notibras.com\/site\/uniao-europeia-aprova-acordo-com-o-mercosul\/\"},\"wordCount\":617,\"publisher\":{\"@id\":\"https:\/\/www.notibras.com\/site\/#organization\"},\"image\":{\"@id\":\"https:\/\/www.notibras.com\/site\/uniao-europeia-aprova-acordo-com-o-mercosul\/#primaryimage\"},\"thumbnailUrl\":\"https:\/\/www.notibras.com\/site\/wp-content\/uploads\/2018\/01\/exporta\u00e7\u00e3o.jpg\",\"articleSection\":[\"Brasil\"],\"inLanguage\":\"pt-BR\"},{\"@type\":\"WebPage\",\"@id\":\"https:\/\/www.notibras.com\/site\/uniao-europeia-aprova-acordo-com-o-mercosul\/\",\"url\":\"https:\/\/www.notibras.com\/site\/uniao-europeia-aprova-acordo-com-o-mercosul\/\",\"name\":\"Uni\u00e3o Europeia aprova acordo com o Mercosul - Notibras\",\"isPartOf\":{\"@id\":\"https:\/\/www.notibras.com\/site\/#website\"},\"primaryImageOfPage\":{\"@id\":\"https:\/\/www.notibras.com\/site\/uniao-europeia-aprova-acordo-com-o-mercosul\/#primaryimage\"},\"image\":{\"@id\":\"https:\/\/www.notibras.com\/site\/uniao-europeia-aprova-acordo-com-o-mercosul\/#primaryimage\"},\"thumbnailUrl\":\"https:\/\/www.notibras.com\/site\/wp-content\/uploads\/2018\/01\/exporta\u00e7\u00e3o.jpg\",\"datePublished\":\"2026-01-09T17:18:28+00:00\",\"dateModified\":\"2026-01-09T19:20:54+00:00\",\"breadcrumb\":{\"@id\":\"https:\/\/www.notibras.com\/site\/uniao-europeia-aprova-acordo-com-o-mercosul\/#breadcrumb\"},\"inLanguage\":\"pt-BR\",\"potentialAction\":[{\"@type\":\"ReadAction\",\"target\":[\"https:\/\/www.notibras.com\/site\/uniao-europeia-aprova-acordo-com-o-mercosul\/\"]}]},{\"@type\":\"ImageObject\",\"inLanguage\":\"pt-BR\",\"@id\":\"https:\/\/www.notibras.com\/site\/uniao-europeia-aprova-acordo-com-o-mercosul\/#primaryimage\",\"url\":\"https:\/\/www.notibras.com\/site\/wp-content\/uploads\/2018\/01\/exporta\u00e7\u00e3o.jpg\",\"contentUrl\":\"https:\/\/www.notibras.com\/site\/wp-content\/uploads\/2018\/01\/exporta\u00e7\u00e3o.jpg\",\"width\":1332,\"height\":886},{\"@type\":\"BreadcrumbList\",\"@id\":\"https:\/\/www.notibras.com\/site\/uniao-europeia-aprova-acordo-com-o-mercosul\/#breadcrumb\",\"itemListElement\":[{\"@type\":\"ListItem\",\"position\":1,\"name\":\"In\u00edcio\",\"item\":\"https:\/\/www.notibras.com\/site\/\"},{\"@type\":\"ListItem\",\"position\":2,\"name\":\"Uni\u00e3o Europeia aprova acordo com o Mercosul\"}]},{\"@type\":\"WebSite\",\"@id\":\"https:\/\/www.notibras.com\/site\/#website\",\"url\":\"https:\/\/www.notibras.com\/site\/\",\"name\":\"Notibras\",\"description\":\"Not\u00edcias de Bras\u00edlia, do Brasil e do Mundo\",\"publisher\":{\"@id\":\"https:\/\/www.notibras.com\/site\/#organization\"},\"potentialAction\":[{\"@type\":\"SearchAction\",\"target\":{\"@type\":\"EntryPoint\",\"urlTemplate\":\"https:\/\/www.notibras.com\/site\/?s={search_term_string}\"},\"query-input\":{\"@type\":\"PropertyValueSpecification\",\"valueRequired\":true,\"valueName\":\"search_term_string\"}}],\"inLanguage\":\"pt-BR\"},{\"@type\":\"Organization\",\"@id\":\"https:\/\/www.notibras.com\/site\/#organization\",\"name\":\"Grupo Notibras de Comunica\u00e7\u00e3o\",\"url\":\"https:\/\/www.notibras.com\/site\/\",\"logo\":{\"@type\":\"ImageObject\",\"inLanguage\":\"pt-BR\",\"@id\":\"https:\/\/www.notibras.com\/site\/#\/schema\/logo\/image\/\",\"url\":\"https:\/\/www.notibras.com\/site\/wp-content\/uploads\/2023\/01\/notibras23.png\",\"contentUrl\":\"https:\/\/www.notibras.com\/site\/wp-content\/uploads\/2023\/01\/notibras23.png\",\"width\":350,\"height\":87,\"caption\":\"Grupo Notibras de Comunica\u00e7\u00e3o\"},\"image\":{\"@id\":\"https:\/\/www.notibras.com\/site\/#\/schema\/logo\/image\/\"},\"sameAs\":[\"https:\/\/www.facebook.com\/notibras\/\",\"https:\/\/x.com\/Notibras\",\"https:\/\/www.instagram.com\/notibras\/\"]},{\"@type\":\"Person\",\"@id\":\"https:\/\/www.notibras.com\/site\/#\/schema\/person\/36ab0979449956132d3e5b517ea76ac8\",\"name\":\"Reda\u00e7\u00e3o\",\"image\":{\"@type\":\"ImageObject\",\"inLanguage\":\"pt-BR\",\"@id\":\"https:\/\/secure.gravatar.com\/avatar\/e0a867bdedb85fd243eadf09663511f96fc81e0720a4a42581f334ad4303aa6b?s=96&d=mm&r=g\",\"url\":\"https:\/\/secure.gravatar.com\/avatar\/e0a867bdedb85fd243eadf09663511f96fc81e0720a4a42581f334ad4303aa6b?s=96&d=mm&r=g\",\"contentUrl\":\"https:\/\/secure.gravatar.com\/avatar\/e0a867bdedb85fd243eadf09663511f96fc81e0720a4a42581f334ad4303aa6b?s=96&d=mm&r=g\",\"caption\":\"Reda\u00e7\u00e3o\"}}]}<\/script>\n<!-- \/ Yoast SEO plugin. -->","yoast_head_json":{"title":"Uni\u00e3o Europeia aprova acordo com o Mercosul - Notibras","robots":{"index":"index","follow":"follow","max-snippet":"max-snippet:-1","max-image-preview":"max-image-preview:large","max-video-preview":"max-video-preview:-1"},"canonical":"https:\/\/www.notibras.com\/site\/uniao-europeia-aprova-acordo-com-o-mercosul\/","og_locale":"pt_BR","og_type":"article","og_title":"Uni\u00e3o Europeia aprova acordo com o Mercosul - Notibras","og_description":"A presidente da Comiss\u00e3o Europeia, Ursula von der Leyen, confirmou a aprova\u00e7\u00e3o, por ampla maioria dos pa\u00edses que integram a UE, do acordo de livre com\u00e9rcio com o Mercosul \u2013 bloco formado por Argentina, Brasil, Paraguai e Uruguai. \u201cA decis\u00e3o do Conselho de apoiar o acordo UE-Mercosul \u00e9 hist\u00f3rica\u201d, escreveu Ursula em sua conta na [&hellip;]","og_url":"https:\/\/www.notibras.com\/site\/uniao-europeia-aprova-acordo-com-o-mercosul\/","og_site_name":"Notibras","article_publisher":"https:\/\/www.facebook.com\/notibras\/","article_published_time":"2026-01-09T17:18:28+00:00","article_modified_time":"2026-01-09T19:20:54+00:00","og_image":[{"width":1332,"height":886,"url":"https:\/\/www.notibras.com\/site\/wp-content\/uploads\/2018\/01\/exporta\u00e7\u00e3o.jpg","type":"image\/jpeg"}],"author":"Reda\u00e7\u00e3o","twitter_card":"summary_large_image","twitter_creator":"@Notibras","twitter_site":"@Notibras","twitter_misc":{"Escrito por":"Reda\u00e7\u00e3o","Est. tempo de leitura":"4 minutos"},"schema":{"@context":"https:\/\/schema.org","@graph":[{"@type":"Article","@id":"https:\/\/www.notibras.com\/site\/uniao-europeia-aprova-acordo-com-o-mercosul\/#article","isPartOf":{"@id":"https:\/\/www.notibras.com\/site\/uniao-europeia-aprova-acordo-com-o-mercosul\/"},"author":{"name":"Reda\u00e7\u00e3o","@id":"https:\/\/www.notibras.com\/site\/#\/schema\/person\/36ab0979449956132d3e5b517ea76ac8"},"headline":"Uni\u00e3o Europeia aprova acordo com o Mercosul","datePublished":"2026-01-09T17:18:28+00:00","dateModified":"2026-01-09T19:20:54+00:00","mainEntityOfPage":{"@id":"https:\/\/www.notibras.com\/site\/uniao-europeia-aprova-acordo-com-o-mercosul\/"},"wordCount":617,"publisher":{"@id":"https:\/\/www.notibras.com\/site\/#organization"},"image":{"@id":"https:\/\/www.notibras.com\/site\/uniao-europeia-aprova-acordo-com-o-mercosul\/#primaryimage"},"thumbnailUrl":"https:\/\/www.notibras.com\/site\/wp-content\/uploads\/2018\/01\/exporta\u00e7\u00e3o.jpg","articleSection":["Brasil"],"inLanguage":"pt-BR"},{"@type":"WebPage","@id":"https:\/\/www.notibras.com\/site\/uniao-europeia-aprova-acordo-com-o-mercosul\/","url":"https:\/\/www.notibras.com\/site\/uniao-europeia-aprova-acordo-com-o-mercosul\/","name":"Uni\u00e3o Europeia aprova acordo com o Mercosul - Notibras","isPartOf":{"@id":"https:\/\/www.notibras.com\/site\/#website"},"primaryImageOfPage":{"@id":"https:\/\/www.notibras.com\/site\/uniao-europeia-aprova-acordo-com-o-mercosul\/#primaryimage"},"image":{"@id":"https:\/\/www.notibras.com\/site\/uniao-europeia-aprova-acordo-com-o-mercosul\/#primaryimage"},"thumbnailUrl":"https:\/\/www.notibras.com\/site\/wp-content\/uploads\/2018\/01\/exporta\u00e7\u00e3o.jpg","datePublished":"2026-01-09T17:18:28+00:00","dateModified":"2026-01-09T19:20:54+00:00","breadcrumb":{"@id":"https:\/\/www.notibras.com\/site\/uniao-europeia-aprova-acordo-com-o-mercosul\/#breadcrumb"},"inLanguage":"pt-BR","potentialAction":[{"@type":"ReadAction","target":["https:\/\/www.notibras.com\/site\/uniao-europeia-aprova-acordo-com-o-mercosul\/"]}]},{"@type":"ImageObject","inLanguage":"pt-BR","@id":"https:\/\/www.notibras.com\/site\/uniao-europeia-aprova-acordo-com-o-mercosul\/#primaryimage","url":"https:\/\/www.notibras.com\/site\/wp-content\/uploads\/2018\/01\/exporta\u00e7\u00e3o.jpg","contentUrl":"https:\/\/www.notibras.com\/site\/wp-content\/uploads\/2018\/01\/exporta\u00e7\u00e3o.jpg","width":1332,"height":886},{"@type":"BreadcrumbList","@id":"https:\/\/www.notibras.com\/site\/uniao-europeia-aprova-acordo-com-o-mercosul\/#breadcrumb","itemListElement":[{"@type":"ListItem","position":1,"name":"In\u00edcio","item":"https:\/\/www.notibras.com\/site\/"},{"@type":"ListItem","position":2,"name":"Uni\u00e3o Europeia aprova acordo com o Mercosul"}]},{"@type":"WebSite","@id":"https:\/\/www.notibras.com\/site\/#website","url":"https:\/\/www.notibras.com\/site\/","name":"Notibras","description":"Not\u00edcias de Bras\u00edlia, do Brasil e do Mundo","publisher":{"@id":"https:\/\/www.notibras.com\/site\/#organization"},"potentialAction":[{"@type":"SearchAction","target":{"@type":"EntryPoint","urlTemplate":"https:\/\/www.notibras.com\/site\/?s={search_term_string}"},"query-input":{"@type":"PropertyValueSpecification","valueRequired":true,"valueName":"search_term_string"}}],"inLanguage":"pt-BR"},{"@type":"Organization","@id":"https:\/\/www.notibras.com\/site\/#organization","name":"Grupo Notibras de Comunica\u00e7\u00e3o","url":"https:\/\/www.notibras.com\/site\/","logo":{"@type":"ImageObject","inLanguage":"pt-BR","@id":"https:\/\/www.notibras.com\/site\/#\/schema\/logo\/image\/","url":"https:\/\/www.notibras.com\/site\/wp-content\/uploads\/2023\/01\/notibras23.png","contentUrl":"https:\/\/www.notibras.com\/site\/wp-content\/uploads\/2023\/01\/notibras23.png","width":350,"height":87,"caption":"Grupo Notibras de Comunica\u00e7\u00e3o"},"image":{"@id":"https:\/\/www.notibras.com\/site\/#\/schema\/logo\/image\/"},"sameAs":["https:\/\/www.facebook.com\/notibras\/","https:\/\/x.com\/Notibras","https:\/\/www.instagram.com\/notibras\/"]},{"@type":"Person","@id":"https:\/\/www.notibras.com\/site\/#\/schema\/person\/36ab0979449956132d3e5b517ea76ac8","name":"Reda\u00e7\u00e3o","image":{"@type":"ImageObject","inLanguage":"pt-BR","@id":"https:\/\/secure.gravatar.com\/avatar\/e0a867bdedb85fd243eadf09663511f96fc81e0720a4a42581f334ad4303aa6b?s=96&d=mm&r=g","url":"https:\/\/secure.gravatar.com\/avatar\/e0a867bdedb85fd243eadf09663511f96fc81e0720a4a42581f334ad4303aa6b?s=96&d=mm&r=g","contentUrl":"https:\/\/secure.gravatar.com\/avatar\/e0a867bdedb85fd243eadf09663511f96fc81e0720a4a42581f334ad4303aa6b?s=96&d=mm&r=g","caption":"Reda\u00e7\u00e3o"}}]}},"amp_enabled":true,"_links":{"self":[{"href":"https:\/\/www.notibras.com\/site\/wp-json\/wp\/v2\/posts\/378345","targetHints":{"allow":["GET"]}}],"collection":[{"href":"https:\/\/www.notibras.com\/site\/wp-json\/wp\/v2\/posts"}],"about":[{"href":"https:\/\/www.notibras.com\/site\/wp-json\/wp\/v2\/types\/post"}],"author":[{"embeddable":true,"href":"https:\/\/www.notibras.com\/site\/wp-json\/wp\/v2\/users\/2"}],"replies":[{"embeddable":true,"href":"https:\/\/www.notibras.com\/site\/wp-json\/wp\/v2\/comments?post=378345"}],"version-history":[{"count":1,"href":"https:\/\/www.notibras.com\/site\/wp-json\/wp\/v2\/posts\/378345\/revisions"}],"predecessor-version":[{"id":378347,"href":"https:\/\/www.notibras.com\/site\/wp-json\/wp\/v2\/posts\/378345\/revisions\/378347"}],"wp:featuredmedia":[{"embeddable":true,"href":"https:\/\/www.notibras.com\/site\/wp-json\/wp\/v2\/media\/165435"}],"wp:attachment":[{"href":"https:\/\/www.notibras.com\/site\/wp-json\/wp\/v2\/media?parent=378345"}],"wp:term":[{"taxonomy":"category","embeddable":true,"href":"https:\/\/www.notibras.com\/site\/wp-json\/wp\/v2\/categories?post=378345"},{"taxonomy":"post_tag","embeddable":true,"href":"https:\/\/www.notibras.com\/site\/wp-json\/wp\/v2\/tags?post=378345"}],"curies":[{"name":"wp","href":"https:\/\/api.w.org\/{rel}","templated":true}]}}