{"id":378348,"date":"2026-01-10T00:15:15","date_gmt":"2026-01-10T03:15:15","guid":{"rendered":"https:\/\/www.notibras.com\/site\/?p=378348"},"modified":"2026-01-09T20:53:54","modified_gmt":"2026-01-09T23:53:54","slug":"inicio-de-2026-com-vacinacao-em-49-pontos-neste-sabado-10","status":"publish","type":"post","link":"https:\/\/www.notibras.com\/site\/inicio-de-2026-com-vacinacao-em-49-pontos-neste-sabado-10\/","title":{"rendered":"In\u00edcio de 2026 com vacina\u00e7\u00e3o em 49 pontos neste s\u00e1bado (10)"},"content":{"rendered":"<p>Quem quiser iniciar o ano com a caderneta de vacina\u00e7\u00e3o atualizada poder\u00e1 ir a um dos 49 locais dispon\u00edveis neste s\u00e1bado (10). A lista completa dos hor\u00e1rios e endere\u00e7os pode ser acessada no <a href=\"https:\/\/www.saude.df.gov.br\/locais-de-vacinacao\">site da Secretaria de Sa\u00fade <\/a>do Distrito Federal (SES-DF).<\/p>\n<p>Haver\u00e1 imunizantes para pessoas de todas as faixas et\u00e1rias, conforme o calend\u00e1rio de rotina, com exce\u00e7\u00e3o da BCG. A orienta\u00e7\u00e3o \u00e9 levar um documento de identidade com foto e, se poss\u00edvel, a caderneta de vacina\u00e7\u00e3o. A aus\u00eancia desta \u00faltima n\u00e3o \u00e9 impeditivo para receber as doses.<\/p>\n<p><strong>Vacinas para todos<\/strong><\/p>\n<p>Nesta semana, a SES-DF ampliou a oferta de imunizantes contra a gripe para toda a popula\u00e7\u00e3o do DF. At\u00e9 31 de janeiro, qualquer pessoa com seis meses de idade ou mais, que n\u00e3o tenha recebido a dose em 2025, poder\u00e1 procurar uma sala de vacina para garantir a prote\u00e7\u00e3o.<\/p>\n<p>J\u00e1 gestantes a partir da 28\u00aa semana, sem restri\u00e7\u00e3o de idade, poder\u00e3o, ainda, receber o imunizante contra o v\u00edrus sincicial respirat\u00f3rio (VSR). Os adolescentes at\u00e9 19 anos, de ambos os sexos, por sua vez, ter\u00e3o \u00e0 disposi\u00e7\u00e3o a dose contra o papilomav\u00edrus humano (HPV). A SES-DF oferece tamb\u00e9m, em algumas unidades, o imunizante contra a dengue para crian\u00e7as e adolescentes de 10 a 14 anos.<\/p>\n<p>Clique\u00a0<a href=\"https:\/\/www.saude.df.gov.br\/locais-de-vacinacao\">aqui\u00a0<\/a>e acesse lista dos locais de vacina\u00e7\u00e3o dispon\u00edveis neste s\u00e1bado.<\/p>\n","protected":false},"excerpt":{"rendered":"<p>Quem quiser iniciar o ano com a caderneta de vacina\u00e7\u00e3o atualizada poder\u00e1 ir a um dos 49 locais dispon\u00edveis neste s\u00e1bado (10). A lista completa dos hor\u00e1rios e endere\u00e7os pode ser acessada no site da Secretaria de Sa\u00fade do Distrito Federal (SES-DF). Haver\u00e1 imunizantes para pessoas de todas as faixas et\u00e1rias, conforme o calend\u00e1rio de [&hellip;]<\/p>\n","protected":false},"author":21,"featured_media":378349,"comment_status":"closed","ping_status":"closed","sticky":false,"template":"","format":"standard","meta":{"_acf_changed":false,"footnotes":""},"categories":[161],"tags":[],"class_list":["post-378348","post","type-post","status-publish","format-standard","has-post-thumbnail","hentry","category-quadradinho-em-foco"],"acf":[],"yoast_head":"<!-- This site is optimized with the Yoast SEO plugin v27.2 - https:\/\/yoast.com\/product\/yoast-seo-wordpress\/ -->\n<title>In\u00edcio de 2026 com vacina\u00e7\u00e3o em 49 pontos neste s\u00e1bado (10) - Notibras<\/title>\n<meta name=\"robots\" content=\"index, follow, max-snippet:-1, max-image-preview:large, max-video-preview:-1\" \/>\n<link rel=\"canonical\" href=\"https:\/\/www.notibras.com\/site\/inicio-de-2026-com-vacinacao-em-49-pontos-neste-sabado-10\/\" \/>\n<meta property=\"og:locale\" content=\"pt_BR\" \/>\n<meta property=\"og:type\" content=\"article\" \/>\n<meta property=\"og:title\" content=\"In\u00edcio de 2026 com vacina\u00e7\u00e3o em 49 pontos neste s\u00e1bado (10) - Notibras\" \/>\n<meta property=\"og:description\" content=\"Quem quiser iniciar o ano com a caderneta de vacina\u00e7\u00e3o atualizada poder\u00e1 ir a um dos 49 locais dispon\u00edveis neste s\u00e1bado (10). A lista completa dos hor\u00e1rios e endere\u00e7os pode ser acessada no site da Secretaria de Sa\u00fade do Distrito Federal (SES-DF). Haver\u00e1 imunizantes para pessoas de todas as faixas et\u00e1rias, conforme o calend\u00e1rio de [&hellip;]\" \/>\n<meta property=\"og:url\" content=\"https:\/\/www.notibras.com\/site\/inicio-de-2026-com-vacinacao-em-49-pontos-neste-sabado-10\/\" \/>\n<meta property=\"og:site_name\" content=\"Notibras\" \/>\n<meta property=\"article:publisher\" content=\"https:\/\/www.facebook.com\/notibras\/\" \/>\n<meta property=\"article:published_time\" content=\"2026-01-10T03:15:15+00:00\" \/>\n<meta property=\"og:image\" content=\"https:\/\/www.notibras.com\/site\/wp-content\/uploads\/2026\/01\/Ualisson-Noronha-Agencia-Saude-DF-3-1-scaled.jpg\" \/>\n\t<meta property=\"og:image:width\" content=\"2560\" \/>\n\t<meta property=\"og:image:height\" content=\"1707\" \/>\n\t<meta property=\"og:image:type\" content=\"image\/jpeg\" \/>\n<meta name=\"author\" content=\"Eduardo Mart\u00ednez\" \/>\n<meta name=\"twitter:card\" content=\"summary_large_image\" \/>\n<meta name=\"twitter:creator\" content=\"@Notibras\" \/>\n<meta name=\"twitter:site\" content=\"@Notibras\" \/>\n<meta name=\"twitter:label1\" content=\"Escrito por\" \/>\n\t<meta name=\"twitter:data1\" content=\"Eduardo Mart\u00ednez\" \/>\n\t<meta name=\"twitter:label2\" content=\"Est. tempo de leitura\" \/>\n\t<meta name=\"twitter:data2\" content=\"2 minutos\" \/>\n<script type=\"application\/ld+json\" class=\"yoast-schema-graph\">{\"@context\":\"https:\/\/schema.org\",\"@graph\":[{\"@type\":\"Article\",\"@id\":\"https:\/\/www.notibras.com\/site\/inicio-de-2026-com-vacinacao-em-49-pontos-neste-sabado-10\/#article\",\"isPartOf\":{\"@id\":\"https:\/\/www.notibras.com\/site\/inicio-de-2026-com-vacinacao-em-49-pontos-neste-sabado-10\/\"},\"author\":{\"name\":\"Eduardo Mart\u00ednez\",\"@id\":\"https:\/\/www.notibras.com\/site\/#\/schema\/person\/5b7fabf2aedc3ada2105f03b22b4d3dd\"},\"headline\":\"In\u00edcio de 2026 com vacina\u00e7\u00e3o em 49 pontos neste s\u00e1bado (10)\",\"datePublished\":\"2026-01-10T03:15:15+00:00\",\"mainEntityOfPage\":{\"@id\":\"https:\/\/www.notibras.com\/site\/inicio-de-2026-com-vacinacao-em-49-pontos-neste-sabado-10\/\"},\"wordCount\":246,\"publisher\":{\"@id\":\"https:\/\/www.notibras.com\/site\/#organization\"},\"image\":{\"@id\":\"https:\/\/www.notibras.com\/site\/inicio-de-2026-com-vacinacao-em-49-pontos-neste-sabado-10\/#primaryimage\"},\"thumbnailUrl\":\"https:\/\/www.notibras.com\/site\/wp-content\/uploads\/2026\/01\/Ualisson-Noronha-Agencia-Saude-DF-3-1-scaled.jpg\",\"articleSection\":[\"Quadradinho em Foco\"],\"inLanguage\":\"pt-BR\"},{\"@type\":\"WebPage\",\"@id\":\"https:\/\/www.notibras.com\/site\/inicio-de-2026-com-vacinacao-em-49-pontos-neste-sabado-10\/\",\"url\":\"https:\/\/www.notibras.com\/site\/inicio-de-2026-com-vacinacao-em-49-pontos-neste-sabado-10\/\",\"name\":\"In\u00edcio de 2026 com vacina\u00e7\u00e3o em 49 pontos neste s\u00e1bado (10) - Notibras\",\"isPartOf\":{\"@id\":\"https:\/\/www.notibras.com\/site\/#website\"},\"primaryImageOfPage\":{\"@id\":\"https:\/\/www.notibras.com\/site\/inicio-de-2026-com-vacinacao-em-49-pontos-neste-sabado-10\/#primaryimage\"},\"image\":{\"@id\":\"https:\/\/www.notibras.com\/site\/inicio-de-2026-com-vacinacao-em-49-pontos-neste-sabado-10\/#primaryimage\"},\"thumbnailUrl\":\"https:\/\/www.notibras.com\/site\/wp-content\/uploads\/2026\/01\/Ualisson-Noronha-Agencia-Saude-DF-3-1-scaled.jpg\",\"datePublished\":\"2026-01-10T03:15:15+00:00\",\"breadcrumb\":{\"@id\":\"https:\/\/www.notibras.com\/site\/inicio-de-2026-com-vacinacao-em-49-pontos-neste-sabado-10\/#breadcrumb\"},\"inLanguage\":\"pt-BR\",\"potentialAction\":[{\"@type\":\"ReadAction\",\"target\":[\"https:\/\/www.notibras.com\/site\/inicio-de-2026-com-vacinacao-em-49-pontos-neste-sabado-10\/\"]}]},{\"@type\":\"ImageObject\",\"inLanguage\":\"pt-BR\",\"@id\":\"https:\/\/www.notibras.com\/site\/inicio-de-2026-com-vacinacao-em-49-pontos-neste-sabado-10\/#primaryimage\",\"url\":\"https:\/\/www.notibras.com\/site\/wp-content\/uploads\/2026\/01\/Ualisson-Noronha-Agencia-Saude-DF-3-1-scaled.jpg\",\"contentUrl\":\"https:\/\/www.notibras.com\/site\/wp-content\/uploads\/2026\/01\/Ualisson-Noronha-Agencia-Saude-DF-3-1-scaled.jpg\",\"width\":2560,\"height\":1707},{\"@type\":\"BreadcrumbList\",\"@id\":\"https:\/\/www.notibras.com\/site\/inicio-de-2026-com-vacinacao-em-49-pontos-neste-sabado-10\/#breadcrumb\",\"itemListElement\":[{\"@type\":\"ListItem\",\"position\":1,\"name\":\"In\u00edcio\",\"item\":\"https:\/\/www.notibras.com\/site\/\"},{\"@type\":\"ListItem\",\"position\":2,\"name\":\"In\u00edcio de 2026 com vacina\u00e7\u00e3o em 49 pontos neste s\u00e1bado (10)\"}]},{\"@type\":\"WebSite\",\"@id\":\"https:\/\/www.notibras.com\/site\/#website\",\"url\":\"https:\/\/www.notibras.com\/site\/\",\"name\":\"Notibras\",\"description\":\"Not\u00edcias de Bras\u00edlia, do Brasil e do Mundo\",\"publisher\":{\"@id\":\"https:\/\/www.notibras.com\/site\/#organization\"},\"potentialAction\":[{\"@type\":\"SearchAction\",\"target\":{\"@type\":\"EntryPoint\",\"urlTemplate\":\"https:\/\/www.notibras.com\/site\/?s={search_term_string}\"},\"query-input\":{\"@type\":\"PropertyValueSpecification\",\"valueRequired\":true,\"valueName\":\"search_term_string\"}}],\"inLanguage\":\"pt-BR\"},{\"@type\":\"Organization\",\"@id\":\"https:\/\/www.notibras.com\/site\/#organization\",\"name\":\"Grupo Notibras de Comunica\u00e7\u00e3o\",\"url\":\"https:\/\/www.notibras.com\/site\/\",\"logo\":{\"@type\":\"ImageObject\",\"inLanguage\":\"pt-BR\",\"@id\":\"https:\/\/www.notibras.com\/site\/#\/schema\/logo\/image\/\",\"url\":\"https:\/\/www.notibras.com\/site\/wp-content\/uploads\/2023\/01\/notibras23.png\",\"contentUrl\":\"https:\/\/www.notibras.com\/site\/wp-content\/uploads\/2023\/01\/notibras23.png\",\"width\":350,\"height\":87,\"caption\":\"Grupo Notibras de Comunica\u00e7\u00e3o\"},\"image\":{\"@id\":\"https:\/\/www.notibras.com\/site\/#\/schema\/logo\/image\/\"},\"sameAs\":[\"https:\/\/www.facebook.com\/notibras\/\",\"https:\/\/x.com\/Notibras\",\"https:\/\/www.instagram.com\/notibras\/\"]},{\"@type\":\"Person\",\"@id\":\"https:\/\/www.notibras.com\/site\/#\/schema\/person\/5b7fabf2aedc3ada2105f03b22b4d3dd\",\"name\":\"Eduardo Mart\u00ednez\",\"image\":{\"@type\":\"ImageObject\",\"inLanguage\":\"pt-BR\",\"@id\":\"https:\/\/secure.gravatar.com\/avatar\/7902f906289926289cbcda644b5197c796b893c6ffd7b9a536a42d290f7704a0?s=96&d=mm&r=g\",\"url\":\"https:\/\/secure.gravatar.com\/avatar\/7902f906289926289cbcda644b5197c796b893c6ffd7b9a536a42d290f7704a0?s=96&d=mm&r=g\",\"contentUrl\":\"https:\/\/secure.gravatar.com\/avatar\/7902f906289926289cbcda644b5197c796b893c6ffd7b9a536a42d290f7704a0?s=96&d=mm&r=g\",\"caption\":\"Eduardo Mart\u00ednez\"}}]}<\/script>\n<!-- \/ Yoast SEO plugin. -->","yoast_head_json":{"title":"In\u00edcio de 2026 com vacina\u00e7\u00e3o em 49 pontos neste s\u00e1bado (10) - Notibras","robots":{"index":"index","follow":"follow","max-snippet":"max-snippet:-1","max-image-preview":"max-image-preview:large","max-video-preview":"max-video-preview:-1"},"canonical":"https:\/\/www.notibras.com\/site\/inicio-de-2026-com-vacinacao-em-49-pontos-neste-sabado-10\/","og_locale":"pt_BR","og_type":"article","og_title":"In\u00edcio de 2026 com vacina\u00e7\u00e3o em 49 pontos neste s\u00e1bado (10) - Notibras","og_description":"Quem quiser iniciar o ano com a caderneta de vacina\u00e7\u00e3o atualizada poder\u00e1 ir a um dos 49 locais dispon\u00edveis neste s\u00e1bado (10). A lista completa dos hor\u00e1rios e endere\u00e7os pode ser acessada no site da Secretaria de Sa\u00fade do Distrito Federal (SES-DF). Haver\u00e1 imunizantes para pessoas de todas as faixas et\u00e1rias, conforme o calend\u00e1rio de [&hellip;]","og_url":"https:\/\/www.notibras.com\/site\/inicio-de-2026-com-vacinacao-em-49-pontos-neste-sabado-10\/","og_site_name":"Notibras","article_publisher":"https:\/\/www.facebook.com\/notibras\/","article_published_time":"2026-01-10T03:15:15+00:00","og_image":[{"width":2560,"height":1707,"url":"https:\/\/www.notibras.com\/site\/wp-content\/uploads\/2026\/01\/Ualisson-Noronha-Agencia-Saude-DF-3-1-scaled.jpg","type":"image\/jpeg"}],"author":"Eduardo Mart\u00ednez","twitter_card":"summary_large_image","twitter_creator":"@Notibras","twitter_site":"@Notibras","twitter_misc":{"Escrito por":"Eduardo Mart\u00ednez","Est. tempo de leitura":"2 minutos"},"schema":{"@context":"https:\/\/schema.org","@graph":[{"@type":"Article","@id":"https:\/\/www.notibras.com\/site\/inicio-de-2026-com-vacinacao-em-49-pontos-neste-sabado-10\/#article","isPartOf":{"@id":"https:\/\/www.notibras.com\/site\/inicio-de-2026-com-vacinacao-em-49-pontos-neste-sabado-10\/"},"author":{"name":"Eduardo Mart\u00ednez","@id":"https:\/\/www.notibras.com\/site\/#\/schema\/person\/5b7fabf2aedc3ada2105f03b22b4d3dd"},"headline":"In\u00edcio de 2026 com vacina\u00e7\u00e3o em 49 pontos neste s\u00e1bado (10)","datePublished":"2026-01-10T03:15:15+00:00","mainEntityOfPage":{"@id":"https:\/\/www.notibras.com\/site\/inicio-de-2026-com-vacinacao-em-49-pontos-neste-sabado-10\/"},"wordCount":246,"publisher":{"@id":"https:\/\/www.notibras.com\/site\/#organization"},"image":{"@id":"https:\/\/www.notibras.com\/site\/inicio-de-2026-com-vacinacao-em-49-pontos-neste-sabado-10\/#primaryimage"},"thumbnailUrl":"https:\/\/www.notibras.com\/site\/wp-content\/uploads\/2026\/01\/Ualisson-Noronha-Agencia-Saude-DF-3-1-scaled.jpg","articleSection":["Quadradinho em Foco"],"inLanguage":"pt-BR"},{"@type":"WebPage","@id":"https:\/\/www.notibras.com\/site\/inicio-de-2026-com-vacinacao-em-49-pontos-neste-sabado-10\/","url":"https:\/\/www.notibras.com\/site\/inicio-de-2026-com-vacinacao-em-49-pontos-neste-sabado-10\/","name":"In\u00edcio de 2026 com vacina\u00e7\u00e3o em 49 pontos neste s\u00e1bado (10) - Notibras","isPartOf":{"@id":"https:\/\/www.notibras.com\/site\/#website"},"primaryImageOfPage":{"@id":"https:\/\/www.notibras.com\/site\/inicio-de-2026-com-vacinacao-em-49-pontos-neste-sabado-10\/#primaryimage"},"image":{"@id":"https:\/\/www.notibras.com\/site\/inicio-de-2026-com-vacinacao-em-49-pontos-neste-sabado-10\/#primaryimage"},"thumbnailUrl":"https:\/\/www.notibras.com\/site\/wp-content\/uploads\/2026\/01\/Ualisson-Noronha-Agencia-Saude-DF-3-1-scaled.jpg","datePublished":"2026-01-10T03:15:15+00:00","breadcrumb":{"@id":"https:\/\/www.notibras.com\/site\/inicio-de-2026-com-vacinacao-em-49-pontos-neste-sabado-10\/#breadcrumb"},"inLanguage":"pt-BR","potentialAction":[{"@type":"ReadAction","target":["https:\/\/www.notibras.com\/site\/inicio-de-2026-com-vacinacao-em-49-pontos-neste-sabado-10\/"]}]},{"@type":"ImageObject","inLanguage":"pt-BR","@id":"https:\/\/www.notibras.com\/site\/inicio-de-2026-com-vacinacao-em-49-pontos-neste-sabado-10\/#primaryimage","url":"https:\/\/www.notibras.com\/site\/wp-content\/uploads\/2026\/01\/Ualisson-Noronha-Agencia-Saude-DF-3-1-scaled.jpg","contentUrl":"https:\/\/www.notibras.com\/site\/wp-content\/uploads\/2026\/01\/Ualisson-Noronha-Agencia-Saude-DF-3-1-scaled.jpg","width":2560,"height":1707},{"@type":"BreadcrumbList","@id":"https:\/\/www.notibras.com\/site\/inicio-de-2026-com-vacinacao-em-49-pontos-neste-sabado-10\/#breadcrumb","itemListElement":[{"@type":"ListItem","position":1,"name":"In\u00edcio","item":"https:\/\/www.notibras.com\/site\/"},{"@type":"ListItem","position":2,"name":"In\u00edcio de 2026 com vacina\u00e7\u00e3o em 49 pontos neste s\u00e1bado (10)"}]},{"@type":"WebSite","@id":"https:\/\/www.notibras.com\/site\/#website","url":"https:\/\/www.notibras.com\/site\/","name":"Notibras","description":"Not\u00edcias de Bras\u00edlia, do Brasil e do Mundo","publisher":{"@id":"https:\/\/www.notibras.com\/site\/#organization"},"potentialAction":[{"@type":"SearchAction","target":{"@type":"EntryPoint","urlTemplate":"https:\/\/www.notibras.com\/site\/?s={search_term_string}"},"query-input":{"@type":"PropertyValueSpecification","valueRequired":true,"valueName":"search_term_string"}}],"inLanguage":"pt-BR"},{"@type":"Organization","@id":"https:\/\/www.notibras.com\/site\/#organization","name":"Grupo Notibras de Comunica\u00e7\u00e3o","url":"https:\/\/www.notibras.com\/site\/","logo":{"@type":"ImageObject","inLanguage":"pt-BR","@id":"https:\/\/www.notibras.com\/site\/#\/schema\/logo\/image\/","url":"https:\/\/www.notibras.com\/site\/wp-content\/uploads\/2023\/01\/notibras23.png","contentUrl":"https:\/\/www.notibras.com\/site\/wp-content\/uploads\/2023\/01\/notibras23.png","width":350,"height":87,"caption":"Grupo Notibras de Comunica\u00e7\u00e3o"},"image":{"@id":"https:\/\/www.notibras.com\/site\/#\/schema\/logo\/image\/"},"sameAs":["https:\/\/www.facebook.com\/notibras\/","https:\/\/x.com\/Notibras","https:\/\/www.instagram.com\/notibras\/"]},{"@type":"Person","@id":"https:\/\/www.notibras.com\/site\/#\/schema\/person\/5b7fabf2aedc3ada2105f03b22b4d3dd","name":"Eduardo Mart\u00ednez","image":{"@type":"ImageObject","inLanguage":"pt-BR","@id":"https:\/\/secure.gravatar.com\/avatar\/7902f906289926289cbcda644b5197c796b893c6ffd7b9a536a42d290f7704a0?s=96&d=mm&r=g","url":"https:\/\/secure.gravatar.com\/avatar\/7902f906289926289cbcda644b5197c796b893c6ffd7b9a536a42d290f7704a0?s=96&d=mm&r=g","contentUrl":"https:\/\/secure.gravatar.com\/avatar\/7902f906289926289cbcda644b5197c796b893c6ffd7b9a536a42d290f7704a0?s=96&d=mm&r=g","caption":"Eduardo Mart\u00ednez"}}]}},"amp_enabled":true,"_links":{"self":[{"href":"https:\/\/www.notibras.com\/site\/wp-json\/wp\/v2\/posts\/378348","targetHints":{"allow":["GET"]}}],"collection":[{"href":"https:\/\/www.notibras.com\/site\/wp-json\/wp\/v2\/posts"}],"about":[{"href":"https:\/\/www.notibras.com\/site\/wp-json\/wp\/v2\/types\/post"}],"author":[{"embeddable":true,"href":"https:\/\/www.notibras.com\/site\/wp-json\/wp\/v2\/users\/21"}],"replies":[{"embeddable":true,"href":"https:\/\/www.notibras.com\/site\/wp-json\/wp\/v2\/comments?post=378348"}],"version-history":[{"count":2,"href":"https:\/\/www.notibras.com\/site\/wp-json\/wp\/v2\/posts\/378348\/revisions"}],"predecessor-version":[{"id":378351,"href":"https:\/\/www.notibras.com\/site\/wp-json\/wp\/v2\/posts\/378348\/revisions\/378351"}],"wp:featuredmedia":[{"embeddable":true,"href":"https:\/\/www.notibras.com\/site\/wp-json\/wp\/v2\/media\/378349"}],"wp:attachment":[{"href":"https:\/\/www.notibras.com\/site\/wp-json\/wp\/v2\/media?parent=378348"}],"wp:term":[{"taxonomy":"category","embeddable":true,"href":"https:\/\/www.notibras.com\/site\/wp-json\/wp\/v2\/categories?post=378348"},{"taxonomy":"post_tag","embeddable":true,"href":"https:\/\/www.notibras.com\/site\/wp-json\/wp\/v2\/tags?post=378348"}],"curies":[{"name":"wp","href":"https:\/\/api.w.org\/{rel}","templated":true}]}}