{"id":378357,"date":"2026-01-10T00:45:36","date_gmt":"2026-01-10T03:45:36","guid":{"rendered":"https:\/\/www.notibras.com\/site\/?p=378357"},"modified":"2026-01-09T21:45:57","modified_gmt":"2026-01-10T00:45:57","slug":"contribuintes-ja-usaram-mais-de-r-35-milhoes-em-creditos-em-2026","status":"publish","type":"post","link":"https:\/\/www.notibras.com\/site\/contribuintes-ja-usaram-mais-de-r-35-milhoes-em-creditos-em-2026\/","title":{"rendered":"Contribuintes j\u00e1 usaram mais de R$ 35 milh\u00f5es em cr\u00e9ditos em 2026"},"content":{"rendered":"<p>At\u00e9 a tarde desta sexta-feira (9), os contribuintes que costumam pedir a inclus\u00e3o do CPF nas notas fiscais j\u00e1 utilizaram mais de R$ 35 milh\u00f5es em cr\u00e9ditos do programa Nota Legal, sendo 68,6% destinados ao abatimento no Imposto sobre Propriedades de Ve\u00edculos Automotores (IPVA). Ao longo dos anos, o programa j\u00e1 devolveu mais de R$ 2,2 bilh\u00f5es em benef\u00edcios.<\/p>\n<p>O prazo para indicar os cr\u00e9ditos do Nota Legal para abatimento no pagamento do IPVA ou do Imposto Predial Territorial Urbano (IPTU) termina no pr\u00f3ximo dia 20 de janeiro. Por isso, \u00e9 importante ficar atento ao processo de indica\u00e7\u00e3o. Para participar, basta acessar o <a href=\"https:\/\/www.notalegal.df.gov.br\/\">portal do programa<\/a>, entrar na \u00e1rea restrita com os dados cadastrados e fazer a escolha.<\/p>\n<p>Precisa de ajuda? Confira <a href=\"https:\/\/www.agenciabrasilia.df.gov.br\/documents\/d\/guest\/nota-legal-caminho-para-indicar-pdf\">aqui<\/a> um passo a passo que ensina a indicar os cr\u00e9ditos do Nota Legal.<\/p>\n<p>O Nota Legal \u00e9 um programa que estimula a cidadania fiscal ao incentivar o contribuinte a exigir a emiss\u00e3o de cupons fiscais em todas as compras, independentemente do valor. A iniciativa contribui para a redu\u00e7\u00e3o da sonega\u00e7\u00e3o por parte do Governo do Distrito Federal (GDF).<\/p>\n","protected":false},"excerpt":{"rendered":"<p>At\u00e9 a tarde desta sexta-feira (9), os contribuintes que costumam pedir a inclus\u00e3o do CPF nas notas fiscais j\u00e1 utilizaram mais de R$ 35 milh\u00f5es em cr\u00e9ditos do programa Nota Legal, sendo 68,6% destinados ao abatimento no Imposto sobre Propriedades de Ve\u00edculos Automotores (IPVA). Ao longo dos anos, o programa j\u00e1 devolveu mais de R$ [&hellip;]<\/p>\n","protected":false},"author":21,"featured_media":378358,"comment_status":"closed","ping_status":"closed","sticky":false,"template":"","format":"standard","meta":{"_acf_changed":false,"footnotes":""},"categories":[161],"tags":[],"class_list":["post-378357","post","type-post","status-publish","format-standard","has-post-thumbnail","hentry","category-quadradinho-em-foco"],"acf":[],"yoast_head":"<!-- This site is optimized with the Yoast SEO plugin v27.2 - https:\/\/yoast.com\/product\/yoast-seo-wordpress\/ -->\n<title>Contribuintes j\u00e1 usaram mais de R$ 35 milh\u00f5es em cr\u00e9ditos em 2026 - Notibras<\/title>\n<meta name=\"robots\" content=\"index, follow, max-snippet:-1, max-image-preview:large, max-video-preview:-1\" \/>\n<link rel=\"canonical\" href=\"https:\/\/www.notibras.com\/site\/contribuintes-ja-usaram-mais-de-r-35-milhoes-em-creditos-em-2026\/\" \/>\n<meta property=\"og:locale\" content=\"pt_BR\" \/>\n<meta property=\"og:type\" content=\"article\" \/>\n<meta property=\"og:title\" content=\"Contribuintes j\u00e1 usaram mais de R$ 35 milh\u00f5es em cr\u00e9ditos em 2026 - Notibras\" \/>\n<meta property=\"og:description\" content=\"At\u00e9 a tarde desta sexta-feira (9), os contribuintes que costumam pedir a inclus\u00e3o do CPF nas notas fiscais j\u00e1 utilizaram mais de R$ 35 milh\u00f5es em cr\u00e9ditos do programa Nota Legal, sendo 68,6% destinados ao abatimento no Imposto sobre Propriedades de Ve\u00edculos Automotores (IPVA). Ao longo dos anos, o programa j\u00e1 devolveu mais de R$ [&hellip;]\" \/>\n<meta property=\"og:url\" content=\"https:\/\/www.notibras.com\/site\/contribuintes-ja-usaram-mais-de-r-35-milhoes-em-creditos-em-2026\/\" \/>\n<meta property=\"og:site_name\" content=\"Notibras\" \/>\n<meta property=\"article:publisher\" content=\"https:\/\/www.facebook.com\/notibras\/\" \/>\n<meta property=\"article:published_time\" content=\"2026-01-10T03:45:36+00:00\" \/>\n<meta property=\"og:image\" content=\"https:\/\/www.notibras.com\/site\/wp-content\/uploads\/2026\/01\/WhatsApp-Image-2026-01-09-at-15.54.42.jpeg\" \/>\n\t<meta property=\"og:image:width\" content=\"1181\" \/>\n\t<meta property=\"og:image:height\" content=\"787\" \/>\n\t<meta property=\"og:image:type\" content=\"image\/jpeg\" \/>\n<meta name=\"author\" content=\"Eduardo Mart\u00ednez\" \/>\n<meta name=\"twitter:card\" content=\"summary_large_image\" \/>\n<meta name=\"twitter:creator\" content=\"@Notibras\" \/>\n<meta name=\"twitter:site\" content=\"@Notibras\" \/>\n<meta name=\"twitter:label1\" content=\"Escrito por\" \/>\n\t<meta name=\"twitter:data1\" content=\"Eduardo Mart\u00ednez\" \/>\n\t<meta name=\"twitter:label2\" content=\"Est. tempo de leitura\" \/>\n\t<meta name=\"twitter:data2\" content=\"2 minutos\" \/>\n<script type=\"application\/ld+json\" class=\"yoast-schema-graph\">{\"@context\":\"https:\/\/schema.org\",\"@graph\":[{\"@type\":\"Article\",\"@id\":\"https:\/\/www.notibras.com\/site\/contribuintes-ja-usaram-mais-de-r-35-milhoes-em-creditos-em-2026\/#article\",\"isPartOf\":{\"@id\":\"https:\/\/www.notibras.com\/site\/contribuintes-ja-usaram-mais-de-r-35-milhoes-em-creditos-em-2026\/\"},\"author\":{\"name\":\"Eduardo Mart\u00ednez\",\"@id\":\"https:\/\/www.notibras.com\/site\/#\/schema\/person\/5b7fabf2aedc3ada2105f03b22b4d3dd\"},\"headline\":\"Contribuintes j\u00e1 usaram mais de R$ 35 milh\u00f5es em cr\u00e9ditos em 2026\",\"datePublished\":\"2026-01-10T03:45:36+00:00\",\"mainEntityOfPage\":{\"@id\":\"https:\/\/www.notibras.com\/site\/contribuintes-ja-usaram-mais-de-r-35-milhoes-em-creditos-em-2026\/\"},\"wordCount\":199,\"publisher\":{\"@id\":\"https:\/\/www.notibras.com\/site\/#organization\"},\"image\":{\"@id\":\"https:\/\/www.notibras.com\/site\/contribuintes-ja-usaram-mais-de-r-35-milhoes-em-creditos-em-2026\/#primaryimage\"},\"thumbnailUrl\":\"https:\/\/www.notibras.com\/site\/wp-content\/uploads\/2026\/01\/WhatsApp-Image-2026-01-09-at-15.54.42.jpeg\",\"articleSection\":[\"Quadradinho em Foco\"],\"inLanguage\":\"pt-BR\"},{\"@type\":\"WebPage\",\"@id\":\"https:\/\/www.notibras.com\/site\/contribuintes-ja-usaram-mais-de-r-35-milhoes-em-creditos-em-2026\/\",\"url\":\"https:\/\/www.notibras.com\/site\/contribuintes-ja-usaram-mais-de-r-35-milhoes-em-creditos-em-2026\/\",\"name\":\"Contribuintes j\u00e1 usaram mais de R$ 35 milh\u00f5es em cr\u00e9ditos em 2026 - Notibras\",\"isPartOf\":{\"@id\":\"https:\/\/www.notibras.com\/site\/#website\"},\"primaryImageOfPage\":{\"@id\":\"https:\/\/www.notibras.com\/site\/contribuintes-ja-usaram-mais-de-r-35-milhoes-em-creditos-em-2026\/#primaryimage\"},\"image\":{\"@id\":\"https:\/\/www.notibras.com\/site\/contribuintes-ja-usaram-mais-de-r-35-milhoes-em-creditos-em-2026\/#primaryimage\"},\"thumbnailUrl\":\"https:\/\/www.notibras.com\/site\/wp-content\/uploads\/2026\/01\/WhatsApp-Image-2026-01-09-at-15.54.42.jpeg\",\"datePublished\":\"2026-01-10T03:45:36+00:00\",\"breadcrumb\":{\"@id\":\"https:\/\/www.notibras.com\/site\/contribuintes-ja-usaram-mais-de-r-35-milhoes-em-creditos-em-2026\/#breadcrumb\"},\"inLanguage\":\"pt-BR\",\"potentialAction\":[{\"@type\":\"ReadAction\",\"target\":[\"https:\/\/www.notibras.com\/site\/contribuintes-ja-usaram-mais-de-r-35-milhoes-em-creditos-em-2026\/\"]}]},{\"@type\":\"ImageObject\",\"inLanguage\":\"pt-BR\",\"@id\":\"https:\/\/www.notibras.com\/site\/contribuintes-ja-usaram-mais-de-r-35-milhoes-em-creditos-em-2026\/#primaryimage\",\"url\":\"https:\/\/www.notibras.com\/site\/wp-content\/uploads\/2026\/01\/WhatsApp-Image-2026-01-09-at-15.54.42.jpeg\",\"contentUrl\":\"https:\/\/www.notibras.com\/site\/wp-content\/uploads\/2026\/01\/WhatsApp-Image-2026-01-09-at-15.54.42.jpeg\",\"width\":1181,\"height\":787},{\"@type\":\"BreadcrumbList\",\"@id\":\"https:\/\/www.notibras.com\/site\/contribuintes-ja-usaram-mais-de-r-35-milhoes-em-creditos-em-2026\/#breadcrumb\",\"itemListElement\":[{\"@type\":\"ListItem\",\"position\":1,\"name\":\"In\u00edcio\",\"item\":\"https:\/\/www.notibras.com\/site\/\"},{\"@type\":\"ListItem\",\"position\":2,\"name\":\"Contribuintes j\u00e1 usaram mais de R$ 35 milh\u00f5es em cr\u00e9ditos em 2026\"}]},{\"@type\":\"WebSite\",\"@id\":\"https:\/\/www.notibras.com\/site\/#website\",\"url\":\"https:\/\/www.notibras.com\/site\/\",\"name\":\"Notibras\",\"description\":\"Not\u00edcias de Bras\u00edlia, do Brasil e do Mundo\",\"publisher\":{\"@id\":\"https:\/\/www.notibras.com\/site\/#organization\"},\"potentialAction\":[{\"@type\":\"SearchAction\",\"target\":{\"@type\":\"EntryPoint\",\"urlTemplate\":\"https:\/\/www.notibras.com\/site\/?s={search_term_string}\"},\"query-input\":{\"@type\":\"PropertyValueSpecification\",\"valueRequired\":true,\"valueName\":\"search_term_string\"}}],\"inLanguage\":\"pt-BR\"},{\"@type\":\"Organization\",\"@id\":\"https:\/\/www.notibras.com\/site\/#organization\",\"name\":\"Grupo Notibras de Comunica\u00e7\u00e3o\",\"url\":\"https:\/\/www.notibras.com\/site\/\",\"logo\":{\"@type\":\"ImageObject\",\"inLanguage\":\"pt-BR\",\"@id\":\"https:\/\/www.notibras.com\/site\/#\/schema\/logo\/image\/\",\"url\":\"https:\/\/www.notibras.com\/site\/wp-content\/uploads\/2023\/01\/notibras23.png\",\"contentUrl\":\"https:\/\/www.notibras.com\/site\/wp-content\/uploads\/2023\/01\/notibras23.png\",\"width\":350,\"height\":87,\"caption\":\"Grupo Notibras de Comunica\u00e7\u00e3o\"},\"image\":{\"@id\":\"https:\/\/www.notibras.com\/site\/#\/schema\/logo\/image\/\"},\"sameAs\":[\"https:\/\/www.facebook.com\/notibras\/\",\"https:\/\/x.com\/Notibras\",\"https:\/\/www.instagram.com\/notibras\/\"]},{\"@type\":\"Person\",\"@id\":\"https:\/\/www.notibras.com\/site\/#\/schema\/person\/5b7fabf2aedc3ada2105f03b22b4d3dd\",\"name\":\"Eduardo Mart\u00ednez\",\"image\":{\"@type\":\"ImageObject\",\"inLanguage\":\"pt-BR\",\"@id\":\"https:\/\/secure.gravatar.com\/avatar\/7902f906289926289cbcda644b5197c796b893c6ffd7b9a536a42d290f7704a0?s=96&d=mm&r=g\",\"url\":\"https:\/\/secure.gravatar.com\/avatar\/7902f906289926289cbcda644b5197c796b893c6ffd7b9a536a42d290f7704a0?s=96&d=mm&r=g\",\"contentUrl\":\"https:\/\/secure.gravatar.com\/avatar\/7902f906289926289cbcda644b5197c796b893c6ffd7b9a536a42d290f7704a0?s=96&d=mm&r=g\",\"caption\":\"Eduardo Mart\u00ednez\"}}]}<\/script>\n<!-- \/ Yoast SEO plugin. -->","yoast_head_json":{"title":"Contribuintes j\u00e1 usaram mais de R$ 35 milh\u00f5es em cr\u00e9ditos em 2026 - Notibras","robots":{"index":"index","follow":"follow","max-snippet":"max-snippet:-1","max-image-preview":"max-image-preview:large","max-video-preview":"max-video-preview:-1"},"canonical":"https:\/\/www.notibras.com\/site\/contribuintes-ja-usaram-mais-de-r-35-milhoes-em-creditos-em-2026\/","og_locale":"pt_BR","og_type":"article","og_title":"Contribuintes j\u00e1 usaram mais de R$ 35 milh\u00f5es em cr\u00e9ditos em 2026 - Notibras","og_description":"At\u00e9 a tarde desta sexta-feira (9), os contribuintes que costumam pedir a inclus\u00e3o do CPF nas notas fiscais j\u00e1 utilizaram mais de R$ 35 milh\u00f5es em cr\u00e9ditos do programa Nota Legal, sendo 68,6% destinados ao abatimento no Imposto sobre Propriedades de Ve\u00edculos Automotores (IPVA). Ao longo dos anos, o programa j\u00e1 devolveu mais de R$ [&hellip;]","og_url":"https:\/\/www.notibras.com\/site\/contribuintes-ja-usaram-mais-de-r-35-milhoes-em-creditos-em-2026\/","og_site_name":"Notibras","article_publisher":"https:\/\/www.facebook.com\/notibras\/","article_published_time":"2026-01-10T03:45:36+00:00","og_image":[{"width":1181,"height":787,"url":"https:\/\/www.notibras.com\/site\/wp-content\/uploads\/2026\/01\/WhatsApp-Image-2026-01-09-at-15.54.42.jpeg","type":"image\/jpeg"}],"author":"Eduardo Mart\u00ednez","twitter_card":"summary_large_image","twitter_creator":"@Notibras","twitter_site":"@Notibras","twitter_misc":{"Escrito por":"Eduardo Mart\u00ednez","Est. tempo de leitura":"2 minutos"},"schema":{"@context":"https:\/\/schema.org","@graph":[{"@type":"Article","@id":"https:\/\/www.notibras.com\/site\/contribuintes-ja-usaram-mais-de-r-35-milhoes-em-creditos-em-2026\/#article","isPartOf":{"@id":"https:\/\/www.notibras.com\/site\/contribuintes-ja-usaram-mais-de-r-35-milhoes-em-creditos-em-2026\/"},"author":{"name":"Eduardo Mart\u00ednez","@id":"https:\/\/www.notibras.com\/site\/#\/schema\/person\/5b7fabf2aedc3ada2105f03b22b4d3dd"},"headline":"Contribuintes j\u00e1 usaram mais de R$ 35 milh\u00f5es em cr\u00e9ditos em 2026","datePublished":"2026-01-10T03:45:36+00:00","mainEntityOfPage":{"@id":"https:\/\/www.notibras.com\/site\/contribuintes-ja-usaram-mais-de-r-35-milhoes-em-creditos-em-2026\/"},"wordCount":199,"publisher":{"@id":"https:\/\/www.notibras.com\/site\/#organization"},"image":{"@id":"https:\/\/www.notibras.com\/site\/contribuintes-ja-usaram-mais-de-r-35-milhoes-em-creditos-em-2026\/#primaryimage"},"thumbnailUrl":"https:\/\/www.notibras.com\/site\/wp-content\/uploads\/2026\/01\/WhatsApp-Image-2026-01-09-at-15.54.42.jpeg","articleSection":["Quadradinho em Foco"],"inLanguage":"pt-BR"},{"@type":"WebPage","@id":"https:\/\/www.notibras.com\/site\/contribuintes-ja-usaram-mais-de-r-35-milhoes-em-creditos-em-2026\/","url":"https:\/\/www.notibras.com\/site\/contribuintes-ja-usaram-mais-de-r-35-milhoes-em-creditos-em-2026\/","name":"Contribuintes j\u00e1 usaram mais de R$ 35 milh\u00f5es em cr\u00e9ditos em 2026 - Notibras","isPartOf":{"@id":"https:\/\/www.notibras.com\/site\/#website"},"primaryImageOfPage":{"@id":"https:\/\/www.notibras.com\/site\/contribuintes-ja-usaram-mais-de-r-35-milhoes-em-creditos-em-2026\/#primaryimage"},"image":{"@id":"https:\/\/www.notibras.com\/site\/contribuintes-ja-usaram-mais-de-r-35-milhoes-em-creditos-em-2026\/#primaryimage"},"thumbnailUrl":"https:\/\/www.notibras.com\/site\/wp-content\/uploads\/2026\/01\/WhatsApp-Image-2026-01-09-at-15.54.42.jpeg","datePublished":"2026-01-10T03:45:36+00:00","breadcrumb":{"@id":"https:\/\/www.notibras.com\/site\/contribuintes-ja-usaram-mais-de-r-35-milhoes-em-creditos-em-2026\/#breadcrumb"},"inLanguage":"pt-BR","potentialAction":[{"@type":"ReadAction","target":["https:\/\/www.notibras.com\/site\/contribuintes-ja-usaram-mais-de-r-35-milhoes-em-creditos-em-2026\/"]}]},{"@type":"ImageObject","inLanguage":"pt-BR","@id":"https:\/\/www.notibras.com\/site\/contribuintes-ja-usaram-mais-de-r-35-milhoes-em-creditos-em-2026\/#primaryimage","url":"https:\/\/www.notibras.com\/site\/wp-content\/uploads\/2026\/01\/WhatsApp-Image-2026-01-09-at-15.54.42.jpeg","contentUrl":"https:\/\/www.notibras.com\/site\/wp-content\/uploads\/2026\/01\/WhatsApp-Image-2026-01-09-at-15.54.42.jpeg","width":1181,"height":787},{"@type":"BreadcrumbList","@id":"https:\/\/www.notibras.com\/site\/contribuintes-ja-usaram-mais-de-r-35-milhoes-em-creditos-em-2026\/#breadcrumb","itemListElement":[{"@type":"ListItem","position":1,"name":"In\u00edcio","item":"https:\/\/www.notibras.com\/site\/"},{"@type":"ListItem","position":2,"name":"Contribuintes j\u00e1 usaram mais de R$ 35 milh\u00f5es em cr\u00e9ditos em 2026"}]},{"@type":"WebSite","@id":"https:\/\/www.notibras.com\/site\/#website","url":"https:\/\/www.notibras.com\/site\/","name":"Notibras","description":"Not\u00edcias de Bras\u00edlia, do Brasil e do Mundo","publisher":{"@id":"https:\/\/www.notibras.com\/site\/#organization"},"potentialAction":[{"@type":"SearchAction","target":{"@type":"EntryPoint","urlTemplate":"https:\/\/www.notibras.com\/site\/?s={search_term_string}"},"query-input":{"@type":"PropertyValueSpecification","valueRequired":true,"valueName":"search_term_string"}}],"inLanguage":"pt-BR"},{"@type":"Organization","@id":"https:\/\/www.notibras.com\/site\/#organization","name":"Grupo Notibras de Comunica\u00e7\u00e3o","url":"https:\/\/www.notibras.com\/site\/","logo":{"@type":"ImageObject","inLanguage":"pt-BR","@id":"https:\/\/www.notibras.com\/site\/#\/schema\/logo\/image\/","url":"https:\/\/www.notibras.com\/site\/wp-content\/uploads\/2023\/01\/notibras23.png","contentUrl":"https:\/\/www.notibras.com\/site\/wp-content\/uploads\/2023\/01\/notibras23.png","width":350,"height":87,"caption":"Grupo Notibras de Comunica\u00e7\u00e3o"},"image":{"@id":"https:\/\/www.notibras.com\/site\/#\/schema\/logo\/image\/"},"sameAs":["https:\/\/www.facebook.com\/notibras\/","https:\/\/x.com\/Notibras","https:\/\/www.instagram.com\/notibras\/"]},{"@type":"Person","@id":"https:\/\/www.notibras.com\/site\/#\/schema\/person\/5b7fabf2aedc3ada2105f03b22b4d3dd","name":"Eduardo Mart\u00ednez","image":{"@type":"ImageObject","inLanguage":"pt-BR","@id":"https:\/\/secure.gravatar.com\/avatar\/7902f906289926289cbcda644b5197c796b893c6ffd7b9a536a42d290f7704a0?s=96&d=mm&r=g","url":"https:\/\/secure.gravatar.com\/avatar\/7902f906289926289cbcda644b5197c796b893c6ffd7b9a536a42d290f7704a0?s=96&d=mm&r=g","contentUrl":"https:\/\/secure.gravatar.com\/avatar\/7902f906289926289cbcda644b5197c796b893c6ffd7b9a536a42d290f7704a0?s=96&d=mm&r=g","caption":"Eduardo Mart\u00ednez"}}]}},"amp_enabled":true,"_links":{"self":[{"href":"https:\/\/www.notibras.com\/site\/wp-json\/wp\/v2\/posts\/378357","targetHints":{"allow":["GET"]}}],"collection":[{"href":"https:\/\/www.notibras.com\/site\/wp-json\/wp\/v2\/posts"}],"about":[{"href":"https:\/\/www.notibras.com\/site\/wp-json\/wp\/v2\/types\/post"}],"author":[{"embeddable":true,"href":"https:\/\/www.notibras.com\/site\/wp-json\/wp\/v2\/users\/21"}],"replies":[{"embeddable":true,"href":"https:\/\/www.notibras.com\/site\/wp-json\/wp\/v2\/comments?post=378357"}],"version-history":[{"count":2,"href":"https:\/\/www.notibras.com\/site\/wp-json\/wp\/v2\/posts\/378357\/revisions"}],"predecessor-version":[{"id":378360,"href":"https:\/\/www.notibras.com\/site\/wp-json\/wp\/v2\/posts\/378357\/revisions\/378360"}],"wp:featuredmedia":[{"embeddable":true,"href":"https:\/\/www.notibras.com\/site\/wp-json\/wp\/v2\/media\/378358"}],"wp:attachment":[{"href":"https:\/\/www.notibras.com\/site\/wp-json\/wp\/v2\/media?parent=378357"}],"wp:term":[{"taxonomy":"category","embeddable":true,"href":"https:\/\/www.notibras.com\/site\/wp-json\/wp\/v2\/categories?post=378357"},{"taxonomy":"post_tag","embeddable":true,"href":"https:\/\/www.notibras.com\/site\/wp-json\/wp\/v2\/tags?post=378357"}],"curies":[{"name":"wp","href":"https:\/\/api.w.org\/{rel}","templated":true}]}}