{"id":378382,"date":"2026-01-10T02:00:17","date_gmt":"2026-01-10T05:00:17","guid":{"rendered":"https:\/\/www.notibras.com\/site\/?p=378382"},"modified":"2026-01-10T00:43:53","modified_gmt":"2026-01-10T03:43:53","slug":"o-caixeiro-viajante-e-o-vestido-amarelo","status":"publish","type":"post","link":"https:\/\/www.notibras.com\/site\/o-caixeiro-viajante-e-o-vestido-amarelo\/","title":{"rendered":"O caixeiro-viajante e o vestido amarelo"},"content":{"rendered":"<p>Oleg\u00e1rio, morador da Asa Norte, em Bras\u00edlia, gostava de entreter os de bom ouvido com hist\u00f3rias do seu tempo de caixeiro-viajante na regi\u00e3o da Zona da Mata Mineira entre os idos de 1970 e 1990. N\u00e3o raro, quando se sentava para tomar umas no Bar do Bosco, dois ou tr\u00eas j\u00e1 puxavam cadeiras certos de que teriam o que recontar para outrem.<\/p>\n<p>Naquela \u00e9poca, o sujeito havia se especializado na compra e revenda de roupas femininas. Ele adquiria as pe\u00e7as das diversas confec\u00e7\u00f5es na cidade de Visconde do Rio Branco e, em seguida, pegava a estrada para ofert\u00e1-las nos diversos outros munic\u00edpios, entre os quais Matias Borba e Juiz de Fora. O lucro era razo\u00e1vel, ainda mais porque quase sempre aquelas ind\u00fastrias fabris n\u00e3o emitiam nota fiscal.<\/p>\n<p>Para se livrar da fiscaliza\u00e7\u00e3o, Oleg\u00e1rio se embrenhava por um caminho ou outro. Na maioria das vezes, ele conseguia se desvencilhar das garras da Pol\u00edcia Rodovi\u00e1ria Federal, mas quando ca\u00eda, ih, o momento se tornava tenso, ainda mais porque alguns policiais, naquela \u00e9poca, n\u00e3o eram conhecidos por serem, digamos, t\u00e3o probos assim. E pensar que tem gente que tem coragem de dizer que antigamente que era bom.<\/p>\n<p>Pois bem, l\u00e1 estava o caixeiro-viajante retornando para o lar, doce lar depois de vender quase todo o produto. Havia sobrado apenas 10 ou 12 pe\u00e7as, entre vestidos, saias, blusas e duas calcinhas. Todas horrorosas por sinal. Mas eis que Oleg\u00e1rio, ao volante da sua Variant 1972, percebeu que havia uma blitz na estrada. N\u00e3o teve d\u00favida e, por impulso, deu marca \u00e0 r\u00e9 e, assim que foi poss\u00edvel, retornou e entrou na primeira vicinal, quando o pior aconteceu.<\/p>\n<p>Acredite ou n\u00e3o, dois soldados do ex\u00e9rcito, ao lado de um ve\u00edculo parado no acostamento. Os militares, que estavam no local por conta de n\u00e3o se sabe o qu\u00ea, apontaram os fuzis para Oleg\u00e1rio, que brecou na hora, parando ao lado dos homens.<\/p>\n<p>M\u00e3os erguidas, Oleg\u00e1rio j\u00e1 foi dizendo que o carro n\u00e3o tinha drogas nem armas e, num \u00edmpeto infeliz de honestidade, acabou confessando que estava portando algumas roupas sem nota fiscal. Os soldados se entreolharam, conversaram por alguns instantes e, ent\u00e3o, um deles se dirigiu ao caixeiro-viajante.<\/p>\n<p>\u2014 Siga a gente.<\/p>\n<p>Sem alternativa, Oleg\u00e1rio ligou a Variant e foi atr\u00e1s do ve\u00edculo do ex\u00e9rcito at\u00e9 a blitz. L\u00e1, os soldados conversaram por um momento com um dos policiais, que, n\u00e3o tardou, teve o seguinte interl\u00fadio com o caixeiro-viajante.<\/p>\n<p>\u2014 Ent\u00e3o, cidad\u00e3o, voc\u00ea est\u00e1 com roupas sem nota fiscal, n\u00e9?!<\/p>\n<p>\u2014 Sim, seu policial.<\/p>\n<p>\u2014 Cad\u00ea essas roupas?<\/p>\n<p>\u2014 Est\u00e3o aqui no banco de tr\u00e1s.<\/p>\n<p>O policial olhou as pe\u00e7as e, com cara de puro desalento, reclamou:<\/p>\n<p>\u2014 Mas s\u00f3 tem roupa feia.<\/p>\n<p>\u2014 Pois \u00e9, seu policial. Por isso que n\u00e3o consegui vende-las.<\/p>\n<p>\u2014 Bem, como n\u00e3o tem outro jeito, vou ficar com elas mesmo.<\/p>\n<p>Depois de meter a m\u00e3o nas pe\u00e7as de roupas, o agente da lei liberou o Oleg\u00e1rio, que parecia consternado com alguma coisa.<\/p>\n<p>\u2014 Pode ir, cidad\u00e3o. J\u00e1 t\u00e1 liberado.<\/p>\n<p>\u2014 Seu policial, posso te pedir um favor?<\/p>\n<p>\u2014 Favor?<\/p>\n<p>\u2014 Sim.<\/p>\n<p>\u2014 Mas voc\u00ea \u00e9 mesmo cara de pau. Mas diga l\u00e1.<\/p>\n<p>\u2014 O senhor poderia me devolver um vestido e uma calcinha?<\/p>\n<p>\u2014 O qu\u00ea?<\/p>\n<p>\u2014 Pode ser esse amarelo mesmo, que \u00e9 o mais feio. E qualquer uma das calcinhas.<\/p>\n<p>\u2014 E pra que tu quer isso?<\/p>\n<p>\u2014 \u00c9 pra mim.<\/p>\n<p>\u2014 Pra tu?<\/p>\n<p>\u2014 Seu policial, \u00e9 que estou numa precis\u00e3o que o senhor n\u00e3o imagina.<\/p>\n<p>\u2014 Que precis\u00e3o, homem?<\/p>\n<p>\u2014 \u00c9 que me borrei todo quando os milicos me apontaram aqueles trabucos.<\/p>\n<p>N\u00e3o se sabe se foi por compaix\u00e3o ou para se livrar logo do Oleg\u00e1rio, mas o policial lhe cedeu as pe\u00e7as solicitadas. E n\u00e3o pense voc\u00ea que o dif\u00edcil tenha sido a vergonha de voltar para casa de vestido e calcinha. O pior mesmo foi ter que explicar a hist\u00f3ria para a esposa.<\/p>\n<p><strong>\u2026\u2026\u2026\u2026\u2026\u2026\u2026\u2026<\/strong><\/p>\n<p><strong>Eduardo Mart\u00ednez \u00e9 autor do livro \u201957 Contos e Cr\u00f4nicas por um Autor Muito Velho\u2019 (Vencedor do Pr\u00eamio Liter\u00e1rio Clarice Lispector \u2013 2025 na categoria livro de contos).<\/strong><\/p>\n<p><strong>Compre aqui<\/strong><\/p>\n<p><a href=\"https:\/\/www.joanineditora.com.br\/57-contos-e-cronicas-por-um-autor-muito-velho\"><strong>https:\/\/www.joanineditora.com.br\/57-contos-e-cronicas-por-um-autor-muito-velho<\/strong><\/a><\/p>\n","protected":false},"excerpt":{"rendered":"<p>Oleg\u00e1rio, morador da Asa Norte, em Bras\u00edlia, gostava de entreter os de bom ouvido com hist\u00f3rias do seu tempo de caixeiro-viajante na regi\u00e3o da Zona da Mata Mineira entre os idos de 1970 e 1990. N\u00e3o raro, quando se sentava para tomar umas no Bar do Bosco, dois ou tr\u00eas j\u00e1 puxavam cadeiras certos de [&hellip;]<\/p>\n","protected":false},"author":21,"featured_media":378383,"comment_status":"closed","ping_status":"closed","sticky":false,"template":"","format":"standard","meta":{"_acf_changed":false,"footnotes":""},"categories":[161],"tags":[],"class_list":["post-378382","post","type-post","status-publish","format-standard","has-post-thumbnail","hentry","category-quadradinho-em-foco"],"acf":[],"yoast_head":"<!-- This site is optimized with the Yoast SEO plugin v27.2 - https:\/\/yoast.com\/product\/yoast-seo-wordpress\/ -->\n<title>O caixeiro-viajante e o vestido amarelo - Notibras<\/title>\n<meta name=\"robots\" content=\"index, follow, max-snippet:-1, max-image-preview:large, max-video-preview:-1\" \/>\n<link rel=\"canonical\" href=\"https:\/\/www.notibras.com\/site\/o-caixeiro-viajante-e-o-vestido-amarelo\/\" \/>\n<meta property=\"og:locale\" content=\"pt_BR\" \/>\n<meta property=\"og:type\" content=\"article\" \/>\n<meta property=\"og:title\" content=\"O caixeiro-viajante e o vestido amarelo - Notibras\" \/>\n<meta property=\"og:description\" content=\"Oleg\u00e1rio, morador da Asa Norte, em Bras\u00edlia, gostava de entreter os de bom ouvido com hist\u00f3rias do seu tempo de caixeiro-viajante na regi\u00e3o da Zona da Mata Mineira entre os idos de 1970 e 1990. N\u00e3o raro, quando se sentava para tomar umas no Bar do Bosco, dois ou tr\u00eas j\u00e1 puxavam cadeiras certos de [&hellip;]\" \/>\n<meta property=\"og:url\" content=\"https:\/\/www.notibras.com\/site\/o-caixeiro-viajante-e-o-vestido-amarelo\/\" \/>\n<meta property=\"og:site_name\" content=\"Notibras\" \/>\n<meta property=\"article:publisher\" content=\"https:\/\/www.facebook.com\/notibras\/\" \/>\n<meta property=\"article:published_time\" content=\"2026-01-10T05:00:17+00:00\" \/>\n<meta property=\"og:image\" content=\"https:\/\/www.notibras.com\/site\/wp-content\/uploads\/2026\/01\/IMG_0206.jpg\" \/>\n\t<meta property=\"og:image:width\" content=\"1023\" \/>\n\t<meta property=\"og:image:height\" content=\"924\" \/>\n\t<meta property=\"og:image:type\" content=\"image\/jpeg\" \/>\n<meta name=\"author\" content=\"Eduardo Mart\u00ednez\" \/>\n<meta name=\"twitter:card\" content=\"summary_large_image\" \/>\n<meta name=\"twitter:creator\" content=\"@Notibras\" \/>\n<meta name=\"twitter:site\" content=\"@Notibras\" \/>\n<meta name=\"twitter:label1\" content=\"Escrito por\" \/>\n\t<meta name=\"twitter:data1\" content=\"Eduardo Mart\u00ednez\" \/>\n\t<meta name=\"twitter:label2\" content=\"Est. tempo de leitura\" \/>\n\t<meta name=\"twitter:data2\" content=\"4 minutos\" \/>\n<script type=\"application\/ld+json\" class=\"yoast-schema-graph\">{\"@context\":\"https:\/\/schema.org\",\"@graph\":[{\"@type\":\"Article\",\"@id\":\"https:\/\/www.notibras.com\/site\/o-caixeiro-viajante-e-o-vestido-amarelo\/#article\",\"isPartOf\":{\"@id\":\"https:\/\/www.notibras.com\/site\/o-caixeiro-viajante-e-o-vestido-amarelo\/\"},\"author\":{\"name\":\"Eduardo Mart\u00ednez\",\"@id\":\"https:\/\/www.notibras.com\/site\/#\/schema\/person\/5b7fabf2aedc3ada2105f03b22b4d3dd\"},\"headline\":\"O caixeiro-viajante e o vestido amarelo\",\"datePublished\":\"2026-01-10T05:00:17+00:00\",\"mainEntityOfPage\":{\"@id\":\"https:\/\/www.notibras.com\/site\/o-caixeiro-viajante-e-o-vestido-amarelo\/\"},\"wordCount\":718,\"publisher\":{\"@id\":\"https:\/\/www.notibras.com\/site\/#organization\"},\"image\":{\"@id\":\"https:\/\/www.notibras.com\/site\/o-caixeiro-viajante-e-o-vestido-amarelo\/#primaryimage\"},\"thumbnailUrl\":\"https:\/\/www.notibras.com\/site\/wp-content\/uploads\/2026\/01\/IMG_0206.jpg\",\"articleSection\":[\"Quadradinho em Foco\"],\"inLanguage\":\"pt-BR\"},{\"@type\":\"WebPage\",\"@id\":\"https:\/\/www.notibras.com\/site\/o-caixeiro-viajante-e-o-vestido-amarelo\/\",\"url\":\"https:\/\/www.notibras.com\/site\/o-caixeiro-viajante-e-o-vestido-amarelo\/\",\"name\":\"O caixeiro-viajante e o vestido amarelo - Notibras\",\"isPartOf\":{\"@id\":\"https:\/\/www.notibras.com\/site\/#website\"},\"primaryImageOfPage\":{\"@id\":\"https:\/\/www.notibras.com\/site\/o-caixeiro-viajante-e-o-vestido-amarelo\/#primaryimage\"},\"image\":{\"@id\":\"https:\/\/www.notibras.com\/site\/o-caixeiro-viajante-e-o-vestido-amarelo\/#primaryimage\"},\"thumbnailUrl\":\"https:\/\/www.notibras.com\/site\/wp-content\/uploads\/2026\/01\/IMG_0206.jpg\",\"datePublished\":\"2026-01-10T05:00:17+00:00\",\"breadcrumb\":{\"@id\":\"https:\/\/www.notibras.com\/site\/o-caixeiro-viajante-e-o-vestido-amarelo\/#breadcrumb\"},\"inLanguage\":\"pt-BR\",\"potentialAction\":[{\"@type\":\"ReadAction\",\"target\":[\"https:\/\/www.notibras.com\/site\/o-caixeiro-viajante-e-o-vestido-amarelo\/\"]}]},{\"@type\":\"ImageObject\",\"inLanguage\":\"pt-BR\",\"@id\":\"https:\/\/www.notibras.com\/site\/o-caixeiro-viajante-e-o-vestido-amarelo\/#primaryimage\",\"url\":\"https:\/\/www.notibras.com\/site\/wp-content\/uploads\/2026\/01\/IMG_0206.jpg\",\"contentUrl\":\"https:\/\/www.notibras.com\/site\/wp-content\/uploads\/2026\/01\/IMG_0206.jpg\",\"width\":1023,\"height\":924},{\"@type\":\"BreadcrumbList\",\"@id\":\"https:\/\/www.notibras.com\/site\/o-caixeiro-viajante-e-o-vestido-amarelo\/#breadcrumb\",\"itemListElement\":[{\"@type\":\"ListItem\",\"position\":1,\"name\":\"In\u00edcio\",\"item\":\"https:\/\/www.notibras.com\/site\/\"},{\"@type\":\"ListItem\",\"position\":2,\"name\":\"O caixeiro-viajante e o vestido amarelo\"}]},{\"@type\":\"WebSite\",\"@id\":\"https:\/\/www.notibras.com\/site\/#website\",\"url\":\"https:\/\/www.notibras.com\/site\/\",\"name\":\"Notibras\",\"description\":\"Not\u00edcias de Bras\u00edlia, do Brasil e do Mundo\",\"publisher\":{\"@id\":\"https:\/\/www.notibras.com\/site\/#organization\"},\"potentialAction\":[{\"@type\":\"SearchAction\",\"target\":{\"@type\":\"EntryPoint\",\"urlTemplate\":\"https:\/\/www.notibras.com\/site\/?s={search_term_string}\"},\"query-input\":{\"@type\":\"PropertyValueSpecification\",\"valueRequired\":true,\"valueName\":\"search_term_string\"}}],\"inLanguage\":\"pt-BR\"},{\"@type\":\"Organization\",\"@id\":\"https:\/\/www.notibras.com\/site\/#organization\",\"name\":\"Grupo Notibras de Comunica\u00e7\u00e3o\",\"url\":\"https:\/\/www.notibras.com\/site\/\",\"logo\":{\"@type\":\"ImageObject\",\"inLanguage\":\"pt-BR\",\"@id\":\"https:\/\/www.notibras.com\/site\/#\/schema\/logo\/image\/\",\"url\":\"https:\/\/www.notibras.com\/site\/wp-content\/uploads\/2023\/01\/notibras23.png\",\"contentUrl\":\"https:\/\/www.notibras.com\/site\/wp-content\/uploads\/2023\/01\/notibras23.png\",\"width\":350,\"height\":87,\"caption\":\"Grupo Notibras de Comunica\u00e7\u00e3o\"},\"image\":{\"@id\":\"https:\/\/www.notibras.com\/site\/#\/schema\/logo\/image\/\"},\"sameAs\":[\"https:\/\/www.facebook.com\/notibras\/\",\"https:\/\/x.com\/Notibras\",\"https:\/\/www.instagram.com\/notibras\/\"]},{\"@type\":\"Person\",\"@id\":\"https:\/\/www.notibras.com\/site\/#\/schema\/person\/5b7fabf2aedc3ada2105f03b22b4d3dd\",\"name\":\"Eduardo Mart\u00ednez\",\"image\":{\"@type\":\"ImageObject\",\"inLanguage\":\"pt-BR\",\"@id\":\"https:\/\/secure.gravatar.com\/avatar\/7902f906289926289cbcda644b5197c796b893c6ffd7b9a536a42d290f7704a0?s=96&d=mm&r=g\",\"url\":\"https:\/\/secure.gravatar.com\/avatar\/7902f906289926289cbcda644b5197c796b893c6ffd7b9a536a42d290f7704a0?s=96&d=mm&r=g\",\"contentUrl\":\"https:\/\/secure.gravatar.com\/avatar\/7902f906289926289cbcda644b5197c796b893c6ffd7b9a536a42d290f7704a0?s=96&d=mm&r=g\",\"caption\":\"Eduardo Mart\u00ednez\"}}]}<\/script>\n<!-- \/ Yoast SEO plugin. -->","yoast_head_json":{"title":"O caixeiro-viajante e o vestido amarelo - Notibras","robots":{"index":"index","follow":"follow","max-snippet":"max-snippet:-1","max-image-preview":"max-image-preview:large","max-video-preview":"max-video-preview:-1"},"canonical":"https:\/\/www.notibras.com\/site\/o-caixeiro-viajante-e-o-vestido-amarelo\/","og_locale":"pt_BR","og_type":"article","og_title":"O caixeiro-viajante e o vestido amarelo - Notibras","og_description":"Oleg\u00e1rio, morador da Asa Norte, em Bras\u00edlia, gostava de entreter os de bom ouvido com hist\u00f3rias do seu tempo de caixeiro-viajante na regi\u00e3o da Zona da Mata Mineira entre os idos de 1970 e 1990. N\u00e3o raro, quando se sentava para tomar umas no Bar do Bosco, dois ou tr\u00eas j\u00e1 puxavam cadeiras certos de [&hellip;]","og_url":"https:\/\/www.notibras.com\/site\/o-caixeiro-viajante-e-o-vestido-amarelo\/","og_site_name":"Notibras","article_publisher":"https:\/\/www.facebook.com\/notibras\/","article_published_time":"2026-01-10T05:00:17+00:00","og_image":[{"width":1023,"height":924,"url":"https:\/\/www.notibras.com\/site\/wp-content\/uploads\/2026\/01\/IMG_0206.jpg","type":"image\/jpeg"}],"author":"Eduardo Mart\u00ednez","twitter_card":"summary_large_image","twitter_creator":"@Notibras","twitter_site":"@Notibras","twitter_misc":{"Escrito por":"Eduardo Mart\u00ednez","Est. tempo de leitura":"4 minutos"},"schema":{"@context":"https:\/\/schema.org","@graph":[{"@type":"Article","@id":"https:\/\/www.notibras.com\/site\/o-caixeiro-viajante-e-o-vestido-amarelo\/#article","isPartOf":{"@id":"https:\/\/www.notibras.com\/site\/o-caixeiro-viajante-e-o-vestido-amarelo\/"},"author":{"name":"Eduardo Mart\u00ednez","@id":"https:\/\/www.notibras.com\/site\/#\/schema\/person\/5b7fabf2aedc3ada2105f03b22b4d3dd"},"headline":"O caixeiro-viajante e o vestido amarelo","datePublished":"2026-01-10T05:00:17+00:00","mainEntityOfPage":{"@id":"https:\/\/www.notibras.com\/site\/o-caixeiro-viajante-e-o-vestido-amarelo\/"},"wordCount":718,"publisher":{"@id":"https:\/\/www.notibras.com\/site\/#organization"},"image":{"@id":"https:\/\/www.notibras.com\/site\/o-caixeiro-viajante-e-o-vestido-amarelo\/#primaryimage"},"thumbnailUrl":"https:\/\/www.notibras.com\/site\/wp-content\/uploads\/2026\/01\/IMG_0206.jpg","articleSection":["Quadradinho em Foco"],"inLanguage":"pt-BR"},{"@type":"WebPage","@id":"https:\/\/www.notibras.com\/site\/o-caixeiro-viajante-e-o-vestido-amarelo\/","url":"https:\/\/www.notibras.com\/site\/o-caixeiro-viajante-e-o-vestido-amarelo\/","name":"O caixeiro-viajante e o vestido amarelo - Notibras","isPartOf":{"@id":"https:\/\/www.notibras.com\/site\/#website"},"primaryImageOfPage":{"@id":"https:\/\/www.notibras.com\/site\/o-caixeiro-viajante-e-o-vestido-amarelo\/#primaryimage"},"image":{"@id":"https:\/\/www.notibras.com\/site\/o-caixeiro-viajante-e-o-vestido-amarelo\/#primaryimage"},"thumbnailUrl":"https:\/\/www.notibras.com\/site\/wp-content\/uploads\/2026\/01\/IMG_0206.jpg","datePublished":"2026-01-10T05:00:17+00:00","breadcrumb":{"@id":"https:\/\/www.notibras.com\/site\/o-caixeiro-viajante-e-o-vestido-amarelo\/#breadcrumb"},"inLanguage":"pt-BR","potentialAction":[{"@type":"ReadAction","target":["https:\/\/www.notibras.com\/site\/o-caixeiro-viajante-e-o-vestido-amarelo\/"]}]},{"@type":"ImageObject","inLanguage":"pt-BR","@id":"https:\/\/www.notibras.com\/site\/o-caixeiro-viajante-e-o-vestido-amarelo\/#primaryimage","url":"https:\/\/www.notibras.com\/site\/wp-content\/uploads\/2026\/01\/IMG_0206.jpg","contentUrl":"https:\/\/www.notibras.com\/site\/wp-content\/uploads\/2026\/01\/IMG_0206.jpg","width":1023,"height":924},{"@type":"BreadcrumbList","@id":"https:\/\/www.notibras.com\/site\/o-caixeiro-viajante-e-o-vestido-amarelo\/#breadcrumb","itemListElement":[{"@type":"ListItem","position":1,"name":"In\u00edcio","item":"https:\/\/www.notibras.com\/site\/"},{"@type":"ListItem","position":2,"name":"O caixeiro-viajante e o vestido amarelo"}]},{"@type":"WebSite","@id":"https:\/\/www.notibras.com\/site\/#website","url":"https:\/\/www.notibras.com\/site\/","name":"Notibras","description":"Not\u00edcias de Bras\u00edlia, do Brasil e do Mundo","publisher":{"@id":"https:\/\/www.notibras.com\/site\/#organization"},"potentialAction":[{"@type":"SearchAction","target":{"@type":"EntryPoint","urlTemplate":"https:\/\/www.notibras.com\/site\/?s={search_term_string}"},"query-input":{"@type":"PropertyValueSpecification","valueRequired":true,"valueName":"search_term_string"}}],"inLanguage":"pt-BR"},{"@type":"Organization","@id":"https:\/\/www.notibras.com\/site\/#organization","name":"Grupo Notibras de Comunica\u00e7\u00e3o","url":"https:\/\/www.notibras.com\/site\/","logo":{"@type":"ImageObject","inLanguage":"pt-BR","@id":"https:\/\/www.notibras.com\/site\/#\/schema\/logo\/image\/","url":"https:\/\/www.notibras.com\/site\/wp-content\/uploads\/2023\/01\/notibras23.png","contentUrl":"https:\/\/www.notibras.com\/site\/wp-content\/uploads\/2023\/01\/notibras23.png","width":350,"height":87,"caption":"Grupo Notibras de Comunica\u00e7\u00e3o"},"image":{"@id":"https:\/\/www.notibras.com\/site\/#\/schema\/logo\/image\/"},"sameAs":["https:\/\/www.facebook.com\/notibras\/","https:\/\/x.com\/Notibras","https:\/\/www.instagram.com\/notibras\/"]},{"@type":"Person","@id":"https:\/\/www.notibras.com\/site\/#\/schema\/person\/5b7fabf2aedc3ada2105f03b22b4d3dd","name":"Eduardo Mart\u00ednez","image":{"@type":"ImageObject","inLanguage":"pt-BR","@id":"https:\/\/secure.gravatar.com\/avatar\/7902f906289926289cbcda644b5197c796b893c6ffd7b9a536a42d290f7704a0?s=96&d=mm&r=g","url":"https:\/\/secure.gravatar.com\/avatar\/7902f906289926289cbcda644b5197c796b893c6ffd7b9a536a42d290f7704a0?s=96&d=mm&r=g","contentUrl":"https:\/\/secure.gravatar.com\/avatar\/7902f906289926289cbcda644b5197c796b893c6ffd7b9a536a42d290f7704a0?s=96&d=mm&r=g","caption":"Eduardo Mart\u00ednez"}}]}},"amp_enabled":true,"_links":{"self":[{"href":"https:\/\/www.notibras.com\/site\/wp-json\/wp\/v2\/posts\/378382","targetHints":{"allow":["GET"]}}],"collection":[{"href":"https:\/\/www.notibras.com\/site\/wp-json\/wp\/v2\/posts"}],"about":[{"href":"https:\/\/www.notibras.com\/site\/wp-json\/wp\/v2\/types\/post"}],"author":[{"embeddable":true,"href":"https:\/\/www.notibras.com\/site\/wp-json\/wp\/v2\/users\/21"}],"replies":[{"embeddable":true,"href":"https:\/\/www.notibras.com\/site\/wp-json\/wp\/v2\/comments?post=378382"}],"version-history":[{"count":2,"href":"https:\/\/www.notibras.com\/site\/wp-json\/wp\/v2\/posts\/378382\/revisions"}],"predecessor-version":[{"id":378385,"href":"https:\/\/www.notibras.com\/site\/wp-json\/wp\/v2\/posts\/378382\/revisions\/378385"}],"wp:featuredmedia":[{"embeddable":true,"href":"https:\/\/www.notibras.com\/site\/wp-json\/wp\/v2\/media\/378383"}],"wp:attachment":[{"href":"https:\/\/www.notibras.com\/site\/wp-json\/wp\/v2\/media?parent=378382"}],"wp:term":[{"taxonomy":"category","embeddable":true,"href":"https:\/\/www.notibras.com\/site\/wp-json\/wp\/v2\/categories?post=378382"},{"taxonomy":"post_tag","embeddable":true,"href":"https:\/\/www.notibras.com\/site\/wp-json\/wp\/v2\/tags?post=378382"}],"curies":[{"name":"wp","href":"https:\/\/api.w.org\/{rel}","templated":true}]}}