{"id":378390,"date":"2026-01-12T01:00:30","date_gmt":"2026-01-12T04:00:30","guid":{"rendered":"https:\/\/www.notibras.com\/site\/?p=378390"},"modified":"2026-01-10T02:53:44","modified_gmt":"2026-01-10T05:53:44","slug":"registros-mentais","status":"publish","type":"post","link":"https:\/\/www.notibras.com\/site\/registros-mentais\/","title":{"rendered":"Registros mentais"},"content":{"rendered":"<p>Caminho pela praia dos ca\u00e7\u00f5es, dia dois de janeiro, data com grande import\u00e2ncia e de alguma forma momentos muito reflexivos para mim.<\/p>\n<p>Dessa vez um momento em um momento especial, uma planta roxa na encosta das fal\u00e9sias chama a aten\u00e7\u00e3o da pessoa que caminha ao meu lado.<\/p>\n<p>\u2014 Ser\u00e1 que se eu roubar uma muda? Ser\u00e1 que nasce?<\/p>\n<p>\u2014 N\u00e3o tenho certeza, cada planta tem sua forma, gosta de plantas?<\/p>\n<p>\u2014 Sim, principalmente dessas, roxas.<\/p>\n<p>Minha mem\u00f3ria registra automaticamente essa informa\u00e7\u00e3o.<\/p>\n<p>Dias depois o registro me volta \u00e0 mem\u00f3ria.<\/p>\n<p>\u2014 Voc\u00ea gosta de roxo? Pergunto.<\/p>\n<p>\u2014 Sim.<\/p>\n<p>Por alguma raz\u00e3o um passeio simples me levou \u00e0 inf\u00e2ncia.<\/p>\n<p>Eu odiava roxo, horror, cor do mal, feia e aos doze anos ganhei uma blusa roxa, roxa mesmo, aquele rox\u00e3o e amei, eu s\u00f3 pensava nessa blusa, eu queria us\u00e1-la o tempo todo, descubro minha paix\u00e3o por roxo.<\/p>\n<p>Algo me incomodou.<\/p>\n<p>\u2014 Por que n\u00e3o gosto de roxo? Eu me perguntava aos doze anos.<\/p>\n<p>Demorei tr\u00eas anos para entender.<\/p>\n<p>Novamente, uma pe\u00e7a de roupa.<\/p>\n<p>Naquela \u00e9poca tudo era ganhando e n\u00e3o estou reclamando, minha av\u00f3 materna, costureira e maravilhosa, deixava tudo bem arrumadinho e do nosso jeitinho, mas era uma pe\u00e7a marrom e eu odiei.<\/p>\n<p>Descubro ent\u00e3o minha avers\u00e3o ao marrom. Eu tinha apenas quinze anos, mas passei a me perguntar. Sempre acreditei n\u00e3o gostar de roxo e nunca pensei no marrom.<\/p>\n<p>Chego na casa da minha av\u00f3 materna, as duas garrafas de caf\u00e9 e o gostoso bolo na mesa. Corto um peda\u00e7o, pego um caf\u00e9 forte, sento ao lado da minha vov\u00f3, e as conversas discorrem naturalmente.<\/p>\n<p>N\u00e3o sei como e nem a raz\u00e3o, de repente falamos de cores e eu pergunto:<\/p>\n<p>\u2014 Por que a senhora n\u00e3o gosta de roxo?<\/p>\n<p>\u2014 Quando eu era pequena, as pessoas morriam, ficavam na cama ou na mesa at\u00e9 o carpinteiro chegar, media o corpo e fazia o caix\u00e3o do tamanho exato. O caix\u00e3o era forrado de roxo. N\u00e3o gosto de roxo.<\/p>\n<p>Nesse momento compreendi, eu acreditei n\u00e3o gostar de roxo, pois diversas vezes ouvi:<\/p>\n<p>\u2014 N\u00e3o gosto de roxo, \u00e9 coisa de morto.<\/p>\n<p>Hoje, com mais de quarenta e sem os carinhos da minha vozinha, me questiono com frequ\u00eancia.<\/p>\n<p>__ Isso sou eu ou \u00e9 aquilo que me disseram? Sou assim ou a sociedade disse que \u00e9?<\/p>\n<p>Todos os dias entendo a necessidade dessas perguntas e na maioria das vezes a estranheza das respostas. Ainda assim, gosto de roxo, e detesto marrom e isso serve para a vida, quando cruzo com aquilo que me \u00e9 positivo, como o roxo, e sem sentido como o marrom.<\/p>\n<p><strong>\u2026\u2026\u2026\u2026\u2026\u2026\u2026\u2026\u2026\u2026\u2026\u2026.<\/strong><\/p>\n<p><strong>\u201cApaixonada pela vida em todas as suas formas! M\u00e3e, av\u00f3, artes\u00e3 do croch\u00ea e escritora por voca\u00e7\u00e3o. Encontro inspira\u00e7\u00e3o na natureza e tranquilidade nas trilhas da montanha. Palavras e linhas s\u00e3o minhas ferramentas para criar e compartilhar amor.\u201d<\/strong><br \/>\n<strong>Autora de tr\u00eas livros publicados, colunista e integrante de uma comunidade liter\u00e1ria.<\/strong><\/p>\n","protected":false},"excerpt":{"rendered":"<p>Caminho pela praia dos ca\u00e7\u00f5es, dia dois de janeiro, data com grande import\u00e2ncia e de alguma forma momentos muito reflexivos para mim. Dessa vez um momento em um momento especial, uma planta roxa na encosta das fal\u00e9sias chama a aten\u00e7\u00e3o da pessoa que caminha ao meu lado. \u2014 Ser\u00e1 que se eu roubar uma muda? [&hellip;]<\/p>\n","protected":false},"author":21,"featured_media":378391,"comment_status":"closed","ping_status":"closed","sticky":false,"template":"","format":"standard","meta":{"_acf_changed":false,"footnotes":""},"categories":[234],"tags":[],"class_list":["post-378390","post","type-post","status-publish","format-standard","has-post-thumbnail","hentry","category-cafe-literario"],"acf":[],"yoast_head":"<!-- This site is optimized with the Yoast SEO plugin v27.2 - https:\/\/yoast.com\/product\/yoast-seo-wordpress\/ -->\n<title>Registros mentais - Notibras<\/title>\n<meta name=\"robots\" content=\"index, follow, max-snippet:-1, max-image-preview:large, max-video-preview:-1\" \/>\n<link rel=\"canonical\" href=\"https:\/\/www.notibras.com\/site\/registros-mentais\/\" \/>\n<meta property=\"og:locale\" content=\"pt_BR\" \/>\n<meta property=\"og:type\" content=\"article\" \/>\n<meta property=\"og:title\" content=\"Registros mentais - Notibras\" \/>\n<meta property=\"og:description\" content=\"Caminho pela praia dos ca\u00e7\u00f5es, dia dois de janeiro, data com grande import\u00e2ncia e de alguma forma momentos muito reflexivos para mim. Dessa vez um momento em um momento especial, uma planta roxa na encosta das fal\u00e9sias chama a aten\u00e7\u00e3o da pessoa que caminha ao meu lado. \u2014 Ser\u00e1 que se eu roubar uma muda? [&hellip;]\" \/>\n<meta property=\"og:url\" content=\"https:\/\/www.notibras.com\/site\/registros-mentais\/\" \/>\n<meta property=\"og:site_name\" content=\"Notibras\" \/>\n<meta property=\"article:publisher\" content=\"https:\/\/www.facebook.com\/notibras\/\" \/>\n<meta property=\"article:published_time\" content=\"2026-01-12T04:00:30+00:00\" \/>\n<meta property=\"og:image\" content=\"https:\/\/www.notibras.com\/site\/wp-content\/uploads\/2026\/01\/IMG_0208.jpg\" \/>\n\t<meta property=\"og:image:width\" content=\"1023\" \/>\n\t<meta property=\"og:image:height\" content=\"927\" \/>\n\t<meta property=\"og:image:type\" content=\"image\/jpeg\" \/>\n<meta name=\"author\" content=\"Eduardo Mart\u00ednez\" \/>\n<meta name=\"twitter:card\" content=\"summary_large_image\" \/>\n<meta name=\"twitter:creator\" content=\"@Notibras\" \/>\n<meta name=\"twitter:site\" content=\"@Notibras\" \/>\n<meta name=\"twitter:label1\" content=\"Escrito por\" \/>\n\t<meta name=\"twitter:data1\" content=\"Eduardo Mart\u00ednez\" \/>\n\t<meta name=\"twitter:label2\" content=\"Est. tempo de leitura\" \/>\n\t<meta name=\"twitter:data2\" content=\"3 minutos\" \/>\n<script type=\"application\/ld+json\" class=\"yoast-schema-graph\">{\"@context\":\"https:\/\/schema.org\",\"@graph\":[{\"@type\":\"Article\",\"@id\":\"https:\/\/www.notibras.com\/site\/registros-mentais\/#article\",\"isPartOf\":{\"@id\":\"https:\/\/www.notibras.com\/site\/registros-mentais\/\"},\"author\":{\"name\":\"Eduardo Mart\u00ednez\",\"@id\":\"https:\/\/www.notibras.com\/site\/#\/schema\/person\/5b7fabf2aedc3ada2105f03b22b4d3dd\"},\"headline\":\"Registros mentais\",\"datePublished\":\"2026-01-12T04:00:30+00:00\",\"mainEntityOfPage\":{\"@id\":\"https:\/\/www.notibras.com\/site\/registros-mentais\/\"},\"wordCount\":504,\"publisher\":{\"@id\":\"https:\/\/www.notibras.com\/site\/#organization\"},\"image\":{\"@id\":\"https:\/\/www.notibras.com\/site\/registros-mentais\/#primaryimage\"},\"thumbnailUrl\":\"https:\/\/www.notibras.com\/site\/wp-content\/uploads\/2026\/01\/IMG_0208.jpg\",\"articleSection\":[\"Caf\u00e9 Liter\u00e1rio\"],\"inLanguage\":\"pt-BR\"},{\"@type\":\"WebPage\",\"@id\":\"https:\/\/www.notibras.com\/site\/registros-mentais\/\",\"url\":\"https:\/\/www.notibras.com\/site\/registros-mentais\/\",\"name\":\"Registros mentais - Notibras\",\"isPartOf\":{\"@id\":\"https:\/\/www.notibras.com\/site\/#website\"},\"primaryImageOfPage\":{\"@id\":\"https:\/\/www.notibras.com\/site\/registros-mentais\/#primaryimage\"},\"image\":{\"@id\":\"https:\/\/www.notibras.com\/site\/registros-mentais\/#primaryimage\"},\"thumbnailUrl\":\"https:\/\/www.notibras.com\/site\/wp-content\/uploads\/2026\/01\/IMG_0208.jpg\",\"datePublished\":\"2026-01-12T04:00:30+00:00\",\"breadcrumb\":{\"@id\":\"https:\/\/www.notibras.com\/site\/registros-mentais\/#breadcrumb\"},\"inLanguage\":\"pt-BR\",\"potentialAction\":[{\"@type\":\"ReadAction\",\"target\":[\"https:\/\/www.notibras.com\/site\/registros-mentais\/\"]}]},{\"@type\":\"ImageObject\",\"inLanguage\":\"pt-BR\",\"@id\":\"https:\/\/www.notibras.com\/site\/registros-mentais\/#primaryimage\",\"url\":\"https:\/\/www.notibras.com\/site\/wp-content\/uploads\/2026\/01\/IMG_0208.jpg\",\"contentUrl\":\"https:\/\/www.notibras.com\/site\/wp-content\/uploads\/2026\/01\/IMG_0208.jpg\",\"width\":1023,\"height\":927},{\"@type\":\"BreadcrumbList\",\"@id\":\"https:\/\/www.notibras.com\/site\/registros-mentais\/#breadcrumb\",\"itemListElement\":[{\"@type\":\"ListItem\",\"position\":1,\"name\":\"In\u00edcio\",\"item\":\"https:\/\/www.notibras.com\/site\/\"},{\"@type\":\"ListItem\",\"position\":2,\"name\":\"Registros mentais\"}]},{\"@type\":\"WebSite\",\"@id\":\"https:\/\/www.notibras.com\/site\/#website\",\"url\":\"https:\/\/www.notibras.com\/site\/\",\"name\":\"Notibras\",\"description\":\"Not\u00edcias de Bras\u00edlia, do Brasil e do Mundo\",\"publisher\":{\"@id\":\"https:\/\/www.notibras.com\/site\/#organization\"},\"potentialAction\":[{\"@type\":\"SearchAction\",\"target\":{\"@type\":\"EntryPoint\",\"urlTemplate\":\"https:\/\/www.notibras.com\/site\/?s={search_term_string}\"},\"query-input\":{\"@type\":\"PropertyValueSpecification\",\"valueRequired\":true,\"valueName\":\"search_term_string\"}}],\"inLanguage\":\"pt-BR\"},{\"@type\":\"Organization\",\"@id\":\"https:\/\/www.notibras.com\/site\/#organization\",\"name\":\"Grupo Notibras de Comunica\u00e7\u00e3o\",\"url\":\"https:\/\/www.notibras.com\/site\/\",\"logo\":{\"@type\":\"ImageObject\",\"inLanguage\":\"pt-BR\",\"@id\":\"https:\/\/www.notibras.com\/site\/#\/schema\/logo\/image\/\",\"url\":\"https:\/\/www.notibras.com\/site\/wp-content\/uploads\/2023\/01\/notibras23.png\",\"contentUrl\":\"https:\/\/www.notibras.com\/site\/wp-content\/uploads\/2023\/01\/notibras23.png\",\"width\":350,\"height\":87,\"caption\":\"Grupo Notibras de Comunica\u00e7\u00e3o\"},\"image\":{\"@id\":\"https:\/\/www.notibras.com\/site\/#\/schema\/logo\/image\/\"},\"sameAs\":[\"https:\/\/www.facebook.com\/notibras\/\",\"https:\/\/x.com\/Notibras\",\"https:\/\/www.instagram.com\/notibras\/\"]},{\"@type\":\"Person\",\"@id\":\"https:\/\/www.notibras.com\/site\/#\/schema\/person\/5b7fabf2aedc3ada2105f03b22b4d3dd\",\"name\":\"Eduardo Mart\u00ednez\",\"image\":{\"@type\":\"ImageObject\",\"inLanguage\":\"pt-BR\",\"@id\":\"https:\/\/secure.gravatar.com\/avatar\/7902f906289926289cbcda644b5197c796b893c6ffd7b9a536a42d290f7704a0?s=96&d=mm&r=g\",\"url\":\"https:\/\/secure.gravatar.com\/avatar\/7902f906289926289cbcda644b5197c796b893c6ffd7b9a536a42d290f7704a0?s=96&d=mm&r=g\",\"contentUrl\":\"https:\/\/secure.gravatar.com\/avatar\/7902f906289926289cbcda644b5197c796b893c6ffd7b9a536a42d290f7704a0?s=96&d=mm&r=g\",\"caption\":\"Eduardo Mart\u00ednez\"}}]}<\/script>\n<!-- \/ Yoast SEO plugin. -->","yoast_head_json":{"title":"Registros mentais - Notibras","robots":{"index":"index","follow":"follow","max-snippet":"max-snippet:-1","max-image-preview":"max-image-preview:large","max-video-preview":"max-video-preview:-1"},"canonical":"https:\/\/www.notibras.com\/site\/registros-mentais\/","og_locale":"pt_BR","og_type":"article","og_title":"Registros mentais - Notibras","og_description":"Caminho pela praia dos ca\u00e7\u00f5es, dia dois de janeiro, data com grande import\u00e2ncia e de alguma forma momentos muito reflexivos para mim. Dessa vez um momento em um momento especial, uma planta roxa na encosta das fal\u00e9sias chama a aten\u00e7\u00e3o da pessoa que caminha ao meu lado. \u2014 Ser\u00e1 que se eu roubar uma muda? [&hellip;]","og_url":"https:\/\/www.notibras.com\/site\/registros-mentais\/","og_site_name":"Notibras","article_publisher":"https:\/\/www.facebook.com\/notibras\/","article_published_time":"2026-01-12T04:00:30+00:00","og_image":[{"width":1023,"height":927,"url":"https:\/\/www.notibras.com\/site\/wp-content\/uploads\/2026\/01\/IMG_0208.jpg","type":"image\/jpeg"}],"author":"Eduardo Mart\u00ednez","twitter_card":"summary_large_image","twitter_creator":"@Notibras","twitter_site":"@Notibras","twitter_misc":{"Escrito por":"Eduardo Mart\u00ednez","Est. tempo de leitura":"3 minutos"},"schema":{"@context":"https:\/\/schema.org","@graph":[{"@type":"Article","@id":"https:\/\/www.notibras.com\/site\/registros-mentais\/#article","isPartOf":{"@id":"https:\/\/www.notibras.com\/site\/registros-mentais\/"},"author":{"name":"Eduardo Mart\u00ednez","@id":"https:\/\/www.notibras.com\/site\/#\/schema\/person\/5b7fabf2aedc3ada2105f03b22b4d3dd"},"headline":"Registros mentais","datePublished":"2026-01-12T04:00:30+00:00","mainEntityOfPage":{"@id":"https:\/\/www.notibras.com\/site\/registros-mentais\/"},"wordCount":504,"publisher":{"@id":"https:\/\/www.notibras.com\/site\/#organization"},"image":{"@id":"https:\/\/www.notibras.com\/site\/registros-mentais\/#primaryimage"},"thumbnailUrl":"https:\/\/www.notibras.com\/site\/wp-content\/uploads\/2026\/01\/IMG_0208.jpg","articleSection":["Caf\u00e9 Liter\u00e1rio"],"inLanguage":"pt-BR"},{"@type":"WebPage","@id":"https:\/\/www.notibras.com\/site\/registros-mentais\/","url":"https:\/\/www.notibras.com\/site\/registros-mentais\/","name":"Registros mentais - Notibras","isPartOf":{"@id":"https:\/\/www.notibras.com\/site\/#website"},"primaryImageOfPage":{"@id":"https:\/\/www.notibras.com\/site\/registros-mentais\/#primaryimage"},"image":{"@id":"https:\/\/www.notibras.com\/site\/registros-mentais\/#primaryimage"},"thumbnailUrl":"https:\/\/www.notibras.com\/site\/wp-content\/uploads\/2026\/01\/IMG_0208.jpg","datePublished":"2026-01-12T04:00:30+00:00","breadcrumb":{"@id":"https:\/\/www.notibras.com\/site\/registros-mentais\/#breadcrumb"},"inLanguage":"pt-BR","potentialAction":[{"@type":"ReadAction","target":["https:\/\/www.notibras.com\/site\/registros-mentais\/"]}]},{"@type":"ImageObject","inLanguage":"pt-BR","@id":"https:\/\/www.notibras.com\/site\/registros-mentais\/#primaryimage","url":"https:\/\/www.notibras.com\/site\/wp-content\/uploads\/2026\/01\/IMG_0208.jpg","contentUrl":"https:\/\/www.notibras.com\/site\/wp-content\/uploads\/2026\/01\/IMG_0208.jpg","width":1023,"height":927},{"@type":"BreadcrumbList","@id":"https:\/\/www.notibras.com\/site\/registros-mentais\/#breadcrumb","itemListElement":[{"@type":"ListItem","position":1,"name":"In\u00edcio","item":"https:\/\/www.notibras.com\/site\/"},{"@type":"ListItem","position":2,"name":"Registros mentais"}]},{"@type":"WebSite","@id":"https:\/\/www.notibras.com\/site\/#website","url":"https:\/\/www.notibras.com\/site\/","name":"Notibras","description":"Not\u00edcias de Bras\u00edlia, do Brasil e do Mundo","publisher":{"@id":"https:\/\/www.notibras.com\/site\/#organization"},"potentialAction":[{"@type":"SearchAction","target":{"@type":"EntryPoint","urlTemplate":"https:\/\/www.notibras.com\/site\/?s={search_term_string}"},"query-input":{"@type":"PropertyValueSpecification","valueRequired":true,"valueName":"search_term_string"}}],"inLanguage":"pt-BR"},{"@type":"Organization","@id":"https:\/\/www.notibras.com\/site\/#organization","name":"Grupo Notibras de Comunica\u00e7\u00e3o","url":"https:\/\/www.notibras.com\/site\/","logo":{"@type":"ImageObject","inLanguage":"pt-BR","@id":"https:\/\/www.notibras.com\/site\/#\/schema\/logo\/image\/","url":"https:\/\/www.notibras.com\/site\/wp-content\/uploads\/2023\/01\/notibras23.png","contentUrl":"https:\/\/www.notibras.com\/site\/wp-content\/uploads\/2023\/01\/notibras23.png","width":350,"height":87,"caption":"Grupo Notibras de Comunica\u00e7\u00e3o"},"image":{"@id":"https:\/\/www.notibras.com\/site\/#\/schema\/logo\/image\/"},"sameAs":["https:\/\/www.facebook.com\/notibras\/","https:\/\/x.com\/Notibras","https:\/\/www.instagram.com\/notibras\/"]},{"@type":"Person","@id":"https:\/\/www.notibras.com\/site\/#\/schema\/person\/5b7fabf2aedc3ada2105f03b22b4d3dd","name":"Eduardo Mart\u00ednez","image":{"@type":"ImageObject","inLanguage":"pt-BR","@id":"https:\/\/secure.gravatar.com\/avatar\/7902f906289926289cbcda644b5197c796b893c6ffd7b9a536a42d290f7704a0?s=96&d=mm&r=g","url":"https:\/\/secure.gravatar.com\/avatar\/7902f906289926289cbcda644b5197c796b893c6ffd7b9a536a42d290f7704a0?s=96&d=mm&r=g","contentUrl":"https:\/\/secure.gravatar.com\/avatar\/7902f906289926289cbcda644b5197c796b893c6ffd7b9a536a42d290f7704a0?s=96&d=mm&r=g","caption":"Eduardo Mart\u00ednez"}}]}},"amp_enabled":true,"_links":{"self":[{"href":"https:\/\/www.notibras.com\/site\/wp-json\/wp\/v2\/posts\/378390","targetHints":{"allow":["GET"]}}],"collection":[{"href":"https:\/\/www.notibras.com\/site\/wp-json\/wp\/v2\/posts"}],"about":[{"href":"https:\/\/www.notibras.com\/site\/wp-json\/wp\/v2\/types\/post"}],"author":[{"embeddable":true,"href":"https:\/\/www.notibras.com\/site\/wp-json\/wp\/v2\/users\/21"}],"replies":[{"embeddable":true,"href":"https:\/\/www.notibras.com\/site\/wp-json\/wp\/v2\/comments?post=378390"}],"version-history":[{"count":2,"href":"https:\/\/www.notibras.com\/site\/wp-json\/wp\/v2\/posts\/378390\/revisions"}],"predecessor-version":[{"id":378393,"href":"https:\/\/www.notibras.com\/site\/wp-json\/wp\/v2\/posts\/378390\/revisions\/378393"}],"wp:featuredmedia":[{"embeddable":true,"href":"https:\/\/www.notibras.com\/site\/wp-json\/wp\/v2\/media\/378391"}],"wp:attachment":[{"href":"https:\/\/www.notibras.com\/site\/wp-json\/wp\/v2\/media?parent=378390"}],"wp:term":[{"taxonomy":"category","embeddable":true,"href":"https:\/\/www.notibras.com\/site\/wp-json\/wp\/v2\/categories?post=378390"},{"taxonomy":"post_tag","embeddable":true,"href":"https:\/\/www.notibras.com\/site\/wp-json\/wp\/v2\/tags?post=378390"}],"curies":[{"name":"wp","href":"https:\/\/api.w.org\/{rel}","templated":true}]}}