{"id":378394,"date":"2026-01-13T00:30:02","date_gmt":"2026-01-13T03:30:02","guid":{"rendered":"https:\/\/www.notibras.com\/site\/?p=378394"},"modified":"2026-01-10T03:08:50","modified_gmt":"2026-01-10T06:08:50","slug":"quiron-era-o-mais-sabio-dos-centauros","status":"publish","type":"post","link":"https:\/\/www.notibras.com\/site\/quiron-era-o-mais-sabio-dos-centauros\/","title":{"rendered":"Qu\u00edron era o mais s\u00e1bio dos centauros"},"content":{"rendered":"<p>No meu conto <em>Prometeu.2<\/em>, um dos personagens centrais \u00e9 o centauro Qu\u00edron, que \u00e9 ferido por uma flecha envenenada disparada por seu amigo H\u00e9racles. O centauro sofre com dores lancinantes e est\u00e1 condenado a suport\u00e1-las por toda a eternidade, pois \u00e9 imortal. Decide, ent\u00e3o, assumir o castigo imposto por Zeus ao tit\u00e3 Prometeu, que roubou o fogo dos deuses e o entregou aos homens, desde que a divindade suprema lhe d\u00ea o b\u00e1lsamo da morte. Depois que isso acontece, o senhor do Olimpo, comovido, o transforma na constela\u00e7\u00e3o de Sagit\u00e1rio.<\/p>\n<p>Narro agora outro epis\u00f3dio da vida de Qu\u00edron. Detalhe, \u00e9 tudo rigorosa e escrupulosamente inventado \u2013 privil\u00e9gio de contista \u2013, menos as refer\u00eancias mitol\u00f3gicas que, como todos sabem, s\u00e3o verdadeiras de cabo a rabo.<\/p>\n<p>Qu\u00edron era o mais s\u00e1bio dos centauros. E tamb\u00e9m o mais nobre.<\/p>\n<p>A come\u00e7ar pela origem. Enquanto quase todos os centauros, segundo os relatos mais arcaicos, eram filhos do Sol e das nuvens de chuva, ele fora gerado por Cronos e por uma ninfa. Era, portanto, meio-irm\u00e3o de Zeus, Poseidon e Hades, as divindades mais poderosas da H\u00e9lade.<\/p>\n<p>Qu\u00edron foi criado por Apolo, que lhe transmitiu todos os seus conhecimentos, da m\u00fasica \u00e0s pr\u00e1ticas divinat\u00f3rias. Bondoso, gentil e renomado por seu saber, especialmente na arte de curar, tornou-se mais tarde preceptor de v\u00e1rios her\u00f3is hel\u00eanicos, entre eles H\u00e9racles, Aquiles, Teseu e Jas\u00e3o. Outro de seus disc\u00edpulos, e talvez o mais querido, foi Ascl\u00e9pio (em latim, Esculapius), reverenciado ainda em vida como deus da Medicina.<\/p>\n<p>Certa vez, Qu\u00edron, Ascl\u00e9pio e outros m\u00e9dicos pioneiros se encontravam em um simp\u00f3sio de curadores, quando passou pelo local da reuni\u00e3o uma eguinha pocot\u00f3polos (eguinha pocot\u00f3, em grego), num cio arretado. Ela s\u00f3 pensava naquilo, ansiava por sentir sobre o dorso o corpo pesado de um garanh\u00e3o&#8230; mentira, at\u00e9 um burrinho servia, desde que apagasse o seu fogo e lhe fizesse lindos potrinhos.<\/p>\n<p>Naquele momento, Qu\u00edron estava na tribuna, prestes a iniciar sua interven\u00e7\u00e3o. Era um centauro ainda jovem, na for\u00e7a da idade, sempre na ponta dos cascos (em todos os sentidos). Ao sentir os efl\u00favios da pocot\u00f3polos, seu rosto como que encompridou-se, tornando-se quase equino. Bufou, sacudiu os cabelos de um lado para o outro (n\u00e3o tinha crina, que peninha), tentou escarvar o ch\u00e3o de m\u00e1rmore com os cascos dianteiros, conteve a custo um arremedo de relincho e balbuciou:<\/p>\n<p>&#8211; Tenho de sair&#8230; Compromisso inadi\u00e1vel&#8230;<\/p>\n<p>E partiu a galope.<\/p>\n<p>Na porta, por\u00e9m, deteve-se por um instante e dirigiu a seus pares palavras imortais, s\u00e9culos depois recolhidas, em tradu\u00e7\u00e3o bem-comportada, pelo fil\u00f3sofo franc\u00eas Blaise Pascal, que menciona cora\u00e7\u00e3o em lugar de outra coisa; e que, ainda mais tarde, chegaram ao Brasil por interm\u00e9dio de Marino Pinto e Z\u00e9 da Zilda, no samba Aos p\u00e9s da cruz (na vers\u00e3o, digamos, card\u00edaca de Pascal, n\u00e3o na sincerona de Qu\u00edron):<\/p>\n<p>&#8211; As partes baixas t\u00eam raz\u00f5es que a pr\u00f3pria raz\u00e3o desconhece!<\/p>\n","protected":false},"excerpt":{"rendered":"<p>No meu conto Prometeu.2, um dos personagens centrais \u00e9 o centauro Qu\u00edron, que \u00e9 ferido por uma flecha envenenada disparada por seu amigo H\u00e9racles. O centauro sofre com dores lancinantes e est\u00e1 condenado a suport\u00e1-las por toda a eternidade, pois \u00e9 imortal. Decide, ent\u00e3o, assumir o castigo imposto por Zeus ao tit\u00e3 Prometeu, que roubou [&hellip;]<\/p>\n","protected":false},"author":21,"featured_media":378395,"comment_status":"closed","ping_status":"closed","sticky":false,"template":"","format":"standard","meta":{"_acf_changed":false,"footnotes":""},"categories":[234],"tags":[],"class_list":["post-378394","post","type-post","status-publish","format-standard","has-post-thumbnail","hentry","category-cafe-literario"],"acf":[],"yoast_head":"<!-- This site is optimized with the Yoast SEO plugin v27.2 - https:\/\/yoast.com\/product\/yoast-seo-wordpress\/ -->\n<title>Qu\u00edron era o mais s\u00e1bio dos centauros - Notibras<\/title>\n<meta name=\"robots\" content=\"index, follow, max-snippet:-1, max-image-preview:large, max-video-preview:-1\" \/>\n<link rel=\"canonical\" href=\"https:\/\/www.notibras.com\/site\/quiron-era-o-mais-sabio-dos-centauros\/\" \/>\n<meta property=\"og:locale\" content=\"pt_BR\" \/>\n<meta property=\"og:type\" content=\"article\" \/>\n<meta property=\"og:title\" content=\"Qu\u00edron era o mais s\u00e1bio dos centauros - Notibras\" \/>\n<meta property=\"og:description\" content=\"No meu conto Prometeu.2, um dos personagens centrais \u00e9 o centauro Qu\u00edron, que \u00e9 ferido por uma flecha envenenada disparada por seu amigo H\u00e9racles. O centauro sofre com dores lancinantes e est\u00e1 condenado a suport\u00e1-las por toda a eternidade, pois \u00e9 imortal. Decide, ent\u00e3o, assumir o castigo imposto por Zeus ao tit\u00e3 Prometeu, que roubou [&hellip;]\" \/>\n<meta property=\"og:url\" content=\"https:\/\/www.notibras.com\/site\/quiron-era-o-mais-sabio-dos-centauros\/\" \/>\n<meta property=\"og:site_name\" content=\"Notibras\" \/>\n<meta property=\"article:publisher\" content=\"https:\/\/www.facebook.com\/notibras\/\" \/>\n<meta property=\"article:published_time\" content=\"2026-01-13T03:30:02+00:00\" \/>\n<meta property=\"og:image\" content=\"https:\/\/www.notibras.com\/site\/wp-content\/uploads\/2026\/01\/IMG_0210.jpg\" \/>\n\t<meta property=\"og:image:width\" content=\"1023\" \/>\n\t<meta property=\"og:image:height\" content=\"931\" \/>\n\t<meta property=\"og:image:type\" content=\"image\/jpeg\" \/>\n<meta name=\"author\" content=\"Eduardo Mart\u00ednez\" \/>\n<meta name=\"twitter:card\" content=\"summary_large_image\" \/>\n<meta name=\"twitter:creator\" content=\"@Notibras\" \/>\n<meta name=\"twitter:site\" content=\"@Notibras\" \/>\n<meta name=\"twitter:label1\" content=\"Escrito por\" \/>\n\t<meta name=\"twitter:data1\" content=\"Eduardo Mart\u00ednez\" \/>\n\t<meta name=\"twitter:label2\" content=\"Est. tempo de leitura\" \/>\n\t<meta name=\"twitter:data2\" content=\"3 minutos\" \/>\n<script type=\"application\/ld+json\" class=\"yoast-schema-graph\">{\"@context\":\"https:\/\/schema.org\",\"@graph\":[{\"@type\":\"Article\",\"@id\":\"https:\/\/www.notibras.com\/site\/quiron-era-o-mais-sabio-dos-centauros\/#article\",\"isPartOf\":{\"@id\":\"https:\/\/www.notibras.com\/site\/quiron-era-o-mais-sabio-dos-centauros\/\"},\"author\":{\"name\":\"Eduardo Mart\u00ednez\",\"@id\":\"https:\/\/www.notibras.com\/site\/#\/schema\/person\/5b7fabf2aedc3ada2105f03b22b4d3dd\"},\"headline\":\"Qu\u00edron era o mais s\u00e1bio dos centauros\",\"datePublished\":\"2026-01-13T03:30:02+00:00\",\"mainEntityOfPage\":{\"@id\":\"https:\/\/www.notibras.com\/site\/quiron-era-o-mais-sabio-dos-centauros\/\"},\"wordCount\":541,\"publisher\":{\"@id\":\"https:\/\/www.notibras.com\/site\/#organization\"},\"image\":{\"@id\":\"https:\/\/www.notibras.com\/site\/quiron-era-o-mais-sabio-dos-centauros\/#primaryimage\"},\"thumbnailUrl\":\"https:\/\/www.notibras.com\/site\/wp-content\/uploads\/2026\/01\/IMG_0210.jpg\",\"articleSection\":[\"Caf\u00e9 Liter\u00e1rio\"],\"inLanguage\":\"pt-BR\"},{\"@type\":\"WebPage\",\"@id\":\"https:\/\/www.notibras.com\/site\/quiron-era-o-mais-sabio-dos-centauros\/\",\"url\":\"https:\/\/www.notibras.com\/site\/quiron-era-o-mais-sabio-dos-centauros\/\",\"name\":\"Qu\u00edron era o mais s\u00e1bio dos centauros - Notibras\",\"isPartOf\":{\"@id\":\"https:\/\/www.notibras.com\/site\/#website\"},\"primaryImageOfPage\":{\"@id\":\"https:\/\/www.notibras.com\/site\/quiron-era-o-mais-sabio-dos-centauros\/#primaryimage\"},\"image\":{\"@id\":\"https:\/\/www.notibras.com\/site\/quiron-era-o-mais-sabio-dos-centauros\/#primaryimage\"},\"thumbnailUrl\":\"https:\/\/www.notibras.com\/site\/wp-content\/uploads\/2026\/01\/IMG_0210.jpg\",\"datePublished\":\"2026-01-13T03:30:02+00:00\",\"breadcrumb\":{\"@id\":\"https:\/\/www.notibras.com\/site\/quiron-era-o-mais-sabio-dos-centauros\/#breadcrumb\"},\"inLanguage\":\"pt-BR\",\"potentialAction\":[{\"@type\":\"ReadAction\",\"target\":[\"https:\/\/www.notibras.com\/site\/quiron-era-o-mais-sabio-dos-centauros\/\"]}]},{\"@type\":\"ImageObject\",\"inLanguage\":\"pt-BR\",\"@id\":\"https:\/\/www.notibras.com\/site\/quiron-era-o-mais-sabio-dos-centauros\/#primaryimage\",\"url\":\"https:\/\/www.notibras.com\/site\/wp-content\/uploads\/2026\/01\/IMG_0210.jpg\",\"contentUrl\":\"https:\/\/www.notibras.com\/site\/wp-content\/uploads\/2026\/01\/IMG_0210.jpg\",\"width\":1023,\"height\":931},{\"@type\":\"BreadcrumbList\",\"@id\":\"https:\/\/www.notibras.com\/site\/quiron-era-o-mais-sabio-dos-centauros\/#breadcrumb\",\"itemListElement\":[{\"@type\":\"ListItem\",\"position\":1,\"name\":\"In\u00edcio\",\"item\":\"https:\/\/www.notibras.com\/site\/\"},{\"@type\":\"ListItem\",\"position\":2,\"name\":\"Qu\u00edron era o mais s\u00e1bio dos centauros\"}]},{\"@type\":\"WebSite\",\"@id\":\"https:\/\/www.notibras.com\/site\/#website\",\"url\":\"https:\/\/www.notibras.com\/site\/\",\"name\":\"Notibras\",\"description\":\"Not\u00edcias de Bras\u00edlia, do Brasil e do Mundo\",\"publisher\":{\"@id\":\"https:\/\/www.notibras.com\/site\/#organization\"},\"potentialAction\":[{\"@type\":\"SearchAction\",\"target\":{\"@type\":\"EntryPoint\",\"urlTemplate\":\"https:\/\/www.notibras.com\/site\/?s={search_term_string}\"},\"query-input\":{\"@type\":\"PropertyValueSpecification\",\"valueRequired\":true,\"valueName\":\"search_term_string\"}}],\"inLanguage\":\"pt-BR\"},{\"@type\":\"Organization\",\"@id\":\"https:\/\/www.notibras.com\/site\/#organization\",\"name\":\"Grupo Notibras de Comunica\u00e7\u00e3o\",\"url\":\"https:\/\/www.notibras.com\/site\/\",\"logo\":{\"@type\":\"ImageObject\",\"inLanguage\":\"pt-BR\",\"@id\":\"https:\/\/www.notibras.com\/site\/#\/schema\/logo\/image\/\",\"url\":\"https:\/\/www.notibras.com\/site\/wp-content\/uploads\/2023\/01\/notibras23.png\",\"contentUrl\":\"https:\/\/www.notibras.com\/site\/wp-content\/uploads\/2023\/01\/notibras23.png\",\"width\":350,\"height\":87,\"caption\":\"Grupo Notibras de Comunica\u00e7\u00e3o\"},\"image\":{\"@id\":\"https:\/\/www.notibras.com\/site\/#\/schema\/logo\/image\/\"},\"sameAs\":[\"https:\/\/www.facebook.com\/notibras\/\",\"https:\/\/x.com\/Notibras\",\"https:\/\/www.instagram.com\/notibras\/\"]},{\"@type\":\"Person\",\"@id\":\"https:\/\/www.notibras.com\/site\/#\/schema\/person\/5b7fabf2aedc3ada2105f03b22b4d3dd\",\"name\":\"Eduardo Mart\u00ednez\",\"image\":{\"@type\":\"ImageObject\",\"inLanguage\":\"pt-BR\",\"@id\":\"https:\/\/secure.gravatar.com\/avatar\/7902f906289926289cbcda644b5197c796b893c6ffd7b9a536a42d290f7704a0?s=96&d=mm&r=g\",\"url\":\"https:\/\/secure.gravatar.com\/avatar\/7902f906289926289cbcda644b5197c796b893c6ffd7b9a536a42d290f7704a0?s=96&d=mm&r=g\",\"contentUrl\":\"https:\/\/secure.gravatar.com\/avatar\/7902f906289926289cbcda644b5197c796b893c6ffd7b9a536a42d290f7704a0?s=96&d=mm&r=g\",\"caption\":\"Eduardo Mart\u00ednez\"}}]}<\/script>\n<!-- \/ Yoast SEO plugin. -->","yoast_head_json":{"title":"Qu\u00edron era o mais s\u00e1bio dos centauros - Notibras","robots":{"index":"index","follow":"follow","max-snippet":"max-snippet:-1","max-image-preview":"max-image-preview:large","max-video-preview":"max-video-preview:-1"},"canonical":"https:\/\/www.notibras.com\/site\/quiron-era-o-mais-sabio-dos-centauros\/","og_locale":"pt_BR","og_type":"article","og_title":"Qu\u00edron era o mais s\u00e1bio dos centauros - Notibras","og_description":"No meu conto Prometeu.2, um dos personagens centrais \u00e9 o centauro Qu\u00edron, que \u00e9 ferido por uma flecha envenenada disparada por seu amigo H\u00e9racles. O centauro sofre com dores lancinantes e est\u00e1 condenado a suport\u00e1-las por toda a eternidade, pois \u00e9 imortal. Decide, ent\u00e3o, assumir o castigo imposto por Zeus ao tit\u00e3 Prometeu, que roubou [&hellip;]","og_url":"https:\/\/www.notibras.com\/site\/quiron-era-o-mais-sabio-dos-centauros\/","og_site_name":"Notibras","article_publisher":"https:\/\/www.facebook.com\/notibras\/","article_published_time":"2026-01-13T03:30:02+00:00","og_image":[{"width":1023,"height":931,"url":"https:\/\/www.notibras.com\/site\/wp-content\/uploads\/2026\/01\/IMG_0210.jpg","type":"image\/jpeg"}],"author":"Eduardo Mart\u00ednez","twitter_card":"summary_large_image","twitter_creator":"@Notibras","twitter_site":"@Notibras","twitter_misc":{"Escrito por":"Eduardo Mart\u00ednez","Est. tempo de leitura":"3 minutos"},"schema":{"@context":"https:\/\/schema.org","@graph":[{"@type":"Article","@id":"https:\/\/www.notibras.com\/site\/quiron-era-o-mais-sabio-dos-centauros\/#article","isPartOf":{"@id":"https:\/\/www.notibras.com\/site\/quiron-era-o-mais-sabio-dos-centauros\/"},"author":{"name":"Eduardo Mart\u00ednez","@id":"https:\/\/www.notibras.com\/site\/#\/schema\/person\/5b7fabf2aedc3ada2105f03b22b4d3dd"},"headline":"Qu\u00edron era o mais s\u00e1bio dos centauros","datePublished":"2026-01-13T03:30:02+00:00","mainEntityOfPage":{"@id":"https:\/\/www.notibras.com\/site\/quiron-era-o-mais-sabio-dos-centauros\/"},"wordCount":541,"publisher":{"@id":"https:\/\/www.notibras.com\/site\/#organization"},"image":{"@id":"https:\/\/www.notibras.com\/site\/quiron-era-o-mais-sabio-dos-centauros\/#primaryimage"},"thumbnailUrl":"https:\/\/www.notibras.com\/site\/wp-content\/uploads\/2026\/01\/IMG_0210.jpg","articleSection":["Caf\u00e9 Liter\u00e1rio"],"inLanguage":"pt-BR"},{"@type":"WebPage","@id":"https:\/\/www.notibras.com\/site\/quiron-era-o-mais-sabio-dos-centauros\/","url":"https:\/\/www.notibras.com\/site\/quiron-era-o-mais-sabio-dos-centauros\/","name":"Qu\u00edron era o mais s\u00e1bio dos centauros - Notibras","isPartOf":{"@id":"https:\/\/www.notibras.com\/site\/#website"},"primaryImageOfPage":{"@id":"https:\/\/www.notibras.com\/site\/quiron-era-o-mais-sabio-dos-centauros\/#primaryimage"},"image":{"@id":"https:\/\/www.notibras.com\/site\/quiron-era-o-mais-sabio-dos-centauros\/#primaryimage"},"thumbnailUrl":"https:\/\/www.notibras.com\/site\/wp-content\/uploads\/2026\/01\/IMG_0210.jpg","datePublished":"2026-01-13T03:30:02+00:00","breadcrumb":{"@id":"https:\/\/www.notibras.com\/site\/quiron-era-o-mais-sabio-dos-centauros\/#breadcrumb"},"inLanguage":"pt-BR","potentialAction":[{"@type":"ReadAction","target":["https:\/\/www.notibras.com\/site\/quiron-era-o-mais-sabio-dos-centauros\/"]}]},{"@type":"ImageObject","inLanguage":"pt-BR","@id":"https:\/\/www.notibras.com\/site\/quiron-era-o-mais-sabio-dos-centauros\/#primaryimage","url":"https:\/\/www.notibras.com\/site\/wp-content\/uploads\/2026\/01\/IMG_0210.jpg","contentUrl":"https:\/\/www.notibras.com\/site\/wp-content\/uploads\/2026\/01\/IMG_0210.jpg","width":1023,"height":931},{"@type":"BreadcrumbList","@id":"https:\/\/www.notibras.com\/site\/quiron-era-o-mais-sabio-dos-centauros\/#breadcrumb","itemListElement":[{"@type":"ListItem","position":1,"name":"In\u00edcio","item":"https:\/\/www.notibras.com\/site\/"},{"@type":"ListItem","position":2,"name":"Qu\u00edron era o mais s\u00e1bio dos centauros"}]},{"@type":"WebSite","@id":"https:\/\/www.notibras.com\/site\/#website","url":"https:\/\/www.notibras.com\/site\/","name":"Notibras","description":"Not\u00edcias de Bras\u00edlia, do Brasil e do Mundo","publisher":{"@id":"https:\/\/www.notibras.com\/site\/#organization"},"potentialAction":[{"@type":"SearchAction","target":{"@type":"EntryPoint","urlTemplate":"https:\/\/www.notibras.com\/site\/?s={search_term_string}"},"query-input":{"@type":"PropertyValueSpecification","valueRequired":true,"valueName":"search_term_string"}}],"inLanguage":"pt-BR"},{"@type":"Organization","@id":"https:\/\/www.notibras.com\/site\/#organization","name":"Grupo Notibras de Comunica\u00e7\u00e3o","url":"https:\/\/www.notibras.com\/site\/","logo":{"@type":"ImageObject","inLanguage":"pt-BR","@id":"https:\/\/www.notibras.com\/site\/#\/schema\/logo\/image\/","url":"https:\/\/www.notibras.com\/site\/wp-content\/uploads\/2023\/01\/notibras23.png","contentUrl":"https:\/\/www.notibras.com\/site\/wp-content\/uploads\/2023\/01\/notibras23.png","width":350,"height":87,"caption":"Grupo Notibras de Comunica\u00e7\u00e3o"},"image":{"@id":"https:\/\/www.notibras.com\/site\/#\/schema\/logo\/image\/"},"sameAs":["https:\/\/www.facebook.com\/notibras\/","https:\/\/x.com\/Notibras","https:\/\/www.instagram.com\/notibras\/"]},{"@type":"Person","@id":"https:\/\/www.notibras.com\/site\/#\/schema\/person\/5b7fabf2aedc3ada2105f03b22b4d3dd","name":"Eduardo Mart\u00ednez","image":{"@type":"ImageObject","inLanguage":"pt-BR","@id":"https:\/\/secure.gravatar.com\/avatar\/7902f906289926289cbcda644b5197c796b893c6ffd7b9a536a42d290f7704a0?s=96&d=mm&r=g","url":"https:\/\/secure.gravatar.com\/avatar\/7902f906289926289cbcda644b5197c796b893c6ffd7b9a536a42d290f7704a0?s=96&d=mm&r=g","contentUrl":"https:\/\/secure.gravatar.com\/avatar\/7902f906289926289cbcda644b5197c796b893c6ffd7b9a536a42d290f7704a0?s=96&d=mm&r=g","caption":"Eduardo Mart\u00ednez"}}]}},"amp_enabled":true,"_links":{"self":[{"href":"https:\/\/www.notibras.com\/site\/wp-json\/wp\/v2\/posts\/378394","targetHints":{"allow":["GET"]}}],"collection":[{"href":"https:\/\/www.notibras.com\/site\/wp-json\/wp\/v2\/posts"}],"about":[{"href":"https:\/\/www.notibras.com\/site\/wp-json\/wp\/v2\/types\/post"}],"author":[{"embeddable":true,"href":"https:\/\/www.notibras.com\/site\/wp-json\/wp\/v2\/users\/21"}],"replies":[{"embeddable":true,"href":"https:\/\/www.notibras.com\/site\/wp-json\/wp\/v2\/comments?post=378394"}],"version-history":[{"count":3,"href":"https:\/\/www.notibras.com\/site\/wp-json\/wp\/v2\/posts\/378394\/revisions"}],"predecessor-version":[{"id":378398,"href":"https:\/\/www.notibras.com\/site\/wp-json\/wp\/v2\/posts\/378394\/revisions\/378398"}],"wp:featuredmedia":[{"embeddable":true,"href":"https:\/\/www.notibras.com\/site\/wp-json\/wp\/v2\/media\/378395"}],"wp:attachment":[{"href":"https:\/\/www.notibras.com\/site\/wp-json\/wp\/v2\/media?parent=378394"}],"wp:term":[{"taxonomy":"category","embeddable":true,"href":"https:\/\/www.notibras.com\/site\/wp-json\/wp\/v2\/categories?post=378394"},{"taxonomy":"post_tag","embeddable":true,"href":"https:\/\/www.notibras.com\/site\/wp-json\/wp\/v2\/tags?post=378394"}],"curies":[{"name":"wp","href":"https:\/\/api.w.org\/{rel}","templated":true}]}}