{"id":378399,"date":"2026-01-14T00:15:21","date_gmt":"2026-01-14T03:15:21","guid":{"rendered":"https:\/\/www.notibras.com\/site\/?p=378399"},"modified":"2026-01-14T04:17:08","modified_gmt":"2026-01-14T07:17:08","slug":"epistola-aos-facebuquenses-e-notibrenses","status":"publish","type":"post","link":"https:\/\/www.notibras.com\/site\/epistola-aos-facebuquenses-e-notibrenses\/","title":{"rendered":"Ep\u00edstola aos facebuquenses e notibrenses"},"content":{"rendered":"<p>1. E como ele estivesse exausto, os p\u00e9s feridos pela longa caminhada, deitou-se e adormeceu. E seus fantasmas chegaram \u2013 n\u00e3o para assust\u00e1-lo, que isso n\u00e3o ocorria facilmente, e ademais n\u00e3o eram atemorizantes; e sim para lembrar-lhe que haviam balizado toda a sua vida.<\/p>\n<p>2. A descoberta da sacanagem<\/p>\n<p>O primeiro a chegar foi o fantasma de Cidineia, Neia para os \u00edntimos. O nome n\u00e3o tem acento, ela tamb\u00e9m n\u00e3o tinha, e nem peitinhos. Era uma t\u00e1bua. Tamb\u00e9m, n\u00e3o se pode exigir muito de uma menina de 11 anos (ele estava com quase dez). Era uma mulata de olhos vivos, cheios de mal\u00edcia. Chegou at\u00e9 ele, num dia em que estavam sozinhos, e perguntou:<\/p>\n<p>&#8211; Voc\u00ea conhece o Xote das Meninas?<\/p>\n<p>&#8211; Ela s\u00f3 quer, s\u00f3 pensa em namorar&#8230;?<\/p>\n<p>&#8211; N\u00e3o, com a outra letra \u2013 cortou Neia.<\/p>\n<p>E cantou tudo, uma barbaridade ap\u00f3s a outra. O refr\u00e3o era um mimo:<\/p>\n<p>\u201cEla s\u00f3 qu\u00e9\/faz\u00ea de quatro p\u00e9.\u201d<\/p>\n<p>(Foi substitu\u00edda uma palavra come\u00e7ando com f por outra, do contr\u00e1rio esta ep\u00edstola n\u00e3o seria publicada.)<\/p>\n<p>No final da escabrosidade, ela o encarou, em desafio.<\/p>\n<p>&#8211; E ent\u00e3o?<\/p>\n<p>Ele n\u00e3o reagiu. N\u00e3o tentou beij\u00e1-la, nem passar a m\u00e3o nela, no traseiro quase inexistente, na promessa de peitinhos que um dia brotariam, mas n\u00e3o j\u00e1. Ficou maravilhado. Ent\u00e3o as garotas falavam sacanagem, que nem os meninos! Ela era muito mais atirada do que ele, um bob\u00e3o de nove anos. N\u00e3o lembra o que respondeu, como o papo acabou, como foi pra casa, se conseguiu dormir. S\u00f3 no dia seguinte, quando a ficha caiu, \u00e9 que ele recorreu ao bom e velho 5 x 1, ritual com que passou a homenage\u00e1-la religiosamente, todos os dias.<\/p>\n<p>E ele percebeu, muito tempo depois, que Neia, com seu corpinho de t\u00e1bua e seus olhinhos maliciosos, havia introduzido a dimens\u00e3o da sacanagem em sua vida.<\/p>\n<p>3. A descoberta do sexo (por assim dizer)<\/p>\n<p>Materializaram-se a seguir todas as garotas da galera, e ele percebeu por qu\u00ea. Era o ano de 1958, a vers\u00e3o cidinesca do Xote das Meninas era apenas uma das incont\u00e1veis m\u00fasicas picantes que ele havia aprendido, o Brasil jogava e ganhava na Su\u00e9cia, e a cada gol brasileiro meninos e meninas se abra\u00e7avam. E demoravam a se largar. Toques rec\u00edprocos, car\u00edcias nos peitinhos em franco desenvolvimento&#8230; A partida final, Brasil 5 x Su\u00e9cia 2, foi uma apoteose de esfrega-esfrega. A turminha festejou at\u00e9 os gols da Su\u00e9cia, tudo era pretexto para uma boa encoxada.<\/p>\n<p>As garotas faziam e deixavam que fizessem, enquanto sorriam, misteriosas. Ele e os demais moleques queriam mais, ficavam com uma arreta\u00e7\u00e3o dos diabos, sem perceber a imemorial sabedoria feminina escondida por tr\u00e1s daqueles sorrisos. Era como se dissessem, \u201cTemos tempo, vamos esperar&#8230;\u201d.<\/p>\n<p>Muit\u00edssimo tempo depois, ele percebeu que suas parceiras sorridentes haviam-lhe ensinado que sarro \u00e9 uma del\u00edcia, mas quanto a sexo de verdade, \u00e9 melhor aguardar a inevit\u00e1vel explos\u00e3o dos horm\u00f4nios, para que seja algo verdadeiramente prazeroso.<\/p>\n<p>4. Os magos<\/p>\n<p>Eles chegaram no in\u00edcio de sua adolesc\u00eancia, entre 1959 e 1961. Assim como os Reis Magos haviam levado presentes para o Menino Jesus, tr\u00eas figuras deram-lhe d\u00e1divas que moldariam o seu futuro. N\u00e3o eram reis, longe disso. Magos, quem sabe?<\/p>\n<p>O primeiro foi Fidel Castro. A Revolu\u00e7\u00e3o Cubana, vitoriosa em 1\u00ba de janeiro de 1959, selou o compromisso dele com a esquerda.<\/p>\n<p>O segundo foi o ga\u00facho Leonel Brizola, com a Campanha da Legalidade contra o golpe militar de 1961. A mobiliza\u00e7\u00e3o pela posse do vice-presidente constitucional, ap\u00f3s a ren\u00fancia de J\u00e2nio, mostrou que as for\u00e7as democr\u00e1ticas podiam vencer em nossas glebas, e transformou a guinada \u00e0 esquerda dele em milit\u00e2ncia.<\/p>\n<p>O terceiro foi o poeta mineiro Carlos Drummond de Andrade. Ele lembra ter lido os versos iniciais do Poema das Sete Faces \u2013 \u201cQuando nasci, um anjo torto desses que vivem na sombra disse: Vai, Carlos! Ser gauche na vida\u201d \u2013 com uma sensa\u00e7\u00e3o de maravilhamento compar\u00e1vel \u00e0 primeira audi\u00e7\u00e3o do Xote das meninas, na voz maviosa e na vers\u00e3o maliciosa de Neia. Talvez por tamb\u00e9m se chamar Carlos, talvez porque o vatic\u00ednio do anjo torto explicasse muita coisa de seu comportamento.<\/p>\n<p>E ele percebeu que, a partir desse momento, os jogos estavam feitos para o devir do Carlos de Niter\u00f3i, gauche em pol\u00edtica e em especial na exist\u00eancia, contista menor depois de idoso, p\u00e1lida emula\u00e7\u00e3o do Carlos de Itabira, poeta maior por todos os s\u00e9culos dos s\u00e9culos, am\u00e9m.<\/p>\n","protected":false},"excerpt":{"rendered":"<p>1. E como ele estivesse exausto, os p\u00e9s feridos pela longa caminhada, deitou-se e adormeceu. E seus fantasmas chegaram \u2013 n\u00e3o para assust\u00e1-lo, que isso n\u00e3o ocorria facilmente, e ademais n\u00e3o eram atemorizantes; e sim para lembrar-lhe que haviam balizado toda a sua vida. 2. A descoberta da sacanagem O primeiro a chegar foi o [&hellip;]<\/p>\n","protected":false},"author":21,"featured_media":378400,"comment_status":"closed","ping_status":"closed","sticky":false,"template":"","format":"standard","meta":{"_acf_changed":false,"footnotes":""},"categories":[234],"tags":[],"class_list":["post-378399","post","type-post","status-publish","format-standard","has-post-thumbnail","hentry","category-cafe-literario"],"acf":[],"yoast_head":"<!-- This site is optimized with the Yoast SEO plugin v27.2 - https:\/\/yoast.com\/product\/yoast-seo-wordpress\/ -->\n<title>Ep\u00edstola aos facebuquenses e notibrenses - Notibras<\/title>\n<meta name=\"robots\" content=\"index, follow, max-snippet:-1, max-image-preview:large, max-video-preview:-1\" \/>\n<link rel=\"canonical\" href=\"https:\/\/www.notibras.com\/site\/epistola-aos-facebuquenses-e-notibrenses\/\" \/>\n<meta property=\"og:locale\" content=\"pt_BR\" \/>\n<meta property=\"og:type\" content=\"article\" \/>\n<meta property=\"og:title\" content=\"Ep\u00edstola aos facebuquenses e notibrenses - Notibras\" \/>\n<meta property=\"og:description\" content=\"1. E como ele estivesse exausto, os p\u00e9s feridos pela longa caminhada, deitou-se e adormeceu. E seus fantasmas chegaram \u2013 n\u00e3o para assust\u00e1-lo, que isso n\u00e3o ocorria facilmente, e ademais n\u00e3o eram atemorizantes; e sim para lembrar-lhe que haviam balizado toda a sua vida. 2. A descoberta da sacanagem O primeiro a chegar foi o [&hellip;]\" \/>\n<meta property=\"og:url\" content=\"https:\/\/www.notibras.com\/site\/epistola-aos-facebuquenses-e-notibrenses\/\" \/>\n<meta property=\"og:site_name\" content=\"Notibras\" \/>\n<meta property=\"article:publisher\" content=\"https:\/\/www.facebook.com\/notibras\/\" \/>\n<meta property=\"article:published_time\" content=\"2026-01-14T03:15:21+00:00\" \/>\n<meta property=\"article:modified_time\" content=\"2026-01-14T07:17:08+00:00\" \/>\n<meta property=\"og:image\" content=\"https:\/\/www.notibras.com\/site\/wp-content\/uploads\/2026\/01\/b0b54bfc-f2fd-44fc-a9e6-065850b8932b.jpg\" \/>\n\t<meta property=\"og:image:width\" content=\"809\" \/>\n\t<meta property=\"og:image:height\" content=\"1096\" \/>\n\t<meta property=\"og:image:type\" content=\"image\/jpeg\" \/>\n<meta name=\"author\" content=\"Eduardo Mart\u00ednez\" \/>\n<meta name=\"twitter:card\" content=\"summary_large_image\" \/>\n<meta name=\"twitter:creator\" content=\"@Notibras\" \/>\n<meta name=\"twitter:site\" content=\"@Notibras\" \/>\n<meta name=\"twitter:label1\" content=\"Escrito por\" \/>\n\t<meta name=\"twitter:data1\" content=\"Eduardo Mart\u00ednez\" \/>\n\t<meta name=\"twitter:label2\" content=\"Est. tempo de leitura\" \/>\n\t<meta name=\"twitter:data2\" content=\"5 minutos\" \/>\n<script type=\"application\/ld+json\" class=\"yoast-schema-graph\">{\"@context\":\"https:\/\/schema.org\",\"@graph\":[{\"@type\":\"Article\",\"@id\":\"https:\/\/www.notibras.com\/site\/epistola-aos-facebuquenses-e-notibrenses\/#article\",\"isPartOf\":{\"@id\":\"https:\/\/www.notibras.com\/site\/epistola-aos-facebuquenses-e-notibrenses\/\"},\"author\":{\"name\":\"Eduardo Mart\u00ednez\",\"@id\":\"https:\/\/www.notibras.com\/site\/#\/schema\/person\/5b7fabf2aedc3ada2105f03b22b4d3dd\"},\"headline\":\"Ep\u00edstola aos facebuquenses e notibrenses\",\"datePublished\":\"2026-01-14T03:15:21+00:00\",\"dateModified\":\"2026-01-14T07:17:08+00:00\",\"mainEntityOfPage\":{\"@id\":\"https:\/\/www.notibras.com\/site\/epistola-aos-facebuquenses-e-notibrenses\/\"},\"wordCount\":788,\"publisher\":{\"@id\":\"https:\/\/www.notibras.com\/site\/#organization\"},\"image\":{\"@id\":\"https:\/\/www.notibras.com\/site\/epistola-aos-facebuquenses-e-notibrenses\/#primaryimage\"},\"thumbnailUrl\":\"https:\/\/www.notibras.com\/site\/wp-content\/uploads\/2026\/01\/b0b54bfc-f2fd-44fc-a9e6-065850b8932b.jpg\",\"articleSection\":[\"Caf\u00e9 Liter\u00e1rio\"],\"inLanguage\":\"pt-BR\"},{\"@type\":\"WebPage\",\"@id\":\"https:\/\/www.notibras.com\/site\/epistola-aos-facebuquenses-e-notibrenses\/\",\"url\":\"https:\/\/www.notibras.com\/site\/epistola-aos-facebuquenses-e-notibrenses\/\",\"name\":\"Ep\u00edstola aos facebuquenses e notibrenses - Notibras\",\"isPartOf\":{\"@id\":\"https:\/\/www.notibras.com\/site\/#website\"},\"primaryImageOfPage\":{\"@id\":\"https:\/\/www.notibras.com\/site\/epistola-aos-facebuquenses-e-notibrenses\/#primaryimage\"},\"image\":{\"@id\":\"https:\/\/www.notibras.com\/site\/epistola-aos-facebuquenses-e-notibrenses\/#primaryimage\"},\"thumbnailUrl\":\"https:\/\/www.notibras.com\/site\/wp-content\/uploads\/2026\/01\/b0b54bfc-f2fd-44fc-a9e6-065850b8932b.jpg\",\"datePublished\":\"2026-01-14T03:15:21+00:00\",\"dateModified\":\"2026-01-14T07:17:08+00:00\",\"breadcrumb\":{\"@id\":\"https:\/\/www.notibras.com\/site\/epistola-aos-facebuquenses-e-notibrenses\/#breadcrumb\"},\"inLanguage\":\"pt-BR\",\"potentialAction\":[{\"@type\":\"ReadAction\",\"target\":[\"https:\/\/www.notibras.com\/site\/epistola-aos-facebuquenses-e-notibrenses\/\"]}]},{\"@type\":\"ImageObject\",\"inLanguage\":\"pt-BR\",\"@id\":\"https:\/\/www.notibras.com\/site\/epistola-aos-facebuquenses-e-notibrenses\/#primaryimage\",\"url\":\"https:\/\/www.notibras.com\/site\/wp-content\/uploads\/2026\/01\/b0b54bfc-f2fd-44fc-a9e6-065850b8932b.jpg\",\"contentUrl\":\"https:\/\/www.notibras.com\/site\/wp-content\/uploads\/2026\/01\/b0b54bfc-f2fd-44fc-a9e6-065850b8932b.jpg\",\"width\":809,\"height\":1096},{\"@type\":\"BreadcrumbList\",\"@id\":\"https:\/\/www.notibras.com\/site\/epistola-aos-facebuquenses-e-notibrenses\/#breadcrumb\",\"itemListElement\":[{\"@type\":\"ListItem\",\"position\":1,\"name\":\"In\u00edcio\",\"item\":\"https:\/\/www.notibras.com\/site\/\"},{\"@type\":\"ListItem\",\"position\":2,\"name\":\"Ep\u00edstola aos facebuquenses e notibrenses\"}]},{\"@type\":\"WebSite\",\"@id\":\"https:\/\/www.notibras.com\/site\/#website\",\"url\":\"https:\/\/www.notibras.com\/site\/\",\"name\":\"Notibras\",\"description\":\"Not\u00edcias de Bras\u00edlia, do Brasil e do Mundo\",\"publisher\":{\"@id\":\"https:\/\/www.notibras.com\/site\/#organization\"},\"potentialAction\":[{\"@type\":\"SearchAction\",\"target\":{\"@type\":\"EntryPoint\",\"urlTemplate\":\"https:\/\/www.notibras.com\/site\/?s={search_term_string}\"},\"query-input\":{\"@type\":\"PropertyValueSpecification\",\"valueRequired\":true,\"valueName\":\"search_term_string\"}}],\"inLanguage\":\"pt-BR\"},{\"@type\":\"Organization\",\"@id\":\"https:\/\/www.notibras.com\/site\/#organization\",\"name\":\"Grupo Notibras de Comunica\u00e7\u00e3o\",\"url\":\"https:\/\/www.notibras.com\/site\/\",\"logo\":{\"@type\":\"ImageObject\",\"inLanguage\":\"pt-BR\",\"@id\":\"https:\/\/www.notibras.com\/site\/#\/schema\/logo\/image\/\",\"url\":\"https:\/\/www.notibras.com\/site\/wp-content\/uploads\/2023\/01\/notibras23.png\",\"contentUrl\":\"https:\/\/www.notibras.com\/site\/wp-content\/uploads\/2023\/01\/notibras23.png\",\"width\":350,\"height\":87,\"caption\":\"Grupo Notibras de Comunica\u00e7\u00e3o\"},\"image\":{\"@id\":\"https:\/\/www.notibras.com\/site\/#\/schema\/logo\/image\/\"},\"sameAs\":[\"https:\/\/www.facebook.com\/notibras\/\",\"https:\/\/x.com\/Notibras\",\"https:\/\/www.instagram.com\/notibras\/\"]},{\"@type\":\"Person\",\"@id\":\"https:\/\/www.notibras.com\/site\/#\/schema\/person\/5b7fabf2aedc3ada2105f03b22b4d3dd\",\"name\":\"Eduardo Mart\u00ednez\",\"image\":{\"@type\":\"ImageObject\",\"inLanguage\":\"pt-BR\",\"@id\":\"https:\/\/secure.gravatar.com\/avatar\/7902f906289926289cbcda644b5197c796b893c6ffd7b9a536a42d290f7704a0?s=96&d=mm&r=g\",\"url\":\"https:\/\/secure.gravatar.com\/avatar\/7902f906289926289cbcda644b5197c796b893c6ffd7b9a536a42d290f7704a0?s=96&d=mm&r=g\",\"contentUrl\":\"https:\/\/secure.gravatar.com\/avatar\/7902f906289926289cbcda644b5197c796b893c6ffd7b9a536a42d290f7704a0?s=96&d=mm&r=g\",\"caption\":\"Eduardo Mart\u00ednez\"}}]}<\/script>\n<!-- \/ Yoast SEO plugin. -->","yoast_head_json":{"title":"Ep\u00edstola aos facebuquenses e notibrenses - Notibras","robots":{"index":"index","follow":"follow","max-snippet":"max-snippet:-1","max-image-preview":"max-image-preview:large","max-video-preview":"max-video-preview:-1"},"canonical":"https:\/\/www.notibras.com\/site\/epistola-aos-facebuquenses-e-notibrenses\/","og_locale":"pt_BR","og_type":"article","og_title":"Ep\u00edstola aos facebuquenses e notibrenses - Notibras","og_description":"1. E como ele estivesse exausto, os p\u00e9s feridos pela longa caminhada, deitou-se e adormeceu. E seus fantasmas chegaram \u2013 n\u00e3o para assust\u00e1-lo, que isso n\u00e3o ocorria facilmente, e ademais n\u00e3o eram atemorizantes; e sim para lembrar-lhe que haviam balizado toda a sua vida. 2. A descoberta da sacanagem O primeiro a chegar foi o [&hellip;]","og_url":"https:\/\/www.notibras.com\/site\/epistola-aos-facebuquenses-e-notibrenses\/","og_site_name":"Notibras","article_publisher":"https:\/\/www.facebook.com\/notibras\/","article_published_time":"2026-01-14T03:15:21+00:00","article_modified_time":"2026-01-14T07:17:08+00:00","og_image":[{"width":809,"height":1096,"url":"https:\/\/www.notibras.com\/site\/wp-content\/uploads\/2026\/01\/b0b54bfc-f2fd-44fc-a9e6-065850b8932b.jpg","type":"image\/jpeg"}],"author":"Eduardo Mart\u00ednez","twitter_card":"summary_large_image","twitter_creator":"@Notibras","twitter_site":"@Notibras","twitter_misc":{"Escrito por":"Eduardo Mart\u00ednez","Est. tempo de leitura":"5 minutos"},"schema":{"@context":"https:\/\/schema.org","@graph":[{"@type":"Article","@id":"https:\/\/www.notibras.com\/site\/epistola-aos-facebuquenses-e-notibrenses\/#article","isPartOf":{"@id":"https:\/\/www.notibras.com\/site\/epistola-aos-facebuquenses-e-notibrenses\/"},"author":{"name":"Eduardo Mart\u00ednez","@id":"https:\/\/www.notibras.com\/site\/#\/schema\/person\/5b7fabf2aedc3ada2105f03b22b4d3dd"},"headline":"Ep\u00edstola aos facebuquenses e notibrenses","datePublished":"2026-01-14T03:15:21+00:00","dateModified":"2026-01-14T07:17:08+00:00","mainEntityOfPage":{"@id":"https:\/\/www.notibras.com\/site\/epistola-aos-facebuquenses-e-notibrenses\/"},"wordCount":788,"publisher":{"@id":"https:\/\/www.notibras.com\/site\/#organization"},"image":{"@id":"https:\/\/www.notibras.com\/site\/epistola-aos-facebuquenses-e-notibrenses\/#primaryimage"},"thumbnailUrl":"https:\/\/www.notibras.com\/site\/wp-content\/uploads\/2026\/01\/b0b54bfc-f2fd-44fc-a9e6-065850b8932b.jpg","articleSection":["Caf\u00e9 Liter\u00e1rio"],"inLanguage":"pt-BR"},{"@type":"WebPage","@id":"https:\/\/www.notibras.com\/site\/epistola-aos-facebuquenses-e-notibrenses\/","url":"https:\/\/www.notibras.com\/site\/epistola-aos-facebuquenses-e-notibrenses\/","name":"Ep\u00edstola aos facebuquenses e notibrenses - Notibras","isPartOf":{"@id":"https:\/\/www.notibras.com\/site\/#website"},"primaryImageOfPage":{"@id":"https:\/\/www.notibras.com\/site\/epistola-aos-facebuquenses-e-notibrenses\/#primaryimage"},"image":{"@id":"https:\/\/www.notibras.com\/site\/epistola-aos-facebuquenses-e-notibrenses\/#primaryimage"},"thumbnailUrl":"https:\/\/www.notibras.com\/site\/wp-content\/uploads\/2026\/01\/b0b54bfc-f2fd-44fc-a9e6-065850b8932b.jpg","datePublished":"2026-01-14T03:15:21+00:00","dateModified":"2026-01-14T07:17:08+00:00","breadcrumb":{"@id":"https:\/\/www.notibras.com\/site\/epistola-aos-facebuquenses-e-notibrenses\/#breadcrumb"},"inLanguage":"pt-BR","potentialAction":[{"@type":"ReadAction","target":["https:\/\/www.notibras.com\/site\/epistola-aos-facebuquenses-e-notibrenses\/"]}]},{"@type":"ImageObject","inLanguage":"pt-BR","@id":"https:\/\/www.notibras.com\/site\/epistola-aos-facebuquenses-e-notibrenses\/#primaryimage","url":"https:\/\/www.notibras.com\/site\/wp-content\/uploads\/2026\/01\/b0b54bfc-f2fd-44fc-a9e6-065850b8932b.jpg","contentUrl":"https:\/\/www.notibras.com\/site\/wp-content\/uploads\/2026\/01\/b0b54bfc-f2fd-44fc-a9e6-065850b8932b.jpg","width":809,"height":1096},{"@type":"BreadcrumbList","@id":"https:\/\/www.notibras.com\/site\/epistola-aos-facebuquenses-e-notibrenses\/#breadcrumb","itemListElement":[{"@type":"ListItem","position":1,"name":"In\u00edcio","item":"https:\/\/www.notibras.com\/site\/"},{"@type":"ListItem","position":2,"name":"Ep\u00edstola aos facebuquenses e notibrenses"}]},{"@type":"WebSite","@id":"https:\/\/www.notibras.com\/site\/#website","url":"https:\/\/www.notibras.com\/site\/","name":"Notibras","description":"Not\u00edcias de Bras\u00edlia, do Brasil e do Mundo","publisher":{"@id":"https:\/\/www.notibras.com\/site\/#organization"},"potentialAction":[{"@type":"SearchAction","target":{"@type":"EntryPoint","urlTemplate":"https:\/\/www.notibras.com\/site\/?s={search_term_string}"},"query-input":{"@type":"PropertyValueSpecification","valueRequired":true,"valueName":"search_term_string"}}],"inLanguage":"pt-BR"},{"@type":"Organization","@id":"https:\/\/www.notibras.com\/site\/#organization","name":"Grupo Notibras de Comunica\u00e7\u00e3o","url":"https:\/\/www.notibras.com\/site\/","logo":{"@type":"ImageObject","inLanguage":"pt-BR","@id":"https:\/\/www.notibras.com\/site\/#\/schema\/logo\/image\/","url":"https:\/\/www.notibras.com\/site\/wp-content\/uploads\/2023\/01\/notibras23.png","contentUrl":"https:\/\/www.notibras.com\/site\/wp-content\/uploads\/2023\/01\/notibras23.png","width":350,"height":87,"caption":"Grupo Notibras de Comunica\u00e7\u00e3o"},"image":{"@id":"https:\/\/www.notibras.com\/site\/#\/schema\/logo\/image\/"},"sameAs":["https:\/\/www.facebook.com\/notibras\/","https:\/\/x.com\/Notibras","https:\/\/www.instagram.com\/notibras\/"]},{"@type":"Person","@id":"https:\/\/www.notibras.com\/site\/#\/schema\/person\/5b7fabf2aedc3ada2105f03b22b4d3dd","name":"Eduardo Mart\u00ednez","image":{"@type":"ImageObject","inLanguage":"pt-BR","@id":"https:\/\/secure.gravatar.com\/avatar\/7902f906289926289cbcda644b5197c796b893c6ffd7b9a536a42d290f7704a0?s=96&d=mm&r=g","url":"https:\/\/secure.gravatar.com\/avatar\/7902f906289926289cbcda644b5197c796b893c6ffd7b9a536a42d290f7704a0?s=96&d=mm&r=g","contentUrl":"https:\/\/secure.gravatar.com\/avatar\/7902f906289926289cbcda644b5197c796b893c6ffd7b9a536a42d290f7704a0?s=96&d=mm&r=g","caption":"Eduardo Mart\u00ednez"}}]}},"amp_enabled":true,"_links":{"self":[{"href":"https:\/\/www.notibras.com\/site\/wp-json\/wp\/v2\/posts\/378399","targetHints":{"allow":["GET"]}}],"collection":[{"href":"https:\/\/www.notibras.com\/site\/wp-json\/wp\/v2\/posts"}],"about":[{"href":"https:\/\/www.notibras.com\/site\/wp-json\/wp\/v2\/types\/post"}],"author":[{"embeddable":true,"href":"https:\/\/www.notibras.com\/site\/wp-json\/wp\/v2\/users\/21"}],"replies":[{"embeddable":true,"href":"https:\/\/www.notibras.com\/site\/wp-json\/wp\/v2\/comments?post=378399"}],"version-history":[{"count":3,"href":"https:\/\/www.notibras.com\/site\/wp-json\/wp\/v2\/posts\/378399\/revisions"}],"predecessor-version":[{"id":378932,"href":"https:\/\/www.notibras.com\/site\/wp-json\/wp\/v2\/posts\/378399\/revisions\/378932"}],"wp:featuredmedia":[{"embeddable":true,"href":"https:\/\/www.notibras.com\/site\/wp-json\/wp\/v2\/media\/378400"}],"wp:attachment":[{"href":"https:\/\/www.notibras.com\/site\/wp-json\/wp\/v2\/media?parent=378399"}],"wp:term":[{"taxonomy":"category","embeddable":true,"href":"https:\/\/www.notibras.com\/site\/wp-json\/wp\/v2\/categories?post=378399"},{"taxonomy":"post_tag","embeddable":true,"href":"https:\/\/www.notibras.com\/site\/wp-json\/wp\/v2\/tags?post=378399"}],"curies":[{"name":"wp","href":"https:\/\/api.w.org\/{rel}","templated":true}]}}