{"id":378407,"date":"2026-01-10T05:59:38","date_gmt":"2026-01-10T08:59:38","guid":{"rendered":"https:\/\/www.notibras.com\/site\/?p=378407"},"modified":"2026-01-10T07:43:31","modified_gmt":"2026-01-10T10:43:31","slug":"lula-mantem-heranca-de-bolsonaro-e-i-a-tira-bonus-de-bancarios","status":"publish","type":"post","link":"https:\/\/www.notibras.com\/site\/lula-mantem-heranca-de-bolsonaro-e-i-a-tira-bonus-de-bancarios\/","title":{"rendered":"Lula mant\u00e9m heran\u00e7a de Bolsonaro e I.A. tira b\u00f4nus de banc\u00e1rios"},"content":{"rendered":"<p data-start=\"274\" data-end=\"742\">A Caixa Econ\u00f4mica Federal estuda uma parceria para substituir banc\u00e1rios por sistemas de intelig\u00eancia artificial no atendimento, na oferta e na contrata\u00e7\u00e3o de servi\u00e7os junto \u00e0 popula\u00e7\u00e3o. Segundo informa\u00e7\u00f5es obtidas por <strong>Notibras<\/strong>, o projeto prev\u00ea que a I.A. assuma parte significativa das fun\u00e7\u00f5es hoje desempenhadas pelos empregados das ag\u00eancias, conduzindo a rela\u00e7\u00e3o com o cliente desde o primeiro contato at\u00e9 a formaliza\u00e7\u00e3o de contratos de produtos e servi\u00e7os.<\/p>\n<p data-start=\"744\" data-end=\"1143\">O plano inicial mira justamente a \u00e1rea de seguros. Trata-se de um setor em que banc\u00e1rios atuam na venda e recebem comiss\u00f5es como complemento de renda, pagas \u00e0 equipe de comercializa\u00e7\u00e3o independentemente do sal\u00e1rio. A substitui\u00e7\u00e3o da for\u00e7a de trabalho humana pela I.A., nesse caso, n\u00e3o cria novas oportunidades nem requalifica profissionais. Ao contr\u00e1rio, elimina postos, retira renda e transfere ganhos para intermedi\u00e1rios tecnol\u00f3gicos.<\/p>\n<p data-start=\"1145\" data-end=\"1709\">A iniciativa \u00e9 liderada pelo presidente da Caixa Seguridade Corretagem, Ricardo Talamini Cardoso, e \u00e9 apresentada internamente como uma solu\u00e7\u00e3o para um antigo problema &#8211; as reclama\u00e7\u00f5es recorrentes de banc\u00e1rios sobre atrasos e at\u00e9 mesmo a falta de pagamento das comiss\u00f5es de venda. A \u201csolu\u00e7\u00e3o\u201d, no entanto, \u00e9 reveladora do esp\u00edrito do projeto, porque,\u00a0 em vez de corrigir distor\u00e7\u00f5es, prefere-se extinguir o trabalhador do processo. Com a ado\u00e7\u00e3o da I.A., as comiss\u00f5es deixariam de ser pagas aos banc\u00e1rios e passariam diretamente aos parceiros privados respons\u00e1veis pela opera\u00e7\u00e3o tecnol\u00f3gica.<\/p>\n<p data-start=\"1711\" data-end=\"2204\">Nada disso acontece por acaso, nem em qualquer lugar da estrutura da CEF. O experimento est\u00e1 sendo gestado na Caixa Seguridade Corretagem, empresa criada durante o governo Bolsonaro, sob a presid\u00eancia de Pedro Guimar\u00e3es, como um n\u00facleo estrat\u00e9gico e blindado, respons\u00e1vel pela apura\u00e7\u00e3o e pagamento de corretagens de todos os seguros negociados pela Caixa. \u00c0 \u00e9poca, a empresa foi concebida como uma esp\u00e9cie de \u201ccamarote\u201d administrativo, ocupado por quadros pr\u00f3ximos ao ent\u00e3o comando do banco.<\/p>\n<p data-start=\"2206\" data-end=\"2704\">No auge dos esc\u00e2ndalos de ass\u00e9dio moral e sexual que abalaram a Caixa, foi para esse enclave que Pedro Guimar\u00e3es tentou deslocar figuras do c\u00edrculo mais \u00edntimo de sua gest\u00e3o. A presid\u00eancia da empresa foi entregue a Camila de Freitas Aichinger, ent\u00e3o vice-presidente de Varejo e considerada uma das pessoas mais pr\u00f3ximas de Guimar\u00e3es. Sua ascens\u00e3o mete\u00f3rica, noticiada pela <em data-start=\"2588\" data-end=\"2607\">Folha de S. Paulo<\/em>, acabou interrompida pelo afastamento da vice-presid\u00eancia, em meio a den\u00fancias de ass\u00e9dio moral.<\/p>\n<p data-start=\"2706\" data-end=\"3239\">Com a mudan\u00e7a de governo, esperava-se uma revis\u00e3o profunda dessas estruturas. O que se v\u00ea, por\u00e9m, \u00e9 a perman\u00eancia da Caixa Seguridade Corretagem como um reduto bolsonarista \u201craiz\u201d, onde prosperam ideias radicalmente liberais e abertamente antissindicais, como a substitui\u00e7\u00e3o de banc\u00e1rios por intelig\u00eancia artificial. Mesmo sob a gest\u00e3o Lula, a empresa segue protegida por interesses do Centr\u00e3o, tornando-se altamente resistente a auditorias mais rigorosas ou a qualquer influ\u00eancia pol\u00edtica que questione seu modelo de funcionamento.<\/p>\n<p data-start=\"3241\" data-end=\"3651\">Os n\u00fameros ajudam a dimensionar o impacto social da iniciativa. De acordo com a Apcef paulista, apenas no primeiro semestre de 2025 a Caixa Seguridade Corretagem pagou 192 milh\u00f5es de reais em comiss\u00f5es de time de venda aos banc\u00e1rios da Caixa. Esse valor representa renda direta para trabalhadores espalhados por mais de 4 mil ag\u00eancias em todo o pa\u00eds, e \u00e9 exatamente esse montante que est\u00e1 na linha de tiro do experimento.<\/p>\n<p data-start=\"3653\" data-end=\"4084\" data-is-last-node=\"\" data-is-only-node=\"\">A tecnologia, por si s\u00f3, n\u00e3o \u00e9 o problema. O risco est\u00e1 na op\u00e7\u00e3o pol\u00edtica de us\u00e1-la para retirar renda, enfraquecer v\u00ednculos de trabalho e aprofundar desigualdades, em vez de incorpor\u00e1-la a uma estrat\u00e9gia de desenvolvimento, qualifica\u00e7\u00e3o profissional e gera\u00e7\u00e3o de emprego. Trata-se de uma heran\u00e7a maldita do bolsonarismo que resiste ao tempo. E que desafia o governo Lula, em plano ano eleitoral, a decidir se vai enfrent\u00e1-la ou administr\u00e1-la em sil\u00eancio.<\/p>\n<p data-start=\"3653\" data-end=\"4084\" data-is-last-node=\"\" data-is-only-node=\"\">&#8230;&#8230;&#8230;&#8230;&#8230;..<\/p>\n<p data-start=\"3653\" data-end=\"4084\" data-is-last-node=\"\" data-is-only-node=\"\"><strong>Jos\u00e9 Seabra \u00e9 CEO fundador de Notibras<\/strong><\/p>\n","protected":false},"excerpt":{"rendered":"<p>A Caixa Econ\u00f4mica Federal estuda uma parceria para substituir banc\u00e1rios por sistemas de intelig\u00eancia artificial no atendimento, na oferta e na contrata\u00e7\u00e3o de servi\u00e7os junto \u00e0 popula\u00e7\u00e3o. Segundo informa\u00e7\u00f5es obtidas por Notibras, o projeto prev\u00ea que a I.A. assuma parte significativa das fun\u00e7\u00f5es hoje desempenhadas pelos empregados das ag\u00eancias, conduzindo a rela\u00e7\u00e3o com o cliente [&hellip;]<\/p>\n","protected":false},"author":2,"featured_media":378409,"comment_status":"closed","ping_status":"closed","sticky":false,"template":"","format":"standard","meta":{"_acf_changed":false,"footnotes":""},"categories":[16],"tags":[95],"class_list":["post-378407","post","type-post","status-publish","format-standard","has-post-thumbnail","hentry","category-brasil","tag-capa"],"acf":[],"yoast_head":"<!-- This site is optimized with the Yoast SEO plugin v27.2 - https:\/\/yoast.com\/product\/yoast-seo-wordpress\/ -->\n<title>Lula mant\u00e9m heran\u00e7a de Bolsonaro e I.A. tira b\u00f4nus de banc\u00e1rios - Notibras<\/title>\n<meta name=\"robots\" content=\"index, follow, max-snippet:-1, max-image-preview:large, max-video-preview:-1\" \/>\n<link rel=\"canonical\" href=\"https:\/\/www.notibras.com\/site\/lula-mantem-heranca-de-bolsonaro-e-i-a-tira-bonus-de-bancarios\/\" \/>\n<meta property=\"og:locale\" content=\"pt_BR\" \/>\n<meta property=\"og:type\" content=\"article\" \/>\n<meta property=\"og:title\" content=\"Lula mant\u00e9m heran\u00e7a de Bolsonaro e I.A. tira b\u00f4nus de banc\u00e1rios - Notibras\" \/>\n<meta property=\"og:description\" content=\"A Caixa Econ\u00f4mica Federal estuda uma parceria para substituir banc\u00e1rios por sistemas de intelig\u00eancia artificial no atendimento, na oferta e na contrata\u00e7\u00e3o de servi\u00e7os junto \u00e0 popula\u00e7\u00e3o. Segundo informa\u00e7\u00f5es obtidas por Notibras, o projeto prev\u00ea que a I.A. assuma parte significativa das fun\u00e7\u00f5es hoje desempenhadas pelos empregados das ag\u00eancias, conduzindo a rela\u00e7\u00e3o com o cliente [&hellip;]\" \/>\n<meta property=\"og:url\" content=\"https:\/\/www.notibras.com\/site\/lula-mantem-heranca-de-bolsonaro-e-i-a-tira-bonus-de-bancarios\/\" \/>\n<meta property=\"og:site_name\" content=\"Notibras\" \/>\n<meta property=\"article:publisher\" content=\"https:\/\/www.facebook.com\/notibras\/\" \/>\n<meta property=\"article:published_time\" content=\"2026-01-10T08:59:38+00:00\" \/>\n<meta property=\"article:modified_time\" content=\"2026-01-10T10:43:31+00:00\" \/>\n<meta property=\"og:image\" content=\"https:\/\/www.notibras.com\/site\/wp-content\/uploads\/2026\/01\/05b0de6a-1161-4e53-a6a0-c3ad0b343986.jpg\" \/>\n\t<meta property=\"og:image:width\" content=\"1024\" \/>\n\t<meta property=\"og:image:height\" content=\"1536\" \/>\n\t<meta property=\"og:image:type\" content=\"image\/jpeg\" \/>\n<meta name=\"author\" content=\"Reda\u00e7\u00e3o\" \/>\n<meta name=\"twitter:card\" content=\"summary_large_image\" \/>\n<meta name=\"twitter:creator\" content=\"@Notibras\" \/>\n<meta name=\"twitter:site\" content=\"@Notibras\" \/>\n<meta name=\"twitter:label1\" content=\"Escrito por\" \/>\n\t<meta name=\"twitter:data1\" content=\"Reda\u00e7\u00e3o\" \/>\n\t<meta name=\"twitter:label2\" content=\"Est. tempo de leitura\" \/>\n\t<meta name=\"twitter:data2\" content=\"4 minutos\" \/>\n<script type=\"application\/ld+json\" class=\"yoast-schema-graph\">{\"@context\":\"https:\/\/schema.org\",\"@graph\":[{\"@type\":\"Article\",\"@id\":\"https:\/\/www.notibras.com\/site\/lula-mantem-heranca-de-bolsonaro-e-i-a-tira-bonus-de-bancarios\/#article\",\"isPartOf\":{\"@id\":\"https:\/\/www.notibras.com\/site\/lula-mantem-heranca-de-bolsonaro-e-i-a-tira-bonus-de-bancarios\/\"},\"author\":{\"name\":\"Reda\u00e7\u00e3o\",\"@id\":\"https:\/\/www.notibras.com\/site\/#\/schema\/person\/36ab0979449956132d3e5b517ea76ac8\"},\"headline\":\"Lula mant\u00e9m heran\u00e7a de Bolsonaro e I.A. tira b\u00f4nus de banc\u00e1rios\",\"datePublished\":\"2026-01-10T08:59:38+00:00\",\"dateModified\":\"2026-01-10T10:43:31+00:00\",\"mainEntityOfPage\":{\"@id\":\"https:\/\/www.notibras.com\/site\/lula-mantem-heranca-de-bolsonaro-e-i-a-tira-bonus-de-bancarios\/\"},\"wordCount\":691,\"publisher\":{\"@id\":\"https:\/\/www.notibras.com\/site\/#organization\"},\"image\":{\"@id\":\"https:\/\/www.notibras.com\/site\/lula-mantem-heranca-de-bolsonaro-e-i-a-tira-bonus-de-bancarios\/#primaryimage\"},\"thumbnailUrl\":\"https:\/\/www.notibras.com\/site\/wp-content\/uploads\/2026\/01\/05b0de6a-1161-4e53-a6a0-c3ad0b343986.jpg\",\"keywords\":[\"capa\"],\"articleSection\":[\"Brasil\"],\"inLanguage\":\"pt-BR\"},{\"@type\":\"WebPage\",\"@id\":\"https:\/\/www.notibras.com\/site\/lula-mantem-heranca-de-bolsonaro-e-i-a-tira-bonus-de-bancarios\/\",\"url\":\"https:\/\/www.notibras.com\/site\/lula-mantem-heranca-de-bolsonaro-e-i-a-tira-bonus-de-bancarios\/\",\"name\":\"Lula mant\u00e9m heran\u00e7a de Bolsonaro e I.A. tira b\u00f4nus de banc\u00e1rios - Notibras\",\"isPartOf\":{\"@id\":\"https:\/\/www.notibras.com\/site\/#website\"},\"primaryImageOfPage\":{\"@id\":\"https:\/\/www.notibras.com\/site\/lula-mantem-heranca-de-bolsonaro-e-i-a-tira-bonus-de-bancarios\/#primaryimage\"},\"image\":{\"@id\":\"https:\/\/www.notibras.com\/site\/lula-mantem-heranca-de-bolsonaro-e-i-a-tira-bonus-de-bancarios\/#primaryimage\"},\"thumbnailUrl\":\"https:\/\/www.notibras.com\/site\/wp-content\/uploads\/2026\/01\/05b0de6a-1161-4e53-a6a0-c3ad0b343986.jpg\",\"datePublished\":\"2026-01-10T08:59:38+00:00\",\"dateModified\":\"2026-01-10T10:43:31+00:00\",\"breadcrumb\":{\"@id\":\"https:\/\/www.notibras.com\/site\/lula-mantem-heranca-de-bolsonaro-e-i-a-tira-bonus-de-bancarios\/#breadcrumb\"},\"inLanguage\":\"pt-BR\",\"potentialAction\":[{\"@type\":\"ReadAction\",\"target\":[\"https:\/\/www.notibras.com\/site\/lula-mantem-heranca-de-bolsonaro-e-i-a-tira-bonus-de-bancarios\/\"]}]},{\"@type\":\"ImageObject\",\"inLanguage\":\"pt-BR\",\"@id\":\"https:\/\/www.notibras.com\/site\/lula-mantem-heranca-de-bolsonaro-e-i-a-tira-bonus-de-bancarios\/#primaryimage\",\"url\":\"https:\/\/www.notibras.com\/site\/wp-content\/uploads\/2026\/01\/05b0de6a-1161-4e53-a6a0-c3ad0b343986.jpg\",\"contentUrl\":\"https:\/\/www.notibras.com\/site\/wp-content\/uploads\/2026\/01\/05b0de6a-1161-4e53-a6a0-c3ad0b343986.jpg\",\"width\":1024,\"height\":1536},{\"@type\":\"BreadcrumbList\",\"@id\":\"https:\/\/www.notibras.com\/site\/lula-mantem-heranca-de-bolsonaro-e-i-a-tira-bonus-de-bancarios\/#breadcrumb\",\"itemListElement\":[{\"@type\":\"ListItem\",\"position\":1,\"name\":\"In\u00edcio\",\"item\":\"https:\/\/www.notibras.com\/site\/\"},{\"@type\":\"ListItem\",\"position\":2,\"name\":\"Lula mant\u00e9m heran\u00e7a de Bolsonaro e I.A. tira b\u00f4nus de banc\u00e1rios\"}]},{\"@type\":\"WebSite\",\"@id\":\"https:\/\/www.notibras.com\/site\/#website\",\"url\":\"https:\/\/www.notibras.com\/site\/\",\"name\":\"Notibras\",\"description\":\"Not\u00edcias de Bras\u00edlia, do Brasil e do Mundo\",\"publisher\":{\"@id\":\"https:\/\/www.notibras.com\/site\/#organization\"},\"potentialAction\":[{\"@type\":\"SearchAction\",\"target\":{\"@type\":\"EntryPoint\",\"urlTemplate\":\"https:\/\/www.notibras.com\/site\/?s={search_term_string}\"},\"query-input\":{\"@type\":\"PropertyValueSpecification\",\"valueRequired\":true,\"valueName\":\"search_term_string\"}}],\"inLanguage\":\"pt-BR\"},{\"@type\":\"Organization\",\"@id\":\"https:\/\/www.notibras.com\/site\/#organization\",\"name\":\"Grupo Notibras de Comunica\u00e7\u00e3o\",\"url\":\"https:\/\/www.notibras.com\/site\/\",\"logo\":{\"@type\":\"ImageObject\",\"inLanguage\":\"pt-BR\",\"@id\":\"https:\/\/www.notibras.com\/site\/#\/schema\/logo\/image\/\",\"url\":\"https:\/\/www.notibras.com\/site\/wp-content\/uploads\/2023\/01\/notibras23.png\",\"contentUrl\":\"https:\/\/www.notibras.com\/site\/wp-content\/uploads\/2023\/01\/notibras23.png\",\"width\":350,\"height\":87,\"caption\":\"Grupo Notibras de Comunica\u00e7\u00e3o\"},\"image\":{\"@id\":\"https:\/\/www.notibras.com\/site\/#\/schema\/logo\/image\/\"},\"sameAs\":[\"https:\/\/www.facebook.com\/notibras\/\",\"https:\/\/x.com\/Notibras\",\"https:\/\/www.instagram.com\/notibras\/\"]},{\"@type\":\"Person\",\"@id\":\"https:\/\/www.notibras.com\/site\/#\/schema\/person\/36ab0979449956132d3e5b517ea76ac8\",\"name\":\"Reda\u00e7\u00e3o\",\"image\":{\"@type\":\"ImageObject\",\"inLanguage\":\"pt-BR\",\"@id\":\"https:\/\/secure.gravatar.com\/avatar\/e0a867bdedb85fd243eadf09663511f96fc81e0720a4a42581f334ad4303aa6b?s=96&d=mm&r=g\",\"url\":\"https:\/\/secure.gravatar.com\/avatar\/e0a867bdedb85fd243eadf09663511f96fc81e0720a4a42581f334ad4303aa6b?s=96&d=mm&r=g\",\"contentUrl\":\"https:\/\/secure.gravatar.com\/avatar\/e0a867bdedb85fd243eadf09663511f96fc81e0720a4a42581f334ad4303aa6b?s=96&d=mm&r=g\",\"caption\":\"Reda\u00e7\u00e3o\"}}]}<\/script>\n<!-- \/ Yoast SEO plugin. -->","yoast_head_json":{"title":"Lula mant\u00e9m heran\u00e7a de Bolsonaro e I.A. tira b\u00f4nus de banc\u00e1rios - Notibras","robots":{"index":"index","follow":"follow","max-snippet":"max-snippet:-1","max-image-preview":"max-image-preview:large","max-video-preview":"max-video-preview:-1"},"canonical":"https:\/\/www.notibras.com\/site\/lula-mantem-heranca-de-bolsonaro-e-i-a-tira-bonus-de-bancarios\/","og_locale":"pt_BR","og_type":"article","og_title":"Lula mant\u00e9m heran\u00e7a de Bolsonaro e I.A. tira b\u00f4nus de banc\u00e1rios - Notibras","og_description":"A Caixa Econ\u00f4mica Federal estuda uma parceria para substituir banc\u00e1rios por sistemas de intelig\u00eancia artificial no atendimento, na oferta e na contrata\u00e7\u00e3o de servi\u00e7os junto \u00e0 popula\u00e7\u00e3o. Segundo informa\u00e7\u00f5es obtidas por Notibras, o projeto prev\u00ea que a I.A. assuma parte significativa das fun\u00e7\u00f5es hoje desempenhadas pelos empregados das ag\u00eancias, conduzindo a rela\u00e7\u00e3o com o cliente [&hellip;]","og_url":"https:\/\/www.notibras.com\/site\/lula-mantem-heranca-de-bolsonaro-e-i-a-tira-bonus-de-bancarios\/","og_site_name":"Notibras","article_publisher":"https:\/\/www.facebook.com\/notibras\/","article_published_time":"2026-01-10T08:59:38+00:00","article_modified_time":"2026-01-10T10:43:31+00:00","og_image":[{"width":1024,"height":1536,"url":"https:\/\/www.notibras.com\/site\/wp-content\/uploads\/2026\/01\/05b0de6a-1161-4e53-a6a0-c3ad0b343986.jpg","type":"image\/jpeg"}],"author":"Reda\u00e7\u00e3o","twitter_card":"summary_large_image","twitter_creator":"@Notibras","twitter_site":"@Notibras","twitter_misc":{"Escrito por":"Reda\u00e7\u00e3o","Est. tempo de leitura":"4 minutos"},"schema":{"@context":"https:\/\/schema.org","@graph":[{"@type":"Article","@id":"https:\/\/www.notibras.com\/site\/lula-mantem-heranca-de-bolsonaro-e-i-a-tira-bonus-de-bancarios\/#article","isPartOf":{"@id":"https:\/\/www.notibras.com\/site\/lula-mantem-heranca-de-bolsonaro-e-i-a-tira-bonus-de-bancarios\/"},"author":{"name":"Reda\u00e7\u00e3o","@id":"https:\/\/www.notibras.com\/site\/#\/schema\/person\/36ab0979449956132d3e5b517ea76ac8"},"headline":"Lula mant\u00e9m heran\u00e7a de Bolsonaro e I.A. tira b\u00f4nus de banc\u00e1rios","datePublished":"2026-01-10T08:59:38+00:00","dateModified":"2026-01-10T10:43:31+00:00","mainEntityOfPage":{"@id":"https:\/\/www.notibras.com\/site\/lula-mantem-heranca-de-bolsonaro-e-i-a-tira-bonus-de-bancarios\/"},"wordCount":691,"publisher":{"@id":"https:\/\/www.notibras.com\/site\/#organization"},"image":{"@id":"https:\/\/www.notibras.com\/site\/lula-mantem-heranca-de-bolsonaro-e-i-a-tira-bonus-de-bancarios\/#primaryimage"},"thumbnailUrl":"https:\/\/www.notibras.com\/site\/wp-content\/uploads\/2026\/01\/05b0de6a-1161-4e53-a6a0-c3ad0b343986.jpg","keywords":["capa"],"articleSection":["Brasil"],"inLanguage":"pt-BR"},{"@type":"WebPage","@id":"https:\/\/www.notibras.com\/site\/lula-mantem-heranca-de-bolsonaro-e-i-a-tira-bonus-de-bancarios\/","url":"https:\/\/www.notibras.com\/site\/lula-mantem-heranca-de-bolsonaro-e-i-a-tira-bonus-de-bancarios\/","name":"Lula mant\u00e9m heran\u00e7a de Bolsonaro e I.A. tira b\u00f4nus de banc\u00e1rios - Notibras","isPartOf":{"@id":"https:\/\/www.notibras.com\/site\/#website"},"primaryImageOfPage":{"@id":"https:\/\/www.notibras.com\/site\/lula-mantem-heranca-de-bolsonaro-e-i-a-tira-bonus-de-bancarios\/#primaryimage"},"image":{"@id":"https:\/\/www.notibras.com\/site\/lula-mantem-heranca-de-bolsonaro-e-i-a-tira-bonus-de-bancarios\/#primaryimage"},"thumbnailUrl":"https:\/\/www.notibras.com\/site\/wp-content\/uploads\/2026\/01\/05b0de6a-1161-4e53-a6a0-c3ad0b343986.jpg","datePublished":"2026-01-10T08:59:38+00:00","dateModified":"2026-01-10T10:43:31+00:00","breadcrumb":{"@id":"https:\/\/www.notibras.com\/site\/lula-mantem-heranca-de-bolsonaro-e-i-a-tira-bonus-de-bancarios\/#breadcrumb"},"inLanguage":"pt-BR","potentialAction":[{"@type":"ReadAction","target":["https:\/\/www.notibras.com\/site\/lula-mantem-heranca-de-bolsonaro-e-i-a-tira-bonus-de-bancarios\/"]}]},{"@type":"ImageObject","inLanguage":"pt-BR","@id":"https:\/\/www.notibras.com\/site\/lula-mantem-heranca-de-bolsonaro-e-i-a-tira-bonus-de-bancarios\/#primaryimage","url":"https:\/\/www.notibras.com\/site\/wp-content\/uploads\/2026\/01\/05b0de6a-1161-4e53-a6a0-c3ad0b343986.jpg","contentUrl":"https:\/\/www.notibras.com\/site\/wp-content\/uploads\/2026\/01\/05b0de6a-1161-4e53-a6a0-c3ad0b343986.jpg","width":1024,"height":1536},{"@type":"BreadcrumbList","@id":"https:\/\/www.notibras.com\/site\/lula-mantem-heranca-de-bolsonaro-e-i-a-tira-bonus-de-bancarios\/#breadcrumb","itemListElement":[{"@type":"ListItem","position":1,"name":"In\u00edcio","item":"https:\/\/www.notibras.com\/site\/"},{"@type":"ListItem","position":2,"name":"Lula mant\u00e9m heran\u00e7a de Bolsonaro e I.A. tira b\u00f4nus de banc\u00e1rios"}]},{"@type":"WebSite","@id":"https:\/\/www.notibras.com\/site\/#website","url":"https:\/\/www.notibras.com\/site\/","name":"Notibras","description":"Not\u00edcias de Bras\u00edlia, do Brasil e do Mundo","publisher":{"@id":"https:\/\/www.notibras.com\/site\/#organization"},"potentialAction":[{"@type":"SearchAction","target":{"@type":"EntryPoint","urlTemplate":"https:\/\/www.notibras.com\/site\/?s={search_term_string}"},"query-input":{"@type":"PropertyValueSpecification","valueRequired":true,"valueName":"search_term_string"}}],"inLanguage":"pt-BR"},{"@type":"Organization","@id":"https:\/\/www.notibras.com\/site\/#organization","name":"Grupo Notibras de Comunica\u00e7\u00e3o","url":"https:\/\/www.notibras.com\/site\/","logo":{"@type":"ImageObject","inLanguage":"pt-BR","@id":"https:\/\/www.notibras.com\/site\/#\/schema\/logo\/image\/","url":"https:\/\/www.notibras.com\/site\/wp-content\/uploads\/2023\/01\/notibras23.png","contentUrl":"https:\/\/www.notibras.com\/site\/wp-content\/uploads\/2023\/01\/notibras23.png","width":350,"height":87,"caption":"Grupo Notibras de Comunica\u00e7\u00e3o"},"image":{"@id":"https:\/\/www.notibras.com\/site\/#\/schema\/logo\/image\/"},"sameAs":["https:\/\/www.facebook.com\/notibras\/","https:\/\/x.com\/Notibras","https:\/\/www.instagram.com\/notibras\/"]},{"@type":"Person","@id":"https:\/\/www.notibras.com\/site\/#\/schema\/person\/36ab0979449956132d3e5b517ea76ac8","name":"Reda\u00e7\u00e3o","image":{"@type":"ImageObject","inLanguage":"pt-BR","@id":"https:\/\/secure.gravatar.com\/avatar\/e0a867bdedb85fd243eadf09663511f96fc81e0720a4a42581f334ad4303aa6b?s=96&d=mm&r=g","url":"https:\/\/secure.gravatar.com\/avatar\/e0a867bdedb85fd243eadf09663511f96fc81e0720a4a42581f334ad4303aa6b?s=96&d=mm&r=g","contentUrl":"https:\/\/secure.gravatar.com\/avatar\/e0a867bdedb85fd243eadf09663511f96fc81e0720a4a42581f334ad4303aa6b?s=96&d=mm&r=g","caption":"Reda\u00e7\u00e3o"}}]}},"amp_enabled":true,"_links":{"self":[{"href":"https:\/\/www.notibras.com\/site\/wp-json\/wp\/v2\/posts\/378407","targetHints":{"allow":["GET"]}}],"collection":[{"href":"https:\/\/www.notibras.com\/site\/wp-json\/wp\/v2\/posts"}],"about":[{"href":"https:\/\/www.notibras.com\/site\/wp-json\/wp\/v2\/types\/post"}],"author":[{"embeddable":true,"href":"https:\/\/www.notibras.com\/site\/wp-json\/wp\/v2\/users\/2"}],"replies":[{"embeddable":true,"href":"https:\/\/www.notibras.com\/site\/wp-json\/wp\/v2\/comments?post=378407"}],"version-history":[{"count":5,"href":"https:\/\/www.notibras.com\/site\/wp-json\/wp\/v2\/posts\/378407\/revisions"}],"predecessor-version":[{"id":378423,"href":"https:\/\/www.notibras.com\/site\/wp-json\/wp\/v2\/posts\/378407\/revisions\/378423"}],"wp:featuredmedia":[{"embeddable":true,"href":"https:\/\/www.notibras.com\/site\/wp-json\/wp\/v2\/media\/378409"}],"wp:attachment":[{"href":"https:\/\/www.notibras.com\/site\/wp-json\/wp\/v2\/media?parent=378407"}],"wp:term":[{"taxonomy":"category","embeddable":true,"href":"https:\/\/www.notibras.com\/site\/wp-json\/wp\/v2\/categories?post=378407"},{"taxonomy":"post_tag","embeddable":true,"href":"https:\/\/www.notibras.com\/site\/wp-json\/wp\/v2\/tags?post=378407"}],"curies":[{"name":"wp","href":"https:\/\/api.w.org\/{rel}","templated":true}]}}