{"id":378420,"date":"2026-01-10T05:32:08","date_gmt":"2026-01-10T08:32:08","guid":{"rendered":"https:\/\/www.notibras.com\/site\/?p=378420"},"modified":"2026-01-10T07:40:31","modified_gmt":"2026-01-10T10:40:31","slug":"presente-caro-a-honestidade-nao-e-comum-em-pessoas-baratas","status":"publish","type":"post","link":"https:\/\/www.notibras.com\/site\/presente-caro-a-honestidade-nao-e-comum-em-pessoas-baratas\/","title":{"rendered":"Presente caro, a honestidade n\u00e3o \u00e9 comum em pessoas baratas"},"content":{"rendered":"<p>Mesmo carregado de defeitos, me considero honesto e patriota at\u00e9 nos momentos de caminhadas extremas. Por exemplo, nos embargos auriculares noturnos que costumo ter com S\u00e3o Pedro n\u00e3o pe\u00e7o nada bruto ou de acesso complicado. Semana passada, esquecidos os excessos do dil\u00favio decorrente do ac\u00famulo de emendas parlamentares no ralo, pedi ao santo de todas as chaves para que, na pr\u00f3xima encarna\u00e7\u00e3o, eu volte \u00e0 Terra pelo menos remediado. Se for para nascer pobre, n\u00e3o largo a placenta nem com cesariana. Ele n\u00e3o me prometeu nada, mas disse que ia pensar no meu caso.<\/p>\n<p>T\u00e3o secreto como o Or\u00e7amento da Uni\u00e3o no bolso dos deputados e senadores do PL, meu pedido por honestidade para os pol\u00edticos est\u00e1 na primeira prateleira do escaninho particular de Mestre Pedro. Mesmo sem confundi-lo com Dom Pedro, sei que o santo entendeu que, se \u00e9 para o bem de todos e felicidade geral da na\u00e7\u00e3o, estou pronto para seguir viagem ainda na era de Donald Trump, o homem que teve coragem de, num t\u00eate-\u00e0-t\u00eate com o ditador Nicol\u00e1s Maduro, pensar alto que \u201cO mundo n\u00e3o \u00e9 de todo ruim. Ele s\u00f3 est\u00e1 mal frequentado.\u201d<\/p>\n<p>N\u00e3o sei se Maduro engoliu, mas, sem resposta para uma afirma\u00e7\u00e3o t\u00e3o l\u00f3gica, o d\u00e9spota venezuelano ficou sem alternativa. Resignando-se \u00e0 pr\u00f3pria insignific\u00e2ncia, que \u00e9 a forma mais c\u00f4mica de sabedoria, Nicol\u00e1s acabou permitindo a Trump mamar a c\u00e9u aberto e sem filtros boa parte do leite preto produzido nas entranhas do mito Hugo Chaves. Acabou preso em uma fortaleza aparentemente de algod\u00e3o doce. Sinceramente, mito por mito, prefiro o nosso. Apesar de Messias, o mito brasileiro s\u00f3 descobriu at\u00e9 onde podia ir quando j\u00e1 estava indo. E foi!<\/p>\n<p>Ali\u00e1s, diga-se de passagem, foi gra\u00e7as a ele (o nosso mito) que o eleitor nativo compreendeu o motivo de o voto deve continuar rigorosamente secreto no Brasil. Afinal, essa \u00e9 a \u00fanica forma que os chamados patriotas votam sem ter vergonha. Deve ter sido a aus\u00eancia de vergonha e de consci\u00eancia a raz\u00e3o pela qual nenhum deles viu a obra suja do idolatrado mito, aquele que jamais foi informado que, mais do que virtude, honestidade \u00e9 um dever moral. De repente estou exagerado nessa premissa antipatriotas. Dou a m\u00e3o \u00e0 palmat\u00f3ria, pois eles s\u00e3o livres, realmente livres, completamente livres. T\u00e3o livres que n\u00e3o t\u00eam medo do rid\u00edculo.<\/p>\n<p>Nas conversas de p\u00e9 de ouvido com o ap\u00f3stolo S\u00e3o Pedro, normalmente sou instado a jamais desrespeitar uma coisa que a Sandy tem, mas n\u00e3o usa, o Lula tem, mas n\u00e3o costuma usar, Obama tem um curto, Bolsonaro tem e se acha santo e o Schwarzenegger tem um longo e potente. Mentes sujas, estou me referindo ao sobrenome. Meu Deus! Como dizia o papa Luiz Fernando Ver\u00edssimo, n\u00e3o \u00e9 o sobrenome que determina a ningu\u00e9m ser o que parece ou o que aparece. \u201cO essencial n\u00e3o h\u00e1 quem enxergue.\u201d Foi assim com o Jair, com o Eduardo, com a Zambelli, com o Ramagem e at\u00e9 com o S\u00f3stenes, o deputado que, n\u00e3o \u00e0 toa, foi batizado com um dos apelidos do \u00f3rg\u00e3o sexual feminino. S\u00f3stenes s\u00f3 usa o Cavalcante para\u2026lascar o povo.<\/p>\n<p>Sem prova alguma de honestidade, eles s\u00e3o o exemplo cl\u00e1ssico de que, \u00e0s vezes, a \u00fanica coisa verdadeira em seus discursos \u00e9 o microfone. E lembro bem que, no \u00faltimo papo dez com S\u00e3o Pedro, disse a Ele que s\u00f3 acredito naquilo que posso tocar. Ou seja, n\u00e3o creio em um m\u00fasculo nadegal de Anitta, nas promessas do mito, tampouco na falta de uso da cavidade bucal de Gil do Vigor. Como sei que o ex-BBB tem carro, se tivesse oportunidade perguntaria se tem como ele levar uma cunhada minha no centro. S\u00f3 de pensar em perguntar levei um pito. Caramba! A cunhada em quest\u00e3o \u00e9 apenas a irm\u00e3 de minha mulher. Depois do pretenso lero-lero liter\u00e1rio, cheguei \u00e0 conclus\u00e3o de que a honestidade \u00e9 um presente muito caro. Por isso, meus caros confrades, n\u00e3o imaginem que isso seja comum a pessoas baratas.<\/p>\n<p>&#8230;&#8230;&#8230;&#8230;.<\/p>\n<p><strong>Wenceslau Ara\u00fajo \u00e9 Editor-Chefe de Notibras<\/strong><\/p>\n","protected":false},"excerpt":{"rendered":"<p>Mesmo carregado de defeitos, me considero honesto e patriota at\u00e9 nos momentos de caminhadas extremas. Por exemplo, nos embargos auriculares noturnos que costumo ter com S\u00e3o Pedro n\u00e3o pe\u00e7o nada bruto ou de acesso complicado. Semana passada, esquecidos os excessos do dil\u00favio decorrente do ac\u00famulo de emendas parlamentares no ralo, pedi ao santo de todas [&hellip;]<\/p>\n","protected":false},"author":2,"featured_media":29214,"comment_status":"closed","ping_status":"closed","sticky":false,"template":"","format":"standard","meta":{"_acf_changed":false,"footnotes":""},"categories":[16],"tags":[],"class_list":["post-378420","post","type-post","status-publish","format-standard","has-post-thumbnail","hentry","category-brasil"],"acf":[],"yoast_head":"<!-- This site is optimized with the Yoast SEO plugin v27.2 - https:\/\/yoast.com\/product\/yoast-seo-wordpress\/ -->\n<title>Presente caro, a honestidade n\u00e3o \u00e9 comum em pessoas baratas - Notibras<\/title>\n<meta name=\"robots\" content=\"index, follow, max-snippet:-1, max-image-preview:large, max-video-preview:-1\" \/>\n<link rel=\"canonical\" href=\"https:\/\/www.notibras.com\/site\/presente-caro-a-honestidade-nao-e-comum-em-pessoas-baratas\/\" \/>\n<meta property=\"og:locale\" content=\"pt_BR\" \/>\n<meta property=\"og:type\" content=\"article\" \/>\n<meta property=\"og:title\" content=\"Presente caro, a honestidade n\u00e3o \u00e9 comum em pessoas baratas - Notibras\" \/>\n<meta property=\"og:description\" content=\"Mesmo carregado de defeitos, me considero honesto e patriota at\u00e9 nos momentos de caminhadas extremas. Por exemplo, nos embargos auriculares noturnos que costumo ter com S\u00e3o Pedro n\u00e3o pe\u00e7o nada bruto ou de acesso complicado. Semana passada, esquecidos os excessos do dil\u00favio decorrente do ac\u00famulo de emendas parlamentares no ralo, pedi ao santo de todas [&hellip;]\" \/>\n<meta property=\"og:url\" content=\"https:\/\/www.notibras.com\/site\/presente-caro-a-honestidade-nao-e-comum-em-pessoas-baratas\/\" \/>\n<meta property=\"og:site_name\" content=\"Notibras\" \/>\n<meta property=\"article:publisher\" content=\"https:\/\/www.facebook.com\/notibras\/\" \/>\n<meta property=\"article:published_time\" content=\"2026-01-10T08:32:08+00:00\" \/>\n<meta property=\"article:modified_time\" content=\"2026-01-10T10:40:31+00:00\" \/>\n<meta property=\"og:image\" content=\"https:\/\/www.notibras.com\/site\/wp-content\/uploads\/2014\/11\/politicos-corruptos-noticia-santa-rita-hoje.jpg\" \/>\n\t<meta property=\"og:image:width\" content=\"640\" \/>\n\t<meta property=\"og:image:height\" content=\"480\" \/>\n\t<meta property=\"og:image:type\" content=\"image\/jpeg\" \/>\n<meta name=\"author\" content=\"Reda\u00e7\u00e3o\" \/>\n<meta name=\"twitter:card\" content=\"summary_large_image\" \/>\n<meta name=\"twitter:creator\" content=\"@Notibras\" \/>\n<meta name=\"twitter:site\" content=\"@Notibras\" \/>\n<meta name=\"twitter:label1\" content=\"Escrito por\" \/>\n\t<meta name=\"twitter:data1\" content=\"Reda\u00e7\u00e3o\" \/>\n\t<meta name=\"twitter:label2\" content=\"Est. tempo de leitura\" \/>\n\t<meta name=\"twitter:data2\" content=\"4 minutos\" \/>\n<script type=\"application\/ld+json\" class=\"yoast-schema-graph\">{\"@context\":\"https:\/\/schema.org\",\"@graph\":[{\"@type\":\"Article\",\"@id\":\"https:\/\/www.notibras.com\/site\/presente-caro-a-honestidade-nao-e-comum-em-pessoas-baratas\/#article\",\"isPartOf\":{\"@id\":\"https:\/\/www.notibras.com\/site\/presente-caro-a-honestidade-nao-e-comum-em-pessoas-baratas\/\"},\"author\":{\"name\":\"Reda\u00e7\u00e3o\",\"@id\":\"https:\/\/www.notibras.com\/site\/#\/schema\/person\/36ab0979449956132d3e5b517ea76ac8\"},\"headline\":\"Presente caro, a honestidade n\u00e3o \u00e9 comum em pessoas baratas\",\"datePublished\":\"2026-01-10T08:32:08+00:00\",\"dateModified\":\"2026-01-10T10:40:31+00:00\",\"mainEntityOfPage\":{\"@id\":\"https:\/\/www.notibras.com\/site\/presente-caro-a-honestidade-nao-e-comum-em-pessoas-baratas\/\"},\"wordCount\":726,\"publisher\":{\"@id\":\"https:\/\/www.notibras.com\/site\/#organization\"},\"image\":{\"@id\":\"https:\/\/www.notibras.com\/site\/presente-caro-a-honestidade-nao-e-comum-em-pessoas-baratas\/#primaryimage\"},\"thumbnailUrl\":\"https:\/\/www.notibras.com\/site\/wp-content\/uploads\/2014\/11\/politicos-corruptos-noticia-santa-rita-hoje.jpg\",\"articleSection\":[\"Brasil\"],\"inLanguage\":\"pt-BR\"},{\"@type\":\"WebPage\",\"@id\":\"https:\/\/www.notibras.com\/site\/presente-caro-a-honestidade-nao-e-comum-em-pessoas-baratas\/\",\"url\":\"https:\/\/www.notibras.com\/site\/presente-caro-a-honestidade-nao-e-comum-em-pessoas-baratas\/\",\"name\":\"Presente caro, a honestidade n\u00e3o \u00e9 comum em pessoas baratas - Notibras\",\"isPartOf\":{\"@id\":\"https:\/\/www.notibras.com\/site\/#website\"},\"primaryImageOfPage\":{\"@id\":\"https:\/\/www.notibras.com\/site\/presente-caro-a-honestidade-nao-e-comum-em-pessoas-baratas\/#primaryimage\"},\"image\":{\"@id\":\"https:\/\/www.notibras.com\/site\/presente-caro-a-honestidade-nao-e-comum-em-pessoas-baratas\/#primaryimage\"},\"thumbnailUrl\":\"https:\/\/www.notibras.com\/site\/wp-content\/uploads\/2014\/11\/politicos-corruptos-noticia-santa-rita-hoje.jpg\",\"datePublished\":\"2026-01-10T08:32:08+00:00\",\"dateModified\":\"2026-01-10T10:40:31+00:00\",\"breadcrumb\":{\"@id\":\"https:\/\/www.notibras.com\/site\/presente-caro-a-honestidade-nao-e-comum-em-pessoas-baratas\/#breadcrumb\"},\"inLanguage\":\"pt-BR\",\"potentialAction\":[{\"@type\":\"ReadAction\",\"target\":[\"https:\/\/www.notibras.com\/site\/presente-caro-a-honestidade-nao-e-comum-em-pessoas-baratas\/\"]}]},{\"@type\":\"ImageObject\",\"inLanguage\":\"pt-BR\",\"@id\":\"https:\/\/www.notibras.com\/site\/presente-caro-a-honestidade-nao-e-comum-em-pessoas-baratas\/#primaryimage\",\"url\":\"https:\/\/www.notibras.com\/site\/wp-content\/uploads\/2014\/11\/politicos-corruptos-noticia-santa-rita-hoje.jpg\",\"contentUrl\":\"https:\/\/www.notibras.com\/site\/wp-content\/uploads\/2014\/11\/politicos-corruptos-noticia-santa-rita-hoje.jpg\",\"width\":640,\"height\":480},{\"@type\":\"BreadcrumbList\",\"@id\":\"https:\/\/www.notibras.com\/site\/presente-caro-a-honestidade-nao-e-comum-em-pessoas-baratas\/#breadcrumb\",\"itemListElement\":[{\"@type\":\"ListItem\",\"position\":1,\"name\":\"In\u00edcio\",\"item\":\"https:\/\/www.notibras.com\/site\/\"},{\"@type\":\"ListItem\",\"position\":2,\"name\":\"Presente caro, a honestidade n\u00e3o \u00e9 comum em pessoas baratas\"}]},{\"@type\":\"WebSite\",\"@id\":\"https:\/\/www.notibras.com\/site\/#website\",\"url\":\"https:\/\/www.notibras.com\/site\/\",\"name\":\"Notibras\",\"description\":\"Not\u00edcias de Bras\u00edlia, do Brasil e do Mundo\",\"publisher\":{\"@id\":\"https:\/\/www.notibras.com\/site\/#organization\"},\"potentialAction\":[{\"@type\":\"SearchAction\",\"target\":{\"@type\":\"EntryPoint\",\"urlTemplate\":\"https:\/\/www.notibras.com\/site\/?s={search_term_string}\"},\"query-input\":{\"@type\":\"PropertyValueSpecification\",\"valueRequired\":true,\"valueName\":\"search_term_string\"}}],\"inLanguage\":\"pt-BR\"},{\"@type\":\"Organization\",\"@id\":\"https:\/\/www.notibras.com\/site\/#organization\",\"name\":\"Grupo Notibras de Comunica\u00e7\u00e3o\",\"url\":\"https:\/\/www.notibras.com\/site\/\",\"logo\":{\"@type\":\"ImageObject\",\"inLanguage\":\"pt-BR\",\"@id\":\"https:\/\/www.notibras.com\/site\/#\/schema\/logo\/image\/\",\"url\":\"https:\/\/www.notibras.com\/site\/wp-content\/uploads\/2023\/01\/notibras23.png\",\"contentUrl\":\"https:\/\/www.notibras.com\/site\/wp-content\/uploads\/2023\/01\/notibras23.png\",\"width\":350,\"height\":87,\"caption\":\"Grupo Notibras de Comunica\u00e7\u00e3o\"},\"image\":{\"@id\":\"https:\/\/www.notibras.com\/site\/#\/schema\/logo\/image\/\"},\"sameAs\":[\"https:\/\/www.facebook.com\/notibras\/\",\"https:\/\/x.com\/Notibras\",\"https:\/\/www.instagram.com\/notibras\/\"]},{\"@type\":\"Person\",\"@id\":\"https:\/\/www.notibras.com\/site\/#\/schema\/person\/36ab0979449956132d3e5b517ea76ac8\",\"name\":\"Reda\u00e7\u00e3o\",\"image\":{\"@type\":\"ImageObject\",\"inLanguage\":\"pt-BR\",\"@id\":\"https:\/\/secure.gravatar.com\/avatar\/e0a867bdedb85fd243eadf09663511f96fc81e0720a4a42581f334ad4303aa6b?s=96&d=mm&r=g\",\"url\":\"https:\/\/secure.gravatar.com\/avatar\/e0a867bdedb85fd243eadf09663511f96fc81e0720a4a42581f334ad4303aa6b?s=96&d=mm&r=g\",\"contentUrl\":\"https:\/\/secure.gravatar.com\/avatar\/e0a867bdedb85fd243eadf09663511f96fc81e0720a4a42581f334ad4303aa6b?s=96&d=mm&r=g\",\"caption\":\"Reda\u00e7\u00e3o\"}}]}<\/script>\n<!-- \/ Yoast SEO plugin. -->","yoast_head_json":{"title":"Presente caro, a honestidade n\u00e3o \u00e9 comum em pessoas baratas - Notibras","robots":{"index":"index","follow":"follow","max-snippet":"max-snippet:-1","max-image-preview":"max-image-preview:large","max-video-preview":"max-video-preview:-1"},"canonical":"https:\/\/www.notibras.com\/site\/presente-caro-a-honestidade-nao-e-comum-em-pessoas-baratas\/","og_locale":"pt_BR","og_type":"article","og_title":"Presente caro, a honestidade n\u00e3o \u00e9 comum em pessoas baratas - Notibras","og_description":"Mesmo carregado de defeitos, me considero honesto e patriota at\u00e9 nos momentos de caminhadas extremas. Por exemplo, nos embargos auriculares noturnos que costumo ter com S\u00e3o Pedro n\u00e3o pe\u00e7o nada bruto ou de acesso complicado. Semana passada, esquecidos os excessos do dil\u00favio decorrente do ac\u00famulo de emendas parlamentares no ralo, pedi ao santo de todas [&hellip;]","og_url":"https:\/\/www.notibras.com\/site\/presente-caro-a-honestidade-nao-e-comum-em-pessoas-baratas\/","og_site_name":"Notibras","article_publisher":"https:\/\/www.facebook.com\/notibras\/","article_published_time":"2026-01-10T08:32:08+00:00","article_modified_time":"2026-01-10T10:40:31+00:00","og_image":[{"width":640,"height":480,"url":"https:\/\/www.notibras.com\/site\/wp-content\/uploads\/2014\/11\/politicos-corruptos-noticia-santa-rita-hoje.jpg","type":"image\/jpeg"}],"author":"Reda\u00e7\u00e3o","twitter_card":"summary_large_image","twitter_creator":"@Notibras","twitter_site":"@Notibras","twitter_misc":{"Escrito por":"Reda\u00e7\u00e3o","Est. tempo de leitura":"4 minutos"},"schema":{"@context":"https:\/\/schema.org","@graph":[{"@type":"Article","@id":"https:\/\/www.notibras.com\/site\/presente-caro-a-honestidade-nao-e-comum-em-pessoas-baratas\/#article","isPartOf":{"@id":"https:\/\/www.notibras.com\/site\/presente-caro-a-honestidade-nao-e-comum-em-pessoas-baratas\/"},"author":{"name":"Reda\u00e7\u00e3o","@id":"https:\/\/www.notibras.com\/site\/#\/schema\/person\/36ab0979449956132d3e5b517ea76ac8"},"headline":"Presente caro, a honestidade n\u00e3o \u00e9 comum em pessoas baratas","datePublished":"2026-01-10T08:32:08+00:00","dateModified":"2026-01-10T10:40:31+00:00","mainEntityOfPage":{"@id":"https:\/\/www.notibras.com\/site\/presente-caro-a-honestidade-nao-e-comum-em-pessoas-baratas\/"},"wordCount":726,"publisher":{"@id":"https:\/\/www.notibras.com\/site\/#organization"},"image":{"@id":"https:\/\/www.notibras.com\/site\/presente-caro-a-honestidade-nao-e-comum-em-pessoas-baratas\/#primaryimage"},"thumbnailUrl":"https:\/\/www.notibras.com\/site\/wp-content\/uploads\/2014\/11\/politicos-corruptos-noticia-santa-rita-hoje.jpg","articleSection":["Brasil"],"inLanguage":"pt-BR"},{"@type":"WebPage","@id":"https:\/\/www.notibras.com\/site\/presente-caro-a-honestidade-nao-e-comum-em-pessoas-baratas\/","url":"https:\/\/www.notibras.com\/site\/presente-caro-a-honestidade-nao-e-comum-em-pessoas-baratas\/","name":"Presente caro, a honestidade n\u00e3o \u00e9 comum em pessoas baratas - Notibras","isPartOf":{"@id":"https:\/\/www.notibras.com\/site\/#website"},"primaryImageOfPage":{"@id":"https:\/\/www.notibras.com\/site\/presente-caro-a-honestidade-nao-e-comum-em-pessoas-baratas\/#primaryimage"},"image":{"@id":"https:\/\/www.notibras.com\/site\/presente-caro-a-honestidade-nao-e-comum-em-pessoas-baratas\/#primaryimage"},"thumbnailUrl":"https:\/\/www.notibras.com\/site\/wp-content\/uploads\/2014\/11\/politicos-corruptos-noticia-santa-rita-hoje.jpg","datePublished":"2026-01-10T08:32:08+00:00","dateModified":"2026-01-10T10:40:31+00:00","breadcrumb":{"@id":"https:\/\/www.notibras.com\/site\/presente-caro-a-honestidade-nao-e-comum-em-pessoas-baratas\/#breadcrumb"},"inLanguage":"pt-BR","potentialAction":[{"@type":"ReadAction","target":["https:\/\/www.notibras.com\/site\/presente-caro-a-honestidade-nao-e-comum-em-pessoas-baratas\/"]}]},{"@type":"ImageObject","inLanguage":"pt-BR","@id":"https:\/\/www.notibras.com\/site\/presente-caro-a-honestidade-nao-e-comum-em-pessoas-baratas\/#primaryimage","url":"https:\/\/www.notibras.com\/site\/wp-content\/uploads\/2014\/11\/politicos-corruptos-noticia-santa-rita-hoje.jpg","contentUrl":"https:\/\/www.notibras.com\/site\/wp-content\/uploads\/2014\/11\/politicos-corruptos-noticia-santa-rita-hoje.jpg","width":640,"height":480},{"@type":"BreadcrumbList","@id":"https:\/\/www.notibras.com\/site\/presente-caro-a-honestidade-nao-e-comum-em-pessoas-baratas\/#breadcrumb","itemListElement":[{"@type":"ListItem","position":1,"name":"In\u00edcio","item":"https:\/\/www.notibras.com\/site\/"},{"@type":"ListItem","position":2,"name":"Presente caro, a honestidade n\u00e3o \u00e9 comum em pessoas baratas"}]},{"@type":"WebSite","@id":"https:\/\/www.notibras.com\/site\/#website","url":"https:\/\/www.notibras.com\/site\/","name":"Notibras","description":"Not\u00edcias de Bras\u00edlia, do Brasil e do Mundo","publisher":{"@id":"https:\/\/www.notibras.com\/site\/#organization"},"potentialAction":[{"@type":"SearchAction","target":{"@type":"EntryPoint","urlTemplate":"https:\/\/www.notibras.com\/site\/?s={search_term_string}"},"query-input":{"@type":"PropertyValueSpecification","valueRequired":true,"valueName":"search_term_string"}}],"inLanguage":"pt-BR"},{"@type":"Organization","@id":"https:\/\/www.notibras.com\/site\/#organization","name":"Grupo Notibras de Comunica\u00e7\u00e3o","url":"https:\/\/www.notibras.com\/site\/","logo":{"@type":"ImageObject","inLanguage":"pt-BR","@id":"https:\/\/www.notibras.com\/site\/#\/schema\/logo\/image\/","url":"https:\/\/www.notibras.com\/site\/wp-content\/uploads\/2023\/01\/notibras23.png","contentUrl":"https:\/\/www.notibras.com\/site\/wp-content\/uploads\/2023\/01\/notibras23.png","width":350,"height":87,"caption":"Grupo Notibras de Comunica\u00e7\u00e3o"},"image":{"@id":"https:\/\/www.notibras.com\/site\/#\/schema\/logo\/image\/"},"sameAs":["https:\/\/www.facebook.com\/notibras\/","https:\/\/x.com\/Notibras","https:\/\/www.instagram.com\/notibras\/"]},{"@type":"Person","@id":"https:\/\/www.notibras.com\/site\/#\/schema\/person\/36ab0979449956132d3e5b517ea76ac8","name":"Reda\u00e7\u00e3o","image":{"@type":"ImageObject","inLanguage":"pt-BR","@id":"https:\/\/secure.gravatar.com\/avatar\/e0a867bdedb85fd243eadf09663511f96fc81e0720a4a42581f334ad4303aa6b?s=96&d=mm&r=g","url":"https:\/\/secure.gravatar.com\/avatar\/e0a867bdedb85fd243eadf09663511f96fc81e0720a4a42581f334ad4303aa6b?s=96&d=mm&r=g","contentUrl":"https:\/\/secure.gravatar.com\/avatar\/e0a867bdedb85fd243eadf09663511f96fc81e0720a4a42581f334ad4303aa6b?s=96&d=mm&r=g","caption":"Reda\u00e7\u00e3o"}}]}},"amp_enabled":true,"_links":{"self":[{"href":"https:\/\/www.notibras.com\/site\/wp-json\/wp\/v2\/posts\/378420","targetHints":{"allow":["GET"]}}],"collection":[{"href":"https:\/\/www.notibras.com\/site\/wp-json\/wp\/v2\/posts"}],"about":[{"href":"https:\/\/www.notibras.com\/site\/wp-json\/wp\/v2\/types\/post"}],"author":[{"embeddable":true,"href":"https:\/\/www.notibras.com\/site\/wp-json\/wp\/v2\/users\/2"}],"replies":[{"embeddable":true,"href":"https:\/\/www.notibras.com\/site\/wp-json\/wp\/v2\/comments?post=378420"}],"version-history":[{"count":2,"href":"https:\/\/www.notibras.com\/site\/wp-json\/wp\/v2\/posts\/378420\/revisions"}],"predecessor-version":[{"id":378422,"href":"https:\/\/www.notibras.com\/site\/wp-json\/wp\/v2\/posts\/378420\/revisions\/378422"}],"wp:featuredmedia":[{"embeddable":true,"href":"https:\/\/www.notibras.com\/site\/wp-json\/wp\/v2\/media\/29214"}],"wp:attachment":[{"href":"https:\/\/www.notibras.com\/site\/wp-json\/wp\/v2\/media?parent=378420"}],"wp:term":[{"taxonomy":"category","embeddable":true,"href":"https:\/\/www.notibras.com\/site\/wp-json\/wp\/v2\/categories?post=378420"},{"taxonomy":"post_tag","embeddable":true,"href":"https:\/\/www.notibras.com\/site\/wp-json\/wp\/v2\/tags?post=378420"}],"curies":[{"name":"wp","href":"https:\/\/api.w.org\/{rel}","templated":true}]}}