{"id":378424,"date":"2026-01-10T07:58:38","date_gmt":"2026-01-10T10:58:38","guid":{"rendered":"https:\/\/www.notibras.com\/site\/?p=378424"},"modified":"2026-01-10T07:58:38","modified_gmt":"2026-01-10T10:58:38","slug":"a-pax-americana-apresenta-o-imperio-sem-mascara","status":"publish","type":"post","link":"https:\/\/www.notibras.com\/site\/a-pax-americana-apresenta-o-imperio-sem-mascara\/","title":{"rendered":"A Pax Americana apresenta o imp\u00e9rio sem m\u00e1scara"},"content":{"rendered":"<p><b>\u00a0<\/b><i>&#8220;Vamos recuperar nosso quintal&#8221;<\/i><br \/>\n\u2014 Peter Hegseth, Secret\u00e1rio de Guerra dos EUA<\/p>\n<p>H\u00e1 escassa novidade por tr\u00e1s dos fatos: raramente o processo hist\u00f3rico se manifesta de forma t\u00e3o coerente, clara e reveladora como nos \u00faltimos eventos que se abateram, se abatem e por muito tempo ainda se abater\u00e3o sobre a Venezuela e a Am\u00e9rica do Sul (passando pelo Brasil, ningu\u00e9m se iluda), prolongando a trag\u00e9dia do pa\u00eds vizinho, levado \u00e0 mis\u00e9ria por ser naturalmente rico.<\/p>\n<p>Pa\u00eds soberano \u2014 ao menos no formalismo arcaico do direito internacional, sem for\u00e7as de efetividade, portanto in\u00fatil, como \u00e9 hoje a ONU, reduzida a mero f\u00f3rum de debates sem consequ\u00eancia \u2014, a Rep\u00fablica Bolivariana da Venezuela caminha de volta ao quadro colonial dos maus tempos espanh\u00f3is. Paga a pena de abrigar o maior estoque de reservas de petr\u00f3leo bruto do mundo, nada menos que 303 bilh\u00f5es de barris (cerca de 1\/5 das reservas mundiais), superando Ar\u00e1bia Saudita e Ir\u00e3. E superando, de longe, os EUA (detentores de algo entre 45 e 55 bilh\u00f5es de barris), o que come\u00e7a a explicar muita coisa.<\/p>\n<p>Seu destino imediato, anunciado pelos invasores, por\u00e9m, \u00e9 o de um protetorado a caminho da recoloniza\u00e7\u00e3o. Mais precisamente, um novo Porto Rico: territ\u00f3rio &#8220;assumido&#8221;, mas n\u00e3o incorporado ao mapa dos EUA; carente de soberania de qualquer ordem, inclusive autogovernativa, algo como uma &#8220;col\u00f4nia moderna&#8221; \u2014 v\u00e1 l\u00e1 o anacronismo. Assemelha-se a Guam, Samoa Americana ou Ilhas Virgens. Ou \u00e0 Guiana Francesa.<\/p>\n<p>Os atuais dirigentes da Venezuela, consentidos, \u00e0 frente a nova presidente, Delcy Rodr\u00edguez (anunciada como interina), apenas permanecer\u00e3o em suas fun\u00e7\u00f5es enquanto Caracas cumprir as exig\u00eancias apresentadas pela Casa Branca. Sabe-se que delas constam cessar o apoio a Cuba, expulsar de seu territ\u00f3rio os iranianos e outros atores indesej\u00e1veis aos EUA, fechar o abastecimento de petr\u00f3leo para advers\u00e1rios de Washington e abrir o mercado de petr\u00f3leo \u00e0s empresas estadunidenses. Tudo j\u00e1 em marcha batida.<\/p>\n<p>Com efeito, l\u00ea-se na primeira p\u00e1gina de\u00a0<i>O Globo<\/i> do \u00faltimo 8: &#8220;EUA tomam controle do petr\u00f3leo e obrigam a Venezuela a importar produtos americanos. Governo Trump anuncia que vai gerir recursos obtidos pela venda do \u00f3leo e divulga plano que culmina com transi\u00e7\u00e3o de poder no pa\u00eds&#8221;.<\/p>\n<p>Ao largo, o bloqueio a\u00e9reo-naval, j\u00e1 de meses, a pirataria dos\u00a0<i>marines<\/i>\u00a0e as sabotagens da CIA e dos inumer\u00e1veis &#8220;servi\u00e7os de intelig\u00eancia&#8221;, refazendo o papel de rapina dos gale\u00f5es ingleses, onde a hist\u00f3ria norte-americana toma o fio. Nada, por\u00e9m, que n\u00e3o seja velha cr\u00f4nica contada e sabida. H\u00e1 uma novidade a registar, embora sua fonte remonte a Theodore Roosevelt: a absoluta falta de disfarce ou escr\u00fapulos da fala. Nesta gest\u00e3o republicana o discurso rompe com a dubiedade e mesmo com a hipocrisia que sempre marcou os governos do Partido Democrata (vide o hist\u00f3rico de Obama), e tamb\u00e9m se fez presente nas administra\u00e7\u00f5es republicanas.<\/p>\n<p>Com Trump, a preserva\u00e7\u00e3o do imp\u00e9rio torna-se o \u00fanico objetivo a ser perseguido, e o pa\u00eds entra em rota de colis\u00e3o com tudo que possa ser identificado como progresso: \u00e9 a vig\u00eancia do que Marina Basso Lacerda denomina &#8220;paleoconservadorismo&#8221;. Talvez, ainda, uma altera\u00e7\u00e3o de postura: a quase sobriedade de Biden \u00e9 travestida no del\u00edrio narc\u00edsico de Trump. No plano do simb\u00f3lico cabe o registro de uma troca de nomes: o Departamento de Defesa foi rebatizado para Departamento de Guerra, aproximando a sem\u00e2ntica da pol\u00edtica real do Imp\u00e9rio.<\/p>\n<p>Mas, ao fim e ao cabo, nada de substancial.<\/p>\n<p>Essa nova ordem imposta de fora para dentro n\u00e3o deve ser reduzida a amea\u00e7a cingida \u00e0 nossa companheira de fronteira; certamente contaminar\u00e1 o subcontinente, abater-se-\u00e1 sobre um ou outro pa\u00eds. Poder\u00e1 chegar at\u00e9 n\u00f3s. Em qual fei\u00e7\u00e3o?<\/p>\n<p>Teremos, ent\u00e3o, como responder?<\/p>\n<p>O ponto de partida anal\u00edtico descarta, na invas\u00e3o americana e em seus desdobramentos presentes e previs\u00edveis, qualquer sugest\u00e3o de fato inusitado, solto no ar e no tempo, gratuito, sem hist\u00f3ria e, nesses termos, justificador de surpresas.<\/p>\n<p>Uma vez mais, &#8220;nada\u00a0de novo no front ocidental&#8221;, porque n\u00e3o h\u00e1 nada de insuspeitado na invas\u00e3o do territ\u00f3rio venezuelano, na destrui\u00e7\u00e3o de sua soberania, h\u00e1 tanto tempo com os dias contados, nem no sequestro de Maduro (sequestro que o representante do Brasil na OEA fez bem em chamar pelo nome, recusando a farsa da &#8220;captura&#8221;,\u00a0imposta\u00a0pela grande imprensa, e que nosso governo assimilou em seus primeiros pronunciamentos oficiais), nem muito menos na pirataria de seus recursos.<\/p>\n<p>Sem qualquer compara\u00e7\u00e3o com o presidente deposto e sequestrado \u2014 cujo desastre rotundo n\u00e3o \u00e9 o centro da quest\u00e3o, mas pretexto \u2014, relembremos, como fato pol\u00edtico, o sequestro e assassinato do congol\u00eas Patrice Lumumba, entre outros m\u00e1rtires do anticolonialismo; a deposi\u00e7\u00e3o do presidente Juan Bosch, da Rep\u00fablica Dominicana (1965), desta feita com a inomin\u00e1vel participa\u00e7\u00e3o das for\u00e7as armadas brasileiras, ent\u00e3o como sempre irmanadas com a doutrina que emana do Pent\u00e1gono e \u00e9 reproduzida na ESG e nos quart\u00e9is \u2014 e que, nada obstante o desencontro com a realidade e os interesses do pa\u00eds, ainda faz &#8220;os cora\u00e7\u00f5es e mentes&#8221; dos fardados: autoritarismo no plano interno, subservi\u00eancia nas rela\u00e7\u00f5es com os EUA.<\/p>\n<p>De uma forma ou de outra, a sobreviv\u00eancia do letal &#8220;complexo de vira-lata&#8221;, um de nossos muitos &#8220;males de origem&#8221;, para lembrar a express\u00e3o de Manoel Bomfim.<\/p>\n<p>Afinal, o que nos pode surpreender? E por que a redu\u00e7\u00e3o dos crimes de hoje dos EUA \u00e0 responsabilidade de personagem que apenas se diferencia de seus antecessores pelo boquirrotismo e a extravag\u00e2ncia dos gestos e das grosserias? Trump, como seus antecessores, foi constru\u00eddo pelo processo hist\u00f3rico da forma\u00e7\u00e3o nacional estadunidense; como eles, reflete \u2014 eis certamente a quest\u00e3o central \u2014 o que se pode chamar de &#8220;a alma americana&#8221;. N\u00e3o h\u00e1 loucura, mas muito c\u00e1lculo.<\/p>\n<p>Insisto neste ponto: o detest\u00e1vel Trump n\u00e3o \u00e9 um ponto fora da curva na hist\u00f3ria da Casa Branca, n\u00e3o \u00e9 um doidivanas; est\u00e1 a servi\u00e7o do\u00a0<i>establishment<\/i>, justamente assustado com a crise do capitalismo, as amea\u00e7as do desenvolvimento chin\u00eas e sua expans\u00e3o pelos mercados de todo o mundo, expans\u00e3o que perigosamente chega \u00e0 Am\u00e9rica Latina e \u00e0 Am\u00e9rica do Sul, o &#8220;quintal&#8221; do grande imp\u00e9rio do Norte, sua \u00e1rea de &#8220;seguran\u00e7a estrat\u00e9gica&#8221;.<\/p>\n<p>Como cen\u00e1rio principal, base das guerras comerciais que antecipam conflitos b\u00e9licos \u2014 muitos j\u00e1 em curso e ocupando todos os continentes \u2014, o espectro da renovada disputa pela hegemonia mundial, ganha da URSS na Guerra Fria e agora amea\u00e7ada pela emerg\u00eancia mundial da China-Eur\u00e1sia. \u00c9 isto, \u00e9 tudo isto, mas \u00e9 tamb\u00e9m mais do que isto, porque \u00e9, essencialmente, a proje\u00e7\u00e3o da sociedade americana e de sua alma\u00a0<i>yankee<\/i>.<\/p>\n<p>A pol\u00edtica da Casa Branca \u00e9 velha como a S\u00e9 de Braga; o que ressalta \u00e9 sua aplica\u00e7\u00e3o sem intermit\u00eancias, coerente e retil\u00ednea. E sempre implac\u00e1vel. Vem de tempos anteriores. O &#8220;MAGA&#8221; \u00e9 um pastiche declarado da Doutrina Monroe (1823) \u2014 &#8220;a Am\u00e9rica para os americanos&#8221;, ou seja, em termos n\u00e3o c\u00ednicos, &#8220;a Am\u00e9rica para os EUA&#8221;. Bate os coturnos no\u00a0<i>big stick<\/i>\u00a0do Corol\u00e1rio Roosevelt (1904), mas os fatos a tudo isso se antecedem.<\/p>\n<p>A hist\u00f3ria do M\u00e9xico tem muito a ensinar, muito a prevenir. Os Estados Unidos Mexicanos de hoje, fraturados e fatiados, conheceram no s\u00e9culo XIX o peso insustent\u00e1vel da fome insaci\u00e1vel do vizinho. Em 1846, os EUA lhe declaram guerra e, em 1848, se proclamam senhores de nada menos que 55% de seu territ\u00f3rio. E agora, em 2025, amea\u00e7am at\u00e9 o ainda Golfo do M\u00e9xico.<\/p>\n<p>A lista das agress\u00f5es na Am\u00e9rica Latina \u00e9 extensa e n\u00e3o parece ter fim: Cuba \u2014 ocupa\u00e7\u00e3o militar ap\u00f3s 1898, ocupa\u00e7\u00e3o da Ba\u00eda de Guant\u00e1namo (base naval desde 1898), mais ocupa\u00e7\u00f5es posteriores, mais amea\u00e7as de invas\u00f5es, mais bloqueio econ\u00f4mico, pol\u00edtico, financeiro, militar e sanit\u00e1rio, e tudo o que for poss\u00edvel para maltratar o povo da ilha, punindo-o por seu desejo de autonomia. Porto Rico \u2014 incorporado aos EUA ao fim da Guerra Hispano-Americana (1898). Panam\u00e1 (1903), ocupa\u00e7\u00e3o do Canal. Interven\u00e7\u00f5es diretas no Haiti (1915\u20131934), na Nicar\u00e1gua (1909\u20131933), na Guatemala (1954), na Rep\u00fablica Dominicana (1916\u20131924 e 1965), em Granada (1983) e no Panam\u00e1 (1989).<\/p>\n<p>O relato ficaria tedioso se ainda fosse necess\u00e1rio lembrar as sabotagens aos governos democr\u00e1ticos da regi\u00e3o. Talvez nos baste recordar o golpe contra Allende (1973) e a deposi\u00e7\u00e3o de Jo\u00e3o Goulart e, como seu desdobramento, a instaura\u00e7\u00e3o da ditadura militar, sob os ausp\u00edcios do Departamento de Estado, com suas belonaves costeando nosso litoral.<\/p>\n<p>A imprensa internacional j\u00e1 fala em &#8220;Corol\u00e1rio Trump&#8221;. Ora, esse &#8220;corol\u00e1rio&#8221; n\u00e3o existe, porque a pol\u00edtica intervencionista dos EUA est\u00e1 sempre\u00a0<i>in progress<\/i>. Como esquecer o &#8220;corol\u00e1rio&#8221; de Truman e suas bombas nucleares sobre as popula\u00e7\u00f5es civis de Hiroshima e Nagasaki? E a Coreia? E o Vietn\u00e3? A hist\u00f3ria de hoje remonta a tudo isso, mas remonta, como reflexo da imagem no espelho, \u00e0 pr\u00f3pria hist\u00f3ria do pa\u00eds: a forma\u00e7\u00e3o de seu povo, a emerg\u00eancia da na\u00e7\u00e3o, o processo de independ\u00eancia e a constru\u00e7\u00e3o do imp\u00e9rio de pretens\u00f5es romanas, em nome da &#8220;liberdade dos povos&#8221; \u00e9 o &#8220;destino manifesto&#8221;, autoproclama\u00e7\u00e3o de um dever civilizat\u00f3rio, a miss\u00e3o de impor seus valores \u2014 eufemismo para interesses objetivos \u2014, como as Cruzadas impunham a f\u00e9: a ferro e fogo, porque era preciso punir os \u00edmpios para poder salv\u00e1-los.<\/p>\n<p>Trump n\u00e3o \u00e9 um acaso, mas ator de um\u00a0<i>script<\/i>\u00a0que n\u00e3o lhe foi dado escrever, embora desempenhe o papel que lhe foi confiado pelas circunst\u00e2ncias com a efici\u00eancia do canastr\u00e3o, como o fez Ronald Reagan, uma de suas inspira\u00e7\u00f5es. O magnata, em cuja campanha eleitoral anunciou sem rebu\u00e7os o que seria \u2014 e est\u00e1 sendo \u2014 seu governo, representa os interesses do\u00a0<i>establishment<\/i>, o que n\u00e3o \u00e9 pouco, mas representa ainda muito mais do que isso. Sua elei\u00e7\u00e3o deve ser encarada como um referendo ao discurso do candidato. O sil\u00eancio do Congresso, o sil\u00eancio da universidade, da chamada &#8220;sociedade organizada&#8221;, \u00e9 denotativo. Trump, como seus antecessores do p\u00f3s-Segunda Guerra Mundial \u2014 de Truman a Biden \u2014, \u00e9 servidor dos interesses do imperialismo, abalado com a crise do capitalismo e assustado com as amea\u00e7as que chegam do extraordin\u00e1rio desenvolvimento tecnol\u00f3gico e econ\u00f4mico da China e da mundializa\u00e7\u00e3o de seu com\u00e9rcio e de seus interesses. Que chegam, inclusive, ao Brasil.<\/p>\n<p>A Venezuela logo ser\u00e1 uma etapa vencida dessa nova fase, mais agressiva, do imperialismo. A Am\u00e9rica do Sul est\u00e1 \u2014 militar e politicamente \u2014 sob um cerco que lembra o garrote vil: Venezuela, Peru, Equador, Bol\u00edvia, Chile, Paraguai (candidato a base militar) e a Argentina, que relembra os tempos s\u00f3rdidos das &#8220;rela\u00e7\u00f5es carnais&#8221; com o imperialismo, apregoadas pelo peronista Carlos Menem (1989\u20131999).<\/p>\n<p>Resistem as quase social-democracias do Uruguai, da Col\u00f4mbia (ao menos at\u00e9 junho) e o Brasil, para quem as elei\u00e7\u00f5es deste ano s\u00e3o uma grave inc\u00f3gnita. Em meio ao controle do &#8220;quintal&#8221;, o alvo que exige maior aten\u00e7\u00e3o do imperialismo \u00e9, evidentemente, nosso pa\u00eds. Por tudo o que \u00e9 \u00f3bvio: seu territ\u00f3rio, sua popula\u00e7\u00e3o, seus recursos naturais, as extensas fronteiras com dez pa\u00edses, o largo litoral atl\u00e2ntico abrindo rota para o Pac\u00edfico na dire\u00e7\u00e3o do Oriente. E, nada obstante as dificuldades presentes no governo Lula, sua influ\u00eancia econ\u00f4mica e pol\u00edtica na regi\u00e3o.<\/p>\n<p>Devemos contar com duas alternativas. A primeira, a interven\u00e7\u00e3o pol\u00edtico-eleitoral-diplom\u00e1tica-econ\u00f4mica (no esteio do predom\u00ednio ideol\u00f3gico), esta que j\u00e1 produziu efeitos significativos na regi\u00e3o e que est\u00e3o \u00e0 vista. Fracassada, n\u00e3o nos iludamos quanto ao que pode se abater sobre um pa\u00eds pobre de lideran\u00e7as populares e nacionalistas, sem servi\u00e7o de intelig\u00eancia minimamente equipado nem for\u00e7as armadas dignas de confian\u00e7a \u2014 desaparelhadas para a defesa nacional e ideologicamente dependentes do catecismo do Departamento de Estado. Em suma, sem qualquer poder de dissuas\u00e3o diante de eventuais amea\u00e7as de ataque. Assim como se revelou a Venezuela.<\/p>\n<p>Neste quadro aziago, \u00e9 urgent\u00edssimo que a geopol\u00edtica e, em especial, os temas de seguran\u00e7a e defesa, tradicionalmente ignorados em nosso campo, entrem na ordem do dia dos debates \u00e0 esquerda: n\u00e3o podemos seguir acreditando que vivemos numa ilha isolada do mundo \u2013 um mundo, em todo caso, ben\u00e9volo e amistoso, que nunca ir\u00e1 bulir conosco. Sonhos de C\u00e2ndido, exemplar personagem de Voltaire.<\/p>\n<p>A viol\u00eancia contra a Venezuela\u00a0\u00a0deve ser visa como demonstra\u00e7\u00e3o espantosa, desabrida, b\u00e1rbara do poder do Imp\u00e9rio, que manda claro recado \u00e0 Am\u00e9rica Latina. E a quem mais, tendo ju\u00edzo, quiser ouvir.<\/p>\n<p>Soberania n\u00e3o \u00e9 um sentimento, uma vontade, uma aspira\u00e7\u00e3o. N\u00e3o \u00e9 discurso, nem se estabelece em tratados. Ela se sustenta numa ordem objetiva: sua capacidade de defesa. E se n\u00e3o refletirmos sobre seguran\u00e7a e defesa, outros o far\u00e3o.<\/p>\n<p>&#8230;&#8230;&#8230;&#8230;&#8230;&#8230;..<\/p>\n<p><strong>Roberto Amaral foi ministro da Ci\u00eancia e Tecnologia no governo Lula 1<\/strong><\/p>\n","protected":false},"excerpt":{"rendered":"<p>\u00a0&#8220;Vamos recuperar nosso quintal&#8221; \u2014 Peter Hegseth, Secret\u00e1rio de Guerra dos EUA H\u00e1 escassa novidade por tr\u00e1s dos fatos: raramente o processo hist\u00f3rico se manifesta de forma t\u00e3o coerente, clara e reveladora como nos \u00faltimos eventos que se abateram, se abatem e por muito tempo ainda se abater\u00e3o sobre a Venezuela e a Am\u00e9rica do [&hellip;]<\/p>\n","protected":false},"author":2,"featured_media":244506,"comment_status":"closed","ping_status":"closed","sticky":false,"template":"","format":"standard","meta":{"_acf_changed":false,"footnotes":""},"categories":[159],"tags":[],"class_list":["post-378424","post","type-post","status-publish","format-standard","has-post-thumbnail","hentry","category-apocalipse"],"acf":[],"yoast_head":"<!-- This site is optimized with the Yoast SEO plugin v27.2 - https:\/\/yoast.com\/product\/yoast-seo-wordpress\/ -->\n<title>A Pax Americana apresenta o imp\u00e9rio sem m\u00e1scara - Notibras<\/title>\n<meta name=\"robots\" content=\"index, follow, max-snippet:-1, max-image-preview:large, max-video-preview:-1\" \/>\n<link rel=\"canonical\" href=\"https:\/\/www.notibras.com\/site\/a-pax-americana-apresenta-o-imperio-sem-mascara\/\" \/>\n<meta property=\"og:locale\" content=\"pt_BR\" \/>\n<meta property=\"og:type\" content=\"article\" \/>\n<meta property=\"og:title\" content=\"A Pax Americana apresenta o imp\u00e9rio sem m\u00e1scara - Notibras\" \/>\n<meta property=\"og:description\" content=\"\u00a0&#8220;Vamos recuperar nosso quintal&#8221; \u2014 Peter Hegseth, Secret\u00e1rio de Guerra dos EUA H\u00e1 escassa novidade por tr\u00e1s dos fatos: raramente o processo hist\u00f3rico se manifesta de forma t\u00e3o coerente, clara e reveladora como nos \u00faltimos eventos que se abateram, se abatem e por muito tempo ainda se abater\u00e3o sobre a Venezuela e a Am\u00e9rica do [&hellip;]\" \/>\n<meta property=\"og:url\" content=\"https:\/\/www.notibras.com\/site\/a-pax-americana-apresenta-o-imperio-sem-mascara\/\" \/>\n<meta property=\"og:site_name\" content=\"Notibras\" \/>\n<meta property=\"article:publisher\" content=\"https:\/\/www.facebook.com\/notibras\/\" \/>\n<meta property=\"article:published_time\" content=\"2026-01-10T10:58:38+00:00\" \/>\n<meta property=\"og:image\" content=\"https:\/\/www.notibras.com\/site\/wp-content\/uploads\/2020\/11\/2020-11-04t082246z-241864410-rc28wj9axlmb-rtrmadp-3-usa-election-trump.jpg\" \/>\n\t<meta property=\"og:image:width\" content=\"984\" \/>\n\t<meta property=\"og:image:height\" content=\"660\" \/>\n\t<meta property=\"og:image:type\" content=\"image\/jpeg\" \/>\n<meta name=\"author\" content=\"Reda\u00e7\u00e3o\" \/>\n<meta name=\"twitter:card\" content=\"summary_large_image\" \/>\n<meta name=\"twitter:creator\" content=\"@Notibras\" \/>\n<meta name=\"twitter:site\" content=\"@Notibras\" \/>\n<meta name=\"twitter:label1\" content=\"Escrito por\" \/>\n\t<meta name=\"twitter:data1\" content=\"Reda\u00e7\u00e3o\" \/>\n\t<meta name=\"twitter:label2\" content=\"Est. tempo de leitura\" \/>\n\t<meta name=\"twitter:data2\" content=\"12 minutos\" \/>\n<script type=\"application\/ld+json\" class=\"yoast-schema-graph\">{\"@context\":\"https:\/\/schema.org\",\"@graph\":[{\"@type\":\"Article\",\"@id\":\"https:\/\/www.notibras.com\/site\/a-pax-americana-apresenta-o-imperio-sem-mascara\/#article\",\"isPartOf\":{\"@id\":\"https:\/\/www.notibras.com\/site\/a-pax-americana-apresenta-o-imperio-sem-mascara\/\"},\"author\":{\"name\":\"Reda\u00e7\u00e3o\",\"@id\":\"https:\/\/www.notibras.com\/site\/#\/schema\/person\/36ab0979449956132d3e5b517ea76ac8\"},\"headline\":\"A Pax Americana apresenta o imp\u00e9rio sem m\u00e1scara\",\"datePublished\":\"2026-01-10T10:58:38+00:00\",\"mainEntityOfPage\":{\"@id\":\"https:\/\/www.notibras.com\/site\/a-pax-americana-apresenta-o-imperio-sem-mascara\/\"},\"wordCount\":2243,\"publisher\":{\"@id\":\"https:\/\/www.notibras.com\/site\/#organization\"},\"image\":{\"@id\":\"https:\/\/www.notibras.com\/site\/a-pax-americana-apresenta-o-imperio-sem-mascara\/#primaryimage\"},\"thumbnailUrl\":\"https:\/\/www.notibras.com\/site\/wp-content\/uploads\/2020\/11\/2020-11-04t082246z-241864410-rc28wj9axlmb-rtrmadp-3-usa-election-trump.jpg\",\"articleSection\":[\"Apocalipse\"],\"inLanguage\":\"pt-BR\"},{\"@type\":\"WebPage\",\"@id\":\"https:\/\/www.notibras.com\/site\/a-pax-americana-apresenta-o-imperio-sem-mascara\/\",\"url\":\"https:\/\/www.notibras.com\/site\/a-pax-americana-apresenta-o-imperio-sem-mascara\/\",\"name\":\"A Pax Americana apresenta o imp\u00e9rio sem m\u00e1scara - Notibras\",\"isPartOf\":{\"@id\":\"https:\/\/www.notibras.com\/site\/#website\"},\"primaryImageOfPage\":{\"@id\":\"https:\/\/www.notibras.com\/site\/a-pax-americana-apresenta-o-imperio-sem-mascara\/#primaryimage\"},\"image\":{\"@id\":\"https:\/\/www.notibras.com\/site\/a-pax-americana-apresenta-o-imperio-sem-mascara\/#primaryimage\"},\"thumbnailUrl\":\"https:\/\/www.notibras.com\/site\/wp-content\/uploads\/2020\/11\/2020-11-04t082246z-241864410-rc28wj9axlmb-rtrmadp-3-usa-election-trump.jpg\",\"datePublished\":\"2026-01-10T10:58:38+00:00\",\"breadcrumb\":{\"@id\":\"https:\/\/www.notibras.com\/site\/a-pax-americana-apresenta-o-imperio-sem-mascara\/#breadcrumb\"},\"inLanguage\":\"pt-BR\",\"potentialAction\":[{\"@type\":\"ReadAction\",\"target\":[\"https:\/\/www.notibras.com\/site\/a-pax-americana-apresenta-o-imperio-sem-mascara\/\"]}]},{\"@type\":\"ImageObject\",\"inLanguage\":\"pt-BR\",\"@id\":\"https:\/\/www.notibras.com\/site\/a-pax-americana-apresenta-o-imperio-sem-mascara\/#primaryimage\",\"url\":\"https:\/\/www.notibras.com\/site\/wp-content\/uploads\/2020\/11\/2020-11-04t082246z-241864410-rc28wj9axlmb-rtrmadp-3-usa-election-trump.jpg\",\"contentUrl\":\"https:\/\/www.notibras.com\/site\/wp-content\/uploads\/2020\/11\/2020-11-04t082246z-241864410-rc28wj9axlmb-rtrmadp-3-usa-election-trump.jpg\",\"width\":984,\"height\":660},{\"@type\":\"BreadcrumbList\",\"@id\":\"https:\/\/www.notibras.com\/site\/a-pax-americana-apresenta-o-imperio-sem-mascara\/#breadcrumb\",\"itemListElement\":[{\"@type\":\"ListItem\",\"position\":1,\"name\":\"In\u00edcio\",\"item\":\"https:\/\/www.notibras.com\/site\/\"},{\"@type\":\"ListItem\",\"position\":2,\"name\":\"A Pax Americana apresenta o imp\u00e9rio sem m\u00e1scara\"}]},{\"@type\":\"WebSite\",\"@id\":\"https:\/\/www.notibras.com\/site\/#website\",\"url\":\"https:\/\/www.notibras.com\/site\/\",\"name\":\"Notibras\",\"description\":\"Not\u00edcias de Bras\u00edlia, do Brasil e do Mundo\",\"publisher\":{\"@id\":\"https:\/\/www.notibras.com\/site\/#organization\"},\"potentialAction\":[{\"@type\":\"SearchAction\",\"target\":{\"@type\":\"EntryPoint\",\"urlTemplate\":\"https:\/\/www.notibras.com\/site\/?s={search_term_string}\"},\"query-input\":{\"@type\":\"PropertyValueSpecification\",\"valueRequired\":true,\"valueName\":\"search_term_string\"}}],\"inLanguage\":\"pt-BR\"},{\"@type\":\"Organization\",\"@id\":\"https:\/\/www.notibras.com\/site\/#organization\",\"name\":\"Grupo Notibras de Comunica\u00e7\u00e3o\",\"url\":\"https:\/\/www.notibras.com\/site\/\",\"logo\":{\"@type\":\"ImageObject\",\"inLanguage\":\"pt-BR\",\"@id\":\"https:\/\/www.notibras.com\/site\/#\/schema\/logo\/image\/\",\"url\":\"https:\/\/www.notibras.com\/site\/wp-content\/uploads\/2023\/01\/notibras23.png\",\"contentUrl\":\"https:\/\/www.notibras.com\/site\/wp-content\/uploads\/2023\/01\/notibras23.png\",\"width\":350,\"height\":87,\"caption\":\"Grupo Notibras de Comunica\u00e7\u00e3o\"},\"image\":{\"@id\":\"https:\/\/www.notibras.com\/site\/#\/schema\/logo\/image\/\"},\"sameAs\":[\"https:\/\/www.facebook.com\/notibras\/\",\"https:\/\/x.com\/Notibras\",\"https:\/\/www.instagram.com\/notibras\/\"]},{\"@type\":\"Person\",\"@id\":\"https:\/\/www.notibras.com\/site\/#\/schema\/person\/36ab0979449956132d3e5b517ea76ac8\",\"name\":\"Reda\u00e7\u00e3o\",\"image\":{\"@type\":\"ImageObject\",\"inLanguage\":\"pt-BR\",\"@id\":\"https:\/\/secure.gravatar.com\/avatar\/e0a867bdedb85fd243eadf09663511f96fc81e0720a4a42581f334ad4303aa6b?s=96&d=mm&r=g\",\"url\":\"https:\/\/secure.gravatar.com\/avatar\/e0a867bdedb85fd243eadf09663511f96fc81e0720a4a42581f334ad4303aa6b?s=96&d=mm&r=g\",\"contentUrl\":\"https:\/\/secure.gravatar.com\/avatar\/e0a867bdedb85fd243eadf09663511f96fc81e0720a4a42581f334ad4303aa6b?s=96&d=mm&r=g\",\"caption\":\"Reda\u00e7\u00e3o\"}}]}<\/script>\n<!-- \/ Yoast SEO plugin. -->","yoast_head_json":{"title":"A Pax Americana apresenta o imp\u00e9rio sem m\u00e1scara - Notibras","robots":{"index":"index","follow":"follow","max-snippet":"max-snippet:-1","max-image-preview":"max-image-preview:large","max-video-preview":"max-video-preview:-1"},"canonical":"https:\/\/www.notibras.com\/site\/a-pax-americana-apresenta-o-imperio-sem-mascara\/","og_locale":"pt_BR","og_type":"article","og_title":"A Pax Americana apresenta o imp\u00e9rio sem m\u00e1scara - Notibras","og_description":"\u00a0&#8220;Vamos recuperar nosso quintal&#8221; \u2014 Peter Hegseth, Secret\u00e1rio de Guerra dos EUA H\u00e1 escassa novidade por tr\u00e1s dos fatos: raramente o processo hist\u00f3rico se manifesta de forma t\u00e3o coerente, clara e reveladora como nos \u00faltimos eventos que se abateram, se abatem e por muito tempo ainda se abater\u00e3o sobre a Venezuela e a Am\u00e9rica do [&hellip;]","og_url":"https:\/\/www.notibras.com\/site\/a-pax-americana-apresenta-o-imperio-sem-mascara\/","og_site_name":"Notibras","article_publisher":"https:\/\/www.facebook.com\/notibras\/","article_published_time":"2026-01-10T10:58:38+00:00","og_image":[{"width":984,"height":660,"url":"https:\/\/www.notibras.com\/site\/wp-content\/uploads\/2020\/11\/2020-11-04t082246z-241864410-rc28wj9axlmb-rtrmadp-3-usa-election-trump.jpg","type":"image\/jpeg"}],"author":"Reda\u00e7\u00e3o","twitter_card":"summary_large_image","twitter_creator":"@Notibras","twitter_site":"@Notibras","twitter_misc":{"Escrito por":"Reda\u00e7\u00e3o","Est. tempo de leitura":"12 minutos"},"schema":{"@context":"https:\/\/schema.org","@graph":[{"@type":"Article","@id":"https:\/\/www.notibras.com\/site\/a-pax-americana-apresenta-o-imperio-sem-mascara\/#article","isPartOf":{"@id":"https:\/\/www.notibras.com\/site\/a-pax-americana-apresenta-o-imperio-sem-mascara\/"},"author":{"name":"Reda\u00e7\u00e3o","@id":"https:\/\/www.notibras.com\/site\/#\/schema\/person\/36ab0979449956132d3e5b517ea76ac8"},"headline":"A Pax Americana apresenta o imp\u00e9rio sem m\u00e1scara","datePublished":"2026-01-10T10:58:38+00:00","mainEntityOfPage":{"@id":"https:\/\/www.notibras.com\/site\/a-pax-americana-apresenta-o-imperio-sem-mascara\/"},"wordCount":2243,"publisher":{"@id":"https:\/\/www.notibras.com\/site\/#organization"},"image":{"@id":"https:\/\/www.notibras.com\/site\/a-pax-americana-apresenta-o-imperio-sem-mascara\/#primaryimage"},"thumbnailUrl":"https:\/\/www.notibras.com\/site\/wp-content\/uploads\/2020\/11\/2020-11-04t082246z-241864410-rc28wj9axlmb-rtrmadp-3-usa-election-trump.jpg","articleSection":["Apocalipse"],"inLanguage":"pt-BR"},{"@type":"WebPage","@id":"https:\/\/www.notibras.com\/site\/a-pax-americana-apresenta-o-imperio-sem-mascara\/","url":"https:\/\/www.notibras.com\/site\/a-pax-americana-apresenta-o-imperio-sem-mascara\/","name":"A Pax Americana apresenta o imp\u00e9rio sem m\u00e1scara - Notibras","isPartOf":{"@id":"https:\/\/www.notibras.com\/site\/#website"},"primaryImageOfPage":{"@id":"https:\/\/www.notibras.com\/site\/a-pax-americana-apresenta-o-imperio-sem-mascara\/#primaryimage"},"image":{"@id":"https:\/\/www.notibras.com\/site\/a-pax-americana-apresenta-o-imperio-sem-mascara\/#primaryimage"},"thumbnailUrl":"https:\/\/www.notibras.com\/site\/wp-content\/uploads\/2020\/11\/2020-11-04t082246z-241864410-rc28wj9axlmb-rtrmadp-3-usa-election-trump.jpg","datePublished":"2026-01-10T10:58:38+00:00","breadcrumb":{"@id":"https:\/\/www.notibras.com\/site\/a-pax-americana-apresenta-o-imperio-sem-mascara\/#breadcrumb"},"inLanguage":"pt-BR","potentialAction":[{"@type":"ReadAction","target":["https:\/\/www.notibras.com\/site\/a-pax-americana-apresenta-o-imperio-sem-mascara\/"]}]},{"@type":"ImageObject","inLanguage":"pt-BR","@id":"https:\/\/www.notibras.com\/site\/a-pax-americana-apresenta-o-imperio-sem-mascara\/#primaryimage","url":"https:\/\/www.notibras.com\/site\/wp-content\/uploads\/2020\/11\/2020-11-04t082246z-241864410-rc28wj9axlmb-rtrmadp-3-usa-election-trump.jpg","contentUrl":"https:\/\/www.notibras.com\/site\/wp-content\/uploads\/2020\/11\/2020-11-04t082246z-241864410-rc28wj9axlmb-rtrmadp-3-usa-election-trump.jpg","width":984,"height":660},{"@type":"BreadcrumbList","@id":"https:\/\/www.notibras.com\/site\/a-pax-americana-apresenta-o-imperio-sem-mascara\/#breadcrumb","itemListElement":[{"@type":"ListItem","position":1,"name":"In\u00edcio","item":"https:\/\/www.notibras.com\/site\/"},{"@type":"ListItem","position":2,"name":"A Pax Americana apresenta o imp\u00e9rio sem m\u00e1scara"}]},{"@type":"WebSite","@id":"https:\/\/www.notibras.com\/site\/#website","url":"https:\/\/www.notibras.com\/site\/","name":"Notibras","description":"Not\u00edcias de Bras\u00edlia, do Brasil e do Mundo","publisher":{"@id":"https:\/\/www.notibras.com\/site\/#organization"},"potentialAction":[{"@type":"SearchAction","target":{"@type":"EntryPoint","urlTemplate":"https:\/\/www.notibras.com\/site\/?s={search_term_string}"},"query-input":{"@type":"PropertyValueSpecification","valueRequired":true,"valueName":"search_term_string"}}],"inLanguage":"pt-BR"},{"@type":"Organization","@id":"https:\/\/www.notibras.com\/site\/#organization","name":"Grupo Notibras de Comunica\u00e7\u00e3o","url":"https:\/\/www.notibras.com\/site\/","logo":{"@type":"ImageObject","inLanguage":"pt-BR","@id":"https:\/\/www.notibras.com\/site\/#\/schema\/logo\/image\/","url":"https:\/\/www.notibras.com\/site\/wp-content\/uploads\/2023\/01\/notibras23.png","contentUrl":"https:\/\/www.notibras.com\/site\/wp-content\/uploads\/2023\/01\/notibras23.png","width":350,"height":87,"caption":"Grupo Notibras de Comunica\u00e7\u00e3o"},"image":{"@id":"https:\/\/www.notibras.com\/site\/#\/schema\/logo\/image\/"},"sameAs":["https:\/\/www.facebook.com\/notibras\/","https:\/\/x.com\/Notibras","https:\/\/www.instagram.com\/notibras\/"]},{"@type":"Person","@id":"https:\/\/www.notibras.com\/site\/#\/schema\/person\/36ab0979449956132d3e5b517ea76ac8","name":"Reda\u00e7\u00e3o","image":{"@type":"ImageObject","inLanguage":"pt-BR","@id":"https:\/\/secure.gravatar.com\/avatar\/e0a867bdedb85fd243eadf09663511f96fc81e0720a4a42581f334ad4303aa6b?s=96&d=mm&r=g","url":"https:\/\/secure.gravatar.com\/avatar\/e0a867bdedb85fd243eadf09663511f96fc81e0720a4a42581f334ad4303aa6b?s=96&d=mm&r=g","contentUrl":"https:\/\/secure.gravatar.com\/avatar\/e0a867bdedb85fd243eadf09663511f96fc81e0720a4a42581f334ad4303aa6b?s=96&d=mm&r=g","caption":"Reda\u00e7\u00e3o"}}]}},"amp_enabled":true,"_links":{"self":[{"href":"https:\/\/www.notibras.com\/site\/wp-json\/wp\/v2\/posts\/378424","targetHints":{"allow":["GET"]}}],"collection":[{"href":"https:\/\/www.notibras.com\/site\/wp-json\/wp\/v2\/posts"}],"about":[{"href":"https:\/\/www.notibras.com\/site\/wp-json\/wp\/v2\/types\/post"}],"author":[{"embeddable":true,"href":"https:\/\/www.notibras.com\/site\/wp-json\/wp\/v2\/users\/2"}],"replies":[{"embeddable":true,"href":"https:\/\/www.notibras.com\/site\/wp-json\/wp\/v2\/comments?post=378424"}],"version-history":[{"count":1,"href":"https:\/\/www.notibras.com\/site\/wp-json\/wp\/v2\/posts\/378424\/revisions"}],"predecessor-version":[{"id":378425,"href":"https:\/\/www.notibras.com\/site\/wp-json\/wp\/v2\/posts\/378424\/revisions\/378425"}],"wp:featuredmedia":[{"embeddable":true,"href":"https:\/\/www.notibras.com\/site\/wp-json\/wp\/v2\/media\/244506"}],"wp:attachment":[{"href":"https:\/\/www.notibras.com\/site\/wp-json\/wp\/v2\/media?parent=378424"}],"wp:term":[{"taxonomy":"category","embeddable":true,"href":"https:\/\/www.notibras.com\/site\/wp-json\/wp\/v2\/categories?post=378424"},{"taxonomy":"post_tag","embeddable":true,"href":"https:\/\/www.notibras.com\/site\/wp-json\/wp\/v2\/tags?post=378424"}],"curies":[{"name":"wp","href":"https:\/\/api.w.org\/{rel}","templated":true}]}}