{"id":378433,"date":"2026-01-10T00:00:58","date_gmt":"2026-01-10T03:00:58","guid":{"rendered":"https:\/\/www.notibras.com\/site\/?p=378433"},"modified":"2026-01-10T08:40:45","modified_gmt":"2026-01-10T11:40:45","slug":"turista-e-mordida-por-tubarao-durante-mergulho-no-mar","status":"publish","type":"post","link":"https:\/\/www.notibras.com\/site\/turista-e-mordida-por-tubarao-durante-mergulho-no-mar\/","title":{"rendered":"Turista \u00e9 mordida por tubar\u00e3o durante mergulho no mar"},"content":{"rendered":"<p>A turista Tayane Dalazen, de 36 anos, moradora de S\u00e3o Paulo, foi mordida na perna por um tubar\u00e3o em Fernando de Noronha, nesta sexta-feira (9). O incidente ocorreu durante um mergulho em frente \u00e0 Associa\u00e7\u00e3o de Pescadores, na regi\u00e3o do Porto de Santo Ant\u00f4nio.<\/p>\n<p>A mulher divulgou o caso nas redes sociais. A turista n\u00e3o foi localizada nem respondeu as mensagens no Instagram. Ela foi atendida no Hospital S\u00e3o Lucas, que informou, em nota, que o ferimento foi considerado sem gravidade.<\/p>\n<p>Segundo o hospital, a paciente deu entrada est\u00e1vel, consciente e orientada, com ferimento superficial e sem risco \u00e0 vida. Foram realizados curativo, prescri\u00e7\u00e3o de medicamentos e orienta\u00e7\u00f5es para cuidados locais e teve alta.<\/p>\n<p>O hospital informou ainda que acionou imediatamente os \u00f3rg\u00e3os de vigil\u00e2ncia ambiental, o Corpo de Bombeiros e o Comit\u00ea de Monitoramento de Incidentes com Tubar\u00f5es para ado\u00e7\u00e3o das medidas necess\u00e1rias, monitoramento da \u00e1rea e a\u00e7\u00f5es preventivas junto ao setor de turismo.<\/p>\n","protected":false},"excerpt":{"rendered":"<p>A turista Tayane Dalazen, de 36 anos, moradora de S\u00e3o Paulo, foi mordida na perna por um tubar\u00e3o em Fernando de Noronha, nesta sexta-feira (9). O incidente ocorreu durante um mergulho em frente \u00e0 Associa\u00e7\u00e3o de Pescadores, na regi\u00e3o do Porto de Santo Ant\u00f4nio. A mulher divulgou o caso nas redes sociais. A turista n\u00e3o [&hellip;]<\/p>\n","protected":false},"author":2,"featured_media":378434,"comment_status":"closed","ping_status":"closed","sticky":false,"template":"","format":"standard","meta":{"_acf_changed":false,"footnotes":""},"categories":[165],"tags":[],"class_list":["post-378433","post","type-post","status-publish","format-standard","has-post-thumbnail","hentry","category-nordeste"],"acf":[],"yoast_head":"<!-- This site is optimized with the Yoast SEO plugin v27.2 - https:\/\/yoast.com\/product\/yoast-seo-wordpress\/ -->\n<title>Turista \u00e9 mordida por tubar\u00e3o durante mergulho no mar - Notibras<\/title>\n<meta name=\"robots\" content=\"index, follow, max-snippet:-1, max-image-preview:large, max-video-preview:-1\" \/>\n<link rel=\"canonical\" href=\"https:\/\/www.notibras.com\/site\/turista-e-mordida-por-tubarao-durante-mergulho-no-mar\/\" \/>\n<meta property=\"og:locale\" content=\"pt_BR\" \/>\n<meta property=\"og:type\" content=\"article\" \/>\n<meta property=\"og:title\" content=\"Turista \u00e9 mordida por tubar\u00e3o durante mergulho no mar - Notibras\" \/>\n<meta property=\"og:description\" content=\"A turista Tayane Dalazen, de 36 anos, moradora de S\u00e3o Paulo, foi mordida na perna por um tubar\u00e3o em Fernando de Noronha, nesta sexta-feira (9). O incidente ocorreu durante um mergulho em frente \u00e0 Associa\u00e7\u00e3o de Pescadores, na regi\u00e3o do Porto de Santo Ant\u00f4nio. A mulher divulgou o caso nas redes sociais. A turista n\u00e3o [&hellip;]\" \/>\n<meta property=\"og:url\" content=\"https:\/\/www.notibras.com\/site\/turista-e-mordida-por-tubarao-durante-mergulho-no-mar\/\" \/>\n<meta property=\"og:site_name\" content=\"Notibras\" \/>\n<meta property=\"article:publisher\" content=\"https:\/\/www.facebook.com\/notibras\/\" \/>\n<meta property=\"article:published_time\" content=\"2026-01-10T03:00:58+00:00\" \/>\n<meta property=\"article:modified_time\" content=\"2026-01-10T11:40:45+00:00\" \/>\n<meta property=\"og:image\" content=\"https:\/\/www.notibras.com\/site\/wp-content\/uploads\/2026\/01\/12322407-1a1a-4312-81f0-9021a66da84d.jpg\" \/>\n\t<meta property=\"og:image:width\" content=\"984\" \/>\n\t<meta property=\"og:image:height\" content=\"712\" \/>\n\t<meta property=\"og:image:type\" content=\"image\/jpeg\" \/>\n<meta name=\"author\" content=\"Reda\u00e7\u00e3o\" \/>\n<meta name=\"twitter:card\" content=\"summary_large_image\" \/>\n<meta name=\"twitter:creator\" content=\"@Notibras\" \/>\n<meta name=\"twitter:site\" content=\"@Notibras\" \/>\n<meta name=\"twitter:label1\" content=\"Escrito por\" \/>\n\t<meta name=\"twitter:data1\" content=\"Reda\u00e7\u00e3o\" \/>\n\t<meta name=\"twitter:label2\" content=\"Est. tempo de leitura\" \/>\n\t<meta name=\"twitter:data2\" content=\"2 minutos\" \/>\n<script type=\"application\/ld+json\" class=\"yoast-schema-graph\">{\"@context\":\"https:\/\/schema.org\",\"@graph\":[{\"@type\":\"Article\",\"@id\":\"https:\/\/www.notibras.com\/site\/turista-e-mordida-por-tubarao-durante-mergulho-no-mar\/#article\",\"isPartOf\":{\"@id\":\"https:\/\/www.notibras.com\/site\/turista-e-mordida-por-tubarao-durante-mergulho-no-mar\/\"},\"author\":{\"name\":\"Reda\u00e7\u00e3o\",\"@id\":\"https:\/\/www.notibras.com\/site\/#\/schema\/person\/36ab0979449956132d3e5b517ea76ac8\"},\"headline\":\"Turista \u00e9 mordida por tubar\u00e3o durante mergulho no mar\",\"datePublished\":\"2026-01-10T03:00:58+00:00\",\"dateModified\":\"2026-01-10T11:40:45+00:00\",\"mainEntityOfPage\":{\"@id\":\"https:\/\/www.notibras.com\/site\/turista-e-mordida-por-tubarao-durante-mergulho-no-mar\/\"},\"wordCount\":176,\"publisher\":{\"@id\":\"https:\/\/www.notibras.com\/site\/#organization\"},\"image\":{\"@id\":\"https:\/\/www.notibras.com\/site\/turista-e-mordida-por-tubarao-durante-mergulho-no-mar\/#primaryimage\"},\"thumbnailUrl\":\"https:\/\/www.notibras.com\/site\/wp-content\/uploads\/2026\/01\/12322407-1a1a-4312-81f0-9021a66da84d.jpg\",\"articleSection\":[\"Nordeste\"],\"inLanguage\":\"pt-BR\"},{\"@type\":\"WebPage\",\"@id\":\"https:\/\/www.notibras.com\/site\/turista-e-mordida-por-tubarao-durante-mergulho-no-mar\/\",\"url\":\"https:\/\/www.notibras.com\/site\/turista-e-mordida-por-tubarao-durante-mergulho-no-mar\/\",\"name\":\"Turista \u00e9 mordida por tubar\u00e3o durante mergulho no mar - Notibras\",\"isPartOf\":{\"@id\":\"https:\/\/www.notibras.com\/site\/#website\"},\"primaryImageOfPage\":{\"@id\":\"https:\/\/www.notibras.com\/site\/turista-e-mordida-por-tubarao-durante-mergulho-no-mar\/#primaryimage\"},\"image\":{\"@id\":\"https:\/\/www.notibras.com\/site\/turista-e-mordida-por-tubarao-durante-mergulho-no-mar\/#primaryimage\"},\"thumbnailUrl\":\"https:\/\/www.notibras.com\/site\/wp-content\/uploads\/2026\/01\/12322407-1a1a-4312-81f0-9021a66da84d.jpg\",\"datePublished\":\"2026-01-10T03:00:58+00:00\",\"dateModified\":\"2026-01-10T11:40:45+00:00\",\"breadcrumb\":{\"@id\":\"https:\/\/www.notibras.com\/site\/turista-e-mordida-por-tubarao-durante-mergulho-no-mar\/#breadcrumb\"},\"inLanguage\":\"pt-BR\",\"potentialAction\":[{\"@type\":\"ReadAction\",\"target\":[\"https:\/\/www.notibras.com\/site\/turista-e-mordida-por-tubarao-durante-mergulho-no-mar\/\"]}]},{\"@type\":\"ImageObject\",\"inLanguage\":\"pt-BR\",\"@id\":\"https:\/\/www.notibras.com\/site\/turista-e-mordida-por-tubarao-durante-mergulho-no-mar\/#primaryimage\",\"url\":\"https:\/\/www.notibras.com\/site\/wp-content\/uploads\/2026\/01\/12322407-1a1a-4312-81f0-9021a66da84d.jpg\",\"contentUrl\":\"https:\/\/www.notibras.com\/site\/wp-content\/uploads\/2026\/01\/12322407-1a1a-4312-81f0-9021a66da84d.jpg\",\"width\":984,\"height\":712},{\"@type\":\"BreadcrumbList\",\"@id\":\"https:\/\/www.notibras.com\/site\/turista-e-mordida-por-tubarao-durante-mergulho-no-mar\/#breadcrumb\",\"itemListElement\":[{\"@type\":\"ListItem\",\"position\":1,\"name\":\"In\u00edcio\",\"item\":\"https:\/\/www.notibras.com\/site\/\"},{\"@type\":\"ListItem\",\"position\":2,\"name\":\"Turista \u00e9 mordida por tubar\u00e3o durante mergulho no mar\"}]},{\"@type\":\"WebSite\",\"@id\":\"https:\/\/www.notibras.com\/site\/#website\",\"url\":\"https:\/\/www.notibras.com\/site\/\",\"name\":\"Notibras\",\"description\":\"Not\u00edcias de Bras\u00edlia, do Brasil e do Mundo\",\"publisher\":{\"@id\":\"https:\/\/www.notibras.com\/site\/#organization\"},\"potentialAction\":[{\"@type\":\"SearchAction\",\"target\":{\"@type\":\"EntryPoint\",\"urlTemplate\":\"https:\/\/www.notibras.com\/site\/?s={search_term_string}\"},\"query-input\":{\"@type\":\"PropertyValueSpecification\",\"valueRequired\":true,\"valueName\":\"search_term_string\"}}],\"inLanguage\":\"pt-BR\"},{\"@type\":\"Organization\",\"@id\":\"https:\/\/www.notibras.com\/site\/#organization\",\"name\":\"Grupo Notibras de Comunica\u00e7\u00e3o\",\"url\":\"https:\/\/www.notibras.com\/site\/\",\"logo\":{\"@type\":\"ImageObject\",\"inLanguage\":\"pt-BR\",\"@id\":\"https:\/\/www.notibras.com\/site\/#\/schema\/logo\/image\/\",\"url\":\"https:\/\/www.notibras.com\/site\/wp-content\/uploads\/2023\/01\/notibras23.png\",\"contentUrl\":\"https:\/\/www.notibras.com\/site\/wp-content\/uploads\/2023\/01\/notibras23.png\",\"width\":350,\"height\":87,\"caption\":\"Grupo Notibras de Comunica\u00e7\u00e3o\"},\"image\":{\"@id\":\"https:\/\/www.notibras.com\/site\/#\/schema\/logo\/image\/\"},\"sameAs\":[\"https:\/\/www.facebook.com\/notibras\/\",\"https:\/\/x.com\/Notibras\",\"https:\/\/www.instagram.com\/notibras\/\"]},{\"@type\":\"Person\",\"@id\":\"https:\/\/www.notibras.com\/site\/#\/schema\/person\/36ab0979449956132d3e5b517ea76ac8\",\"name\":\"Reda\u00e7\u00e3o\",\"image\":{\"@type\":\"ImageObject\",\"inLanguage\":\"pt-BR\",\"@id\":\"https:\/\/secure.gravatar.com\/avatar\/e0a867bdedb85fd243eadf09663511f96fc81e0720a4a42581f334ad4303aa6b?s=96&d=mm&r=g\",\"url\":\"https:\/\/secure.gravatar.com\/avatar\/e0a867bdedb85fd243eadf09663511f96fc81e0720a4a42581f334ad4303aa6b?s=96&d=mm&r=g\",\"contentUrl\":\"https:\/\/secure.gravatar.com\/avatar\/e0a867bdedb85fd243eadf09663511f96fc81e0720a4a42581f334ad4303aa6b?s=96&d=mm&r=g\",\"caption\":\"Reda\u00e7\u00e3o\"}}]}<\/script>\n<!-- \/ Yoast SEO plugin. -->","yoast_head_json":{"title":"Turista \u00e9 mordida por tubar\u00e3o durante mergulho no mar - Notibras","robots":{"index":"index","follow":"follow","max-snippet":"max-snippet:-1","max-image-preview":"max-image-preview:large","max-video-preview":"max-video-preview:-1"},"canonical":"https:\/\/www.notibras.com\/site\/turista-e-mordida-por-tubarao-durante-mergulho-no-mar\/","og_locale":"pt_BR","og_type":"article","og_title":"Turista \u00e9 mordida por tubar\u00e3o durante mergulho no mar - Notibras","og_description":"A turista Tayane Dalazen, de 36 anos, moradora de S\u00e3o Paulo, foi mordida na perna por um tubar\u00e3o em Fernando de Noronha, nesta sexta-feira (9). O incidente ocorreu durante um mergulho em frente \u00e0 Associa\u00e7\u00e3o de Pescadores, na regi\u00e3o do Porto de Santo Ant\u00f4nio. A mulher divulgou o caso nas redes sociais. A turista n\u00e3o [&hellip;]","og_url":"https:\/\/www.notibras.com\/site\/turista-e-mordida-por-tubarao-durante-mergulho-no-mar\/","og_site_name":"Notibras","article_publisher":"https:\/\/www.facebook.com\/notibras\/","article_published_time":"2026-01-10T03:00:58+00:00","article_modified_time":"2026-01-10T11:40:45+00:00","og_image":[{"width":984,"height":712,"url":"https:\/\/www.notibras.com\/site\/wp-content\/uploads\/2026\/01\/12322407-1a1a-4312-81f0-9021a66da84d.jpg","type":"image\/jpeg"}],"author":"Reda\u00e7\u00e3o","twitter_card":"summary_large_image","twitter_creator":"@Notibras","twitter_site":"@Notibras","twitter_misc":{"Escrito por":"Reda\u00e7\u00e3o","Est. tempo de leitura":"2 minutos"},"schema":{"@context":"https:\/\/schema.org","@graph":[{"@type":"Article","@id":"https:\/\/www.notibras.com\/site\/turista-e-mordida-por-tubarao-durante-mergulho-no-mar\/#article","isPartOf":{"@id":"https:\/\/www.notibras.com\/site\/turista-e-mordida-por-tubarao-durante-mergulho-no-mar\/"},"author":{"name":"Reda\u00e7\u00e3o","@id":"https:\/\/www.notibras.com\/site\/#\/schema\/person\/36ab0979449956132d3e5b517ea76ac8"},"headline":"Turista \u00e9 mordida por tubar\u00e3o durante mergulho no mar","datePublished":"2026-01-10T03:00:58+00:00","dateModified":"2026-01-10T11:40:45+00:00","mainEntityOfPage":{"@id":"https:\/\/www.notibras.com\/site\/turista-e-mordida-por-tubarao-durante-mergulho-no-mar\/"},"wordCount":176,"publisher":{"@id":"https:\/\/www.notibras.com\/site\/#organization"},"image":{"@id":"https:\/\/www.notibras.com\/site\/turista-e-mordida-por-tubarao-durante-mergulho-no-mar\/#primaryimage"},"thumbnailUrl":"https:\/\/www.notibras.com\/site\/wp-content\/uploads\/2026\/01\/12322407-1a1a-4312-81f0-9021a66da84d.jpg","articleSection":["Nordeste"],"inLanguage":"pt-BR"},{"@type":"WebPage","@id":"https:\/\/www.notibras.com\/site\/turista-e-mordida-por-tubarao-durante-mergulho-no-mar\/","url":"https:\/\/www.notibras.com\/site\/turista-e-mordida-por-tubarao-durante-mergulho-no-mar\/","name":"Turista \u00e9 mordida por tubar\u00e3o durante mergulho no mar - Notibras","isPartOf":{"@id":"https:\/\/www.notibras.com\/site\/#website"},"primaryImageOfPage":{"@id":"https:\/\/www.notibras.com\/site\/turista-e-mordida-por-tubarao-durante-mergulho-no-mar\/#primaryimage"},"image":{"@id":"https:\/\/www.notibras.com\/site\/turista-e-mordida-por-tubarao-durante-mergulho-no-mar\/#primaryimage"},"thumbnailUrl":"https:\/\/www.notibras.com\/site\/wp-content\/uploads\/2026\/01\/12322407-1a1a-4312-81f0-9021a66da84d.jpg","datePublished":"2026-01-10T03:00:58+00:00","dateModified":"2026-01-10T11:40:45+00:00","breadcrumb":{"@id":"https:\/\/www.notibras.com\/site\/turista-e-mordida-por-tubarao-durante-mergulho-no-mar\/#breadcrumb"},"inLanguage":"pt-BR","potentialAction":[{"@type":"ReadAction","target":["https:\/\/www.notibras.com\/site\/turista-e-mordida-por-tubarao-durante-mergulho-no-mar\/"]}]},{"@type":"ImageObject","inLanguage":"pt-BR","@id":"https:\/\/www.notibras.com\/site\/turista-e-mordida-por-tubarao-durante-mergulho-no-mar\/#primaryimage","url":"https:\/\/www.notibras.com\/site\/wp-content\/uploads\/2026\/01\/12322407-1a1a-4312-81f0-9021a66da84d.jpg","contentUrl":"https:\/\/www.notibras.com\/site\/wp-content\/uploads\/2026\/01\/12322407-1a1a-4312-81f0-9021a66da84d.jpg","width":984,"height":712},{"@type":"BreadcrumbList","@id":"https:\/\/www.notibras.com\/site\/turista-e-mordida-por-tubarao-durante-mergulho-no-mar\/#breadcrumb","itemListElement":[{"@type":"ListItem","position":1,"name":"In\u00edcio","item":"https:\/\/www.notibras.com\/site\/"},{"@type":"ListItem","position":2,"name":"Turista \u00e9 mordida por tubar\u00e3o durante mergulho no mar"}]},{"@type":"WebSite","@id":"https:\/\/www.notibras.com\/site\/#website","url":"https:\/\/www.notibras.com\/site\/","name":"Notibras","description":"Not\u00edcias de Bras\u00edlia, do Brasil e do Mundo","publisher":{"@id":"https:\/\/www.notibras.com\/site\/#organization"},"potentialAction":[{"@type":"SearchAction","target":{"@type":"EntryPoint","urlTemplate":"https:\/\/www.notibras.com\/site\/?s={search_term_string}"},"query-input":{"@type":"PropertyValueSpecification","valueRequired":true,"valueName":"search_term_string"}}],"inLanguage":"pt-BR"},{"@type":"Organization","@id":"https:\/\/www.notibras.com\/site\/#organization","name":"Grupo Notibras de Comunica\u00e7\u00e3o","url":"https:\/\/www.notibras.com\/site\/","logo":{"@type":"ImageObject","inLanguage":"pt-BR","@id":"https:\/\/www.notibras.com\/site\/#\/schema\/logo\/image\/","url":"https:\/\/www.notibras.com\/site\/wp-content\/uploads\/2023\/01\/notibras23.png","contentUrl":"https:\/\/www.notibras.com\/site\/wp-content\/uploads\/2023\/01\/notibras23.png","width":350,"height":87,"caption":"Grupo Notibras de Comunica\u00e7\u00e3o"},"image":{"@id":"https:\/\/www.notibras.com\/site\/#\/schema\/logo\/image\/"},"sameAs":["https:\/\/www.facebook.com\/notibras\/","https:\/\/x.com\/Notibras","https:\/\/www.instagram.com\/notibras\/"]},{"@type":"Person","@id":"https:\/\/www.notibras.com\/site\/#\/schema\/person\/36ab0979449956132d3e5b517ea76ac8","name":"Reda\u00e7\u00e3o","image":{"@type":"ImageObject","inLanguage":"pt-BR","@id":"https:\/\/secure.gravatar.com\/avatar\/e0a867bdedb85fd243eadf09663511f96fc81e0720a4a42581f334ad4303aa6b?s=96&d=mm&r=g","url":"https:\/\/secure.gravatar.com\/avatar\/e0a867bdedb85fd243eadf09663511f96fc81e0720a4a42581f334ad4303aa6b?s=96&d=mm&r=g","contentUrl":"https:\/\/secure.gravatar.com\/avatar\/e0a867bdedb85fd243eadf09663511f96fc81e0720a4a42581f334ad4303aa6b?s=96&d=mm&r=g","caption":"Reda\u00e7\u00e3o"}}]}},"amp_enabled":true,"_links":{"self":[{"href":"https:\/\/www.notibras.com\/site\/wp-json\/wp\/v2\/posts\/378433","targetHints":{"allow":["GET"]}}],"collection":[{"href":"https:\/\/www.notibras.com\/site\/wp-json\/wp\/v2\/posts"}],"about":[{"href":"https:\/\/www.notibras.com\/site\/wp-json\/wp\/v2\/types\/post"}],"author":[{"embeddable":true,"href":"https:\/\/www.notibras.com\/site\/wp-json\/wp\/v2\/users\/2"}],"replies":[{"embeddable":true,"href":"https:\/\/www.notibras.com\/site\/wp-json\/wp\/v2\/comments?post=378433"}],"version-history":[{"count":1,"href":"https:\/\/www.notibras.com\/site\/wp-json\/wp\/v2\/posts\/378433\/revisions"}],"predecessor-version":[{"id":378435,"href":"https:\/\/www.notibras.com\/site\/wp-json\/wp\/v2\/posts\/378433\/revisions\/378435"}],"wp:featuredmedia":[{"embeddable":true,"href":"https:\/\/www.notibras.com\/site\/wp-json\/wp\/v2\/media\/378434"}],"wp:attachment":[{"href":"https:\/\/www.notibras.com\/site\/wp-json\/wp\/v2\/media?parent=378433"}],"wp:term":[{"taxonomy":"category","embeddable":true,"href":"https:\/\/www.notibras.com\/site\/wp-json\/wp\/v2\/categories?post=378433"},{"taxonomy":"post_tag","embeddable":true,"href":"https:\/\/www.notibras.com\/site\/wp-json\/wp\/v2\/tags?post=378433"}],"curies":[{"name":"wp","href":"https:\/\/api.w.org\/{rel}","templated":true}]}}