{"id":378439,"date":"2026-01-10T00:49:01","date_gmt":"2026-01-10T03:49:01","guid":{"rendered":"https:\/\/www.notibras.com\/site\/?p=378439"},"modified":"2026-01-10T08:50:57","modified_gmt":"2026-01-10T11:50:57","slug":"multimidia-faz-tudo-deixa-jornalista-a-ver-navio","status":"publish","type":"post","link":"https:\/\/www.notibras.com\/site\/multimidia-faz-tudo-deixa-jornalista-a-ver-navio\/","title":{"rendered":"Multim\u00eddia faz-tudo deixa jornalista a ver navio"},"content":{"rendered":"<p>A profiss\u00e3o de multim\u00eddia acaba de ser reconhecida oficialmente, com a publica\u00e7\u00e3o da Lei n\u00ba 15.325\/2026 no Di\u00e1rio Oficial da Uni\u00e3o. Ela prev\u00ea que um mesmo profissional acumule atividades de produ\u00e7\u00e3o, edi\u00e7\u00e3o e distribui\u00e7\u00e3o de conte\u00fados audiovisuais e digitais.<\/p>\n<p>Para os sindicatos de trabalhaores, a legisla\u00e7\u00e3o traz preju\u00edzos para jornalistas e radialistas. J\u00e1 a associa\u00e7\u00e3o de emissoras de TV e r\u00e1dio entende que a lei permite \u201catua\u00e7\u00e3o transversal dos profissionais\u201d. O projeto de origem \u00e9 da deputada Simone Marquetto (MDB-SP) e teve aprova\u00e7\u00e3o da C\u00e2mara dos Deputados, do Senado Federal e do presidente Luiz In\u00e1cio Lula da Silva.<\/p>\n<p>A Federa\u00e7\u00e3o Nacional de Jornalistas (Fenaj), seus 31 sindicatos filiados e o Movimento Nacional dos Radialistas (MNR) criticaram duramente a san\u00e7\u00e3o da lei. Para as entidades, a nova norma \u201cataca diretamente jornalistas e radialistas\u201d, cria inseguran\u00e7a jur\u00eddica e beneficia empres\u00e1rios do setor de comunica\u00e7\u00e3o.<\/p>\n<p><strong>Faltou di\u00e1logo<\/strong><br \/>\nA nota conjunta diz que n\u00e3o houve di\u00e1logo com as entidades representativas das categorias. Tamb\u00e9m destacou que as fun\u00e7\u00f5es atribu\u00eddas ao profissional multim\u00eddia j\u00e1 s\u00e3o exclusivas, por legisla\u00e7\u00e3o espec\u00edfica, das profiss\u00f5es de jornalista e radialista. A cr\u00edtica aponta ainda que o texto n\u00e3o prev\u00ea carga hor\u00e1ria, registro e forma\u00e7\u00e3o espec\u00edfica para a nova profiss\u00e3o.<\/p>\n<p>\u201cAs entidades representativas v\u00e3o tomar as medidas legais necess\u00e1rias para preservar as profiss\u00f5es frente a mais essa aberra\u00e7\u00e3o legislativa\u201d, diz o comunicado.<\/p>\n<p>Elas tamb\u00e9m criticaram o que chamam de tentativa de \u201cdesregulamentar, \u00e0 for\u00e7a, o trabalho de jornalistas e radialistas\u201d, ao criar um \u201csombreamento legal que s\u00f3 beneficia os empres\u00e1rios\u201d. A Fenaj afirma ter estranhado que \u201co governo Lula, de origem no movimento dos trabalhadores\u201d, tenha sancionado a proposta sem vetos.<\/p>\n<p><strong>Abert<\/strong><br \/>\nEm sentido oposto, a Associa\u00e7\u00e3o Brasileira de Emissoras de R\u00e1dio e TV (Abert) avaliou positivamente a lei. Para a entidade, \u00e9 \u201cum avan\u00e7o relevante ao conferir clareza e reconhecimento profissional \u00e0s atividades exercidas em um ambiente cada vez mais marcado pela converg\u00eancia de m\u00eddias\u201d e \u201cm\u00faltiplas plataformas\u201d.<\/p>\n<p>\u201cA nova lei est\u00e1 plenamente alinhada \u00e0 converg\u00eancia tecnol\u00f3gica do setor de comunica\u00e7\u00e3o, que exige atua\u00e7\u00e3o transversal dos profissionais, adapta\u00e7\u00e3o constante \u00e0s inova\u00e7\u00f5es tecnol\u00f3gicas e atualiza\u00e7\u00e3o permanente para atender \u00e0s demandas de um mercado de trabalho em cont\u00ednua transforma\u00e7\u00e3o\u201d, disse o presidente-executivo da Abert, Cristiano Lobato Fl\u00f4res.<\/p>\n<p><strong>Lei n\u00ba 15.325\/2026<\/strong><br \/>\nA nova legisla\u00e7\u00e3o define como multim\u00eddia o profissional multifuncional, de n\u00edvel superior ou t\u00e9cnico, apto a atuar na cria\u00e7\u00e3o, produ\u00e7\u00e3o, capta\u00e7\u00e3o, edi\u00e7\u00e3o, planejamento, gest\u00e3o, programa\u00e7\u00e3o, publica\u00e7\u00e3o e distribui\u00e7\u00e3o de conte\u00fados de sons, imagens, anima\u00e7\u00f5es, v\u00eddeos e textos em m\u00eddias eletr\u00f4nicas e digitais.<\/p>\n<p>Entre as atribui\u00e7\u00f5es listadas est\u00e3o a cria\u00e7\u00e3o de portais, sites, redes sociais, anima\u00e7\u00f5es, jogos eletr\u00f4nicos, aplicativos, al\u00e9m da produ\u00e7\u00e3o, edi\u00e7\u00e3o, dire\u00e7\u00e3o e gest\u00e3o de conte\u00fados audiovisuais e digitais.<\/p>\n<p>A lei estabelece que o profissional multim\u00eddia atue em empresas e institui\u00e7\u00f5es p\u00fablicas ou privadas, incluindo emissoras de radiodifus\u00e3o, produtoras de conte\u00fado, provedores de aplica\u00e7\u00f5es de internet e ag\u00eancias de publicidade. A norma tamb\u00e9m assegura que profissionais de outras categorias possam, com concord\u00e2ncia do empregador, celebrar aditivo contratual para exercer atividades de multim\u00eddia.<\/p>\n","protected":false},"excerpt":{"rendered":"<p>A profiss\u00e3o de multim\u00eddia acaba de ser reconhecida oficialmente, com a publica\u00e7\u00e3o da Lei n\u00ba 15.325\/2026 no Di\u00e1rio Oficial da Uni\u00e3o. Ela prev\u00ea que um mesmo profissional acumule atividades de produ\u00e7\u00e3o, edi\u00e7\u00e3o e distribui\u00e7\u00e3o de conte\u00fados audiovisuais e digitais. Para os sindicatos de trabalhaores, a legisla\u00e7\u00e3o traz preju\u00edzos para jornalistas e radialistas. J\u00e1 a associa\u00e7\u00e3o [&hellip;]<\/p>\n","protected":false},"author":2,"featured_media":378440,"comment_status":"closed","ping_status":"closed","sticky":false,"template":"","format":"standard","meta":{"_acf_changed":false,"footnotes":""},"categories":[16],"tags":[],"class_list":["post-378439","post","type-post","status-publish","format-standard","has-post-thumbnail","hentry","category-brasil"],"acf":[],"yoast_head":"<!-- This site is optimized with the Yoast SEO plugin v27.2 - https:\/\/yoast.com\/product\/yoast-seo-wordpress\/ -->\n<title>Multim\u00eddia faz-tudo deixa jornalista a ver navio - Notibras<\/title>\n<meta name=\"robots\" content=\"index, follow, max-snippet:-1, max-image-preview:large, max-video-preview:-1\" \/>\n<link rel=\"canonical\" href=\"https:\/\/www.notibras.com\/site\/multimidia-faz-tudo-deixa-jornalista-a-ver-navio\/\" \/>\n<meta property=\"og:locale\" content=\"pt_BR\" \/>\n<meta property=\"og:type\" content=\"article\" \/>\n<meta property=\"og:title\" content=\"Multim\u00eddia faz-tudo deixa jornalista a ver navio - Notibras\" \/>\n<meta property=\"og:description\" content=\"A profiss\u00e3o de multim\u00eddia acaba de ser reconhecida oficialmente, com a publica\u00e7\u00e3o da Lei n\u00ba 15.325\/2026 no Di\u00e1rio Oficial da Uni\u00e3o. Ela prev\u00ea que um mesmo profissional acumule atividades de produ\u00e7\u00e3o, edi\u00e7\u00e3o e distribui\u00e7\u00e3o de conte\u00fados audiovisuais e digitais. Para os sindicatos de trabalhaores, a legisla\u00e7\u00e3o traz preju\u00edzos para jornalistas e radialistas. J\u00e1 a associa\u00e7\u00e3o [&hellip;]\" \/>\n<meta property=\"og:url\" content=\"https:\/\/www.notibras.com\/site\/multimidia-faz-tudo-deixa-jornalista-a-ver-navio\/\" \/>\n<meta property=\"og:site_name\" content=\"Notibras\" \/>\n<meta property=\"article:publisher\" content=\"https:\/\/www.facebook.com\/notibras\/\" \/>\n<meta property=\"article:published_time\" content=\"2026-01-10T03:49:01+00:00\" \/>\n<meta property=\"article:modified_time\" content=\"2026-01-10T11:50:57+00:00\" \/>\n<meta property=\"og:image\" content=\"https:\/\/www.notibras.com\/site\/wp-content\/uploads\/2026\/01\/close-no-reporter-dando-uma-entrevista-1.webp\" \/>\n\t<meta property=\"og:image:width\" content=\"1170\" \/>\n\t<meta property=\"og:image:height\" content=\"700\" \/>\n\t<meta property=\"og:image:type\" content=\"image\/webp\" \/>\n<meta name=\"author\" content=\"Reda\u00e7\u00e3o\" \/>\n<meta name=\"twitter:card\" content=\"summary_large_image\" \/>\n<meta name=\"twitter:creator\" content=\"@Notibras\" \/>\n<meta name=\"twitter:site\" content=\"@Notibras\" \/>\n<meta name=\"twitter:label1\" content=\"Escrito por\" \/>\n\t<meta name=\"twitter:data1\" content=\"Reda\u00e7\u00e3o\" \/>\n\t<meta name=\"twitter:label2\" content=\"Est. tempo de leitura\" \/>\n\t<meta name=\"twitter:data2\" content=\"3 minutos\" \/>\n<script type=\"application\/ld+json\" class=\"yoast-schema-graph\">{\"@context\":\"https:\/\/schema.org\",\"@graph\":[{\"@type\":\"Article\",\"@id\":\"https:\/\/www.notibras.com\/site\/multimidia-faz-tudo-deixa-jornalista-a-ver-navio\/#article\",\"isPartOf\":{\"@id\":\"https:\/\/www.notibras.com\/site\/multimidia-faz-tudo-deixa-jornalista-a-ver-navio\/\"},\"author\":{\"name\":\"Reda\u00e7\u00e3o\",\"@id\":\"https:\/\/www.notibras.com\/site\/#\/schema\/person\/36ab0979449956132d3e5b517ea76ac8\"},\"headline\":\"Multim\u00eddia faz-tudo deixa jornalista a ver navio\",\"datePublished\":\"2026-01-10T03:49:01+00:00\",\"dateModified\":\"2026-01-10T11:50:57+00:00\",\"mainEntityOfPage\":{\"@id\":\"https:\/\/www.notibras.com\/site\/multimidia-faz-tudo-deixa-jornalista-a-ver-navio\/\"},\"wordCount\":593,\"publisher\":{\"@id\":\"https:\/\/www.notibras.com\/site\/#organization\"},\"image\":{\"@id\":\"https:\/\/www.notibras.com\/site\/multimidia-faz-tudo-deixa-jornalista-a-ver-navio\/#primaryimage\"},\"thumbnailUrl\":\"https:\/\/www.notibras.com\/site\/wp-content\/uploads\/2026\/01\/close-no-reporter-dando-uma-entrevista-1.webp\",\"articleSection\":[\"Brasil\"],\"inLanguage\":\"pt-BR\"},{\"@type\":\"WebPage\",\"@id\":\"https:\/\/www.notibras.com\/site\/multimidia-faz-tudo-deixa-jornalista-a-ver-navio\/\",\"url\":\"https:\/\/www.notibras.com\/site\/multimidia-faz-tudo-deixa-jornalista-a-ver-navio\/\",\"name\":\"Multim\u00eddia faz-tudo deixa jornalista a ver navio - Notibras\",\"isPartOf\":{\"@id\":\"https:\/\/www.notibras.com\/site\/#website\"},\"primaryImageOfPage\":{\"@id\":\"https:\/\/www.notibras.com\/site\/multimidia-faz-tudo-deixa-jornalista-a-ver-navio\/#primaryimage\"},\"image\":{\"@id\":\"https:\/\/www.notibras.com\/site\/multimidia-faz-tudo-deixa-jornalista-a-ver-navio\/#primaryimage\"},\"thumbnailUrl\":\"https:\/\/www.notibras.com\/site\/wp-content\/uploads\/2026\/01\/close-no-reporter-dando-uma-entrevista-1.webp\",\"datePublished\":\"2026-01-10T03:49:01+00:00\",\"dateModified\":\"2026-01-10T11:50:57+00:00\",\"breadcrumb\":{\"@id\":\"https:\/\/www.notibras.com\/site\/multimidia-faz-tudo-deixa-jornalista-a-ver-navio\/#breadcrumb\"},\"inLanguage\":\"pt-BR\",\"potentialAction\":[{\"@type\":\"ReadAction\",\"target\":[\"https:\/\/www.notibras.com\/site\/multimidia-faz-tudo-deixa-jornalista-a-ver-navio\/\"]}]},{\"@type\":\"ImageObject\",\"inLanguage\":\"pt-BR\",\"@id\":\"https:\/\/www.notibras.com\/site\/multimidia-faz-tudo-deixa-jornalista-a-ver-navio\/#primaryimage\",\"url\":\"https:\/\/www.notibras.com\/site\/wp-content\/uploads\/2026\/01\/close-no-reporter-dando-uma-entrevista-1.webp\",\"contentUrl\":\"https:\/\/www.notibras.com\/site\/wp-content\/uploads\/2026\/01\/close-no-reporter-dando-uma-entrevista-1.webp\",\"width\":1170,\"height\":700},{\"@type\":\"BreadcrumbList\",\"@id\":\"https:\/\/www.notibras.com\/site\/multimidia-faz-tudo-deixa-jornalista-a-ver-navio\/#breadcrumb\",\"itemListElement\":[{\"@type\":\"ListItem\",\"position\":1,\"name\":\"In\u00edcio\",\"item\":\"https:\/\/www.notibras.com\/site\/\"},{\"@type\":\"ListItem\",\"position\":2,\"name\":\"Multim\u00eddia faz-tudo deixa jornalista a ver navio\"}]},{\"@type\":\"WebSite\",\"@id\":\"https:\/\/www.notibras.com\/site\/#website\",\"url\":\"https:\/\/www.notibras.com\/site\/\",\"name\":\"Notibras\",\"description\":\"Not\u00edcias de Bras\u00edlia, do Brasil e do Mundo\",\"publisher\":{\"@id\":\"https:\/\/www.notibras.com\/site\/#organization\"},\"potentialAction\":[{\"@type\":\"SearchAction\",\"target\":{\"@type\":\"EntryPoint\",\"urlTemplate\":\"https:\/\/www.notibras.com\/site\/?s={search_term_string}\"},\"query-input\":{\"@type\":\"PropertyValueSpecification\",\"valueRequired\":true,\"valueName\":\"search_term_string\"}}],\"inLanguage\":\"pt-BR\"},{\"@type\":\"Organization\",\"@id\":\"https:\/\/www.notibras.com\/site\/#organization\",\"name\":\"Grupo Notibras de Comunica\u00e7\u00e3o\",\"url\":\"https:\/\/www.notibras.com\/site\/\",\"logo\":{\"@type\":\"ImageObject\",\"inLanguage\":\"pt-BR\",\"@id\":\"https:\/\/www.notibras.com\/site\/#\/schema\/logo\/image\/\",\"url\":\"https:\/\/www.notibras.com\/site\/wp-content\/uploads\/2023\/01\/notibras23.png\",\"contentUrl\":\"https:\/\/www.notibras.com\/site\/wp-content\/uploads\/2023\/01\/notibras23.png\",\"width\":350,\"height\":87,\"caption\":\"Grupo Notibras de Comunica\u00e7\u00e3o\"},\"image\":{\"@id\":\"https:\/\/www.notibras.com\/site\/#\/schema\/logo\/image\/\"},\"sameAs\":[\"https:\/\/www.facebook.com\/notibras\/\",\"https:\/\/x.com\/Notibras\",\"https:\/\/www.instagram.com\/notibras\/\"]},{\"@type\":\"Person\",\"@id\":\"https:\/\/www.notibras.com\/site\/#\/schema\/person\/36ab0979449956132d3e5b517ea76ac8\",\"name\":\"Reda\u00e7\u00e3o\",\"image\":{\"@type\":\"ImageObject\",\"inLanguage\":\"pt-BR\",\"@id\":\"https:\/\/secure.gravatar.com\/avatar\/e0a867bdedb85fd243eadf09663511f96fc81e0720a4a42581f334ad4303aa6b?s=96&d=mm&r=g\",\"url\":\"https:\/\/secure.gravatar.com\/avatar\/e0a867bdedb85fd243eadf09663511f96fc81e0720a4a42581f334ad4303aa6b?s=96&d=mm&r=g\",\"contentUrl\":\"https:\/\/secure.gravatar.com\/avatar\/e0a867bdedb85fd243eadf09663511f96fc81e0720a4a42581f334ad4303aa6b?s=96&d=mm&r=g\",\"caption\":\"Reda\u00e7\u00e3o\"}}]}<\/script>\n<!-- \/ Yoast SEO plugin. -->","yoast_head_json":{"title":"Multim\u00eddia faz-tudo deixa jornalista a ver navio - Notibras","robots":{"index":"index","follow":"follow","max-snippet":"max-snippet:-1","max-image-preview":"max-image-preview:large","max-video-preview":"max-video-preview:-1"},"canonical":"https:\/\/www.notibras.com\/site\/multimidia-faz-tudo-deixa-jornalista-a-ver-navio\/","og_locale":"pt_BR","og_type":"article","og_title":"Multim\u00eddia faz-tudo deixa jornalista a ver navio - Notibras","og_description":"A profiss\u00e3o de multim\u00eddia acaba de ser reconhecida oficialmente, com a publica\u00e7\u00e3o da Lei n\u00ba 15.325\/2026 no Di\u00e1rio Oficial da Uni\u00e3o. Ela prev\u00ea que um mesmo profissional acumule atividades de produ\u00e7\u00e3o, edi\u00e7\u00e3o e distribui\u00e7\u00e3o de conte\u00fados audiovisuais e digitais. Para os sindicatos de trabalhaores, a legisla\u00e7\u00e3o traz preju\u00edzos para jornalistas e radialistas. J\u00e1 a associa\u00e7\u00e3o [&hellip;]","og_url":"https:\/\/www.notibras.com\/site\/multimidia-faz-tudo-deixa-jornalista-a-ver-navio\/","og_site_name":"Notibras","article_publisher":"https:\/\/www.facebook.com\/notibras\/","article_published_time":"2026-01-10T03:49:01+00:00","article_modified_time":"2026-01-10T11:50:57+00:00","og_image":[{"width":1170,"height":700,"url":"https:\/\/www.notibras.com\/site\/wp-content\/uploads\/2026\/01\/close-no-reporter-dando-uma-entrevista-1.webp","type":"image\/webp"}],"author":"Reda\u00e7\u00e3o","twitter_card":"summary_large_image","twitter_creator":"@Notibras","twitter_site":"@Notibras","twitter_misc":{"Escrito por":"Reda\u00e7\u00e3o","Est. tempo de leitura":"3 minutos"},"schema":{"@context":"https:\/\/schema.org","@graph":[{"@type":"Article","@id":"https:\/\/www.notibras.com\/site\/multimidia-faz-tudo-deixa-jornalista-a-ver-navio\/#article","isPartOf":{"@id":"https:\/\/www.notibras.com\/site\/multimidia-faz-tudo-deixa-jornalista-a-ver-navio\/"},"author":{"name":"Reda\u00e7\u00e3o","@id":"https:\/\/www.notibras.com\/site\/#\/schema\/person\/36ab0979449956132d3e5b517ea76ac8"},"headline":"Multim\u00eddia faz-tudo deixa jornalista a ver navio","datePublished":"2026-01-10T03:49:01+00:00","dateModified":"2026-01-10T11:50:57+00:00","mainEntityOfPage":{"@id":"https:\/\/www.notibras.com\/site\/multimidia-faz-tudo-deixa-jornalista-a-ver-navio\/"},"wordCount":593,"publisher":{"@id":"https:\/\/www.notibras.com\/site\/#organization"},"image":{"@id":"https:\/\/www.notibras.com\/site\/multimidia-faz-tudo-deixa-jornalista-a-ver-navio\/#primaryimage"},"thumbnailUrl":"https:\/\/www.notibras.com\/site\/wp-content\/uploads\/2026\/01\/close-no-reporter-dando-uma-entrevista-1.webp","articleSection":["Brasil"],"inLanguage":"pt-BR"},{"@type":"WebPage","@id":"https:\/\/www.notibras.com\/site\/multimidia-faz-tudo-deixa-jornalista-a-ver-navio\/","url":"https:\/\/www.notibras.com\/site\/multimidia-faz-tudo-deixa-jornalista-a-ver-navio\/","name":"Multim\u00eddia faz-tudo deixa jornalista a ver navio - Notibras","isPartOf":{"@id":"https:\/\/www.notibras.com\/site\/#website"},"primaryImageOfPage":{"@id":"https:\/\/www.notibras.com\/site\/multimidia-faz-tudo-deixa-jornalista-a-ver-navio\/#primaryimage"},"image":{"@id":"https:\/\/www.notibras.com\/site\/multimidia-faz-tudo-deixa-jornalista-a-ver-navio\/#primaryimage"},"thumbnailUrl":"https:\/\/www.notibras.com\/site\/wp-content\/uploads\/2026\/01\/close-no-reporter-dando-uma-entrevista-1.webp","datePublished":"2026-01-10T03:49:01+00:00","dateModified":"2026-01-10T11:50:57+00:00","breadcrumb":{"@id":"https:\/\/www.notibras.com\/site\/multimidia-faz-tudo-deixa-jornalista-a-ver-navio\/#breadcrumb"},"inLanguage":"pt-BR","potentialAction":[{"@type":"ReadAction","target":["https:\/\/www.notibras.com\/site\/multimidia-faz-tudo-deixa-jornalista-a-ver-navio\/"]}]},{"@type":"ImageObject","inLanguage":"pt-BR","@id":"https:\/\/www.notibras.com\/site\/multimidia-faz-tudo-deixa-jornalista-a-ver-navio\/#primaryimage","url":"https:\/\/www.notibras.com\/site\/wp-content\/uploads\/2026\/01\/close-no-reporter-dando-uma-entrevista-1.webp","contentUrl":"https:\/\/www.notibras.com\/site\/wp-content\/uploads\/2026\/01\/close-no-reporter-dando-uma-entrevista-1.webp","width":1170,"height":700},{"@type":"BreadcrumbList","@id":"https:\/\/www.notibras.com\/site\/multimidia-faz-tudo-deixa-jornalista-a-ver-navio\/#breadcrumb","itemListElement":[{"@type":"ListItem","position":1,"name":"In\u00edcio","item":"https:\/\/www.notibras.com\/site\/"},{"@type":"ListItem","position":2,"name":"Multim\u00eddia faz-tudo deixa jornalista a ver navio"}]},{"@type":"WebSite","@id":"https:\/\/www.notibras.com\/site\/#website","url":"https:\/\/www.notibras.com\/site\/","name":"Notibras","description":"Not\u00edcias de Bras\u00edlia, do Brasil e do Mundo","publisher":{"@id":"https:\/\/www.notibras.com\/site\/#organization"},"potentialAction":[{"@type":"SearchAction","target":{"@type":"EntryPoint","urlTemplate":"https:\/\/www.notibras.com\/site\/?s={search_term_string}"},"query-input":{"@type":"PropertyValueSpecification","valueRequired":true,"valueName":"search_term_string"}}],"inLanguage":"pt-BR"},{"@type":"Organization","@id":"https:\/\/www.notibras.com\/site\/#organization","name":"Grupo Notibras de Comunica\u00e7\u00e3o","url":"https:\/\/www.notibras.com\/site\/","logo":{"@type":"ImageObject","inLanguage":"pt-BR","@id":"https:\/\/www.notibras.com\/site\/#\/schema\/logo\/image\/","url":"https:\/\/www.notibras.com\/site\/wp-content\/uploads\/2023\/01\/notibras23.png","contentUrl":"https:\/\/www.notibras.com\/site\/wp-content\/uploads\/2023\/01\/notibras23.png","width":350,"height":87,"caption":"Grupo Notibras de Comunica\u00e7\u00e3o"},"image":{"@id":"https:\/\/www.notibras.com\/site\/#\/schema\/logo\/image\/"},"sameAs":["https:\/\/www.facebook.com\/notibras\/","https:\/\/x.com\/Notibras","https:\/\/www.instagram.com\/notibras\/"]},{"@type":"Person","@id":"https:\/\/www.notibras.com\/site\/#\/schema\/person\/36ab0979449956132d3e5b517ea76ac8","name":"Reda\u00e7\u00e3o","image":{"@type":"ImageObject","inLanguage":"pt-BR","@id":"https:\/\/secure.gravatar.com\/avatar\/e0a867bdedb85fd243eadf09663511f96fc81e0720a4a42581f334ad4303aa6b?s=96&d=mm&r=g","url":"https:\/\/secure.gravatar.com\/avatar\/e0a867bdedb85fd243eadf09663511f96fc81e0720a4a42581f334ad4303aa6b?s=96&d=mm&r=g","contentUrl":"https:\/\/secure.gravatar.com\/avatar\/e0a867bdedb85fd243eadf09663511f96fc81e0720a4a42581f334ad4303aa6b?s=96&d=mm&r=g","caption":"Reda\u00e7\u00e3o"}}]}},"amp_enabled":true,"_links":{"self":[{"href":"https:\/\/www.notibras.com\/site\/wp-json\/wp\/v2\/posts\/378439","targetHints":{"allow":["GET"]}}],"collection":[{"href":"https:\/\/www.notibras.com\/site\/wp-json\/wp\/v2\/posts"}],"about":[{"href":"https:\/\/www.notibras.com\/site\/wp-json\/wp\/v2\/types\/post"}],"author":[{"embeddable":true,"href":"https:\/\/www.notibras.com\/site\/wp-json\/wp\/v2\/users\/2"}],"replies":[{"embeddable":true,"href":"https:\/\/www.notibras.com\/site\/wp-json\/wp\/v2\/comments?post=378439"}],"version-history":[{"count":1,"href":"https:\/\/www.notibras.com\/site\/wp-json\/wp\/v2\/posts\/378439\/revisions"}],"predecessor-version":[{"id":378441,"href":"https:\/\/www.notibras.com\/site\/wp-json\/wp\/v2\/posts\/378439\/revisions\/378441"}],"wp:featuredmedia":[{"embeddable":true,"href":"https:\/\/www.notibras.com\/site\/wp-json\/wp\/v2\/media\/378440"}],"wp:attachment":[{"href":"https:\/\/www.notibras.com\/site\/wp-json\/wp\/v2\/media?parent=378439"}],"wp:term":[{"taxonomy":"category","embeddable":true,"href":"https:\/\/www.notibras.com\/site\/wp-json\/wp\/v2\/categories?post=378439"},{"taxonomy":"post_tag","embeddable":true,"href":"https:\/\/www.notibras.com\/site\/wp-json\/wp\/v2\/tags?post=378439"}],"curies":[{"name":"wp","href":"https:\/\/api.w.org\/{rel}","templated":true}]}}