{"id":378442,"date":"2026-01-10T00:57:08","date_gmt":"2026-01-10T03:57:08","guid":{"rendered":"https:\/\/www.notibras.com\/site\/?p=378442"},"modified":"2026-01-10T09:01:56","modified_gmt":"2026-01-10T12:01:56","slug":"pecas-sacras-devolvidas-a-arquidiocese-do-rio","status":"publish","type":"post","link":"https:\/\/www.notibras.com\/site\/pecas-sacras-devolvidas-a-arquidiocese-do-rio\/","title":{"rendered":"Pe\u00e7as sacras devolvidas \u00e0 Arquidiocese do Rio"},"content":{"rendered":"<p>A Pol\u00edcia Federal em conjunto com o Instituto do Patrim\u00f4nio Hist\u00f3rico e Art\u00edstico Nacional (Iphan), restituiu cinco pe\u00e7as sacras e diversos bens arqueol\u00f3gicos \u00e0 Arquidiocese do Rio de Janeiro. Elas foram apreendidas pela PF na Feira de Antiguidades da G\u00e1vea, zona sul do Rio, durante uma opera\u00e7\u00e3o realizada em dezembro de 2002.<\/p>\n<p>A cerim\u00f4nia de entrega ocorreu na Igreja de Nossa Senhora do Carmo da Antiga S\u00e9, na Rua Sete de Setembro esquina de Primeiro de Mar\u00e7o, regi\u00e3o central da cidade. As pe\u00e7as foram restitu\u00eddas ap\u00f3s os tr\u00e2mites legais e a defini\u00e7\u00e3o do destino dos bens. As esculturas foram entregues \u00e0 Comiss\u00e3o de Patrim\u00f4nio Hist\u00f3rico e Cultural da Arquidiocese, conforme recomenda\u00e7\u00e3o do Iphan.<\/p>\n<p>A devolu\u00e7\u00e3o foi realizada com base no princ\u00edpio da \u201cm\u00e3o morta\u201d, que estabelece a perman\u00eancia de bens vinculados \u00e0 Igreja sob sua guarda.<\/p>\n<p>O conjunto de obras sacras \u00e9 formado por cinco esculturas religiosas de orat\u00f3rio, produzidas entre os s\u00e9culos 18 e 19. Elas representam S\u00e3o Jo\u00e3o Batista, S\u00e3o Jos\u00e9, Virgem Maria, S\u00e3o Francisco de Assis e Santo Ant\u00f4nio, al\u00e9m de fragmentos arqueol\u00f3gicos de cer\u00e2mica, pedra e outros materiais hist\u00f3ricos.<\/p>\n<p>De acordo com a avalia\u00e7\u00e3o t\u00e9cnica do Iphan, as pe\u00e7as est\u00e3o em bom estado de conserva\u00e7\u00e3o, apesar de apresentarem pequenas fragmenta\u00e7\u00f5es e desgaste da pintura original.<\/p>\n<p>A expectativa \u00e9 que o material passe a ter uso cultural e devocional, al\u00e9m de a\u00e7\u00f5es educativas e exposi\u00e7\u00f5es promovidas pela Arquidiocese do Rio.<\/p>\n","protected":false},"excerpt":{"rendered":"<p>A Pol\u00edcia Federal em conjunto com o Instituto do Patrim\u00f4nio Hist\u00f3rico e Art\u00edstico Nacional (Iphan), restituiu cinco pe\u00e7as sacras e diversos bens arqueol\u00f3gicos \u00e0 Arquidiocese do Rio de Janeiro. Elas foram apreendidas pela PF na Feira de Antiguidades da G\u00e1vea, zona sul do Rio, durante uma opera\u00e7\u00e3o realizada em dezembro de 2002. A cerim\u00f4nia de [&hellip;]<\/p>\n","protected":false},"author":2,"featured_media":378444,"comment_status":"closed","ping_status":"closed","sticky":false,"template":"","format":"standard","meta":{"_acf_changed":false,"footnotes":""},"categories":[155],"tags":[],"class_list":["post-378442","post","type-post","status-publish","format-standard","has-post-thumbnail","hentry","category-leitura-vip"],"acf":[],"yoast_head":"<!-- This site is optimized with the Yoast SEO plugin v27.2 - https:\/\/yoast.com\/product\/yoast-seo-wordpress\/ -->\n<title>Pe\u00e7as sacras devolvidas \u00e0 Arquidiocese do Rio - Notibras<\/title>\n<meta name=\"robots\" content=\"index, follow, max-snippet:-1, max-image-preview:large, max-video-preview:-1\" \/>\n<link rel=\"canonical\" href=\"https:\/\/www.notibras.com\/site\/pecas-sacras-devolvidas-a-arquidiocese-do-rio\/\" \/>\n<meta property=\"og:locale\" content=\"pt_BR\" \/>\n<meta property=\"og:type\" content=\"article\" \/>\n<meta property=\"og:title\" content=\"Pe\u00e7as sacras devolvidas \u00e0 Arquidiocese do Rio - Notibras\" \/>\n<meta property=\"og:description\" content=\"A Pol\u00edcia Federal em conjunto com o Instituto do Patrim\u00f4nio Hist\u00f3rico e Art\u00edstico Nacional (Iphan), restituiu cinco pe\u00e7as sacras e diversos bens arqueol\u00f3gicos \u00e0 Arquidiocese do Rio de Janeiro. Elas foram apreendidas pela PF na Feira de Antiguidades da G\u00e1vea, zona sul do Rio, durante uma opera\u00e7\u00e3o realizada em dezembro de 2002. A cerim\u00f4nia de [&hellip;]\" \/>\n<meta property=\"og:url\" content=\"https:\/\/www.notibras.com\/site\/pecas-sacras-devolvidas-a-arquidiocese-do-rio\/\" \/>\n<meta property=\"og:site_name\" content=\"Notibras\" \/>\n<meta property=\"article:publisher\" content=\"https:\/\/www.facebook.com\/notibras\/\" \/>\n<meta property=\"article:published_time\" content=\"2026-01-10T03:57:08+00:00\" \/>\n<meta property=\"article:modified_time\" content=\"2026-01-10T12:01:56+00:00\" \/>\n<meta property=\"og:image\" content=\"https:\/\/www.notibras.com\/site\/wp-content\/uploads\/2026\/01\/whatsapp_image_2026-01-09_at_17.59.47.webp\" \/>\n\t<meta property=\"og:image:width\" content=\"1170\" \/>\n\t<meta property=\"og:image:height\" content=\"700\" \/>\n\t<meta property=\"og:image:type\" content=\"image\/webp\" \/>\n<meta name=\"author\" content=\"Reda\u00e7\u00e3o\" \/>\n<meta name=\"twitter:card\" content=\"summary_large_image\" \/>\n<meta name=\"twitter:creator\" content=\"@Notibras\" \/>\n<meta name=\"twitter:site\" content=\"@Notibras\" \/>\n<meta name=\"twitter:label1\" content=\"Escrito por\" \/>\n\t<meta name=\"twitter:data1\" content=\"Reda\u00e7\u00e3o\" \/>\n\t<meta name=\"twitter:label2\" content=\"Est. tempo de leitura\" \/>\n\t<meta name=\"twitter:data2\" content=\"2 minutos\" \/>\n<script type=\"application\/ld+json\" class=\"yoast-schema-graph\">{\"@context\":\"https:\/\/schema.org\",\"@graph\":[{\"@type\":\"Article\",\"@id\":\"https:\/\/www.notibras.com\/site\/pecas-sacras-devolvidas-a-arquidiocese-do-rio\/#article\",\"isPartOf\":{\"@id\":\"https:\/\/www.notibras.com\/site\/pecas-sacras-devolvidas-a-arquidiocese-do-rio\/\"},\"author\":{\"name\":\"Reda\u00e7\u00e3o\",\"@id\":\"https:\/\/www.notibras.com\/site\/#\/schema\/person\/36ab0979449956132d3e5b517ea76ac8\"},\"headline\":\"Pe\u00e7as sacras devolvidas \u00e0 Arquidiocese do Rio\",\"datePublished\":\"2026-01-10T03:57:08+00:00\",\"dateModified\":\"2026-01-10T12:01:56+00:00\",\"mainEntityOfPage\":{\"@id\":\"https:\/\/www.notibras.com\/site\/pecas-sacras-devolvidas-a-arquidiocese-do-rio\/\"},\"wordCount\":276,\"publisher\":{\"@id\":\"https:\/\/www.notibras.com\/site\/#organization\"},\"image\":{\"@id\":\"https:\/\/www.notibras.com\/site\/pecas-sacras-devolvidas-a-arquidiocese-do-rio\/#primaryimage\"},\"thumbnailUrl\":\"https:\/\/www.notibras.com\/site\/wp-content\/uploads\/2026\/01\/whatsapp_image_2026-01-09_at_17.59.47.webp\",\"articleSection\":[\"Leitura Vip\"],\"inLanguage\":\"pt-BR\"},{\"@type\":\"WebPage\",\"@id\":\"https:\/\/www.notibras.com\/site\/pecas-sacras-devolvidas-a-arquidiocese-do-rio\/\",\"url\":\"https:\/\/www.notibras.com\/site\/pecas-sacras-devolvidas-a-arquidiocese-do-rio\/\",\"name\":\"Pe\u00e7as sacras devolvidas \u00e0 Arquidiocese do Rio - Notibras\",\"isPartOf\":{\"@id\":\"https:\/\/www.notibras.com\/site\/#website\"},\"primaryImageOfPage\":{\"@id\":\"https:\/\/www.notibras.com\/site\/pecas-sacras-devolvidas-a-arquidiocese-do-rio\/#primaryimage\"},\"image\":{\"@id\":\"https:\/\/www.notibras.com\/site\/pecas-sacras-devolvidas-a-arquidiocese-do-rio\/#primaryimage\"},\"thumbnailUrl\":\"https:\/\/www.notibras.com\/site\/wp-content\/uploads\/2026\/01\/whatsapp_image_2026-01-09_at_17.59.47.webp\",\"datePublished\":\"2026-01-10T03:57:08+00:00\",\"dateModified\":\"2026-01-10T12:01:56+00:00\",\"breadcrumb\":{\"@id\":\"https:\/\/www.notibras.com\/site\/pecas-sacras-devolvidas-a-arquidiocese-do-rio\/#breadcrumb\"},\"inLanguage\":\"pt-BR\",\"potentialAction\":[{\"@type\":\"ReadAction\",\"target\":[\"https:\/\/www.notibras.com\/site\/pecas-sacras-devolvidas-a-arquidiocese-do-rio\/\"]}]},{\"@type\":\"ImageObject\",\"inLanguage\":\"pt-BR\",\"@id\":\"https:\/\/www.notibras.com\/site\/pecas-sacras-devolvidas-a-arquidiocese-do-rio\/#primaryimage\",\"url\":\"https:\/\/www.notibras.com\/site\/wp-content\/uploads\/2026\/01\/whatsapp_image_2026-01-09_at_17.59.47.webp\",\"contentUrl\":\"https:\/\/www.notibras.com\/site\/wp-content\/uploads\/2026\/01\/whatsapp_image_2026-01-09_at_17.59.47.webp\",\"width\":1170,\"height\":700},{\"@type\":\"BreadcrumbList\",\"@id\":\"https:\/\/www.notibras.com\/site\/pecas-sacras-devolvidas-a-arquidiocese-do-rio\/#breadcrumb\",\"itemListElement\":[{\"@type\":\"ListItem\",\"position\":1,\"name\":\"In\u00edcio\",\"item\":\"https:\/\/www.notibras.com\/site\/\"},{\"@type\":\"ListItem\",\"position\":2,\"name\":\"Pe\u00e7as sacras devolvidas \u00e0 Arquidiocese do Rio\"}]},{\"@type\":\"WebSite\",\"@id\":\"https:\/\/www.notibras.com\/site\/#website\",\"url\":\"https:\/\/www.notibras.com\/site\/\",\"name\":\"Notibras\",\"description\":\"Not\u00edcias de Bras\u00edlia, do Brasil e do Mundo\",\"publisher\":{\"@id\":\"https:\/\/www.notibras.com\/site\/#organization\"},\"potentialAction\":[{\"@type\":\"SearchAction\",\"target\":{\"@type\":\"EntryPoint\",\"urlTemplate\":\"https:\/\/www.notibras.com\/site\/?s={search_term_string}\"},\"query-input\":{\"@type\":\"PropertyValueSpecification\",\"valueRequired\":true,\"valueName\":\"search_term_string\"}}],\"inLanguage\":\"pt-BR\"},{\"@type\":\"Organization\",\"@id\":\"https:\/\/www.notibras.com\/site\/#organization\",\"name\":\"Grupo Notibras de Comunica\u00e7\u00e3o\",\"url\":\"https:\/\/www.notibras.com\/site\/\",\"logo\":{\"@type\":\"ImageObject\",\"inLanguage\":\"pt-BR\",\"@id\":\"https:\/\/www.notibras.com\/site\/#\/schema\/logo\/image\/\",\"url\":\"https:\/\/www.notibras.com\/site\/wp-content\/uploads\/2023\/01\/notibras23.png\",\"contentUrl\":\"https:\/\/www.notibras.com\/site\/wp-content\/uploads\/2023\/01\/notibras23.png\",\"width\":350,\"height\":87,\"caption\":\"Grupo Notibras de Comunica\u00e7\u00e3o\"},\"image\":{\"@id\":\"https:\/\/www.notibras.com\/site\/#\/schema\/logo\/image\/\"},\"sameAs\":[\"https:\/\/www.facebook.com\/notibras\/\",\"https:\/\/x.com\/Notibras\",\"https:\/\/www.instagram.com\/notibras\/\"]},{\"@type\":\"Person\",\"@id\":\"https:\/\/www.notibras.com\/site\/#\/schema\/person\/36ab0979449956132d3e5b517ea76ac8\",\"name\":\"Reda\u00e7\u00e3o\",\"image\":{\"@type\":\"ImageObject\",\"inLanguage\":\"pt-BR\",\"@id\":\"https:\/\/secure.gravatar.com\/avatar\/e0a867bdedb85fd243eadf09663511f96fc81e0720a4a42581f334ad4303aa6b?s=96&d=mm&r=g\",\"url\":\"https:\/\/secure.gravatar.com\/avatar\/e0a867bdedb85fd243eadf09663511f96fc81e0720a4a42581f334ad4303aa6b?s=96&d=mm&r=g\",\"contentUrl\":\"https:\/\/secure.gravatar.com\/avatar\/e0a867bdedb85fd243eadf09663511f96fc81e0720a4a42581f334ad4303aa6b?s=96&d=mm&r=g\",\"caption\":\"Reda\u00e7\u00e3o\"}}]}<\/script>\n<!-- \/ Yoast SEO plugin. -->","yoast_head_json":{"title":"Pe\u00e7as sacras devolvidas \u00e0 Arquidiocese do Rio - Notibras","robots":{"index":"index","follow":"follow","max-snippet":"max-snippet:-1","max-image-preview":"max-image-preview:large","max-video-preview":"max-video-preview:-1"},"canonical":"https:\/\/www.notibras.com\/site\/pecas-sacras-devolvidas-a-arquidiocese-do-rio\/","og_locale":"pt_BR","og_type":"article","og_title":"Pe\u00e7as sacras devolvidas \u00e0 Arquidiocese do Rio - Notibras","og_description":"A Pol\u00edcia Federal em conjunto com o Instituto do Patrim\u00f4nio Hist\u00f3rico e Art\u00edstico Nacional (Iphan), restituiu cinco pe\u00e7as sacras e diversos bens arqueol\u00f3gicos \u00e0 Arquidiocese do Rio de Janeiro. Elas foram apreendidas pela PF na Feira de Antiguidades da G\u00e1vea, zona sul do Rio, durante uma opera\u00e7\u00e3o realizada em dezembro de 2002. A cerim\u00f4nia de [&hellip;]","og_url":"https:\/\/www.notibras.com\/site\/pecas-sacras-devolvidas-a-arquidiocese-do-rio\/","og_site_name":"Notibras","article_publisher":"https:\/\/www.facebook.com\/notibras\/","article_published_time":"2026-01-10T03:57:08+00:00","article_modified_time":"2026-01-10T12:01:56+00:00","og_image":[{"width":1170,"height":700,"url":"https:\/\/www.notibras.com\/site\/wp-content\/uploads\/2026\/01\/whatsapp_image_2026-01-09_at_17.59.47.webp","type":"image\/webp"}],"author":"Reda\u00e7\u00e3o","twitter_card":"summary_large_image","twitter_creator":"@Notibras","twitter_site":"@Notibras","twitter_misc":{"Escrito por":"Reda\u00e7\u00e3o","Est. tempo de leitura":"2 minutos"},"schema":{"@context":"https:\/\/schema.org","@graph":[{"@type":"Article","@id":"https:\/\/www.notibras.com\/site\/pecas-sacras-devolvidas-a-arquidiocese-do-rio\/#article","isPartOf":{"@id":"https:\/\/www.notibras.com\/site\/pecas-sacras-devolvidas-a-arquidiocese-do-rio\/"},"author":{"name":"Reda\u00e7\u00e3o","@id":"https:\/\/www.notibras.com\/site\/#\/schema\/person\/36ab0979449956132d3e5b517ea76ac8"},"headline":"Pe\u00e7as sacras devolvidas \u00e0 Arquidiocese do Rio","datePublished":"2026-01-10T03:57:08+00:00","dateModified":"2026-01-10T12:01:56+00:00","mainEntityOfPage":{"@id":"https:\/\/www.notibras.com\/site\/pecas-sacras-devolvidas-a-arquidiocese-do-rio\/"},"wordCount":276,"publisher":{"@id":"https:\/\/www.notibras.com\/site\/#organization"},"image":{"@id":"https:\/\/www.notibras.com\/site\/pecas-sacras-devolvidas-a-arquidiocese-do-rio\/#primaryimage"},"thumbnailUrl":"https:\/\/www.notibras.com\/site\/wp-content\/uploads\/2026\/01\/whatsapp_image_2026-01-09_at_17.59.47.webp","articleSection":["Leitura Vip"],"inLanguage":"pt-BR"},{"@type":"WebPage","@id":"https:\/\/www.notibras.com\/site\/pecas-sacras-devolvidas-a-arquidiocese-do-rio\/","url":"https:\/\/www.notibras.com\/site\/pecas-sacras-devolvidas-a-arquidiocese-do-rio\/","name":"Pe\u00e7as sacras devolvidas \u00e0 Arquidiocese do Rio - Notibras","isPartOf":{"@id":"https:\/\/www.notibras.com\/site\/#website"},"primaryImageOfPage":{"@id":"https:\/\/www.notibras.com\/site\/pecas-sacras-devolvidas-a-arquidiocese-do-rio\/#primaryimage"},"image":{"@id":"https:\/\/www.notibras.com\/site\/pecas-sacras-devolvidas-a-arquidiocese-do-rio\/#primaryimage"},"thumbnailUrl":"https:\/\/www.notibras.com\/site\/wp-content\/uploads\/2026\/01\/whatsapp_image_2026-01-09_at_17.59.47.webp","datePublished":"2026-01-10T03:57:08+00:00","dateModified":"2026-01-10T12:01:56+00:00","breadcrumb":{"@id":"https:\/\/www.notibras.com\/site\/pecas-sacras-devolvidas-a-arquidiocese-do-rio\/#breadcrumb"},"inLanguage":"pt-BR","potentialAction":[{"@type":"ReadAction","target":["https:\/\/www.notibras.com\/site\/pecas-sacras-devolvidas-a-arquidiocese-do-rio\/"]}]},{"@type":"ImageObject","inLanguage":"pt-BR","@id":"https:\/\/www.notibras.com\/site\/pecas-sacras-devolvidas-a-arquidiocese-do-rio\/#primaryimage","url":"https:\/\/www.notibras.com\/site\/wp-content\/uploads\/2026\/01\/whatsapp_image_2026-01-09_at_17.59.47.webp","contentUrl":"https:\/\/www.notibras.com\/site\/wp-content\/uploads\/2026\/01\/whatsapp_image_2026-01-09_at_17.59.47.webp","width":1170,"height":700},{"@type":"BreadcrumbList","@id":"https:\/\/www.notibras.com\/site\/pecas-sacras-devolvidas-a-arquidiocese-do-rio\/#breadcrumb","itemListElement":[{"@type":"ListItem","position":1,"name":"In\u00edcio","item":"https:\/\/www.notibras.com\/site\/"},{"@type":"ListItem","position":2,"name":"Pe\u00e7as sacras devolvidas \u00e0 Arquidiocese do Rio"}]},{"@type":"WebSite","@id":"https:\/\/www.notibras.com\/site\/#website","url":"https:\/\/www.notibras.com\/site\/","name":"Notibras","description":"Not\u00edcias de Bras\u00edlia, do Brasil e do Mundo","publisher":{"@id":"https:\/\/www.notibras.com\/site\/#organization"},"potentialAction":[{"@type":"SearchAction","target":{"@type":"EntryPoint","urlTemplate":"https:\/\/www.notibras.com\/site\/?s={search_term_string}"},"query-input":{"@type":"PropertyValueSpecification","valueRequired":true,"valueName":"search_term_string"}}],"inLanguage":"pt-BR"},{"@type":"Organization","@id":"https:\/\/www.notibras.com\/site\/#organization","name":"Grupo Notibras de Comunica\u00e7\u00e3o","url":"https:\/\/www.notibras.com\/site\/","logo":{"@type":"ImageObject","inLanguage":"pt-BR","@id":"https:\/\/www.notibras.com\/site\/#\/schema\/logo\/image\/","url":"https:\/\/www.notibras.com\/site\/wp-content\/uploads\/2023\/01\/notibras23.png","contentUrl":"https:\/\/www.notibras.com\/site\/wp-content\/uploads\/2023\/01\/notibras23.png","width":350,"height":87,"caption":"Grupo Notibras de Comunica\u00e7\u00e3o"},"image":{"@id":"https:\/\/www.notibras.com\/site\/#\/schema\/logo\/image\/"},"sameAs":["https:\/\/www.facebook.com\/notibras\/","https:\/\/x.com\/Notibras","https:\/\/www.instagram.com\/notibras\/"]},{"@type":"Person","@id":"https:\/\/www.notibras.com\/site\/#\/schema\/person\/36ab0979449956132d3e5b517ea76ac8","name":"Reda\u00e7\u00e3o","image":{"@type":"ImageObject","inLanguage":"pt-BR","@id":"https:\/\/secure.gravatar.com\/avatar\/e0a867bdedb85fd243eadf09663511f96fc81e0720a4a42581f334ad4303aa6b?s=96&d=mm&r=g","url":"https:\/\/secure.gravatar.com\/avatar\/e0a867bdedb85fd243eadf09663511f96fc81e0720a4a42581f334ad4303aa6b?s=96&d=mm&r=g","contentUrl":"https:\/\/secure.gravatar.com\/avatar\/e0a867bdedb85fd243eadf09663511f96fc81e0720a4a42581f334ad4303aa6b?s=96&d=mm&r=g","caption":"Reda\u00e7\u00e3o"}}]}},"amp_enabled":true,"_links":{"self":[{"href":"https:\/\/www.notibras.com\/site\/wp-json\/wp\/v2\/posts\/378442","targetHints":{"allow":["GET"]}}],"collection":[{"href":"https:\/\/www.notibras.com\/site\/wp-json\/wp\/v2\/posts"}],"about":[{"href":"https:\/\/www.notibras.com\/site\/wp-json\/wp\/v2\/types\/post"}],"author":[{"embeddable":true,"href":"https:\/\/www.notibras.com\/site\/wp-json\/wp\/v2\/users\/2"}],"replies":[{"embeddable":true,"href":"https:\/\/www.notibras.com\/site\/wp-json\/wp\/v2\/comments?post=378442"}],"version-history":[{"count":3,"href":"https:\/\/www.notibras.com\/site\/wp-json\/wp\/v2\/posts\/378442\/revisions"}],"predecessor-version":[{"id":378447,"href":"https:\/\/www.notibras.com\/site\/wp-json\/wp\/v2\/posts\/378442\/revisions\/378447"}],"wp:featuredmedia":[{"embeddable":true,"href":"https:\/\/www.notibras.com\/site\/wp-json\/wp\/v2\/media\/378444"}],"wp:attachment":[{"href":"https:\/\/www.notibras.com\/site\/wp-json\/wp\/v2\/media?parent=378442"}],"wp:term":[{"taxonomy":"category","embeddable":true,"href":"https:\/\/www.notibras.com\/site\/wp-json\/wp\/v2\/categories?post=378442"},{"taxonomy":"post_tag","embeddable":true,"href":"https:\/\/www.notibras.com\/site\/wp-json\/wp\/v2\/tags?post=378442"}],"curies":[{"name":"wp","href":"https:\/\/api.w.org\/{rel}","templated":true}]}}