{"id":378448,"date":"2026-01-10T10:41:40","date_gmt":"2026-01-10T13:41:40","guid":{"rendered":"https:\/\/www.notibras.com\/site\/?p=378448"},"modified":"2026-01-10T10:41:40","modified_gmt":"2026-01-10T13:41:40","slug":"os-simbolos-de-sao-bento-e-a-visao-ocultista","status":"publish","type":"post","link":"https:\/\/www.notibras.com\/site\/os-simbolos-de-sao-bento-e-a-visao-ocultista\/","title":{"rendered":"Os s\u00edmbolos de S\u00e3o Bento e a vis\u00e3o ocultista"},"content":{"rendered":"<p>Quando um s\u00edmbolo de igreja come\u00e7a a aparecer em altar de magista, mesa de tar\u00f4 e at\u00e9 em giro de umbanda, algo interessante est\u00e1 acontecendo. A Cruz de S\u00e3o Bento \u00e9 exatamente esse tipo de caso: um objeto nascido no cora\u00e7\u00e3o do catolicismo que, hoje, circula sem pudor entre ocultistas, bruxos urbanos, operadores de magia do caos e praticantes de religi\u00f5es afro e ancestrais.<\/p>\n<p>Vale a pena olhar para ela com calma, mas sem ingenuidade. Porque aqui temos duas camadas bem distintas, o que \u00e9 historicamente e na tradi\u00e7\u00e3o cat\u00f3lica e o que n\u00f3s, do meio ocultista, fazemos com isso hoje. E confundir uma coisa com a outra \u00e9 o caminho mais r\u00e1pido para cair em fantasia.<\/p>\n<p>O que a tradi\u00e7\u00e3o realmente diz \u00e9 que, historicamente, a Cruz (ou Medalha) de S\u00e3o Bento \u00e9 um \u201csacramental cat\u00f3lico\u201d. Ou seja, n\u00e3o \u00e9 \u201camuletinho de loja esot\u00e9rica\u201d: \u00e9 um objeto de devo\u00e7\u00e3o ligado a b\u00ean\u00e7\u00e3os e exorcismos, principalmente dentro da tradi\u00e7\u00e3o beneditina. Observe que, S\u00e3o Bento viveu no s\u00e9culo VI e a medalha, com esse desenho cheio de letras que a gente conhece hoje, s\u00f3 foi se consolidar s\u00e9culos depois, especialmente a partir do s\u00e9culo XVII. Ou seja, n\u00e3o foi Bento quem desenhou um sigilo como um mago de Grim\u00f3rio. A medalha \u00e9 fruto da tradi\u00e7\u00e3o beneditina posterior, que condensou ora\u00e7\u00f5es e f\u00f3rmulas de exorcismo num objeto port\u00e1til. Oficialmente temos, uma cruz central (a Cruz de Cristo), o monograma \u201cPAX\u201d (Paz), lema beneditino. E um monte de iniciais latinas que resumem frases de prote\u00e7\u00e3o e rejei\u00e7\u00e3o do mal, por exemplo:<\/p>\n<p>&#8211; Crux Sacra Sit Mihi Lux: \u201cQue a Cruz Sagrada seja a minha luz.\u201d<\/p>\n<p>&#8211; Non Draco Sit Mihi Dux: \u201cQue o drag\u00e3o n\u00e3o seja o meu guia.\u201d<\/p>\n<p>&#8211; Vade Retro Satana: \u201cAfasta-te, Satan\u00e1s.\u201d<\/p>\n<p>&#8211; Nunquam Suade Mihi Vana: \u201cNunca me aconselhes coisas v\u00e3s.\u201d<\/p>\n<p>&#8211; Sunt Mala Quae Libas: \u201c\u00c9 mau o que tu me ofereces.\u201d<\/p>\n<p>&#8211; Ipse Venena Bibas: \u201cBebe tu mesmo o teu veneno.\u201d<\/p>\n<p>Para a Igreja, isso tudo \u00e9: ora\u00e7\u00e3o, exorcismo, pedido de prote\u00e7\u00e3o, confian\u00e7a em Cristo e na intercess\u00e3o de S\u00e3o Bento. \u00c9 assim que a coisa nasce.<\/p>\n<p>E o que o olhar ocultista enxerga ali? Vamos ao que nos interessa mais. Sem desrespeitar a origem crist\u00e3, d\u00e1 para assumir um outro \u00e2ngulo: olhar essa mesma medalha como um selo de prote\u00e7\u00e3o e banimento extremamente bem constru\u00eddo. Repara nos elementos:<\/p>\n<p>&#8211; Uma cruz central: um eixo onde vertical (esp\u00edrito\u2013mat\u00e9ria) cruza com horizontal (eu\u2013mundo). Em termos m\u00e1gicos, um \u201cponto de cruzamento de planos\u201d.<\/p>\n<p>&#8211; Um nome: Crux Sancti Patris Benedicti, a \u201cCruz do Santo Pai Bento\u201d. Isso funciona como \u201cendere\u00e7o\u201d para uma egr\u00e9gora espec\u00edfica, a corrente beneditina, com s\u00e9culos de ora\u00e7\u00e3o, disciplina e combate espiritual.<\/p>\n<p>&#8211; Um eixo de alinhamento: Crux Sacra Sit Mihi Lux \/ Non Draco Sit Mihi Dux: \u201cMinha luz vem daqui; n\u00e3o sigo guia ca\u00f3tico, enganoso ou destrutivo.\u201d<\/p>\n<p>&#8211; Um anel de comando e banimento: Vade Retro Satana \/ Nunquam Suade Mihi Vana \/Sunt Mala Quae Libas \/ Ipse Venena Bibas. Ordenando: \u201cSai\u201d; \u201cN\u00e3o me confunda\u201d; \u201cEu enxergo teu veneno\u201d; Que o que tu mandas volte para ti mesmo.\u201d<\/p>\n<p>E no topo, \u201cPAX\u201d: a \u201cqualidade de campo\u201d que se quer instalar. Em termos esot\u00e9ricos brasileiros, d\u00e1 para pensar como aquele ax\u00e9 de calma depois do descarrego, o sossego de terreiro em paz, o sil\u00eancio limpo depois de um bom banimento. Tecnicamente, do ponto de vista de magia, isso tudo \u00e9 \u201cengenharia simb\u00f3lica de alta qualidade\u201d. Quando um ocultista adota a Cruz de S\u00e3o Bento, ele est\u00e1 usando um \u201cs\u00edmbolo de f\u00e9\u201d e tratando como ferramenta t\u00e9cnica, um selo. Conectando, querendo ou n\u00e3o, com uma \u201cegr\u00e9gora crist\u00e3\/beneditina\u201d, uma massa de f\u00e9 acumulada por s\u00e9culos. E, operando uma esp\u00e9cie de \u201calquimia interna\u201d, transmutando medo, ataque, confus\u00e3o, em firmeza, prote\u00e7\u00e3o e paz.<\/p>\n<p>Isso vale para quem \u00e9 crist\u00e3o n\u00e3o praticante, mas ainda sente afinidade com Jesus, santos, ter\u00e7o etc.; os de religi\u00e3o afro (umbanda, candombl\u00e9) e lida bem com sincretismo pois, a gente sabe que santo e orix\u00e1 se cruzam na hist\u00f3ria; e aqueles das tradi\u00e7\u00f5es \u201cantigas\u201d (paganismo, bruxaria, xamanismos) e n\u00e3o tem problemas a s\u00edmbolos crist\u00e3os. O importante \u00e9 ter clareza que na linguagem da Igreja, \u00e9 milagre, gra\u00e7a, intercess\u00e3o e ora\u00e7\u00e3o. E na linguagem do mago, \u00e9 foco de vontade, selo, egr\u00e9gora, banimento. Na pr\u00e1tica, o funcionamento energ\u00e9tico muitas vezes se parece mais do que ambos os lados gostariam de admitir.<\/p>\n<p>&#8230;&#8230;&#8230;&#8230;&#8230;..<\/p>\n<p><strong>Marco Mammoli, Mestre Conselheiro e membro do conselho do Col\u00e9gio de Magos e Sacerdotisas. Voc\u00ea pode entrar em contato com o Col\u00e9gio dos Magos e Sacerdotisas atrav\u00e9s da Bio, Direct e o Whatsapp: 81 997302139.<\/strong><\/p>\n","protected":false},"excerpt":{"rendered":"<p>Quando um s\u00edmbolo de igreja come\u00e7a a aparecer em altar de magista, mesa de tar\u00f4 e at\u00e9 em giro de umbanda, algo interessante est\u00e1 acontecendo. A Cruz de S\u00e3o Bento \u00e9 exatamente esse tipo de caso: um objeto nascido no cora\u00e7\u00e3o do catolicismo que, hoje, circula sem pudor entre ocultistas, bruxos urbanos, operadores de magia [&hellip;]<\/p>\n","protected":false},"author":2,"featured_media":378450,"comment_status":"closed","ping_status":"closed","sticky":false,"template":"","format":"standard","meta":{"_acf_changed":false,"footnotes":""},"categories":[237],"tags":[],"class_list":["post-378448","post","type-post","status-publish","format-standard","has-post-thumbnail","hentry","category-oraculos"],"acf":[],"yoast_head":"<!-- This site is optimized with the Yoast SEO plugin v27.2 - https:\/\/yoast.com\/product\/yoast-seo-wordpress\/ -->\n<title>Os s\u00edmbolos de S\u00e3o Bento e a vis\u00e3o ocultista - Notibras<\/title>\n<meta name=\"robots\" content=\"index, follow, max-snippet:-1, max-image-preview:large, max-video-preview:-1\" \/>\n<link rel=\"canonical\" href=\"https:\/\/www.notibras.com\/site\/os-simbolos-de-sao-bento-e-a-visao-ocultista\/\" \/>\n<meta property=\"og:locale\" content=\"pt_BR\" \/>\n<meta property=\"og:type\" content=\"article\" \/>\n<meta property=\"og:title\" content=\"Os s\u00edmbolos de S\u00e3o Bento e a vis\u00e3o ocultista - Notibras\" \/>\n<meta property=\"og:description\" content=\"Quando um s\u00edmbolo de igreja come\u00e7a a aparecer em altar de magista, mesa de tar\u00f4 e at\u00e9 em giro de umbanda, algo interessante est\u00e1 acontecendo. A Cruz de S\u00e3o Bento \u00e9 exatamente esse tipo de caso: um objeto nascido no cora\u00e7\u00e3o do catolicismo que, hoje, circula sem pudor entre ocultistas, bruxos urbanos, operadores de magia [&hellip;]\" \/>\n<meta property=\"og:url\" content=\"https:\/\/www.notibras.com\/site\/os-simbolos-de-sao-bento-e-a-visao-ocultista\/\" \/>\n<meta property=\"og:site_name\" content=\"Notibras\" \/>\n<meta property=\"article:publisher\" content=\"https:\/\/www.facebook.com\/notibras\/\" \/>\n<meta property=\"article:published_time\" content=\"2026-01-10T13:41:40+00:00\" \/>\n<meta property=\"og:image\" content=\"https:\/\/www.notibras.com\/site\/wp-content\/uploads\/2026\/01\/0a3cd9c0-29f5-448f-a062-2d245d657898.jpg\" \/>\n\t<meta property=\"og:image:width\" content=\"320\" \/>\n\t<meta property=\"og:image:height\" content=\"320\" \/>\n\t<meta property=\"og:image:type\" content=\"image\/jpeg\" \/>\n<meta name=\"author\" content=\"Reda\u00e7\u00e3o\" \/>\n<meta name=\"twitter:card\" content=\"summary_large_image\" \/>\n<meta name=\"twitter:creator\" content=\"@Notibras\" \/>\n<meta name=\"twitter:site\" content=\"@Notibras\" \/>\n<meta name=\"twitter:label1\" content=\"Escrito por\" \/>\n\t<meta name=\"twitter:data1\" content=\"Reda\u00e7\u00e3o\" \/>\n\t<meta name=\"twitter:label2\" content=\"Est. tempo de leitura\" \/>\n\t<meta name=\"twitter:data2\" content=\"5 minutos\" \/>\n<script type=\"application\/ld+json\" class=\"yoast-schema-graph\">{\"@context\":\"https:\/\/schema.org\",\"@graph\":[{\"@type\":\"Article\",\"@id\":\"https:\/\/www.notibras.com\/site\/os-simbolos-de-sao-bento-e-a-visao-ocultista\/#article\",\"isPartOf\":{\"@id\":\"https:\/\/www.notibras.com\/site\/os-simbolos-de-sao-bento-e-a-visao-ocultista\/\"},\"author\":{\"name\":\"Reda\u00e7\u00e3o\",\"@id\":\"https:\/\/www.notibras.com\/site\/#\/schema\/person\/36ab0979449956132d3e5b517ea76ac8\"},\"headline\":\"Os s\u00edmbolos de S\u00e3o Bento e a vis\u00e3o ocultista\",\"datePublished\":\"2026-01-10T13:41:40+00:00\",\"mainEntityOfPage\":{\"@id\":\"https:\/\/www.notibras.com\/site\/os-simbolos-de-sao-bento-e-a-visao-ocultista\/\"},\"wordCount\":836,\"publisher\":{\"@id\":\"https:\/\/www.notibras.com\/site\/#organization\"},\"image\":{\"@id\":\"https:\/\/www.notibras.com\/site\/os-simbolos-de-sao-bento-e-a-visao-ocultista\/#primaryimage\"},\"thumbnailUrl\":\"https:\/\/www.notibras.com\/site\/wp-content\/uploads\/2026\/01\/0a3cd9c0-29f5-448f-a062-2d245d657898.jpg\",\"articleSection\":[\"Or\u00e1culos\"],\"inLanguage\":\"pt-BR\"},{\"@type\":\"WebPage\",\"@id\":\"https:\/\/www.notibras.com\/site\/os-simbolos-de-sao-bento-e-a-visao-ocultista\/\",\"url\":\"https:\/\/www.notibras.com\/site\/os-simbolos-de-sao-bento-e-a-visao-ocultista\/\",\"name\":\"Os s\u00edmbolos de S\u00e3o Bento e a vis\u00e3o ocultista - Notibras\",\"isPartOf\":{\"@id\":\"https:\/\/www.notibras.com\/site\/#website\"},\"primaryImageOfPage\":{\"@id\":\"https:\/\/www.notibras.com\/site\/os-simbolos-de-sao-bento-e-a-visao-ocultista\/#primaryimage\"},\"image\":{\"@id\":\"https:\/\/www.notibras.com\/site\/os-simbolos-de-sao-bento-e-a-visao-ocultista\/#primaryimage\"},\"thumbnailUrl\":\"https:\/\/www.notibras.com\/site\/wp-content\/uploads\/2026\/01\/0a3cd9c0-29f5-448f-a062-2d245d657898.jpg\",\"datePublished\":\"2026-01-10T13:41:40+00:00\",\"breadcrumb\":{\"@id\":\"https:\/\/www.notibras.com\/site\/os-simbolos-de-sao-bento-e-a-visao-ocultista\/#breadcrumb\"},\"inLanguage\":\"pt-BR\",\"potentialAction\":[{\"@type\":\"ReadAction\",\"target\":[\"https:\/\/www.notibras.com\/site\/os-simbolos-de-sao-bento-e-a-visao-ocultista\/\"]}]},{\"@type\":\"ImageObject\",\"inLanguage\":\"pt-BR\",\"@id\":\"https:\/\/www.notibras.com\/site\/os-simbolos-de-sao-bento-e-a-visao-ocultista\/#primaryimage\",\"url\":\"https:\/\/www.notibras.com\/site\/wp-content\/uploads\/2026\/01\/0a3cd9c0-29f5-448f-a062-2d245d657898.jpg\",\"contentUrl\":\"https:\/\/www.notibras.com\/site\/wp-content\/uploads\/2026\/01\/0a3cd9c0-29f5-448f-a062-2d245d657898.jpg\",\"width\":320,\"height\":320},{\"@type\":\"BreadcrumbList\",\"@id\":\"https:\/\/www.notibras.com\/site\/os-simbolos-de-sao-bento-e-a-visao-ocultista\/#breadcrumb\",\"itemListElement\":[{\"@type\":\"ListItem\",\"position\":1,\"name\":\"In\u00edcio\",\"item\":\"https:\/\/www.notibras.com\/site\/\"},{\"@type\":\"ListItem\",\"position\":2,\"name\":\"Os s\u00edmbolos de S\u00e3o Bento e a vis\u00e3o ocultista\"}]},{\"@type\":\"WebSite\",\"@id\":\"https:\/\/www.notibras.com\/site\/#website\",\"url\":\"https:\/\/www.notibras.com\/site\/\",\"name\":\"Notibras\",\"description\":\"Not\u00edcias de Bras\u00edlia, do Brasil e do Mundo\",\"publisher\":{\"@id\":\"https:\/\/www.notibras.com\/site\/#organization\"},\"potentialAction\":[{\"@type\":\"SearchAction\",\"target\":{\"@type\":\"EntryPoint\",\"urlTemplate\":\"https:\/\/www.notibras.com\/site\/?s={search_term_string}\"},\"query-input\":{\"@type\":\"PropertyValueSpecification\",\"valueRequired\":true,\"valueName\":\"search_term_string\"}}],\"inLanguage\":\"pt-BR\"},{\"@type\":\"Organization\",\"@id\":\"https:\/\/www.notibras.com\/site\/#organization\",\"name\":\"Grupo Notibras de Comunica\u00e7\u00e3o\",\"url\":\"https:\/\/www.notibras.com\/site\/\",\"logo\":{\"@type\":\"ImageObject\",\"inLanguage\":\"pt-BR\",\"@id\":\"https:\/\/www.notibras.com\/site\/#\/schema\/logo\/image\/\",\"url\":\"https:\/\/www.notibras.com\/site\/wp-content\/uploads\/2023\/01\/notibras23.png\",\"contentUrl\":\"https:\/\/www.notibras.com\/site\/wp-content\/uploads\/2023\/01\/notibras23.png\",\"width\":350,\"height\":87,\"caption\":\"Grupo Notibras de Comunica\u00e7\u00e3o\"},\"image\":{\"@id\":\"https:\/\/www.notibras.com\/site\/#\/schema\/logo\/image\/\"},\"sameAs\":[\"https:\/\/www.facebook.com\/notibras\/\",\"https:\/\/x.com\/Notibras\",\"https:\/\/www.instagram.com\/notibras\/\"]},{\"@type\":\"Person\",\"@id\":\"https:\/\/www.notibras.com\/site\/#\/schema\/person\/36ab0979449956132d3e5b517ea76ac8\",\"name\":\"Reda\u00e7\u00e3o\",\"image\":{\"@type\":\"ImageObject\",\"inLanguage\":\"pt-BR\",\"@id\":\"https:\/\/secure.gravatar.com\/avatar\/e0a867bdedb85fd243eadf09663511f96fc81e0720a4a42581f334ad4303aa6b?s=96&d=mm&r=g\",\"url\":\"https:\/\/secure.gravatar.com\/avatar\/e0a867bdedb85fd243eadf09663511f96fc81e0720a4a42581f334ad4303aa6b?s=96&d=mm&r=g\",\"contentUrl\":\"https:\/\/secure.gravatar.com\/avatar\/e0a867bdedb85fd243eadf09663511f96fc81e0720a4a42581f334ad4303aa6b?s=96&d=mm&r=g\",\"caption\":\"Reda\u00e7\u00e3o\"}}]}<\/script>\n<!-- \/ Yoast SEO plugin. -->","yoast_head_json":{"title":"Os s\u00edmbolos de S\u00e3o Bento e a vis\u00e3o ocultista - Notibras","robots":{"index":"index","follow":"follow","max-snippet":"max-snippet:-1","max-image-preview":"max-image-preview:large","max-video-preview":"max-video-preview:-1"},"canonical":"https:\/\/www.notibras.com\/site\/os-simbolos-de-sao-bento-e-a-visao-ocultista\/","og_locale":"pt_BR","og_type":"article","og_title":"Os s\u00edmbolos de S\u00e3o Bento e a vis\u00e3o ocultista - Notibras","og_description":"Quando um s\u00edmbolo de igreja come\u00e7a a aparecer em altar de magista, mesa de tar\u00f4 e at\u00e9 em giro de umbanda, algo interessante est\u00e1 acontecendo. A Cruz de S\u00e3o Bento \u00e9 exatamente esse tipo de caso: um objeto nascido no cora\u00e7\u00e3o do catolicismo que, hoje, circula sem pudor entre ocultistas, bruxos urbanos, operadores de magia [&hellip;]","og_url":"https:\/\/www.notibras.com\/site\/os-simbolos-de-sao-bento-e-a-visao-ocultista\/","og_site_name":"Notibras","article_publisher":"https:\/\/www.facebook.com\/notibras\/","article_published_time":"2026-01-10T13:41:40+00:00","og_image":[{"width":320,"height":320,"url":"https:\/\/www.notibras.com\/site\/wp-content\/uploads\/2026\/01\/0a3cd9c0-29f5-448f-a062-2d245d657898.jpg","type":"image\/jpeg"}],"author":"Reda\u00e7\u00e3o","twitter_card":"summary_large_image","twitter_creator":"@Notibras","twitter_site":"@Notibras","twitter_misc":{"Escrito por":"Reda\u00e7\u00e3o","Est. tempo de leitura":"5 minutos"},"schema":{"@context":"https:\/\/schema.org","@graph":[{"@type":"Article","@id":"https:\/\/www.notibras.com\/site\/os-simbolos-de-sao-bento-e-a-visao-ocultista\/#article","isPartOf":{"@id":"https:\/\/www.notibras.com\/site\/os-simbolos-de-sao-bento-e-a-visao-ocultista\/"},"author":{"name":"Reda\u00e7\u00e3o","@id":"https:\/\/www.notibras.com\/site\/#\/schema\/person\/36ab0979449956132d3e5b517ea76ac8"},"headline":"Os s\u00edmbolos de S\u00e3o Bento e a vis\u00e3o ocultista","datePublished":"2026-01-10T13:41:40+00:00","mainEntityOfPage":{"@id":"https:\/\/www.notibras.com\/site\/os-simbolos-de-sao-bento-e-a-visao-ocultista\/"},"wordCount":836,"publisher":{"@id":"https:\/\/www.notibras.com\/site\/#organization"},"image":{"@id":"https:\/\/www.notibras.com\/site\/os-simbolos-de-sao-bento-e-a-visao-ocultista\/#primaryimage"},"thumbnailUrl":"https:\/\/www.notibras.com\/site\/wp-content\/uploads\/2026\/01\/0a3cd9c0-29f5-448f-a062-2d245d657898.jpg","articleSection":["Or\u00e1culos"],"inLanguage":"pt-BR"},{"@type":"WebPage","@id":"https:\/\/www.notibras.com\/site\/os-simbolos-de-sao-bento-e-a-visao-ocultista\/","url":"https:\/\/www.notibras.com\/site\/os-simbolos-de-sao-bento-e-a-visao-ocultista\/","name":"Os s\u00edmbolos de S\u00e3o Bento e a vis\u00e3o ocultista - Notibras","isPartOf":{"@id":"https:\/\/www.notibras.com\/site\/#website"},"primaryImageOfPage":{"@id":"https:\/\/www.notibras.com\/site\/os-simbolos-de-sao-bento-e-a-visao-ocultista\/#primaryimage"},"image":{"@id":"https:\/\/www.notibras.com\/site\/os-simbolos-de-sao-bento-e-a-visao-ocultista\/#primaryimage"},"thumbnailUrl":"https:\/\/www.notibras.com\/site\/wp-content\/uploads\/2026\/01\/0a3cd9c0-29f5-448f-a062-2d245d657898.jpg","datePublished":"2026-01-10T13:41:40+00:00","breadcrumb":{"@id":"https:\/\/www.notibras.com\/site\/os-simbolos-de-sao-bento-e-a-visao-ocultista\/#breadcrumb"},"inLanguage":"pt-BR","potentialAction":[{"@type":"ReadAction","target":["https:\/\/www.notibras.com\/site\/os-simbolos-de-sao-bento-e-a-visao-ocultista\/"]}]},{"@type":"ImageObject","inLanguage":"pt-BR","@id":"https:\/\/www.notibras.com\/site\/os-simbolos-de-sao-bento-e-a-visao-ocultista\/#primaryimage","url":"https:\/\/www.notibras.com\/site\/wp-content\/uploads\/2026\/01\/0a3cd9c0-29f5-448f-a062-2d245d657898.jpg","contentUrl":"https:\/\/www.notibras.com\/site\/wp-content\/uploads\/2026\/01\/0a3cd9c0-29f5-448f-a062-2d245d657898.jpg","width":320,"height":320},{"@type":"BreadcrumbList","@id":"https:\/\/www.notibras.com\/site\/os-simbolos-de-sao-bento-e-a-visao-ocultista\/#breadcrumb","itemListElement":[{"@type":"ListItem","position":1,"name":"In\u00edcio","item":"https:\/\/www.notibras.com\/site\/"},{"@type":"ListItem","position":2,"name":"Os s\u00edmbolos de S\u00e3o Bento e a vis\u00e3o ocultista"}]},{"@type":"WebSite","@id":"https:\/\/www.notibras.com\/site\/#website","url":"https:\/\/www.notibras.com\/site\/","name":"Notibras","description":"Not\u00edcias de Bras\u00edlia, do Brasil e do Mundo","publisher":{"@id":"https:\/\/www.notibras.com\/site\/#organization"},"potentialAction":[{"@type":"SearchAction","target":{"@type":"EntryPoint","urlTemplate":"https:\/\/www.notibras.com\/site\/?s={search_term_string}"},"query-input":{"@type":"PropertyValueSpecification","valueRequired":true,"valueName":"search_term_string"}}],"inLanguage":"pt-BR"},{"@type":"Organization","@id":"https:\/\/www.notibras.com\/site\/#organization","name":"Grupo Notibras de Comunica\u00e7\u00e3o","url":"https:\/\/www.notibras.com\/site\/","logo":{"@type":"ImageObject","inLanguage":"pt-BR","@id":"https:\/\/www.notibras.com\/site\/#\/schema\/logo\/image\/","url":"https:\/\/www.notibras.com\/site\/wp-content\/uploads\/2023\/01\/notibras23.png","contentUrl":"https:\/\/www.notibras.com\/site\/wp-content\/uploads\/2023\/01\/notibras23.png","width":350,"height":87,"caption":"Grupo Notibras de Comunica\u00e7\u00e3o"},"image":{"@id":"https:\/\/www.notibras.com\/site\/#\/schema\/logo\/image\/"},"sameAs":["https:\/\/www.facebook.com\/notibras\/","https:\/\/x.com\/Notibras","https:\/\/www.instagram.com\/notibras\/"]},{"@type":"Person","@id":"https:\/\/www.notibras.com\/site\/#\/schema\/person\/36ab0979449956132d3e5b517ea76ac8","name":"Reda\u00e7\u00e3o","image":{"@type":"ImageObject","inLanguage":"pt-BR","@id":"https:\/\/secure.gravatar.com\/avatar\/e0a867bdedb85fd243eadf09663511f96fc81e0720a4a42581f334ad4303aa6b?s=96&d=mm&r=g","url":"https:\/\/secure.gravatar.com\/avatar\/e0a867bdedb85fd243eadf09663511f96fc81e0720a4a42581f334ad4303aa6b?s=96&d=mm&r=g","contentUrl":"https:\/\/secure.gravatar.com\/avatar\/e0a867bdedb85fd243eadf09663511f96fc81e0720a4a42581f334ad4303aa6b?s=96&d=mm&r=g","caption":"Reda\u00e7\u00e3o"}}]}},"amp_enabled":true,"_links":{"self":[{"href":"https:\/\/www.notibras.com\/site\/wp-json\/wp\/v2\/posts\/378448","targetHints":{"allow":["GET"]}}],"collection":[{"href":"https:\/\/www.notibras.com\/site\/wp-json\/wp\/v2\/posts"}],"about":[{"href":"https:\/\/www.notibras.com\/site\/wp-json\/wp\/v2\/types\/post"}],"author":[{"embeddable":true,"href":"https:\/\/www.notibras.com\/site\/wp-json\/wp\/v2\/users\/2"}],"replies":[{"embeddable":true,"href":"https:\/\/www.notibras.com\/site\/wp-json\/wp\/v2\/comments?post=378448"}],"version-history":[{"count":1,"href":"https:\/\/www.notibras.com\/site\/wp-json\/wp\/v2\/posts\/378448\/revisions"}],"predecessor-version":[{"id":378451,"href":"https:\/\/www.notibras.com\/site\/wp-json\/wp\/v2\/posts\/378448\/revisions\/378451"}],"wp:featuredmedia":[{"embeddable":true,"href":"https:\/\/www.notibras.com\/site\/wp-json\/wp\/v2\/media\/378450"}],"wp:attachment":[{"href":"https:\/\/www.notibras.com\/site\/wp-json\/wp\/v2\/media?parent=378448"}],"wp:term":[{"taxonomy":"category","embeddable":true,"href":"https:\/\/www.notibras.com\/site\/wp-json\/wp\/v2\/categories?post=378448"},{"taxonomy":"post_tag","embeddable":true,"href":"https:\/\/www.notibras.com\/site\/wp-json\/wp\/v2\/tags?post=378448"}],"curies":[{"name":"wp","href":"https:\/\/api.w.org\/{rel}","templated":true}]}}