{"id":378449,"date":"2026-01-13T01:00:47","date_gmt":"2026-01-13T04:00:47","guid":{"rendered":"https:\/\/www.notibras.com\/site\/?p=378449"},"modified":"2026-01-10T10:43:30","modified_gmt":"2026-01-10T13:43:30","slug":"entre-borboletas-e-estrelas","status":"publish","type":"post","link":"https:\/\/www.notibras.com\/site\/entre-borboletas-e-estrelas\/","title":{"rendered":"Entre Borboletas e Estrelas"},"content":{"rendered":"<p>Desperto ao amanhecer,<br \/>\nentre versos que florescem na primavera,<br \/>\nenquanto o sol se abre em asas douradas<br \/>\ne os suspiros da manh\u00e3 se tornam m\u00fasica.<\/p>\n<p>N\u00e3o ser\u00e1 por falta de desejo,<br \/>\nmas por excesso de ternura,<br \/>\nque busco alcan\u00e7ar tua alma<br \/>\nno jardim secreto da esta\u00e7\u00e3o.<\/p>\n<p>Alma de borboletas de poeta,<br \/>\nque repousam em cada suspiro,<br \/>\nrevelando-se como p\u00e9talas cintilantes<br \/>\nonde os raios de sol iluminam o prado.<\/p>\n<p>Para alcan\u00e7ar tua ess\u00eancia,<br \/>\nprocuro-te entre versos,<br \/>\nonde dois suspiros se elevam<br \/>\ncomo estrelas que se tocam no infinito.<\/p>\n<p>Fica comigo, n\u00e3o partas,<br \/>\ndeixa-me te amar como quem ama o horizonte,<br \/>\ndeixa-me te beijar como quem beija o vento,<br \/>\ndeixa-me envolver tua presen\u00e7a,<br \/>\ndeixa-me alcan\u00e7ar tua alma.<\/p>\n<p>Para sentir a diferen\u00e7a entre o ontem e o agora,<br \/>\npara sentir o calor que une nossos destinos.<\/p>\n<p>Sente os suspiros da alma,<br \/>\nenquanto borboletas ro\u00e7am tua ess\u00eancia,<br \/>\ndois corpos se tornam constela\u00e7\u00f5es,<br \/>\npresos em fogos de artif\u00edcio de cores eternas.<\/p>\n<p>O que toca nossas almas?<br \/>\nPaix\u00e3o, ternura, revela\u00e7\u00e3o!<br \/>\nElas repousam em uma exclama\u00e7\u00e3o de amor,<br \/>\ncom suspiros, com sentidos,<br \/>\numa onda que culmina em sil\u00eancio luminoso.<\/p>\n<p>Alma de borboleta, alma de poeta,<br \/>\nquem sabe, tua alma encontrar\u00e1 a minha,<br \/>\ne juntas dan\u00e7ar\u00e3o no c\u00e9u,<br \/>\ncomo estrelas que nunca se apagam.<\/p>\n","protected":false},"excerpt":{"rendered":"<p>Desperto ao amanhecer, entre versos que florescem na primavera, enquanto o sol se abre em asas douradas e os suspiros da manh\u00e3 se tornam m\u00fasica. N\u00e3o ser\u00e1 por falta de desejo, mas por excesso de ternura, que busco alcan\u00e7ar tua alma no jardim secreto da esta\u00e7\u00e3o. Alma de borboletas de poeta, que repousam em cada [&hellip;]<\/p>\n","protected":false},"author":21,"featured_media":378452,"comment_status":"closed","ping_status":"closed","sticky":false,"template":"","format":"standard","meta":{"_acf_changed":false,"footnotes":""},"categories":[234],"tags":[],"class_list":["post-378449","post","type-post","status-publish","format-standard","has-post-thumbnail","hentry","category-cafe-literario"],"acf":[],"yoast_head":"<!-- This site is optimized with the Yoast SEO plugin v27.2 - https:\/\/yoast.com\/product\/yoast-seo-wordpress\/ -->\n<title>Entre Borboletas e Estrelas - Notibras<\/title>\n<meta name=\"robots\" content=\"index, follow, max-snippet:-1, max-image-preview:large, max-video-preview:-1\" \/>\n<link rel=\"canonical\" href=\"https:\/\/www.notibras.com\/site\/entre-borboletas-e-estrelas\/\" \/>\n<meta property=\"og:locale\" content=\"pt_BR\" \/>\n<meta property=\"og:type\" content=\"article\" \/>\n<meta property=\"og:title\" content=\"Entre Borboletas e Estrelas - Notibras\" \/>\n<meta property=\"og:description\" content=\"Desperto ao amanhecer, entre versos que florescem na primavera, enquanto o sol se abre em asas douradas e os suspiros da manh\u00e3 se tornam m\u00fasica. N\u00e3o ser\u00e1 por falta de desejo, mas por excesso de ternura, que busco alcan\u00e7ar tua alma no jardim secreto da esta\u00e7\u00e3o. Alma de borboletas de poeta, que repousam em cada [&hellip;]\" \/>\n<meta property=\"og:url\" content=\"https:\/\/www.notibras.com\/site\/entre-borboletas-e-estrelas\/\" \/>\n<meta property=\"og:site_name\" content=\"Notibras\" \/>\n<meta property=\"article:publisher\" content=\"https:\/\/www.facebook.com\/notibras\/\" \/>\n<meta property=\"article:published_time\" content=\"2026-01-13T04:00:47+00:00\" \/>\n<meta property=\"og:image\" content=\"https:\/\/www.notibras.com\/site\/wp-content\/uploads\/2026\/01\/IMG_0220.jpg\" \/>\n\t<meta property=\"og:image:width\" content=\"1023\" \/>\n\t<meta property=\"og:image:height\" content=\"923\" \/>\n\t<meta property=\"og:image:type\" content=\"image\/jpeg\" \/>\n<meta name=\"author\" content=\"Eduardo Mart\u00ednez\" \/>\n<meta name=\"twitter:card\" content=\"summary_large_image\" \/>\n<meta name=\"twitter:creator\" content=\"@Notibras\" \/>\n<meta name=\"twitter:site\" content=\"@Notibras\" \/>\n<meta name=\"twitter:label1\" content=\"Escrito por\" \/>\n\t<meta name=\"twitter:data1\" content=\"Eduardo Mart\u00ednez\" \/>\n\t<meta name=\"twitter:label2\" content=\"Est. tempo de leitura\" \/>\n\t<meta name=\"twitter:data2\" content=\"2 minutos\" \/>\n<script type=\"application\/ld+json\" class=\"yoast-schema-graph\">{\"@context\":\"https:\/\/schema.org\",\"@graph\":[{\"@type\":\"Article\",\"@id\":\"https:\/\/www.notibras.com\/site\/entre-borboletas-e-estrelas\/#article\",\"isPartOf\":{\"@id\":\"https:\/\/www.notibras.com\/site\/entre-borboletas-e-estrelas\/\"},\"author\":{\"name\":\"Eduardo Mart\u00ednez\",\"@id\":\"https:\/\/www.notibras.com\/site\/#\/schema\/person\/5b7fabf2aedc3ada2105f03b22b4d3dd\"},\"headline\":\"Entre Borboletas e Estrelas\",\"datePublished\":\"2026-01-13T04:00:47+00:00\",\"mainEntityOfPage\":{\"@id\":\"https:\/\/www.notibras.com\/site\/entre-borboletas-e-estrelas\/\"},\"wordCount\":232,\"publisher\":{\"@id\":\"https:\/\/www.notibras.com\/site\/#organization\"},\"image\":{\"@id\":\"https:\/\/www.notibras.com\/site\/entre-borboletas-e-estrelas\/#primaryimage\"},\"thumbnailUrl\":\"https:\/\/www.notibras.com\/site\/wp-content\/uploads\/2026\/01\/IMG_0220.jpg\",\"articleSection\":[\"Caf\u00e9 Liter\u00e1rio\"],\"inLanguage\":\"pt-BR\"},{\"@type\":\"WebPage\",\"@id\":\"https:\/\/www.notibras.com\/site\/entre-borboletas-e-estrelas\/\",\"url\":\"https:\/\/www.notibras.com\/site\/entre-borboletas-e-estrelas\/\",\"name\":\"Entre Borboletas e Estrelas - Notibras\",\"isPartOf\":{\"@id\":\"https:\/\/www.notibras.com\/site\/#website\"},\"primaryImageOfPage\":{\"@id\":\"https:\/\/www.notibras.com\/site\/entre-borboletas-e-estrelas\/#primaryimage\"},\"image\":{\"@id\":\"https:\/\/www.notibras.com\/site\/entre-borboletas-e-estrelas\/#primaryimage\"},\"thumbnailUrl\":\"https:\/\/www.notibras.com\/site\/wp-content\/uploads\/2026\/01\/IMG_0220.jpg\",\"datePublished\":\"2026-01-13T04:00:47+00:00\",\"breadcrumb\":{\"@id\":\"https:\/\/www.notibras.com\/site\/entre-borboletas-e-estrelas\/#breadcrumb\"},\"inLanguage\":\"pt-BR\",\"potentialAction\":[{\"@type\":\"ReadAction\",\"target\":[\"https:\/\/www.notibras.com\/site\/entre-borboletas-e-estrelas\/\"]}]},{\"@type\":\"ImageObject\",\"inLanguage\":\"pt-BR\",\"@id\":\"https:\/\/www.notibras.com\/site\/entre-borboletas-e-estrelas\/#primaryimage\",\"url\":\"https:\/\/www.notibras.com\/site\/wp-content\/uploads\/2026\/01\/IMG_0220.jpg\",\"contentUrl\":\"https:\/\/www.notibras.com\/site\/wp-content\/uploads\/2026\/01\/IMG_0220.jpg\",\"width\":1023,\"height\":923},{\"@type\":\"BreadcrumbList\",\"@id\":\"https:\/\/www.notibras.com\/site\/entre-borboletas-e-estrelas\/#breadcrumb\",\"itemListElement\":[{\"@type\":\"ListItem\",\"position\":1,\"name\":\"In\u00edcio\",\"item\":\"https:\/\/www.notibras.com\/site\/\"},{\"@type\":\"ListItem\",\"position\":2,\"name\":\"Entre Borboletas e Estrelas\"}]},{\"@type\":\"WebSite\",\"@id\":\"https:\/\/www.notibras.com\/site\/#website\",\"url\":\"https:\/\/www.notibras.com\/site\/\",\"name\":\"Notibras\",\"description\":\"Not\u00edcias de Bras\u00edlia, do Brasil e do Mundo\",\"publisher\":{\"@id\":\"https:\/\/www.notibras.com\/site\/#organization\"},\"potentialAction\":[{\"@type\":\"SearchAction\",\"target\":{\"@type\":\"EntryPoint\",\"urlTemplate\":\"https:\/\/www.notibras.com\/site\/?s={search_term_string}\"},\"query-input\":{\"@type\":\"PropertyValueSpecification\",\"valueRequired\":true,\"valueName\":\"search_term_string\"}}],\"inLanguage\":\"pt-BR\"},{\"@type\":\"Organization\",\"@id\":\"https:\/\/www.notibras.com\/site\/#organization\",\"name\":\"Grupo Notibras de Comunica\u00e7\u00e3o\",\"url\":\"https:\/\/www.notibras.com\/site\/\",\"logo\":{\"@type\":\"ImageObject\",\"inLanguage\":\"pt-BR\",\"@id\":\"https:\/\/www.notibras.com\/site\/#\/schema\/logo\/image\/\",\"url\":\"https:\/\/www.notibras.com\/site\/wp-content\/uploads\/2023\/01\/notibras23.png\",\"contentUrl\":\"https:\/\/www.notibras.com\/site\/wp-content\/uploads\/2023\/01\/notibras23.png\",\"width\":350,\"height\":87,\"caption\":\"Grupo Notibras de Comunica\u00e7\u00e3o\"},\"image\":{\"@id\":\"https:\/\/www.notibras.com\/site\/#\/schema\/logo\/image\/\"},\"sameAs\":[\"https:\/\/www.facebook.com\/notibras\/\",\"https:\/\/x.com\/Notibras\",\"https:\/\/www.instagram.com\/notibras\/\"]},{\"@type\":\"Person\",\"@id\":\"https:\/\/www.notibras.com\/site\/#\/schema\/person\/5b7fabf2aedc3ada2105f03b22b4d3dd\",\"name\":\"Eduardo Mart\u00ednez\",\"image\":{\"@type\":\"ImageObject\",\"inLanguage\":\"pt-BR\",\"@id\":\"https:\/\/secure.gravatar.com\/avatar\/7902f906289926289cbcda644b5197c796b893c6ffd7b9a536a42d290f7704a0?s=96&d=mm&r=g\",\"url\":\"https:\/\/secure.gravatar.com\/avatar\/7902f906289926289cbcda644b5197c796b893c6ffd7b9a536a42d290f7704a0?s=96&d=mm&r=g\",\"contentUrl\":\"https:\/\/secure.gravatar.com\/avatar\/7902f906289926289cbcda644b5197c796b893c6ffd7b9a536a42d290f7704a0?s=96&d=mm&r=g\",\"caption\":\"Eduardo Mart\u00ednez\"}}]}<\/script>\n<!-- \/ Yoast SEO plugin. -->","yoast_head_json":{"title":"Entre Borboletas e Estrelas - Notibras","robots":{"index":"index","follow":"follow","max-snippet":"max-snippet:-1","max-image-preview":"max-image-preview:large","max-video-preview":"max-video-preview:-1"},"canonical":"https:\/\/www.notibras.com\/site\/entre-borboletas-e-estrelas\/","og_locale":"pt_BR","og_type":"article","og_title":"Entre Borboletas e Estrelas - Notibras","og_description":"Desperto ao amanhecer, entre versos que florescem na primavera, enquanto o sol se abre em asas douradas e os suspiros da manh\u00e3 se tornam m\u00fasica. N\u00e3o ser\u00e1 por falta de desejo, mas por excesso de ternura, que busco alcan\u00e7ar tua alma no jardim secreto da esta\u00e7\u00e3o. Alma de borboletas de poeta, que repousam em cada [&hellip;]","og_url":"https:\/\/www.notibras.com\/site\/entre-borboletas-e-estrelas\/","og_site_name":"Notibras","article_publisher":"https:\/\/www.facebook.com\/notibras\/","article_published_time":"2026-01-13T04:00:47+00:00","og_image":[{"width":1023,"height":923,"url":"https:\/\/www.notibras.com\/site\/wp-content\/uploads\/2026\/01\/IMG_0220.jpg","type":"image\/jpeg"}],"author":"Eduardo Mart\u00ednez","twitter_card":"summary_large_image","twitter_creator":"@Notibras","twitter_site":"@Notibras","twitter_misc":{"Escrito por":"Eduardo Mart\u00ednez","Est. tempo de leitura":"2 minutos"},"schema":{"@context":"https:\/\/schema.org","@graph":[{"@type":"Article","@id":"https:\/\/www.notibras.com\/site\/entre-borboletas-e-estrelas\/#article","isPartOf":{"@id":"https:\/\/www.notibras.com\/site\/entre-borboletas-e-estrelas\/"},"author":{"name":"Eduardo Mart\u00ednez","@id":"https:\/\/www.notibras.com\/site\/#\/schema\/person\/5b7fabf2aedc3ada2105f03b22b4d3dd"},"headline":"Entre Borboletas e Estrelas","datePublished":"2026-01-13T04:00:47+00:00","mainEntityOfPage":{"@id":"https:\/\/www.notibras.com\/site\/entre-borboletas-e-estrelas\/"},"wordCount":232,"publisher":{"@id":"https:\/\/www.notibras.com\/site\/#organization"},"image":{"@id":"https:\/\/www.notibras.com\/site\/entre-borboletas-e-estrelas\/#primaryimage"},"thumbnailUrl":"https:\/\/www.notibras.com\/site\/wp-content\/uploads\/2026\/01\/IMG_0220.jpg","articleSection":["Caf\u00e9 Liter\u00e1rio"],"inLanguage":"pt-BR"},{"@type":"WebPage","@id":"https:\/\/www.notibras.com\/site\/entre-borboletas-e-estrelas\/","url":"https:\/\/www.notibras.com\/site\/entre-borboletas-e-estrelas\/","name":"Entre Borboletas e Estrelas - Notibras","isPartOf":{"@id":"https:\/\/www.notibras.com\/site\/#website"},"primaryImageOfPage":{"@id":"https:\/\/www.notibras.com\/site\/entre-borboletas-e-estrelas\/#primaryimage"},"image":{"@id":"https:\/\/www.notibras.com\/site\/entre-borboletas-e-estrelas\/#primaryimage"},"thumbnailUrl":"https:\/\/www.notibras.com\/site\/wp-content\/uploads\/2026\/01\/IMG_0220.jpg","datePublished":"2026-01-13T04:00:47+00:00","breadcrumb":{"@id":"https:\/\/www.notibras.com\/site\/entre-borboletas-e-estrelas\/#breadcrumb"},"inLanguage":"pt-BR","potentialAction":[{"@type":"ReadAction","target":["https:\/\/www.notibras.com\/site\/entre-borboletas-e-estrelas\/"]}]},{"@type":"ImageObject","inLanguage":"pt-BR","@id":"https:\/\/www.notibras.com\/site\/entre-borboletas-e-estrelas\/#primaryimage","url":"https:\/\/www.notibras.com\/site\/wp-content\/uploads\/2026\/01\/IMG_0220.jpg","contentUrl":"https:\/\/www.notibras.com\/site\/wp-content\/uploads\/2026\/01\/IMG_0220.jpg","width":1023,"height":923},{"@type":"BreadcrumbList","@id":"https:\/\/www.notibras.com\/site\/entre-borboletas-e-estrelas\/#breadcrumb","itemListElement":[{"@type":"ListItem","position":1,"name":"In\u00edcio","item":"https:\/\/www.notibras.com\/site\/"},{"@type":"ListItem","position":2,"name":"Entre Borboletas e Estrelas"}]},{"@type":"WebSite","@id":"https:\/\/www.notibras.com\/site\/#website","url":"https:\/\/www.notibras.com\/site\/","name":"Notibras","description":"Not\u00edcias de Bras\u00edlia, do Brasil e do Mundo","publisher":{"@id":"https:\/\/www.notibras.com\/site\/#organization"},"potentialAction":[{"@type":"SearchAction","target":{"@type":"EntryPoint","urlTemplate":"https:\/\/www.notibras.com\/site\/?s={search_term_string}"},"query-input":{"@type":"PropertyValueSpecification","valueRequired":true,"valueName":"search_term_string"}}],"inLanguage":"pt-BR"},{"@type":"Organization","@id":"https:\/\/www.notibras.com\/site\/#organization","name":"Grupo Notibras de Comunica\u00e7\u00e3o","url":"https:\/\/www.notibras.com\/site\/","logo":{"@type":"ImageObject","inLanguage":"pt-BR","@id":"https:\/\/www.notibras.com\/site\/#\/schema\/logo\/image\/","url":"https:\/\/www.notibras.com\/site\/wp-content\/uploads\/2023\/01\/notibras23.png","contentUrl":"https:\/\/www.notibras.com\/site\/wp-content\/uploads\/2023\/01\/notibras23.png","width":350,"height":87,"caption":"Grupo Notibras de Comunica\u00e7\u00e3o"},"image":{"@id":"https:\/\/www.notibras.com\/site\/#\/schema\/logo\/image\/"},"sameAs":["https:\/\/www.facebook.com\/notibras\/","https:\/\/x.com\/Notibras","https:\/\/www.instagram.com\/notibras\/"]},{"@type":"Person","@id":"https:\/\/www.notibras.com\/site\/#\/schema\/person\/5b7fabf2aedc3ada2105f03b22b4d3dd","name":"Eduardo Mart\u00ednez","image":{"@type":"ImageObject","inLanguage":"pt-BR","@id":"https:\/\/secure.gravatar.com\/avatar\/7902f906289926289cbcda644b5197c796b893c6ffd7b9a536a42d290f7704a0?s=96&d=mm&r=g","url":"https:\/\/secure.gravatar.com\/avatar\/7902f906289926289cbcda644b5197c796b893c6ffd7b9a536a42d290f7704a0?s=96&d=mm&r=g","contentUrl":"https:\/\/secure.gravatar.com\/avatar\/7902f906289926289cbcda644b5197c796b893c6ffd7b9a536a42d290f7704a0?s=96&d=mm&r=g","caption":"Eduardo Mart\u00ednez"}}]}},"amp_enabled":true,"_links":{"self":[{"href":"https:\/\/www.notibras.com\/site\/wp-json\/wp\/v2\/posts\/378449","targetHints":{"allow":["GET"]}}],"collection":[{"href":"https:\/\/www.notibras.com\/site\/wp-json\/wp\/v2\/posts"}],"about":[{"href":"https:\/\/www.notibras.com\/site\/wp-json\/wp\/v2\/types\/post"}],"author":[{"embeddable":true,"href":"https:\/\/www.notibras.com\/site\/wp-json\/wp\/v2\/users\/21"}],"replies":[{"embeddable":true,"href":"https:\/\/www.notibras.com\/site\/wp-json\/wp\/v2\/comments?post=378449"}],"version-history":[{"count":2,"href":"https:\/\/www.notibras.com\/site\/wp-json\/wp\/v2\/posts\/378449\/revisions"}],"predecessor-version":[{"id":378454,"href":"https:\/\/www.notibras.com\/site\/wp-json\/wp\/v2\/posts\/378449\/revisions\/378454"}],"wp:featuredmedia":[{"embeddable":true,"href":"https:\/\/www.notibras.com\/site\/wp-json\/wp\/v2\/media\/378452"}],"wp:attachment":[{"href":"https:\/\/www.notibras.com\/site\/wp-json\/wp\/v2\/media?parent=378449"}],"wp:term":[{"taxonomy":"category","embeddable":true,"href":"https:\/\/www.notibras.com\/site\/wp-json\/wp\/v2\/categories?post=378449"},{"taxonomy":"post_tag","embeddable":true,"href":"https:\/\/www.notibras.com\/site\/wp-json\/wp\/v2\/tags?post=378449"}],"curies":[{"name":"wp","href":"https:\/\/api.w.org\/{rel}","templated":true}]}}