{"id":378455,"date":"2026-01-10T17:02:55","date_gmt":"2026-01-10T20:02:55","guid":{"rendered":"https:\/\/www.notibras.com\/site\/?p=378455"},"modified":"2026-01-10T18:14:41","modified_gmt":"2026-01-10T21:14:41","slug":"soldado-que-matou-cabo-e-queimou-o-corpo-sera-julgado-pela-justica-comum","status":"publish","type":"post","link":"https:\/\/www.notibras.com\/site\/soldado-que-matou-cabo-e-queimou-o-corpo-sera-julgado-pela-justica-comum\/","title":{"rendered":"Soldado que matou cabo e queimou o corpo ser\u00e1 julgado pela Justi\u00e7a comum"},"content":{"rendered":"<p>O Tribunal do J\u00fari de Bras\u00edlia aceitou a den\u00fancia apresentada pelo Minist\u00e9rio P\u00fablico do Distrito Federal e Territ\u00f3rios (MPDFT) contra o soldado Kelvin Barros da Silva, de 21 anos de idade, acusado de assassinar com uma facada no pesco\u00e7o a cabo do Ex\u00e9rcito Maria de Lourdes Freire Matos, 25 anos, em 5 de dezembro de 2025, no 1\u00ba Regimento de Cavalaria de Guardas, unidade de elite do Ex\u00e9rcito. Agora, o r\u00e9u responder\u00e1 perante a Justi\u00e7a comum pelos crimes de feminic\u00eddio e destrui\u00e7\u00e3o de cad\u00e1ver.<\/p>\n<p>Uma semana ap\u00f3s o crime, com a conclus\u00e3o da sindic\u00e2ncia interna do Ex\u00e9rcito, Kevin Barros foi expulso das fileiras da Arma e transferido para o sistema prisional. O crime foi enquadrado como feminic\u00eddio porque envolveu menosprezo e discrimina\u00e7\u00e3o \u00e0 condi\u00e7\u00e3o de mulher. O MP tamb\u00e9m indicou uma causa de aumento de pena porque o crime foi praticado de forma cruel e sem chance de defesa da v\u00edtima.<\/p>\n<p>De acordo com a den\u00fancia, ap\u00f3s esfaquear a jovem, Kelvin ateou fogo nas depend\u00eancias da banda de m\u00fasica do quartel, onde Maria de Lourdes era lotada. O corpo da v\u00edtima foi carbonizado, o que configura crime de destrui\u00e7\u00e3o de cad\u00e1ver. Ap\u00f3s cometer o feminic\u00eddio, ele deixou a instala\u00e7\u00e3o sem despertar suspeitas. O local ficou totalmente destru\u00eddo pelo fogo.<\/p>\n<p>Apesar de os fatos terem ocorrido em uma unidade do Ex\u00e9rcito, a Justi\u00e7a do Distrito Federal acolheu a argumenta\u00e7\u00e3o do Minist\u00e9rio P\u00fablico de que o crime n\u00e3o tem rela\u00e7\u00e3o com a atividade militar. Dessa forma, deve prevalecer a compet\u00eancia constitucional do Tribunal do J\u00fari para julgar crimes dolosos contra a vida.<\/p>\n<p>A Promotoria de Justi\u00e7a sustentou ainda que o Judici\u00e1rio deve permitir que a sociedade exer\u00e7a sua defesa e acuse o r\u00e9u perante o j\u00fari popular. A Justi\u00e7a Militar da Uni\u00e3o segue competente para processar e julgar os crimes conexos de natureza militar.<\/p>\n","protected":false},"excerpt":{"rendered":"<p>O Tribunal do J\u00fari de Bras\u00edlia aceitou a den\u00fancia apresentada pelo Minist\u00e9rio P\u00fablico do Distrito Federal e Territ\u00f3rios (MPDFT) contra o soldado Kelvin Barros da Silva, de 21 anos de idade, acusado de assassinar com uma facada no pesco\u00e7o a cabo do Ex\u00e9rcito Maria de Lourdes Freire Matos, 25 anos, em 5 de dezembro de [&hellip;]<\/p>\n","protected":false},"author":2,"featured_media":378456,"comment_status":"closed","ping_status":"closed","sticky":false,"template":"","format":"standard","meta":{"_acf_changed":false,"footnotes":""},"categories":[161],"tags":[],"class_list":["post-378455","post","type-post","status-publish","format-standard","has-post-thumbnail","hentry","category-quadradinho-em-foco"],"acf":[],"yoast_head":"<!-- This site is optimized with the Yoast SEO plugin v27.2 - https:\/\/yoast.com\/product\/yoast-seo-wordpress\/ -->\n<title>Soldado que matou cabo e queimou o corpo ser\u00e1 julgado pela Justi\u00e7a comum - Notibras<\/title>\n<meta name=\"robots\" content=\"index, follow, max-snippet:-1, max-image-preview:large, max-video-preview:-1\" \/>\n<link rel=\"canonical\" href=\"https:\/\/www.notibras.com\/site\/soldado-que-matou-cabo-e-queimou-o-corpo-sera-julgado-pela-justica-comum\/\" \/>\n<meta property=\"og:locale\" content=\"pt_BR\" \/>\n<meta property=\"og:type\" content=\"article\" \/>\n<meta property=\"og:title\" content=\"Soldado que matou cabo e queimou o corpo ser\u00e1 julgado pela Justi\u00e7a comum - Notibras\" \/>\n<meta property=\"og:description\" content=\"O Tribunal do J\u00fari de Bras\u00edlia aceitou a den\u00fancia apresentada pelo Minist\u00e9rio P\u00fablico do Distrito Federal e Territ\u00f3rios (MPDFT) contra o soldado Kelvin Barros da Silva, de 21 anos de idade, acusado de assassinar com uma facada no pesco\u00e7o a cabo do Ex\u00e9rcito Maria de Lourdes Freire Matos, 25 anos, em 5 de dezembro de [&hellip;]\" \/>\n<meta property=\"og:url\" content=\"https:\/\/www.notibras.com\/site\/soldado-que-matou-cabo-e-queimou-o-corpo-sera-julgado-pela-justica-comum\/\" \/>\n<meta property=\"og:site_name\" content=\"Notibras\" \/>\n<meta property=\"article:publisher\" content=\"https:\/\/www.facebook.com\/notibras\/\" \/>\n<meta property=\"article:published_time\" content=\"2026-01-10T20:02:55+00:00\" \/>\n<meta property=\"article:modified_time\" content=\"2026-01-10T21:14:41+00:00\" \/>\n<meta property=\"og:image\" content=\"https:\/\/www.notibras.com\/site\/wp-content\/uploads\/2026\/01\/maria_de_lourdes_freire_matos-1.webp\" \/>\n\t<meta property=\"og:image:width\" content=\"1170\" \/>\n\t<meta property=\"og:image:height\" content=\"700\" \/>\n\t<meta property=\"og:image:type\" content=\"image\/webp\" \/>\n<meta name=\"author\" content=\"Reda\u00e7\u00e3o\" \/>\n<meta name=\"twitter:card\" content=\"summary_large_image\" \/>\n<meta name=\"twitter:creator\" content=\"@Notibras\" \/>\n<meta name=\"twitter:site\" content=\"@Notibras\" \/>\n<meta name=\"twitter:label1\" content=\"Escrito por\" \/>\n\t<meta name=\"twitter:data1\" content=\"Reda\u00e7\u00e3o\" \/>\n\t<meta name=\"twitter:label2\" content=\"Est. tempo de leitura\" \/>\n\t<meta name=\"twitter:data2\" content=\"2 minutos\" \/>\n<script type=\"application\/ld+json\" class=\"yoast-schema-graph\">{\"@context\":\"https:\/\/schema.org\",\"@graph\":[{\"@type\":\"Article\",\"@id\":\"https:\/\/www.notibras.com\/site\/soldado-que-matou-cabo-e-queimou-o-corpo-sera-julgado-pela-justica-comum\/#article\",\"isPartOf\":{\"@id\":\"https:\/\/www.notibras.com\/site\/soldado-que-matou-cabo-e-queimou-o-corpo-sera-julgado-pela-justica-comum\/\"},\"author\":{\"name\":\"Reda\u00e7\u00e3o\",\"@id\":\"https:\/\/www.notibras.com\/site\/#\/schema\/person\/36ab0979449956132d3e5b517ea76ac8\"},\"headline\":\"Soldado que matou cabo e queimou o corpo ser\u00e1 julgado pela Justi\u00e7a comum\",\"datePublished\":\"2026-01-10T20:02:55+00:00\",\"dateModified\":\"2026-01-10T21:14:41+00:00\",\"mainEntityOfPage\":{\"@id\":\"https:\/\/www.notibras.com\/site\/soldado-que-matou-cabo-e-queimou-o-corpo-sera-julgado-pela-justica-comum\/\"},\"wordCount\":360,\"publisher\":{\"@id\":\"https:\/\/www.notibras.com\/site\/#organization\"},\"image\":{\"@id\":\"https:\/\/www.notibras.com\/site\/soldado-que-matou-cabo-e-queimou-o-corpo-sera-julgado-pela-justica-comum\/#primaryimage\"},\"thumbnailUrl\":\"https:\/\/www.notibras.com\/site\/wp-content\/uploads\/2026\/01\/maria_de_lourdes_freire_matos-1.webp\",\"articleSection\":[\"Quadradinho em Foco\"],\"inLanguage\":\"pt-BR\"},{\"@type\":\"WebPage\",\"@id\":\"https:\/\/www.notibras.com\/site\/soldado-que-matou-cabo-e-queimou-o-corpo-sera-julgado-pela-justica-comum\/\",\"url\":\"https:\/\/www.notibras.com\/site\/soldado-que-matou-cabo-e-queimou-o-corpo-sera-julgado-pela-justica-comum\/\",\"name\":\"Soldado que matou cabo e queimou o corpo ser\u00e1 julgado pela Justi\u00e7a comum - Notibras\",\"isPartOf\":{\"@id\":\"https:\/\/www.notibras.com\/site\/#website\"},\"primaryImageOfPage\":{\"@id\":\"https:\/\/www.notibras.com\/site\/soldado-que-matou-cabo-e-queimou-o-corpo-sera-julgado-pela-justica-comum\/#primaryimage\"},\"image\":{\"@id\":\"https:\/\/www.notibras.com\/site\/soldado-que-matou-cabo-e-queimou-o-corpo-sera-julgado-pela-justica-comum\/#primaryimage\"},\"thumbnailUrl\":\"https:\/\/www.notibras.com\/site\/wp-content\/uploads\/2026\/01\/maria_de_lourdes_freire_matos-1.webp\",\"datePublished\":\"2026-01-10T20:02:55+00:00\",\"dateModified\":\"2026-01-10T21:14:41+00:00\",\"breadcrumb\":{\"@id\":\"https:\/\/www.notibras.com\/site\/soldado-que-matou-cabo-e-queimou-o-corpo-sera-julgado-pela-justica-comum\/#breadcrumb\"},\"inLanguage\":\"pt-BR\",\"potentialAction\":[{\"@type\":\"ReadAction\",\"target\":[\"https:\/\/www.notibras.com\/site\/soldado-que-matou-cabo-e-queimou-o-corpo-sera-julgado-pela-justica-comum\/\"]}]},{\"@type\":\"ImageObject\",\"inLanguage\":\"pt-BR\",\"@id\":\"https:\/\/www.notibras.com\/site\/soldado-que-matou-cabo-e-queimou-o-corpo-sera-julgado-pela-justica-comum\/#primaryimage\",\"url\":\"https:\/\/www.notibras.com\/site\/wp-content\/uploads\/2026\/01\/maria_de_lourdes_freire_matos-1.webp\",\"contentUrl\":\"https:\/\/www.notibras.com\/site\/wp-content\/uploads\/2026\/01\/maria_de_lourdes_freire_matos-1.webp\",\"width\":1170,\"height\":700},{\"@type\":\"BreadcrumbList\",\"@id\":\"https:\/\/www.notibras.com\/site\/soldado-que-matou-cabo-e-queimou-o-corpo-sera-julgado-pela-justica-comum\/#breadcrumb\",\"itemListElement\":[{\"@type\":\"ListItem\",\"position\":1,\"name\":\"In\u00edcio\",\"item\":\"https:\/\/www.notibras.com\/site\/\"},{\"@type\":\"ListItem\",\"position\":2,\"name\":\"Soldado que matou cabo e queimou o corpo ser\u00e1 julgado pela Justi\u00e7a comum\"}]},{\"@type\":\"WebSite\",\"@id\":\"https:\/\/www.notibras.com\/site\/#website\",\"url\":\"https:\/\/www.notibras.com\/site\/\",\"name\":\"Notibras\",\"description\":\"Not\u00edcias de Bras\u00edlia, do Brasil e do Mundo\",\"publisher\":{\"@id\":\"https:\/\/www.notibras.com\/site\/#organization\"},\"potentialAction\":[{\"@type\":\"SearchAction\",\"target\":{\"@type\":\"EntryPoint\",\"urlTemplate\":\"https:\/\/www.notibras.com\/site\/?s={search_term_string}\"},\"query-input\":{\"@type\":\"PropertyValueSpecification\",\"valueRequired\":true,\"valueName\":\"search_term_string\"}}],\"inLanguage\":\"pt-BR\"},{\"@type\":\"Organization\",\"@id\":\"https:\/\/www.notibras.com\/site\/#organization\",\"name\":\"Grupo Notibras de Comunica\u00e7\u00e3o\",\"url\":\"https:\/\/www.notibras.com\/site\/\",\"logo\":{\"@type\":\"ImageObject\",\"inLanguage\":\"pt-BR\",\"@id\":\"https:\/\/www.notibras.com\/site\/#\/schema\/logo\/image\/\",\"url\":\"https:\/\/www.notibras.com\/site\/wp-content\/uploads\/2023\/01\/notibras23.png\",\"contentUrl\":\"https:\/\/www.notibras.com\/site\/wp-content\/uploads\/2023\/01\/notibras23.png\",\"width\":350,\"height\":87,\"caption\":\"Grupo Notibras de Comunica\u00e7\u00e3o\"},\"image\":{\"@id\":\"https:\/\/www.notibras.com\/site\/#\/schema\/logo\/image\/\"},\"sameAs\":[\"https:\/\/www.facebook.com\/notibras\/\",\"https:\/\/x.com\/Notibras\",\"https:\/\/www.instagram.com\/notibras\/\"]},{\"@type\":\"Person\",\"@id\":\"https:\/\/www.notibras.com\/site\/#\/schema\/person\/36ab0979449956132d3e5b517ea76ac8\",\"name\":\"Reda\u00e7\u00e3o\",\"image\":{\"@type\":\"ImageObject\",\"inLanguage\":\"pt-BR\",\"@id\":\"https:\/\/secure.gravatar.com\/avatar\/e0a867bdedb85fd243eadf09663511f96fc81e0720a4a42581f334ad4303aa6b?s=96&d=mm&r=g\",\"url\":\"https:\/\/secure.gravatar.com\/avatar\/e0a867bdedb85fd243eadf09663511f96fc81e0720a4a42581f334ad4303aa6b?s=96&d=mm&r=g\",\"contentUrl\":\"https:\/\/secure.gravatar.com\/avatar\/e0a867bdedb85fd243eadf09663511f96fc81e0720a4a42581f334ad4303aa6b?s=96&d=mm&r=g\",\"caption\":\"Reda\u00e7\u00e3o\"}}]}<\/script>\n<!-- \/ Yoast SEO plugin. -->","yoast_head_json":{"title":"Soldado que matou cabo e queimou o corpo ser\u00e1 julgado pela Justi\u00e7a comum - Notibras","robots":{"index":"index","follow":"follow","max-snippet":"max-snippet:-1","max-image-preview":"max-image-preview:large","max-video-preview":"max-video-preview:-1"},"canonical":"https:\/\/www.notibras.com\/site\/soldado-que-matou-cabo-e-queimou-o-corpo-sera-julgado-pela-justica-comum\/","og_locale":"pt_BR","og_type":"article","og_title":"Soldado que matou cabo e queimou o corpo ser\u00e1 julgado pela Justi\u00e7a comum - Notibras","og_description":"O Tribunal do J\u00fari de Bras\u00edlia aceitou a den\u00fancia apresentada pelo Minist\u00e9rio P\u00fablico do Distrito Federal e Territ\u00f3rios (MPDFT) contra o soldado Kelvin Barros da Silva, de 21 anos de idade, acusado de assassinar com uma facada no pesco\u00e7o a cabo do Ex\u00e9rcito Maria de Lourdes Freire Matos, 25 anos, em 5 de dezembro de [&hellip;]","og_url":"https:\/\/www.notibras.com\/site\/soldado-que-matou-cabo-e-queimou-o-corpo-sera-julgado-pela-justica-comum\/","og_site_name":"Notibras","article_publisher":"https:\/\/www.facebook.com\/notibras\/","article_published_time":"2026-01-10T20:02:55+00:00","article_modified_time":"2026-01-10T21:14:41+00:00","og_image":[{"width":1170,"height":700,"url":"https:\/\/www.notibras.com\/site\/wp-content\/uploads\/2026\/01\/maria_de_lourdes_freire_matos-1.webp","type":"image\/webp"}],"author":"Reda\u00e7\u00e3o","twitter_card":"summary_large_image","twitter_creator":"@Notibras","twitter_site":"@Notibras","twitter_misc":{"Escrito por":"Reda\u00e7\u00e3o","Est. tempo de leitura":"2 minutos"},"schema":{"@context":"https:\/\/schema.org","@graph":[{"@type":"Article","@id":"https:\/\/www.notibras.com\/site\/soldado-que-matou-cabo-e-queimou-o-corpo-sera-julgado-pela-justica-comum\/#article","isPartOf":{"@id":"https:\/\/www.notibras.com\/site\/soldado-que-matou-cabo-e-queimou-o-corpo-sera-julgado-pela-justica-comum\/"},"author":{"name":"Reda\u00e7\u00e3o","@id":"https:\/\/www.notibras.com\/site\/#\/schema\/person\/36ab0979449956132d3e5b517ea76ac8"},"headline":"Soldado que matou cabo e queimou o corpo ser\u00e1 julgado pela Justi\u00e7a comum","datePublished":"2026-01-10T20:02:55+00:00","dateModified":"2026-01-10T21:14:41+00:00","mainEntityOfPage":{"@id":"https:\/\/www.notibras.com\/site\/soldado-que-matou-cabo-e-queimou-o-corpo-sera-julgado-pela-justica-comum\/"},"wordCount":360,"publisher":{"@id":"https:\/\/www.notibras.com\/site\/#organization"},"image":{"@id":"https:\/\/www.notibras.com\/site\/soldado-que-matou-cabo-e-queimou-o-corpo-sera-julgado-pela-justica-comum\/#primaryimage"},"thumbnailUrl":"https:\/\/www.notibras.com\/site\/wp-content\/uploads\/2026\/01\/maria_de_lourdes_freire_matos-1.webp","articleSection":["Quadradinho em Foco"],"inLanguage":"pt-BR"},{"@type":"WebPage","@id":"https:\/\/www.notibras.com\/site\/soldado-que-matou-cabo-e-queimou-o-corpo-sera-julgado-pela-justica-comum\/","url":"https:\/\/www.notibras.com\/site\/soldado-que-matou-cabo-e-queimou-o-corpo-sera-julgado-pela-justica-comum\/","name":"Soldado que matou cabo e queimou o corpo ser\u00e1 julgado pela Justi\u00e7a comum - Notibras","isPartOf":{"@id":"https:\/\/www.notibras.com\/site\/#website"},"primaryImageOfPage":{"@id":"https:\/\/www.notibras.com\/site\/soldado-que-matou-cabo-e-queimou-o-corpo-sera-julgado-pela-justica-comum\/#primaryimage"},"image":{"@id":"https:\/\/www.notibras.com\/site\/soldado-que-matou-cabo-e-queimou-o-corpo-sera-julgado-pela-justica-comum\/#primaryimage"},"thumbnailUrl":"https:\/\/www.notibras.com\/site\/wp-content\/uploads\/2026\/01\/maria_de_lourdes_freire_matos-1.webp","datePublished":"2026-01-10T20:02:55+00:00","dateModified":"2026-01-10T21:14:41+00:00","breadcrumb":{"@id":"https:\/\/www.notibras.com\/site\/soldado-que-matou-cabo-e-queimou-o-corpo-sera-julgado-pela-justica-comum\/#breadcrumb"},"inLanguage":"pt-BR","potentialAction":[{"@type":"ReadAction","target":["https:\/\/www.notibras.com\/site\/soldado-que-matou-cabo-e-queimou-o-corpo-sera-julgado-pela-justica-comum\/"]}]},{"@type":"ImageObject","inLanguage":"pt-BR","@id":"https:\/\/www.notibras.com\/site\/soldado-que-matou-cabo-e-queimou-o-corpo-sera-julgado-pela-justica-comum\/#primaryimage","url":"https:\/\/www.notibras.com\/site\/wp-content\/uploads\/2026\/01\/maria_de_lourdes_freire_matos-1.webp","contentUrl":"https:\/\/www.notibras.com\/site\/wp-content\/uploads\/2026\/01\/maria_de_lourdes_freire_matos-1.webp","width":1170,"height":700},{"@type":"BreadcrumbList","@id":"https:\/\/www.notibras.com\/site\/soldado-que-matou-cabo-e-queimou-o-corpo-sera-julgado-pela-justica-comum\/#breadcrumb","itemListElement":[{"@type":"ListItem","position":1,"name":"In\u00edcio","item":"https:\/\/www.notibras.com\/site\/"},{"@type":"ListItem","position":2,"name":"Soldado que matou cabo e queimou o corpo ser\u00e1 julgado pela Justi\u00e7a comum"}]},{"@type":"WebSite","@id":"https:\/\/www.notibras.com\/site\/#website","url":"https:\/\/www.notibras.com\/site\/","name":"Notibras","description":"Not\u00edcias de Bras\u00edlia, do Brasil e do Mundo","publisher":{"@id":"https:\/\/www.notibras.com\/site\/#organization"},"potentialAction":[{"@type":"SearchAction","target":{"@type":"EntryPoint","urlTemplate":"https:\/\/www.notibras.com\/site\/?s={search_term_string}"},"query-input":{"@type":"PropertyValueSpecification","valueRequired":true,"valueName":"search_term_string"}}],"inLanguage":"pt-BR"},{"@type":"Organization","@id":"https:\/\/www.notibras.com\/site\/#organization","name":"Grupo Notibras de Comunica\u00e7\u00e3o","url":"https:\/\/www.notibras.com\/site\/","logo":{"@type":"ImageObject","inLanguage":"pt-BR","@id":"https:\/\/www.notibras.com\/site\/#\/schema\/logo\/image\/","url":"https:\/\/www.notibras.com\/site\/wp-content\/uploads\/2023\/01\/notibras23.png","contentUrl":"https:\/\/www.notibras.com\/site\/wp-content\/uploads\/2023\/01\/notibras23.png","width":350,"height":87,"caption":"Grupo Notibras de Comunica\u00e7\u00e3o"},"image":{"@id":"https:\/\/www.notibras.com\/site\/#\/schema\/logo\/image\/"},"sameAs":["https:\/\/www.facebook.com\/notibras\/","https:\/\/x.com\/Notibras","https:\/\/www.instagram.com\/notibras\/"]},{"@type":"Person","@id":"https:\/\/www.notibras.com\/site\/#\/schema\/person\/36ab0979449956132d3e5b517ea76ac8","name":"Reda\u00e7\u00e3o","image":{"@type":"ImageObject","inLanguage":"pt-BR","@id":"https:\/\/secure.gravatar.com\/avatar\/e0a867bdedb85fd243eadf09663511f96fc81e0720a4a42581f334ad4303aa6b?s=96&d=mm&r=g","url":"https:\/\/secure.gravatar.com\/avatar\/e0a867bdedb85fd243eadf09663511f96fc81e0720a4a42581f334ad4303aa6b?s=96&d=mm&r=g","contentUrl":"https:\/\/secure.gravatar.com\/avatar\/e0a867bdedb85fd243eadf09663511f96fc81e0720a4a42581f334ad4303aa6b?s=96&d=mm&r=g","caption":"Reda\u00e7\u00e3o"}}]}},"amp_enabled":true,"_links":{"self":[{"href":"https:\/\/www.notibras.com\/site\/wp-json\/wp\/v2\/posts\/378455","targetHints":{"allow":["GET"]}}],"collection":[{"href":"https:\/\/www.notibras.com\/site\/wp-json\/wp\/v2\/posts"}],"about":[{"href":"https:\/\/www.notibras.com\/site\/wp-json\/wp\/v2\/types\/post"}],"author":[{"embeddable":true,"href":"https:\/\/www.notibras.com\/site\/wp-json\/wp\/v2\/users\/2"}],"replies":[{"embeddable":true,"href":"https:\/\/www.notibras.com\/site\/wp-json\/wp\/v2\/comments?post=378455"}],"version-history":[{"count":3,"href":"https:\/\/www.notibras.com\/site\/wp-json\/wp\/v2\/posts\/378455\/revisions"}],"predecessor-version":[{"id":378479,"href":"https:\/\/www.notibras.com\/site\/wp-json\/wp\/v2\/posts\/378455\/revisions\/378479"}],"wp:featuredmedia":[{"embeddable":true,"href":"https:\/\/www.notibras.com\/site\/wp-json\/wp\/v2\/media\/378456"}],"wp:attachment":[{"href":"https:\/\/www.notibras.com\/site\/wp-json\/wp\/v2\/media?parent=378455"}],"wp:term":[{"taxonomy":"category","embeddable":true,"href":"https:\/\/www.notibras.com\/site\/wp-json\/wp\/v2\/categories?post=378455"},{"taxonomy":"post_tag","embeddable":true,"href":"https:\/\/www.notibras.com\/site\/wp-json\/wp\/v2\/tags?post=378455"}],"curies":[{"name":"wp","href":"https:\/\/api.w.org\/{rel}","templated":true}]}}