{"id":378459,"date":"2026-01-14T00:30:04","date_gmt":"2026-01-14T03:30:04","guid":{"rendered":"https:\/\/www.notibras.com\/site\/?p=378459"},"modified":"2026-01-10T11:26:11","modified_gmt":"2026-01-10T14:26:11","slug":"a-sala-que-nunca-fecha","status":"publish","type":"post","link":"https:\/\/www.notibras.com\/site\/a-sala-que-nunca-fecha\/","title":{"rendered":"A sala que nunca fecha"},"content":{"rendered":"<p>Era uma noite de quinta-feira em que S\u00e3o Paulo parecia ter engolido o pr\u00f3prio barulho.<\/p>\n<p>Eu estava num barzinho escondido na Augusta, daqueles que t\u00eam mesa de sinuca quebrada e paredes cobertas de p\u00f4steres rasgados.<\/p>\n<p>O gar\u00e7om j\u00e1 conhecia meu pedido: caf\u00e9 preto sem a\u00e7\u00facar e sil\u00eancio.<\/p>\n<p>Mas naquela noite o sil\u00eancio n\u00e3o veio sozinho.<\/p>\n<p>Veio acompanhado.<\/p>\n<p>A porta rangeu e entraram todos de uma vez, como se tivessem combinado h\u00e1 cem anos.<\/p>\n<p>N\u00e3o couberam nas cadeiras, ent\u00e3o ocuparam o ar.<\/p>\n<p>E come\u00e7aram a conversar como quem retoma uma prosa interrompida ontem.<\/p>\n<p>Machado de Assis chegou de bengala, mas sem pressa de us\u00e1-la.<\/p>\n<p>Sentou-se no balc\u00e3o e pediu um conhaque que ningu\u00e9m serviu.<\/p>\n<p>Olhou para mim e disse, quase sussurrando:<\/p>\n<p>&#8220;Voc\u00ea acha que eu era c\u00ednico?<\/p>\n<p>ou apenas o \u00fanico que enxergava o circo inteiro<\/p>\n<p>enquanto os outros aplaudiam o palha\u00e7o?&#8221;<\/p>\n<p>Ao lado dele, Clarice Lispector j\u00e1 estava descal\u00e7a,<\/p>\n<p>os p\u00e9s em cima da cadeira,<\/p>\n<p>olhando para o teto como quem procura uma barata metaf\u00edsica.<\/p>\n<p>&#8220;Eu n\u00e3o escrevia sobre a vida,<\/p>\n<p>escrevia dentro dela.<\/p>\n<p>\u00c0s vezes a vida reclamava que do\u00eda.&#8221;<\/p>\n<p>Graciliano Ramos entrou carrancudo,<\/p>\n<p>mas com um brilho de menino no olho.<\/p>\n<p>Pediu cacha\u00e7a pura e falou seco:<\/p>\n<p>&#8220;Em Alagoas a seca \u00e9 t\u00e3o antiga<\/p>\n<p>que at\u00e9 a esperan\u00e7a aprendeu a economizar \u00e1gua.<\/p>\n<p>Por isso escrevi Vidas Secas:<\/p>\n<p>para mostrar que at\u00e9 o sil\u00eancio late.&#8221;<\/p>\n<p>Lima Barreto chegou atrasado,<\/p>\n<p>com o palet\u00f3 pu\u00eddo e a raiva inteira.<\/p>\n<p>Bateu na mesa:<\/p>\n<p>&#8220;Eu era mulato, pobre e doente.<\/p>\n<p>Tr\u00eas pecados imperdo\u00e1veis no Rio de 1910.<\/p>\n<p>Escrevi o Triste Fim de Policarpo Quaresma<\/p>\n<p>para provar que o Brasil mata quem o ama demais.&#8221;<\/p>\n<p>Rachel de Queiroz sentou-se no ch\u00e3o,<\/p>\n<p>de pernas cruzadas,<\/p>\n<p>e come\u00e7ou a desenhar letras no ar com o dedo.<\/p>\n<p>&#8220;Eu nasci judia na Para\u00edba.<\/p>\n<p>J\u00e1 viu combina\u00e7\u00e3o mais improv\u00e1vel?<\/p>\n<p>Escrevi O Quinze porque a seca n\u00e3o escolhe religi\u00e3o,<\/p>\n<p>mas escolhe quem morre.&#8221;<\/p>\n<p>Carlos Drummond de Andrade apareceu de \u00f3culos emba\u00e7ados<\/p>\n<p>e um sorriso t\u00edmido.<\/p>\n<p>&#8220;Eu era funcion\u00e1rio p\u00fablico em Itabira<\/p>\n<p>e escrevia poesia no banheiro do minist\u00e9rio.<\/p>\n<p>Quando publicaram Poema de Sete Faces,<\/p>\n<p>meu chefe perguntou se eu estava louco.<\/p>\n<p>Respondi: apenas mineiro.&#8221;<\/p>\n<p>Cec\u00edlia Meireles chegou flutuando,<\/p>\n<p>literalmente tr\u00eas cent\u00edmetros acima do ch\u00e3o.<\/p>\n<p>Trouxe um ramalhete de versos que ningu\u00e9m viu,<\/p>\n<p>mas todos sentiram o perfume.<\/p>\n<p>&#8220;Eu escrevia para crian\u00e7as<\/p>\n<p>porque s\u00f3 elas ainda acreditam<\/p>\n<p>que a palavra pode mudar o mundo<\/p>\n<p>antes de aprenderem que n\u00e3o pode.&#8221;<\/p>\n<p>Jorge Amado entrou com cheiro de dend\u00ea e riso f\u00e1cil.<\/p>\n<p>Abra\u00e7ou todo mundo, at\u00e9 o gar\u00e7om que n\u00e3o existia.<\/p>\n<p>&#8220;Eu s\u00f3 fiz o que meu povo j\u00e1 fazia na boca:<\/p>\n<p>contar hist\u00f3ria.<\/p>\n<p>Capit\u00e3es da Areia, Gabriela, Tieta&#8230;<\/p>\n<p>todos moram na mesma rua de Santo Amaro<\/p>\n<p>e tomam cerveja juntos at\u00e9 hoje.&#8221;<\/p>\n<p>Rubem Fonseca chegou de m\u00e3os nos bolsos,<\/p>\n<p>olhar de quem j\u00e1 viu cad\u00e1ver demais.<\/p>\n<p>&#8220;Eu inventei o crime no Brasil liter\u00e1rio<\/p>\n<p>porque o Brasil real j\u00e1 tinha inventado<\/p>\n<p>antes de mim.&#8221;<\/p>\n<p>Ad\u00e9lia Prado apareceu de avental,<\/p>\n<p>como se tivesse acabado de tirar um bolo do forno.<\/p>\n<p>&#8220;Eu sou devota de dois santos:<\/p>\n<p>Nossa Senhora e o portugu\u00eas bem falado.<\/p>\n<p>Escrevo porque Deus \u00e9 t\u00e3o grande<\/p>\n<p>que cabe at\u00e9 dentro de uma dona de casa de Divin\u00f3polis.&#8221;<\/p>\n<p>Jo\u00e3o Guimar\u00e3es Rosa chegou montado num cavalo que ningu\u00e9m viu.<\/p>\n<p>Falava dif\u00edcil, mas o cora\u00e7\u00e3o entendia tudo.<\/p>\n<p>&#8220;Sert\u00e3o \u00e9 dentro da gente.<\/p>\n<p>Riobaldo sou eu,<\/p>\n<p>Diadorim \u00e9 voc\u00ea,<\/p>\n<p>o diabo \u00e9 o medo de amar.&#8221;<\/p>\n<p>Hilda Hilst entrou nua por baixo do sobretudo,<\/p>\n<p>como sempre.<\/p>\n<p>Riu alto:<\/p>\n<p>&#8220;Eu escrevi pornografia sagrada<\/p>\n<p>porque o corpo tamb\u00e9m reza.<\/p>\n<p>E Deus, esse safado,<\/p>\n<p>gosta.&#8221;<\/p>\n<p>Paulo Leminski chegou de skate,<\/p>\n<p>aos 70 anos de idade que n\u00e3o viveu.<\/p>\n<p>Distribuiu haicais como quem distribui bala.<\/p>\n<p>&#8220;Eu queria ser leve<\/p>\n<p>num pa\u00eds que adora peso morto.&#8221;<\/p>\n<p>Ana Cristina Cesar entrou em sil\u00eancio,<\/p>\n<p>deixou um bilhete na mesa e saiu.<\/p>\n<p>O bilhete dizia apenas:<\/p>\n<p>&#8220;Escrevo para n\u00e3o explodir.<\/p>\n<p>Explodo mesmo assim.&#8221;<\/p>\n<p>E, no canto, quase invis\u00edvel,<\/p>\n<p>Patr\u00edcia Galv\u00e3o \u2014 Pagu \u2014 fumava o cigarro que nunca acendia<\/p>\n<p>e olhava para todos com um orgulho feroz.<\/p>\n<p>&#8220;Voc\u00eas s\u00e3o meus filhos bastardos e leg\u00edtimos.<\/p>\n<p>Continuem escrevendo.<\/p>\n<p>O Brasil ainda precisa sangrar um pouco mais<\/p>\n<p>para aprender a ser gente.&#8221;<\/p>\n<p>Quando o rel\u00f3gio marcou tr\u00eas da manh\u00e3,<\/p>\n<p>o barzinho estava lotado de fantasmas vivos.<\/p>\n<p>Ningu\u00e9m pagou a conta.<\/p>\n<p>Ningu\u00e9m precisava.<\/p>\n<p>Sa\u00ed para a rua e a cidade inteira parecia ter ouvido a conversa.<\/p>\n<p>At\u00e9 os postes de luz piscavam em compasso de verso.<\/p>\n<p>E eu entendi, finalmente,<\/p>\n<p>que a literatura brasileira n\u00e3o \u00e9 um rol de nomes mortos.<\/p>\n<p>\u00c9 uma sala imensa,<\/p>\n<p>com a porta sempre aberta,<\/p>\n<p>a luz sempre acesa,<\/p>\n<p>e uma placa na entrada que ningu\u00e9m escreveu,<\/p>\n<p>mas todos leem:<\/p>\n<p>&#8220;Aqui se fala portugu\u00eas errado,<\/p>\n<p>se ama torto,<\/p>\n<p>se sofre bonito<\/p>\n<p>e se morre de rir.<\/p>\n<p>Entre sem bater.<\/p>\n<p>Tem caf\u00e9 fresco<\/p>\n<p>e hist\u00f3ria para o resto da vida.&#8221;<\/p>\n<p>E eu entrei.<\/p>\n<p>E fiquei.<\/p>\n<p>E ainda estou l\u00e1&#8230;<\/p>\n","protected":false},"excerpt":{"rendered":"<p>Era uma noite de quinta-feira em que S\u00e3o Paulo parecia ter engolido o pr\u00f3prio barulho. Eu estava num barzinho escondido na Augusta, daqueles que t\u00eam mesa de sinuca quebrada e paredes cobertas de p\u00f4steres rasgados. O gar\u00e7om j\u00e1 conhecia meu pedido: caf\u00e9 preto sem a\u00e7\u00facar e sil\u00eancio. Mas naquela noite o sil\u00eancio n\u00e3o veio sozinho. [&hellip;]<\/p>\n","protected":false},"author":21,"featured_media":378460,"comment_status":"closed","ping_status":"closed","sticky":false,"template":"","format":"standard","meta":{"_acf_changed":false,"footnotes":""},"categories":[234],"tags":[],"class_list":["post-378459","post","type-post","status-publish","format-standard","has-post-thumbnail","hentry","category-cafe-literario"],"acf":[],"yoast_head":"<!-- This site is optimized with the Yoast SEO plugin v27.2 - https:\/\/yoast.com\/product\/yoast-seo-wordpress\/ -->\n<title>A sala que nunca fecha - Notibras<\/title>\n<meta name=\"robots\" content=\"index, follow, max-snippet:-1, max-image-preview:large, max-video-preview:-1\" \/>\n<link rel=\"canonical\" href=\"https:\/\/www.notibras.com\/site\/a-sala-que-nunca-fecha\/\" \/>\n<meta property=\"og:locale\" content=\"pt_BR\" \/>\n<meta property=\"og:type\" content=\"article\" \/>\n<meta property=\"og:title\" content=\"A sala que nunca fecha - Notibras\" \/>\n<meta property=\"og:description\" content=\"Era uma noite de quinta-feira em que S\u00e3o Paulo parecia ter engolido o pr\u00f3prio barulho. Eu estava num barzinho escondido na Augusta, daqueles que t\u00eam mesa de sinuca quebrada e paredes cobertas de p\u00f4steres rasgados. O gar\u00e7om j\u00e1 conhecia meu pedido: caf\u00e9 preto sem a\u00e7\u00facar e sil\u00eancio. Mas naquela noite o sil\u00eancio n\u00e3o veio sozinho. [&hellip;]\" \/>\n<meta property=\"og:url\" content=\"https:\/\/www.notibras.com\/site\/a-sala-que-nunca-fecha\/\" \/>\n<meta property=\"og:site_name\" content=\"Notibras\" \/>\n<meta property=\"article:publisher\" content=\"https:\/\/www.facebook.com\/notibras\/\" \/>\n<meta property=\"article:published_time\" content=\"2026-01-14T03:30:04+00:00\" \/>\n<meta property=\"og:image\" content=\"https:\/\/www.notibras.com\/site\/wp-content\/uploads\/2026\/01\/IMG_0222.jpg\" \/>\n\t<meta property=\"og:image:width\" content=\"1023\" \/>\n\t<meta property=\"og:image:height\" content=\"922\" \/>\n\t<meta property=\"og:image:type\" content=\"image\/jpeg\" \/>\n<meta name=\"author\" content=\"Eduardo Mart\u00ednez\" \/>\n<meta name=\"twitter:card\" content=\"summary_large_image\" \/>\n<meta name=\"twitter:creator\" content=\"@Notibras\" \/>\n<meta name=\"twitter:site\" content=\"@Notibras\" \/>\n<meta name=\"twitter:label1\" content=\"Escrito por\" \/>\n\t<meta name=\"twitter:data1\" content=\"Eduardo Mart\u00ednez\" \/>\n\t<meta name=\"twitter:label2\" content=\"Est. tempo de leitura\" \/>\n\t<meta name=\"twitter:data2\" content=\"5 minutos\" \/>\n<script type=\"application\/ld+json\" class=\"yoast-schema-graph\">{\"@context\":\"https:\/\/schema.org\",\"@graph\":[{\"@type\":\"Article\",\"@id\":\"https:\/\/www.notibras.com\/site\/a-sala-que-nunca-fecha\/#article\",\"isPartOf\":{\"@id\":\"https:\/\/www.notibras.com\/site\/a-sala-que-nunca-fecha\/\"},\"author\":{\"name\":\"Eduardo Mart\u00ednez\",\"@id\":\"https:\/\/www.notibras.com\/site\/#\/schema\/person\/5b7fabf2aedc3ada2105f03b22b4d3dd\"},\"headline\":\"A sala que nunca fecha\",\"datePublished\":\"2026-01-14T03:30:04+00:00\",\"mainEntityOfPage\":{\"@id\":\"https:\/\/www.notibras.com\/site\/a-sala-que-nunca-fecha\/\"},\"wordCount\":886,\"publisher\":{\"@id\":\"https:\/\/www.notibras.com\/site\/#organization\"},\"image\":{\"@id\":\"https:\/\/www.notibras.com\/site\/a-sala-que-nunca-fecha\/#primaryimage\"},\"thumbnailUrl\":\"https:\/\/www.notibras.com\/site\/wp-content\/uploads\/2026\/01\/IMG_0222.jpg\",\"articleSection\":[\"Caf\u00e9 Liter\u00e1rio\"],\"inLanguage\":\"pt-BR\"},{\"@type\":\"WebPage\",\"@id\":\"https:\/\/www.notibras.com\/site\/a-sala-que-nunca-fecha\/\",\"url\":\"https:\/\/www.notibras.com\/site\/a-sala-que-nunca-fecha\/\",\"name\":\"A sala que nunca fecha - Notibras\",\"isPartOf\":{\"@id\":\"https:\/\/www.notibras.com\/site\/#website\"},\"primaryImageOfPage\":{\"@id\":\"https:\/\/www.notibras.com\/site\/a-sala-que-nunca-fecha\/#primaryimage\"},\"image\":{\"@id\":\"https:\/\/www.notibras.com\/site\/a-sala-que-nunca-fecha\/#primaryimage\"},\"thumbnailUrl\":\"https:\/\/www.notibras.com\/site\/wp-content\/uploads\/2026\/01\/IMG_0222.jpg\",\"datePublished\":\"2026-01-14T03:30:04+00:00\",\"breadcrumb\":{\"@id\":\"https:\/\/www.notibras.com\/site\/a-sala-que-nunca-fecha\/#breadcrumb\"},\"inLanguage\":\"pt-BR\",\"potentialAction\":[{\"@type\":\"ReadAction\",\"target\":[\"https:\/\/www.notibras.com\/site\/a-sala-que-nunca-fecha\/\"]}]},{\"@type\":\"ImageObject\",\"inLanguage\":\"pt-BR\",\"@id\":\"https:\/\/www.notibras.com\/site\/a-sala-que-nunca-fecha\/#primaryimage\",\"url\":\"https:\/\/www.notibras.com\/site\/wp-content\/uploads\/2026\/01\/IMG_0222.jpg\",\"contentUrl\":\"https:\/\/www.notibras.com\/site\/wp-content\/uploads\/2026\/01\/IMG_0222.jpg\",\"width\":1023,\"height\":922},{\"@type\":\"BreadcrumbList\",\"@id\":\"https:\/\/www.notibras.com\/site\/a-sala-que-nunca-fecha\/#breadcrumb\",\"itemListElement\":[{\"@type\":\"ListItem\",\"position\":1,\"name\":\"In\u00edcio\",\"item\":\"https:\/\/www.notibras.com\/site\/\"},{\"@type\":\"ListItem\",\"position\":2,\"name\":\"A sala que nunca fecha\"}]},{\"@type\":\"WebSite\",\"@id\":\"https:\/\/www.notibras.com\/site\/#website\",\"url\":\"https:\/\/www.notibras.com\/site\/\",\"name\":\"Notibras\",\"description\":\"Not\u00edcias de Bras\u00edlia, do Brasil e do Mundo\",\"publisher\":{\"@id\":\"https:\/\/www.notibras.com\/site\/#organization\"},\"potentialAction\":[{\"@type\":\"SearchAction\",\"target\":{\"@type\":\"EntryPoint\",\"urlTemplate\":\"https:\/\/www.notibras.com\/site\/?s={search_term_string}\"},\"query-input\":{\"@type\":\"PropertyValueSpecification\",\"valueRequired\":true,\"valueName\":\"search_term_string\"}}],\"inLanguage\":\"pt-BR\"},{\"@type\":\"Organization\",\"@id\":\"https:\/\/www.notibras.com\/site\/#organization\",\"name\":\"Grupo Notibras de Comunica\u00e7\u00e3o\",\"url\":\"https:\/\/www.notibras.com\/site\/\",\"logo\":{\"@type\":\"ImageObject\",\"inLanguage\":\"pt-BR\",\"@id\":\"https:\/\/www.notibras.com\/site\/#\/schema\/logo\/image\/\",\"url\":\"https:\/\/www.notibras.com\/site\/wp-content\/uploads\/2023\/01\/notibras23.png\",\"contentUrl\":\"https:\/\/www.notibras.com\/site\/wp-content\/uploads\/2023\/01\/notibras23.png\",\"width\":350,\"height\":87,\"caption\":\"Grupo Notibras de Comunica\u00e7\u00e3o\"},\"image\":{\"@id\":\"https:\/\/www.notibras.com\/site\/#\/schema\/logo\/image\/\"},\"sameAs\":[\"https:\/\/www.facebook.com\/notibras\/\",\"https:\/\/x.com\/Notibras\",\"https:\/\/www.instagram.com\/notibras\/\"]},{\"@type\":\"Person\",\"@id\":\"https:\/\/www.notibras.com\/site\/#\/schema\/person\/5b7fabf2aedc3ada2105f03b22b4d3dd\",\"name\":\"Eduardo Mart\u00ednez\",\"image\":{\"@type\":\"ImageObject\",\"inLanguage\":\"pt-BR\",\"@id\":\"https:\/\/secure.gravatar.com\/avatar\/7902f906289926289cbcda644b5197c796b893c6ffd7b9a536a42d290f7704a0?s=96&d=mm&r=g\",\"url\":\"https:\/\/secure.gravatar.com\/avatar\/7902f906289926289cbcda644b5197c796b893c6ffd7b9a536a42d290f7704a0?s=96&d=mm&r=g\",\"contentUrl\":\"https:\/\/secure.gravatar.com\/avatar\/7902f906289926289cbcda644b5197c796b893c6ffd7b9a536a42d290f7704a0?s=96&d=mm&r=g\",\"caption\":\"Eduardo Mart\u00ednez\"}}]}<\/script>\n<!-- \/ Yoast SEO plugin. -->","yoast_head_json":{"title":"A sala que nunca fecha - Notibras","robots":{"index":"index","follow":"follow","max-snippet":"max-snippet:-1","max-image-preview":"max-image-preview:large","max-video-preview":"max-video-preview:-1"},"canonical":"https:\/\/www.notibras.com\/site\/a-sala-que-nunca-fecha\/","og_locale":"pt_BR","og_type":"article","og_title":"A sala que nunca fecha - Notibras","og_description":"Era uma noite de quinta-feira em que S\u00e3o Paulo parecia ter engolido o pr\u00f3prio barulho. Eu estava num barzinho escondido na Augusta, daqueles que t\u00eam mesa de sinuca quebrada e paredes cobertas de p\u00f4steres rasgados. O gar\u00e7om j\u00e1 conhecia meu pedido: caf\u00e9 preto sem a\u00e7\u00facar e sil\u00eancio. Mas naquela noite o sil\u00eancio n\u00e3o veio sozinho. [&hellip;]","og_url":"https:\/\/www.notibras.com\/site\/a-sala-que-nunca-fecha\/","og_site_name":"Notibras","article_publisher":"https:\/\/www.facebook.com\/notibras\/","article_published_time":"2026-01-14T03:30:04+00:00","og_image":[{"width":1023,"height":922,"url":"https:\/\/www.notibras.com\/site\/wp-content\/uploads\/2026\/01\/IMG_0222.jpg","type":"image\/jpeg"}],"author":"Eduardo Mart\u00ednez","twitter_card":"summary_large_image","twitter_creator":"@Notibras","twitter_site":"@Notibras","twitter_misc":{"Escrito por":"Eduardo Mart\u00ednez","Est. tempo de leitura":"5 minutos"},"schema":{"@context":"https:\/\/schema.org","@graph":[{"@type":"Article","@id":"https:\/\/www.notibras.com\/site\/a-sala-que-nunca-fecha\/#article","isPartOf":{"@id":"https:\/\/www.notibras.com\/site\/a-sala-que-nunca-fecha\/"},"author":{"name":"Eduardo Mart\u00ednez","@id":"https:\/\/www.notibras.com\/site\/#\/schema\/person\/5b7fabf2aedc3ada2105f03b22b4d3dd"},"headline":"A sala que nunca fecha","datePublished":"2026-01-14T03:30:04+00:00","mainEntityOfPage":{"@id":"https:\/\/www.notibras.com\/site\/a-sala-que-nunca-fecha\/"},"wordCount":886,"publisher":{"@id":"https:\/\/www.notibras.com\/site\/#organization"},"image":{"@id":"https:\/\/www.notibras.com\/site\/a-sala-que-nunca-fecha\/#primaryimage"},"thumbnailUrl":"https:\/\/www.notibras.com\/site\/wp-content\/uploads\/2026\/01\/IMG_0222.jpg","articleSection":["Caf\u00e9 Liter\u00e1rio"],"inLanguage":"pt-BR"},{"@type":"WebPage","@id":"https:\/\/www.notibras.com\/site\/a-sala-que-nunca-fecha\/","url":"https:\/\/www.notibras.com\/site\/a-sala-que-nunca-fecha\/","name":"A sala que nunca fecha - Notibras","isPartOf":{"@id":"https:\/\/www.notibras.com\/site\/#website"},"primaryImageOfPage":{"@id":"https:\/\/www.notibras.com\/site\/a-sala-que-nunca-fecha\/#primaryimage"},"image":{"@id":"https:\/\/www.notibras.com\/site\/a-sala-que-nunca-fecha\/#primaryimage"},"thumbnailUrl":"https:\/\/www.notibras.com\/site\/wp-content\/uploads\/2026\/01\/IMG_0222.jpg","datePublished":"2026-01-14T03:30:04+00:00","breadcrumb":{"@id":"https:\/\/www.notibras.com\/site\/a-sala-que-nunca-fecha\/#breadcrumb"},"inLanguage":"pt-BR","potentialAction":[{"@type":"ReadAction","target":["https:\/\/www.notibras.com\/site\/a-sala-que-nunca-fecha\/"]}]},{"@type":"ImageObject","inLanguage":"pt-BR","@id":"https:\/\/www.notibras.com\/site\/a-sala-que-nunca-fecha\/#primaryimage","url":"https:\/\/www.notibras.com\/site\/wp-content\/uploads\/2026\/01\/IMG_0222.jpg","contentUrl":"https:\/\/www.notibras.com\/site\/wp-content\/uploads\/2026\/01\/IMG_0222.jpg","width":1023,"height":922},{"@type":"BreadcrumbList","@id":"https:\/\/www.notibras.com\/site\/a-sala-que-nunca-fecha\/#breadcrumb","itemListElement":[{"@type":"ListItem","position":1,"name":"In\u00edcio","item":"https:\/\/www.notibras.com\/site\/"},{"@type":"ListItem","position":2,"name":"A sala que nunca fecha"}]},{"@type":"WebSite","@id":"https:\/\/www.notibras.com\/site\/#website","url":"https:\/\/www.notibras.com\/site\/","name":"Notibras","description":"Not\u00edcias de Bras\u00edlia, do Brasil e do Mundo","publisher":{"@id":"https:\/\/www.notibras.com\/site\/#organization"},"potentialAction":[{"@type":"SearchAction","target":{"@type":"EntryPoint","urlTemplate":"https:\/\/www.notibras.com\/site\/?s={search_term_string}"},"query-input":{"@type":"PropertyValueSpecification","valueRequired":true,"valueName":"search_term_string"}}],"inLanguage":"pt-BR"},{"@type":"Organization","@id":"https:\/\/www.notibras.com\/site\/#organization","name":"Grupo Notibras de Comunica\u00e7\u00e3o","url":"https:\/\/www.notibras.com\/site\/","logo":{"@type":"ImageObject","inLanguage":"pt-BR","@id":"https:\/\/www.notibras.com\/site\/#\/schema\/logo\/image\/","url":"https:\/\/www.notibras.com\/site\/wp-content\/uploads\/2023\/01\/notibras23.png","contentUrl":"https:\/\/www.notibras.com\/site\/wp-content\/uploads\/2023\/01\/notibras23.png","width":350,"height":87,"caption":"Grupo Notibras de Comunica\u00e7\u00e3o"},"image":{"@id":"https:\/\/www.notibras.com\/site\/#\/schema\/logo\/image\/"},"sameAs":["https:\/\/www.facebook.com\/notibras\/","https:\/\/x.com\/Notibras","https:\/\/www.instagram.com\/notibras\/"]},{"@type":"Person","@id":"https:\/\/www.notibras.com\/site\/#\/schema\/person\/5b7fabf2aedc3ada2105f03b22b4d3dd","name":"Eduardo Mart\u00ednez","image":{"@type":"ImageObject","inLanguage":"pt-BR","@id":"https:\/\/secure.gravatar.com\/avatar\/7902f906289926289cbcda644b5197c796b893c6ffd7b9a536a42d290f7704a0?s=96&d=mm&r=g","url":"https:\/\/secure.gravatar.com\/avatar\/7902f906289926289cbcda644b5197c796b893c6ffd7b9a536a42d290f7704a0?s=96&d=mm&r=g","contentUrl":"https:\/\/secure.gravatar.com\/avatar\/7902f906289926289cbcda644b5197c796b893c6ffd7b9a536a42d290f7704a0?s=96&d=mm&r=g","caption":"Eduardo Mart\u00ednez"}}]}},"amp_enabled":true,"_links":{"self":[{"href":"https:\/\/www.notibras.com\/site\/wp-json\/wp\/v2\/posts\/378459","targetHints":{"allow":["GET"]}}],"collection":[{"href":"https:\/\/www.notibras.com\/site\/wp-json\/wp\/v2\/posts"}],"about":[{"href":"https:\/\/www.notibras.com\/site\/wp-json\/wp\/v2\/types\/post"}],"author":[{"embeddable":true,"href":"https:\/\/www.notibras.com\/site\/wp-json\/wp\/v2\/users\/21"}],"replies":[{"embeddable":true,"href":"https:\/\/www.notibras.com\/site\/wp-json\/wp\/v2\/comments?post=378459"}],"version-history":[{"count":2,"href":"https:\/\/www.notibras.com\/site\/wp-json\/wp\/v2\/posts\/378459\/revisions"}],"predecessor-version":[{"id":378462,"href":"https:\/\/www.notibras.com\/site\/wp-json\/wp\/v2\/posts\/378459\/revisions\/378462"}],"wp:featuredmedia":[{"embeddable":true,"href":"https:\/\/www.notibras.com\/site\/wp-json\/wp\/v2\/media\/378460"}],"wp:attachment":[{"href":"https:\/\/www.notibras.com\/site\/wp-json\/wp\/v2\/media?parent=378459"}],"wp:term":[{"taxonomy":"category","embeddable":true,"href":"https:\/\/www.notibras.com\/site\/wp-json\/wp\/v2\/categories?post=378459"},{"taxonomy":"post_tag","embeddable":true,"href":"https:\/\/www.notibras.com\/site\/wp-json\/wp\/v2\/tags?post=378459"}],"curies":[{"name":"wp","href":"https:\/\/api.w.org\/{rel}","templated":true}]}}