{"id":378463,"date":"2026-01-15T00:15:41","date_gmt":"2026-01-15T03:15:41","guid":{"rendered":"https:\/\/www.notibras.com\/site\/?p=378463"},"modified":"2026-01-10T11:50:32","modified_gmt":"2026-01-10T14:50:32","slug":"as-mulheres-que-carregaram-o-brasil-nas-costas-e-nos-versos","status":"publish","type":"post","link":"https:\/\/www.notibras.com\/site\/as-mulheres-que-carregaram-o-brasil-nas-costas-e-nos-versos\/","title":{"rendered":"As mulheres que carregaram o Brasil nas costas e nos versos"},"content":{"rendered":"<p>Era uma tarde de dezembro que amea\u00e7ava chover e n\u00e3o chovia.<\/p>\n<p>Eu estava sozinha numa biblioteca quase deserta quando elas come\u00e7aram a chegar, uma a uma, como se tivessem combinado o encontro h\u00e1 dois s\u00e9culos.<\/p>\n<p>Maria Firmina dos Reis chegou primeiro, com o vestido simples de professora do interior maranhense e o olhar manso de quem j\u00e1 viu o diabo e escolheu a poesia mesmo assim.<\/p>\n<p>Carolina Maria de Jesus veio em seguida, trazendo cheiro de papel\u00e3o molhado e um caderno surrado debaixo do bra\u00e7o.<\/p>\n<p>&#8220;Trouxe o Quarto de Despejo, caso algu\u00e9m aqui ainda ache que favela \u00e9 cart\u00e3o-postal.&#8221;<\/p>\n<p>Narcisa Am\u00e1lia apareceu de chap\u00e9u de pluma, mas sem pluma nenhuma: s\u00f3 a coragem inteira de quem assinou o nome completo num jornal de 1870.<\/p>\n<p>N\u00edsia Floresta trouxe um mapa da Europa dobrado no bolso e uma filha imagin\u00e1ria pela m\u00e3o.<\/p>\n<p>&#8220;Fugi com ela no colo e com um livro na cabe\u00e7a. At\u00e9 hoje carrego as duas.&#8221;<\/p>\n<p>Pagu entrou fumando um cigarro que n\u00e3o acendia (regra da biblioteca) e rindo alto demais.<\/p>\n<p>&#8220;Presas vinte e tr\u00eas vezes, meninas. Na vig\u00e9sima quarta eu j\u00e1 levava travesseiro.&#8221;<\/p>\n<p>Ana Montenegro, j\u00e1 de cabelos brancos, serviu caf\u00e9 preto para todas numa x\u00edcara rachada.<\/p>\n<p>&#8220;Na cadeia eu dava aula de marxismo pras ladras de frango. Uma saiu sabendo quem era L\u00eanin e quem era ela mesma.&#8221;<\/p>\n<p>Concei\u00e7\u00e3o Evaristo chegou por \u00faltimo, com um caderno de escreviv\u00eancias na m\u00e3o e a voz calma de quem sabe que a palavra cura.<\/p>\n<p>&#8220;N\u00f3s escrevemos com o sangue que n\u00e3o derramaram.&#8221;<\/p>\n<p>E ent\u00e3o a porta rangeu de novo.<\/p>\n<p>Entrou L\u00e9lia Gonzalez, de turbante alto, brincos de ouro batido e aquele sorriso que desmonta qualquer teoria racista.<\/p>\n<p>Chegou falando alto, como sempre, misturando portugu\u00eas, iorub\u00e1 e psican\u00e1lise numa frase s\u00f3:<\/p>\n<p>&#8220;Minha gente, pretugu\u00eas \u00e9 a nossa l\u00edngua, sim!<\/p>\n<p>Am\u00e9frica Ladina \u00e9 o nome desse ch\u00e3o!<\/p>\n<p>E o racismo \u00e0 brasileira \u00e9 aquele que sorri enquanto te mata de amor.&#8221;<\/p>\n<p>Sentou-se na cabeceira da mesa que n\u00e3o existia e continuou:<\/p>\n<p>&#8220;Eu n\u00e3o vim pra ser inclu\u00edda na casa-grande.<\/p>\n<p>Vim pra botar fogo na senzala e dan\u00e7ar em cima das cinzas.<\/p>\n<p>Feminismo branco? S\u00f3 se for com pimenta e dend\u00ea.<\/p>\n<p>Porque mulher negra n\u00e3o tem crise de identidade:<\/p>\n<p>tem crise de paci\u00eancia.&#8221;<\/p>\n<p>Todas riram. At\u00e9 Carolina, que raramente ria, deu uma gargalhada que fez tremer as estantes.<\/p>\n<p>L\u00e9lia olhou para cada uma e disse:<\/p>\n<p>&#8220;Voc\u00eas come\u00e7aram o servi\u00e7o, minhas irm\u00e3s.<\/p>\n<p>Maria Firmina inventou o romance negro com alma.<\/p>\n<p>Carolina mostrou que mis\u00e9ria tem endere\u00e7o.<\/p>\n<p>Narcisa assinou o nome inteiro antes de ter direito a voto.<\/p>\n<p>N\u00edsia fugiu de casamento-pris\u00e3o.<\/p>\n<p>Pagu levou tiro por greve.<\/p>\n<p>Ana transformou cela em universidade.<\/p>\n<p>Concei\u00e7\u00e3o deu nome \u00e0 escreviv\u00eancia.<\/p>\n<p>Eu s\u00f3 vim pra dizer que a gente continua.<\/p>\n<p>Com ax\u00e9, com teoria, com samba no p\u00e9 e faca nos dentes.<\/p>\n<p>Porque pretas intelectuais n\u00e3o pedem licen\u00e7a:<\/p>\n<p>ocupam o espa\u00e7o e ainda servem caf\u00e9.&#8221;<\/p>\n<p>E serviu.<\/p>\n<p>Caf\u00e9 preto, forte, sem a\u00e7\u00facar.<\/p>\n<p>Quando levantei para ir embora, o livro que eu folheava tinha mudado.<\/p>\n<p>Na \u00faltima p\u00e1gina, agora havia uma nova dedicat\u00f3ria, escrita com a letra firme e dan\u00e7ante de L\u00e9lia:<\/p>\n<p>&#8220;Para as que vieram antes,<\/p>\n<p>para as que est\u00e3o agora,<\/p>\n<p>e para as que ainda v\u00e3o nascer gritando:<\/p>\n<p>N\u00f3s n\u00e3o viemos para ser toleradas.<\/p>\n<p>Viemos para ser tempestade.<\/p>\n<p>Com amor,<\/p>\n<p>L\u00e9lia<\/p>\n<p>(e todas as ancestrais que riem comigo).&#8221;<\/p>\n<p>Sa\u00ed da biblioteca com o cora\u00e7\u00e3o em festa.<\/p>\n<p>A chuva, que amea\u00e7ava o dia inteiro, finalmente caiu.<\/p>\n<p>Mas era uma chuva boa, de limpeza.<\/p>\n<p>Como se o c\u00e9u tivesse entendido, enfim,<\/p>\n<p>que aquelas mulheres n\u00e3o s\u00f3 carregaram o Brasil nas costas.<\/p>\n<p>Elas carregaram o Brasil no colo,<\/p>\n<p>cantando baixinho,<\/p>\n<p>at\u00e9 ele aprender a andar sozinho.<\/p>\n<p>E ainda cantam.<\/p>\n","protected":false},"excerpt":{"rendered":"<p>Era uma tarde de dezembro que amea\u00e7ava chover e n\u00e3o chovia. Eu estava sozinha numa biblioteca quase deserta quando elas come\u00e7aram a chegar, uma a uma, como se tivessem combinado o encontro h\u00e1 dois s\u00e9culos. Maria Firmina dos Reis chegou primeiro, com o vestido simples de professora do interior maranhense e o olhar manso de [&hellip;]<\/p>\n","protected":false},"author":21,"featured_media":378464,"comment_status":"closed","ping_status":"closed","sticky":false,"template":"","format":"standard","meta":{"_acf_changed":false,"footnotes":""},"categories":[234],"tags":[],"class_list":["post-378463","post","type-post","status-publish","format-standard","has-post-thumbnail","hentry","category-cafe-literario"],"acf":[],"yoast_head":"<!-- This site is optimized with the Yoast SEO plugin v27.2 - https:\/\/yoast.com\/product\/yoast-seo-wordpress\/ -->\n<title>As mulheres que carregaram o Brasil nas costas e nos versos - Notibras<\/title>\n<meta name=\"robots\" content=\"index, follow, max-snippet:-1, max-image-preview:large, max-video-preview:-1\" \/>\n<link rel=\"canonical\" href=\"https:\/\/www.notibras.com\/site\/as-mulheres-que-carregaram-o-brasil-nas-costas-e-nos-versos\/\" \/>\n<meta property=\"og:locale\" content=\"pt_BR\" \/>\n<meta property=\"og:type\" content=\"article\" \/>\n<meta property=\"og:title\" content=\"As mulheres que carregaram o Brasil nas costas e nos versos - Notibras\" \/>\n<meta property=\"og:description\" content=\"Era uma tarde de dezembro que amea\u00e7ava chover e n\u00e3o chovia. Eu estava sozinha numa biblioteca quase deserta quando elas come\u00e7aram a chegar, uma a uma, como se tivessem combinado o encontro h\u00e1 dois s\u00e9culos. Maria Firmina dos Reis chegou primeiro, com o vestido simples de professora do interior maranhense e o olhar manso de [&hellip;]\" \/>\n<meta property=\"og:url\" content=\"https:\/\/www.notibras.com\/site\/as-mulheres-que-carregaram-o-brasil-nas-costas-e-nos-versos\/\" \/>\n<meta property=\"og:site_name\" content=\"Notibras\" \/>\n<meta property=\"article:publisher\" content=\"https:\/\/www.facebook.com\/notibras\/\" \/>\n<meta property=\"article:published_time\" content=\"2026-01-15T03:15:41+00:00\" \/>\n<meta property=\"og:image\" content=\"https:\/\/www.notibras.com\/site\/wp-content\/uploads\/2026\/01\/IMG_0223.jpg\" \/>\n\t<meta property=\"og:image:width\" content=\"1023\" \/>\n\t<meta property=\"og:image:height\" content=\"920\" \/>\n\t<meta property=\"og:image:type\" content=\"image\/jpeg\" \/>\n<meta name=\"author\" content=\"Eduardo Mart\u00ednez\" \/>\n<meta name=\"twitter:card\" content=\"summary_large_image\" \/>\n<meta name=\"twitter:creator\" content=\"@Notibras\" \/>\n<meta name=\"twitter:site\" content=\"@Notibras\" \/>\n<meta name=\"twitter:label1\" content=\"Escrito por\" \/>\n\t<meta name=\"twitter:data1\" content=\"Eduardo Mart\u00ednez\" \/>\n\t<meta name=\"twitter:label2\" content=\"Est. tempo de leitura\" \/>\n\t<meta name=\"twitter:data2\" content=\"4 minutos\" \/>\n<script type=\"application\/ld+json\" class=\"yoast-schema-graph\">{\"@context\":\"https:\/\/schema.org\",\"@graph\":[{\"@type\":\"Article\",\"@id\":\"https:\/\/www.notibras.com\/site\/as-mulheres-que-carregaram-o-brasil-nas-costas-e-nos-versos\/#article\",\"isPartOf\":{\"@id\":\"https:\/\/www.notibras.com\/site\/as-mulheres-que-carregaram-o-brasil-nas-costas-e-nos-versos\/\"},\"author\":{\"name\":\"Eduardo Mart\u00ednez\",\"@id\":\"https:\/\/www.notibras.com\/site\/#\/schema\/person\/5b7fabf2aedc3ada2105f03b22b4d3dd\"},\"headline\":\"As mulheres que carregaram o Brasil nas costas e nos versos\",\"datePublished\":\"2026-01-15T03:15:41+00:00\",\"mainEntityOfPage\":{\"@id\":\"https:\/\/www.notibras.com\/site\/as-mulheres-que-carregaram-o-brasil-nas-costas-e-nos-versos\/\"},\"wordCount\":677,\"publisher\":{\"@id\":\"https:\/\/www.notibras.com\/site\/#organization\"},\"image\":{\"@id\":\"https:\/\/www.notibras.com\/site\/as-mulheres-que-carregaram-o-brasil-nas-costas-e-nos-versos\/#primaryimage\"},\"thumbnailUrl\":\"https:\/\/www.notibras.com\/site\/wp-content\/uploads\/2026\/01\/IMG_0223.jpg\",\"articleSection\":[\"Caf\u00e9 Liter\u00e1rio\"],\"inLanguage\":\"pt-BR\"},{\"@type\":\"WebPage\",\"@id\":\"https:\/\/www.notibras.com\/site\/as-mulheres-que-carregaram-o-brasil-nas-costas-e-nos-versos\/\",\"url\":\"https:\/\/www.notibras.com\/site\/as-mulheres-que-carregaram-o-brasil-nas-costas-e-nos-versos\/\",\"name\":\"As mulheres que carregaram o Brasil nas costas e nos versos - Notibras\",\"isPartOf\":{\"@id\":\"https:\/\/www.notibras.com\/site\/#website\"},\"primaryImageOfPage\":{\"@id\":\"https:\/\/www.notibras.com\/site\/as-mulheres-que-carregaram-o-brasil-nas-costas-e-nos-versos\/#primaryimage\"},\"image\":{\"@id\":\"https:\/\/www.notibras.com\/site\/as-mulheres-que-carregaram-o-brasil-nas-costas-e-nos-versos\/#primaryimage\"},\"thumbnailUrl\":\"https:\/\/www.notibras.com\/site\/wp-content\/uploads\/2026\/01\/IMG_0223.jpg\",\"datePublished\":\"2026-01-15T03:15:41+00:00\",\"breadcrumb\":{\"@id\":\"https:\/\/www.notibras.com\/site\/as-mulheres-que-carregaram-o-brasil-nas-costas-e-nos-versos\/#breadcrumb\"},\"inLanguage\":\"pt-BR\",\"potentialAction\":[{\"@type\":\"ReadAction\",\"target\":[\"https:\/\/www.notibras.com\/site\/as-mulheres-que-carregaram-o-brasil-nas-costas-e-nos-versos\/\"]}]},{\"@type\":\"ImageObject\",\"inLanguage\":\"pt-BR\",\"@id\":\"https:\/\/www.notibras.com\/site\/as-mulheres-que-carregaram-o-brasil-nas-costas-e-nos-versos\/#primaryimage\",\"url\":\"https:\/\/www.notibras.com\/site\/wp-content\/uploads\/2026\/01\/IMG_0223.jpg\",\"contentUrl\":\"https:\/\/www.notibras.com\/site\/wp-content\/uploads\/2026\/01\/IMG_0223.jpg\",\"width\":1023,\"height\":920},{\"@type\":\"BreadcrumbList\",\"@id\":\"https:\/\/www.notibras.com\/site\/as-mulheres-que-carregaram-o-brasil-nas-costas-e-nos-versos\/#breadcrumb\",\"itemListElement\":[{\"@type\":\"ListItem\",\"position\":1,\"name\":\"In\u00edcio\",\"item\":\"https:\/\/www.notibras.com\/site\/\"},{\"@type\":\"ListItem\",\"position\":2,\"name\":\"As mulheres que carregaram o Brasil nas costas e nos versos\"}]},{\"@type\":\"WebSite\",\"@id\":\"https:\/\/www.notibras.com\/site\/#website\",\"url\":\"https:\/\/www.notibras.com\/site\/\",\"name\":\"Notibras\",\"description\":\"Not\u00edcias de Bras\u00edlia, do Brasil e do Mundo\",\"publisher\":{\"@id\":\"https:\/\/www.notibras.com\/site\/#organization\"},\"potentialAction\":[{\"@type\":\"SearchAction\",\"target\":{\"@type\":\"EntryPoint\",\"urlTemplate\":\"https:\/\/www.notibras.com\/site\/?s={search_term_string}\"},\"query-input\":{\"@type\":\"PropertyValueSpecification\",\"valueRequired\":true,\"valueName\":\"search_term_string\"}}],\"inLanguage\":\"pt-BR\"},{\"@type\":\"Organization\",\"@id\":\"https:\/\/www.notibras.com\/site\/#organization\",\"name\":\"Grupo Notibras de Comunica\u00e7\u00e3o\",\"url\":\"https:\/\/www.notibras.com\/site\/\",\"logo\":{\"@type\":\"ImageObject\",\"inLanguage\":\"pt-BR\",\"@id\":\"https:\/\/www.notibras.com\/site\/#\/schema\/logo\/image\/\",\"url\":\"https:\/\/www.notibras.com\/site\/wp-content\/uploads\/2023\/01\/notibras23.png\",\"contentUrl\":\"https:\/\/www.notibras.com\/site\/wp-content\/uploads\/2023\/01\/notibras23.png\",\"width\":350,\"height\":87,\"caption\":\"Grupo Notibras de Comunica\u00e7\u00e3o\"},\"image\":{\"@id\":\"https:\/\/www.notibras.com\/site\/#\/schema\/logo\/image\/\"},\"sameAs\":[\"https:\/\/www.facebook.com\/notibras\/\",\"https:\/\/x.com\/Notibras\",\"https:\/\/www.instagram.com\/notibras\/\"]},{\"@type\":\"Person\",\"@id\":\"https:\/\/www.notibras.com\/site\/#\/schema\/person\/5b7fabf2aedc3ada2105f03b22b4d3dd\",\"name\":\"Eduardo Mart\u00ednez\",\"image\":{\"@type\":\"ImageObject\",\"inLanguage\":\"pt-BR\",\"@id\":\"https:\/\/secure.gravatar.com\/avatar\/7902f906289926289cbcda644b5197c796b893c6ffd7b9a536a42d290f7704a0?s=96&d=mm&r=g\",\"url\":\"https:\/\/secure.gravatar.com\/avatar\/7902f906289926289cbcda644b5197c796b893c6ffd7b9a536a42d290f7704a0?s=96&d=mm&r=g\",\"contentUrl\":\"https:\/\/secure.gravatar.com\/avatar\/7902f906289926289cbcda644b5197c796b893c6ffd7b9a536a42d290f7704a0?s=96&d=mm&r=g\",\"caption\":\"Eduardo Mart\u00ednez\"}}]}<\/script>\n<!-- \/ Yoast SEO plugin. -->","yoast_head_json":{"title":"As mulheres que carregaram o Brasil nas costas e nos versos - Notibras","robots":{"index":"index","follow":"follow","max-snippet":"max-snippet:-1","max-image-preview":"max-image-preview:large","max-video-preview":"max-video-preview:-1"},"canonical":"https:\/\/www.notibras.com\/site\/as-mulheres-que-carregaram-o-brasil-nas-costas-e-nos-versos\/","og_locale":"pt_BR","og_type":"article","og_title":"As mulheres que carregaram o Brasil nas costas e nos versos - Notibras","og_description":"Era uma tarde de dezembro que amea\u00e7ava chover e n\u00e3o chovia. Eu estava sozinha numa biblioteca quase deserta quando elas come\u00e7aram a chegar, uma a uma, como se tivessem combinado o encontro h\u00e1 dois s\u00e9culos. Maria Firmina dos Reis chegou primeiro, com o vestido simples de professora do interior maranhense e o olhar manso de [&hellip;]","og_url":"https:\/\/www.notibras.com\/site\/as-mulheres-que-carregaram-o-brasil-nas-costas-e-nos-versos\/","og_site_name":"Notibras","article_publisher":"https:\/\/www.facebook.com\/notibras\/","article_published_time":"2026-01-15T03:15:41+00:00","og_image":[{"width":1023,"height":920,"url":"https:\/\/www.notibras.com\/site\/wp-content\/uploads\/2026\/01\/IMG_0223.jpg","type":"image\/jpeg"}],"author":"Eduardo Mart\u00ednez","twitter_card":"summary_large_image","twitter_creator":"@Notibras","twitter_site":"@Notibras","twitter_misc":{"Escrito por":"Eduardo Mart\u00ednez","Est. tempo de leitura":"4 minutos"},"schema":{"@context":"https:\/\/schema.org","@graph":[{"@type":"Article","@id":"https:\/\/www.notibras.com\/site\/as-mulheres-que-carregaram-o-brasil-nas-costas-e-nos-versos\/#article","isPartOf":{"@id":"https:\/\/www.notibras.com\/site\/as-mulheres-que-carregaram-o-brasil-nas-costas-e-nos-versos\/"},"author":{"name":"Eduardo Mart\u00ednez","@id":"https:\/\/www.notibras.com\/site\/#\/schema\/person\/5b7fabf2aedc3ada2105f03b22b4d3dd"},"headline":"As mulheres que carregaram o Brasil nas costas e nos versos","datePublished":"2026-01-15T03:15:41+00:00","mainEntityOfPage":{"@id":"https:\/\/www.notibras.com\/site\/as-mulheres-que-carregaram-o-brasil-nas-costas-e-nos-versos\/"},"wordCount":677,"publisher":{"@id":"https:\/\/www.notibras.com\/site\/#organization"},"image":{"@id":"https:\/\/www.notibras.com\/site\/as-mulheres-que-carregaram-o-brasil-nas-costas-e-nos-versos\/#primaryimage"},"thumbnailUrl":"https:\/\/www.notibras.com\/site\/wp-content\/uploads\/2026\/01\/IMG_0223.jpg","articleSection":["Caf\u00e9 Liter\u00e1rio"],"inLanguage":"pt-BR"},{"@type":"WebPage","@id":"https:\/\/www.notibras.com\/site\/as-mulheres-que-carregaram-o-brasil-nas-costas-e-nos-versos\/","url":"https:\/\/www.notibras.com\/site\/as-mulheres-que-carregaram-o-brasil-nas-costas-e-nos-versos\/","name":"As mulheres que carregaram o Brasil nas costas e nos versos - Notibras","isPartOf":{"@id":"https:\/\/www.notibras.com\/site\/#website"},"primaryImageOfPage":{"@id":"https:\/\/www.notibras.com\/site\/as-mulheres-que-carregaram-o-brasil-nas-costas-e-nos-versos\/#primaryimage"},"image":{"@id":"https:\/\/www.notibras.com\/site\/as-mulheres-que-carregaram-o-brasil-nas-costas-e-nos-versos\/#primaryimage"},"thumbnailUrl":"https:\/\/www.notibras.com\/site\/wp-content\/uploads\/2026\/01\/IMG_0223.jpg","datePublished":"2026-01-15T03:15:41+00:00","breadcrumb":{"@id":"https:\/\/www.notibras.com\/site\/as-mulheres-que-carregaram-o-brasil-nas-costas-e-nos-versos\/#breadcrumb"},"inLanguage":"pt-BR","potentialAction":[{"@type":"ReadAction","target":["https:\/\/www.notibras.com\/site\/as-mulheres-que-carregaram-o-brasil-nas-costas-e-nos-versos\/"]}]},{"@type":"ImageObject","inLanguage":"pt-BR","@id":"https:\/\/www.notibras.com\/site\/as-mulheres-que-carregaram-o-brasil-nas-costas-e-nos-versos\/#primaryimage","url":"https:\/\/www.notibras.com\/site\/wp-content\/uploads\/2026\/01\/IMG_0223.jpg","contentUrl":"https:\/\/www.notibras.com\/site\/wp-content\/uploads\/2026\/01\/IMG_0223.jpg","width":1023,"height":920},{"@type":"BreadcrumbList","@id":"https:\/\/www.notibras.com\/site\/as-mulheres-que-carregaram-o-brasil-nas-costas-e-nos-versos\/#breadcrumb","itemListElement":[{"@type":"ListItem","position":1,"name":"In\u00edcio","item":"https:\/\/www.notibras.com\/site\/"},{"@type":"ListItem","position":2,"name":"As mulheres que carregaram o Brasil nas costas e nos versos"}]},{"@type":"WebSite","@id":"https:\/\/www.notibras.com\/site\/#website","url":"https:\/\/www.notibras.com\/site\/","name":"Notibras","description":"Not\u00edcias de Bras\u00edlia, do Brasil e do Mundo","publisher":{"@id":"https:\/\/www.notibras.com\/site\/#organization"},"potentialAction":[{"@type":"SearchAction","target":{"@type":"EntryPoint","urlTemplate":"https:\/\/www.notibras.com\/site\/?s={search_term_string}"},"query-input":{"@type":"PropertyValueSpecification","valueRequired":true,"valueName":"search_term_string"}}],"inLanguage":"pt-BR"},{"@type":"Organization","@id":"https:\/\/www.notibras.com\/site\/#organization","name":"Grupo Notibras de Comunica\u00e7\u00e3o","url":"https:\/\/www.notibras.com\/site\/","logo":{"@type":"ImageObject","inLanguage":"pt-BR","@id":"https:\/\/www.notibras.com\/site\/#\/schema\/logo\/image\/","url":"https:\/\/www.notibras.com\/site\/wp-content\/uploads\/2023\/01\/notibras23.png","contentUrl":"https:\/\/www.notibras.com\/site\/wp-content\/uploads\/2023\/01\/notibras23.png","width":350,"height":87,"caption":"Grupo Notibras de Comunica\u00e7\u00e3o"},"image":{"@id":"https:\/\/www.notibras.com\/site\/#\/schema\/logo\/image\/"},"sameAs":["https:\/\/www.facebook.com\/notibras\/","https:\/\/x.com\/Notibras","https:\/\/www.instagram.com\/notibras\/"]},{"@type":"Person","@id":"https:\/\/www.notibras.com\/site\/#\/schema\/person\/5b7fabf2aedc3ada2105f03b22b4d3dd","name":"Eduardo Mart\u00ednez","image":{"@type":"ImageObject","inLanguage":"pt-BR","@id":"https:\/\/secure.gravatar.com\/avatar\/7902f906289926289cbcda644b5197c796b893c6ffd7b9a536a42d290f7704a0?s=96&d=mm&r=g","url":"https:\/\/secure.gravatar.com\/avatar\/7902f906289926289cbcda644b5197c796b893c6ffd7b9a536a42d290f7704a0?s=96&d=mm&r=g","contentUrl":"https:\/\/secure.gravatar.com\/avatar\/7902f906289926289cbcda644b5197c796b893c6ffd7b9a536a42d290f7704a0?s=96&d=mm&r=g","caption":"Eduardo Mart\u00ednez"}}]}},"amp_enabled":true,"_links":{"self":[{"href":"https:\/\/www.notibras.com\/site\/wp-json\/wp\/v2\/posts\/378463","targetHints":{"allow":["GET"]}}],"collection":[{"href":"https:\/\/www.notibras.com\/site\/wp-json\/wp\/v2\/posts"}],"about":[{"href":"https:\/\/www.notibras.com\/site\/wp-json\/wp\/v2\/types\/post"}],"author":[{"embeddable":true,"href":"https:\/\/www.notibras.com\/site\/wp-json\/wp\/v2\/users\/21"}],"replies":[{"embeddable":true,"href":"https:\/\/www.notibras.com\/site\/wp-json\/wp\/v2\/comments?post=378463"}],"version-history":[{"count":2,"href":"https:\/\/www.notibras.com\/site\/wp-json\/wp\/v2\/posts\/378463\/revisions"}],"predecessor-version":[{"id":378466,"href":"https:\/\/www.notibras.com\/site\/wp-json\/wp\/v2\/posts\/378463\/revisions\/378466"}],"wp:featuredmedia":[{"embeddable":true,"href":"https:\/\/www.notibras.com\/site\/wp-json\/wp\/v2\/media\/378464"}],"wp:attachment":[{"href":"https:\/\/www.notibras.com\/site\/wp-json\/wp\/v2\/media?parent=378463"}],"wp:term":[{"taxonomy":"category","embeddable":true,"href":"https:\/\/www.notibras.com\/site\/wp-json\/wp\/v2\/categories?post=378463"},{"taxonomy":"post_tag","embeddable":true,"href":"https:\/\/www.notibras.com\/site\/wp-json\/wp\/v2\/tags?post=378463"}],"curies":[{"name":"wp","href":"https:\/\/api.w.org\/{rel}","templated":true}]}}