{"id":378480,"date":"2026-01-11T00:44:04","date_gmt":"2026-01-11T03:44:04","guid":{"rendered":"https:\/\/www.notibras.com\/site\/?p=378480"},"modified":"2026-01-10T19:59:59","modified_gmt":"2026-01-10T22:59:59","slug":"trump-ameaca-intervir-no-ira-quintal-da-russia","status":"publish","type":"post","link":"https:\/\/www.notibras.com\/site\/trump-ameaca-intervir-no-ira-quintal-da-russia\/","title":{"rendered":"Trump amea\u00e7a intervir no Ir\u00e3, quintal da R\u00fassia"},"content":{"rendered":"<p data-start=\"217\" data-end=\"687\">Uma semana ap\u00f3s a opera\u00e7\u00e3o militar dos Estados Unidos que culminou no sequestro do presidente venezuelano Nicol\u00e1s Maduro \u2014 gesto interpretado por analistas como uma demonstra\u00e7\u00e3o de for\u00e7a no entorno imediato dos aliados de Moscou \u2014, Donald Trump voltou a elevar o tom contra o Ir\u00e3, no s\u00e1bado, 10. \u201cO Ir\u00e3 anseia por liberdade como talvez nunca antes. Os Estados Unidos est\u00e3o prontos para ajudar!\u201d, escreveu o presidente americano em sua plataforma Truth Social.<\/p>\n<p data-start=\"689\" data-end=\"1067\">A ret\u00f3rica, longe de ser isolada, acende um sinal de alerta em Moscou. Teer\u00e3 integra, ao lado da R\u00fassia, um eixo estrat\u00e9gico que se estende do Oriente M\u00e9dio ao C\u00e1ucaso e \u00e0 \u00c1sia Central. Qualquer tentativa de interven\u00e7\u00e3o direta ou indireta dos EUA no Ir\u00e3 \u00e9 vista pelo Kremlin n\u00e3o apenas como inger\u00eancia regional, mas como avan\u00e7o hostil sobre seu espa\u00e7o de influ\u00eancia e seguran\u00e7a.<\/p>\n<p data-start=\"1069\" data-end=\"1593\">No terreno, o regime iraniano respondeu com endurecimento. A Guarda Revolucion\u00e1ria \u2014 pilar ideol\u00f3gico e militar do sistema \u2014 classificou os manifestantes como terroristas e afirmou que \u201cpreservar as conquistas da Revolu\u00e7\u00e3o Isl\u00e2mica e garantir a sobreviv\u00eancia do regime constituem uma linha vermelha\u201d. Ao mesmo tempo, um bloqueio quase total de comunica\u00e7\u00f5es dificulta a verifica\u00e7\u00e3o independente dos fatos. Segundo a ONG NetBlocks, os iranianos est\u00e3o sem acesso \u00e0 internet h\u00e1 pelo menos 72 horas, ap\u00f3s decis\u00e3o das autoridades.<\/p>\n<p data-start=\"1595\" data-end=\"1846\">Apesar da repress\u00e3o, protestos voltaram a ser registrados na noite de s\u00e1bado em Teer\u00e3, Mashhad, Tabriz e Qom. V\u00eddeos divulgados pelo blogueiro Vahid Online, via <em>Telegram<\/em>, mostram multid\u00f5es enfrentando for\u00e7as de seguran\u00e7a em diferentes regi\u00f5es do pa\u00eds.<\/p>\n<p data-start=\"1848\" data-end=\"2337\">As manifesta\u00e7\u00f5es ganharam novo impulso ap\u00f3s declara\u00e7\u00f5es de Reza Pahlavi, filho do x\u00e1 deposto em 1979 e figura central da oposi\u00e7\u00e3o no ex\u00edlio. Em mensagem publicada na rede <em>X<\/em>, ele conclamou trabalhadores de setores estrat\u00e9gicos \u2014 transporte, petr\u00f3leo, g\u00e1s e energia \u2014 a iniciarem uma greve nacional. \u201cNosso objetivo n\u00e3o \u00e9 mais apenas protestar, mas nos prepararmos para conquistar e defender os centros das cidades\u201d, afirmou, incentivando a ocupa\u00e7\u00e3o do espa\u00e7o p\u00fablico com s\u00edmbolos nacionais.<\/p>\n<p data-start=\"2339\" data-end=\"2842\">Imagens divulgadas pela <em>Associated Press<\/em> mostram manifestantes mascarados empunhando retratos de Reza Pahlavi em Teer\u00e3. Na noite de s\u00e1bado, moradores do bairro de Saadatabad entoaram slogans como \u201cMorte a Khamenei\u201d, segundo a <em>Reuters<\/em>. Canais persas sediados no exterior exibiram cenas semelhantes em Mashhad, Tabriz e na cidade sagrada de Qom. Em Hamadan, v\u00eddeos mostram uma bandeira iraniana da era do x\u00e1 sendo erguida em meio a fogueiras e dan\u00e7as, com gritos pela restaura\u00e7\u00e3o da dinastia deposta.<\/p>\n<p data-start=\"2844\" data-end=\"3364\">Desde o in\u00edcio dos protestos, em 28 de dezembro, ao menos 51 manifestantes \u2014 incluindo nove crian\u00e7as \u2014 foram mortos, segundo a organiza\u00e7\u00e3o Iran Human Rights, sediada na Noruega. A ONG divulgou imagens que indicariam corpos de manifestantes empilhados em um hospital de Teer\u00e3. M\u00e9dicos relatam colapso nos sistemas de sa\u00fade das principais cidades. \u00c0 <em>BBC Persian<\/em>, o m\u00e9dico e ativista Hamid Hematpour descreveu um cen\u00e1rio de \u201ccondi\u00e7\u00f5es extremamente cr\u00edticas\u201d, com feridos por disparos direcionados \u00e0 cabe\u00e7a, pesco\u00e7o e olhos.<\/p>\n<p data-start=\"3366\" data-end=\"3675\">\u00c9 nesse contexto que Washington volta a amea\u00e7ar. Na sexta-feira, Trump advertiu Teer\u00e3: \u201c\u00c9 melhor voc\u00eas n\u00e3o come\u00e7arem a atirar, ou n\u00f3s tamb\u00e9m come\u00e7aremos\u201d. Os Estados Unidos j\u00e1 haviam atacado instala\u00e7\u00f5es nucleares iranianas em junho de 2025, ao lado de Israel, em um conflito breve, mas de alto risco regional.<\/p>\n<p data-start=\"3677\" data-end=\"4151\">Segundo o <em>Wall Street Journal<\/em>, o governo americano discute cen\u00e1rios para novos ataques militares ao Ir\u00e3, incluindo alvos militares estrat\u00e9gicos. Embora n\u00e3o haja consenso interno, a simples considera\u00e7\u00e3o dessas op\u00e7\u00f5es \u00e9 suficiente para tensionar o equil\u00edbrio global. Para Moscou, uma ofensiva americana contra Teer\u00e3 equivaleria a abrir mais uma frente de confronto indireto, somando-se \u00e0 press\u00e3o no Leste Europeu e \u00e0 instabilidade na Am\u00e9rica Latina, com a Venezuela no centro.<\/p>\n<p data-start=\"4153\" data-end=\"4512\">Declara\u00e7\u00f5es como as do senador republicano Lindsey Graham \u2014 que afirmou que o \u201clongo pesadelo\u201d do povo iraniano estaria \u201cquase no fim\u201d \u2014 refor\u00e7am a percep\u00e7\u00e3o de que parte da elite pol\u00edtica americana v\u00ea nos protestos uma oportunidade de mudan\u00e7a de regime. J\u00e1 a Nobel da Paz Shirin Ebadi alertou para o risco de um \u201cmassacre sob a cobertura de um apag\u00e3o total\u201d.<\/p>\n<p data-start=\"4514\" data-end=\"4971\" data-is-last-node=\"\" data-is-only-node=\"\">Capitais ocidentais condenaram a repress\u00e3o iraniana, e a presidente da Comiss\u00e3o Europeia, Ursula von der Leyen, expressou apoio aos manifestantes. Ainda assim, cresce a preocupa\u00e7\u00e3o de que uma escalada liderada por Washington ultrapasse o discurso humanit\u00e1rio e se transforme em mais um movimento de for\u00e7a em \u00e1reas sens\u00edveis \u00e0 R\u00fassia \u2014 com potencial para ampliar um conflito j\u00e1 difuso e empurrar o mundo para uma nova e perigosa zona de instabilidade global.<\/p>\n<p><strong>Veja o v\u00eddeo<\/strong><\/p>\n<p><a href=\"https:\/\/t.me\/VahidOnline\/69762\">https:\/\/t.me\/VahidOnline\/69762<\/a><\/p>\n","protected":false},"excerpt":{"rendered":"<p>Uma semana ap\u00f3s a opera\u00e7\u00e3o militar dos Estados Unidos que culminou no sequestro do presidente venezuelano Nicol\u00e1s Maduro \u2014 gesto interpretado por analistas como uma demonstra\u00e7\u00e3o de for\u00e7a no entorno imediato dos aliados de Moscou \u2014, Donald Trump voltou a elevar o tom contra o Ir\u00e3, no s\u00e1bado, 10. \u201cO Ir\u00e3 anseia por liberdade como [&hellip;]<\/p>\n","protected":false},"author":2,"featured_media":378481,"comment_status":"closed","ping_status":"closed","sticky":false,"template":"","format":"standard","meta":{"_acf_changed":false,"footnotes":""},"categories":[159],"tags":[95],"class_list":["post-378480","post","type-post","status-publish","format-standard","has-post-thumbnail","hentry","category-apocalipse","tag-capa"],"acf":[],"yoast_head":"<!-- This site is optimized with the Yoast SEO plugin v27.2 - https:\/\/yoast.com\/product\/yoast-seo-wordpress\/ -->\n<title>Trump amea\u00e7a intervir no Ir\u00e3, quintal da R\u00fassia - Notibras<\/title>\n<meta name=\"robots\" content=\"index, follow, max-snippet:-1, max-image-preview:large, max-video-preview:-1\" \/>\n<link rel=\"canonical\" href=\"https:\/\/www.notibras.com\/site\/trump-ameaca-intervir-no-ira-quintal-da-russia\/\" \/>\n<meta property=\"og:locale\" content=\"pt_BR\" \/>\n<meta property=\"og:type\" content=\"article\" \/>\n<meta property=\"og:title\" content=\"Trump amea\u00e7a intervir no Ir\u00e3, quintal da R\u00fassia - Notibras\" \/>\n<meta property=\"og:description\" content=\"Uma semana ap\u00f3s a opera\u00e7\u00e3o militar dos Estados Unidos que culminou no sequestro do presidente venezuelano Nicol\u00e1s Maduro \u2014 gesto interpretado por analistas como uma demonstra\u00e7\u00e3o de for\u00e7a no entorno imediato dos aliados de Moscou \u2014, Donald Trump voltou a elevar o tom contra o Ir\u00e3, no s\u00e1bado, 10. \u201cO Ir\u00e3 anseia por liberdade como [&hellip;]\" \/>\n<meta property=\"og:url\" content=\"https:\/\/www.notibras.com\/site\/trump-ameaca-intervir-no-ira-quintal-da-russia\/\" \/>\n<meta property=\"og:site_name\" content=\"Notibras\" \/>\n<meta property=\"article:publisher\" content=\"https:\/\/www.facebook.com\/notibras\/\" \/>\n<meta property=\"article:published_time\" content=\"2026-01-11T03:44:04+00:00\" \/>\n<meta name=\"author\" content=\"Reda\u00e7\u00e3o\" \/>\n<meta name=\"twitter:card\" content=\"summary_large_image\" \/>\n<meta name=\"twitter:creator\" content=\"@Notibras\" \/>\n<meta name=\"twitter:site\" content=\"@Notibras\" \/>\n<meta name=\"twitter:label1\" content=\"Escrito por\" \/>\n\t<meta name=\"twitter:data1\" content=\"Reda\u00e7\u00e3o\" \/>\n\t<meta name=\"twitter:label2\" content=\"Est. tempo de leitura\" \/>\n\t<meta name=\"twitter:data2\" content=\"5 minutos\" \/>\n<script type=\"application\/ld+json\" class=\"yoast-schema-graph\">{\"@context\":\"https:\/\/schema.org\",\"@graph\":[{\"@type\":\"Article\",\"@id\":\"https:\/\/www.notibras.com\/site\/trump-ameaca-intervir-no-ira-quintal-da-russia\/#article\",\"isPartOf\":{\"@id\":\"https:\/\/www.notibras.com\/site\/trump-ameaca-intervir-no-ira-quintal-da-russia\/\"},\"author\":{\"name\":\"Reda\u00e7\u00e3o\",\"@id\":\"https:\/\/www.notibras.com\/site\/#\/schema\/person\/36ab0979449956132d3e5b517ea76ac8\"},\"headline\":\"Trump amea\u00e7a intervir no Ir\u00e3, quintal da R\u00fassia\",\"datePublished\":\"2026-01-11T03:44:04+00:00\",\"mainEntityOfPage\":{\"@id\":\"https:\/\/www.notibras.com\/site\/trump-ameaca-intervir-no-ira-quintal-da-russia\/\"},\"wordCount\":823,\"publisher\":{\"@id\":\"https:\/\/www.notibras.com\/site\/#organization\"},\"image\":{\"@id\":\"https:\/\/www.notibras.com\/site\/trump-ameaca-intervir-no-ira-quintal-da-russia\/#primaryimage\"},\"thumbnailUrl\":\"https:\/\/www.notibras.com\/site\/wp-content\/uploads\/2026\/01\/ira.nova_.avif\",\"keywords\":[\"capa\"],\"articleSection\":[\"Apocalipse\"],\"inLanguage\":\"pt-BR\"},{\"@type\":\"WebPage\",\"@id\":\"https:\/\/www.notibras.com\/site\/trump-ameaca-intervir-no-ira-quintal-da-russia\/\",\"url\":\"https:\/\/www.notibras.com\/site\/trump-ameaca-intervir-no-ira-quintal-da-russia\/\",\"name\":\"Trump amea\u00e7a intervir no Ir\u00e3, quintal da R\u00fassia - Notibras\",\"isPartOf\":{\"@id\":\"https:\/\/www.notibras.com\/site\/#website\"},\"primaryImageOfPage\":{\"@id\":\"https:\/\/www.notibras.com\/site\/trump-ameaca-intervir-no-ira-quintal-da-russia\/#primaryimage\"},\"image\":{\"@id\":\"https:\/\/www.notibras.com\/site\/trump-ameaca-intervir-no-ira-quintal-da-russia\/#primaryimage\"},\"thumbnailUrl\":\"https:\/\/www.notibras.com\/site\/wp-content\/uploads\/2026\/01\/ira.nova_.avif\",\"datePublished\":\"2026-01-11T03:44:04+00:00\",\"breadcrumb\":{\"@id\":\"https:\/\/www.notibras.com\/site\/trump-ameaca-intervir-no-ira-quintal-da-russia\/#breadcrumb\"},\"inLanguage\":\"pt-BR\",\"potentialAction\":[{\"@type\":\"ReadAction\",\"target\":[\"https:\/\/www.notibras.com\/site\/trump-ameaca-intervir-no-ira-quintal-da-russia\/\"]}]},{\"@type\":\"ImageObject\",\"inLanguage\":\"pt-BR\",\"@id\":\"https:\/\/www.notibras.com\/site\/trump-ameaca-intervir-no-ira-quintal-da-russia\/#primaryimage\",\"url\":\"https:\/\/www.notibras.com\/site\/wp-content\/uploads\/2026\/01\/ira.nova_.avif\",\"contentUrl\":\"https:\/\/www.notibras.com\/site\/wp-content\/uploads\/2026\/01\/ira.nova_.avif\",\"width\":556,\"height\":309},{\"@type\":\"BreadcrumbList\",\"@id\":\"https:\/\/www.notibras.com\/site\/trump-ameaca-intervir-no-ira-quintal-da-russia\/#breadcrumb\",\"itemListElement\":[{\"@type\":\"ListItem\",\"position\":1,\"name\":\"In\u00edcio\",\"item\":\"https:\/\/www.notibras.com\/site\/\"},{\"@type\":\"ListItem\",\"position\":2,\"name\":\"Trump amea\u00e7a intervir no Ir\u00e3, quintal da R\u00fassia\"}]},{\"@type\":\"WebSite\",\"@id\":\"https:\/\/www.notibras.com\/site\/#website\",\"url\":\"https:\/\/www.notibras.com\/site\/\",\"name\":\"Notibras\",\"description\":\"Not\u00edcias de Bras\u00edlia, do Brasil e do Mundo\",\"publisher\":{\"@id\":\"https:\/\/www.notibras.com\/site\/#organization\"},\"potentialAction\":[{\"@type\":\"SearchAction\",\"target\":{\"@type\":\"EntryPoint\",\"urlTemplate\":\"https:\/\/www.notibras.com\/site\/?s={search_term_string}\"},\"query-input\":{\"@type\":\"PropertyValueSpecification\",\"valueRequired\":true,\"valueName\":\"search_term_string\"}}],\"inLanguage\":\"pt-BR\"},{\"@type\":\"Organization\",\"@id\":\"https:\/\/www.notibras.com\/site\/#organization\",\"name\":\"Grupo Notibras de Comunica\u00e7\u00e3o\",\"url\":\"https:\/\/www.notibras.com\/site\/\",\"logo\":{\"@type\":\"ImageObject\",\"inLanguage\":\"pt-BR\",\"@id\":\"https:\/\/www.notibras.com\/site\/#\/schema\/logo\/image\/\",\"url\":\"https:\/\/www.notibras.com\/site\/wp-content\/uploads\/2023\/01\/notibras23.png\",\"contentUrl\":\"https:\/\/www.notibras.com\/site\/wp-content\/uploads\/2023\/01\/notibras23.png\",\"width\":350,\"height\":87,\"caption\":\"Grupo Notibras de Comunica\u00e7\u00e3o\"},\"image\":{\"@id\":\"https:\/\/www.notibras.com\/site\/#\/schema\/logo\/image\/\"},\"sameAs\":[\"https:\/\/www.facebook.com\/notibras\/\",\"https:\/\/x.com\/Notibras\",\"https:\/\/www.instagram.com\/notibras\/\"]},{\"@type\":\"Person\",\"@id\":\"https:\/\/www.notibras.com\/site\/#\/schema\/person\/36ab0979449956132d3e5b517ea76ac8\",\"name\":\"Reda\u00e7\u00e3o\",\"image\":{\"@type\":\"ImageObject\",\"inLanguage\":\"pt-BR\",\"@id\":\"https:\/\/secure.gravatar.com\/avatar\/e0a867bdedb85fd243eadf09663511f96fc81e0720a4a42581f334ad4303aa6b?s=96&d=mm&r=g\",\"url\":\"https:\/\/secure.gravatar.com\/avatar\/e0a867bdedb85fd243eadf09663511f96fc81e0720a4a42581f334ad4303aa6b?s=96&d=mm&r=g\",\"contentUrl\":\"https:\/\/secure.gravatar.com\/avatar\/e0a867bdedb85fd243eadf09663511f96fc81e0720a4a42581f334ad4303aa6b?s=96&d=mm&r=g\",\"caption\":\"Reda\u00e7\u00e3o\"}}]}<\/script>\n<!-- \/ Yoast SEO plugin. -->","yoast_head_json":{"title":"Trump amea\u00e7a intervir no Ir\u00e3, quintal da R\u00fassia - Notibras","robots":{"index":"index","follow":"follow","max-snippet":"max-snippet:-1","max-image-preview":"max-image-preview:large","max-video-preview":"max-video-preview:-1"},"canonical":"https:\/\/www.notibras.com\/site\/trump-ameaca-intervir-no-ira-quintal-da-russia\/","og_locale":"pt_BR","og_type":"article","og_title":"Trump amea\u00e7a intervir no Ir\u00e3, quintal da R\u00fassia - Notibras","og_description":"Uma semana ap\u00f3s a opera\u00e7\u00e3o militar dos Estados Unidos que culminou no sequestro do presidente venezuelano Nicol\u00e1s Maduro \u2014 gesto interpretado por analistas como uma demonstra\u00e7\u00e3o de for\u00e7a no entorno imediato dos aliados de Moscou \u2014, Donald Trump voltou a elevar o tom contra o Ir\u00e3, no s\u00e1bado, 10. \u201cO Ir\u00e3 anseia por liberdade como [&hellip;]","og_url":"https:\/\/www.notibras.com\/site\/trump-ameaca-intervir-no-ira-quintal-da-russia\/","og_site_name":"Notibras","article_publisher":"https:\/\/www.facebook.com\/notibras\/","article_published_time":"2026-01-11T03:44:04+00:00","author":"Reda\u00e7\u00e3o","twitter_card":"summary_large_image","twitter_creator":"@Notibras","twitter_site":"@Notibras","twitter_misc":{"Escrito por":"Reda\u00e7\u00e3o","Est. tempo de leitura":"5 minutos"},"schema":{"@context":"https:\/\/schema.org","@graph":[{"@type":"Article","@id":"https:\/\/www.notibras.com\/site\/trump-ameaca-intervir-no-ira-quintal-da-russia\/#article","isPartOf":{"@id":"https:\/\/www.notibras.com\/site\/trump-ameaca-intervir-no-ira-quintal-da-russia\/"},"author":{"name":"Reda\u00e7\u00e3o","@id":"https:\/\/www.notibras.com\/site\/#\/schema\/person\/36ab0979449956132d3e5b517ea76ac8"},"headline":"Trump amea\u00e7a intervir no Ir\u00e3, quintal da R\u00fassia","datePublished":"2026-01-11T03:44:04+00:00","mainEntityOfPage":{"@id":"https:\/\/www.notibras.com\/site\/trump-ameaca-intervir-no-ira-quintal-da-russia\/"},"wordCount":823,"publisher":{"@id":"https:\/\/www.notibras.com\/site\/#organization"},"image":{"@id":"https:\/\/www.notibras.com\/site\/trump-ameaca-intervir-no-ira-quintal-da-russia\/#primaryimage"},"thumbnailUrl":"https:\/\/www.notibras.com\/site\/wp-content\/uploads\/2026\/01\/ira.nova_.avif","keywords":["capa"],"articleSection":["Apocalipse"],"inLanguage":"pt-BR"},{"@type":"WebPage","@id":"https:\/\/www.notibras.com\/site\/trump-ameaca-intervir-no-ira-quintal-da-russia\/","url":"https:\/\/www.notibras.com\/site\/trump-ameaca-intervir-no-ira-quintal-da-russia\/","name":"Trump amea\u00e7a intervir no Ir\u00e3, quintal da R\u00fassia - Notibras","isPartOf":{"@id":"https:\/\/www.notibras.com\/site\/#website"},"primaryImageOfPage":{"@id":"https:\/\/www.notibras.com\/site\/trump-ameaca-intervir-no-ira-quintal-da-russia\/#primaryimage"},"image":{"@id":"https:\/\/www.notibras.com\/site\/trump-ameaca-intervir-no-ira-quintal-da-russia\/#primaryimage"},"thumbnailUrl":"https:\/\/www.notibras.com\/site\/wp-content\/uploads\/2026\/01\/ira.nova_.avif","datePublished":"2026-01-11T03:44:04+00:00","breadcrumb":{"@id":"https:\/\/www.notibras.com\/site\/trump-ameaca-intervir-no-ira-quintal-da-russia\/#breadcrumb"},"inLanguage":"pt-BR","potentialAction":[{"@type":"ReadAction","target":["https:\/\/www.notibras.com\/site\/trump-ameaca-intervir-no-ira-quintal-da-russia\/"]}]},{"@type":"ImageObject","inLanguage":"pt-BR","@id":"https:\/\/www.notibras.com\/site\/trump-ameaca-intervir-no-ira-quintal-da-russia\/#primaryimage","url":"https:\/\/www.notibras.com\/site\/wp-content\/uploads\/2026\/01\/ira.nova_.avif","contentUrl":"https:\/\/www.notibras.com\/site\/wp-content\/uploads\/2026\/01\/ira.nova_.avif","width":556,"height":309},{"@type":"BreadcrumbList","@id":"https:\/\/www.notibras.com\/site\/trump-ameaca-intervir-no-ira-quintal-da-russia\/#breadcrumb","itemListElement":[{"@type":"ListItem","position":1,"name":"In\u00edcio","item":"https:\/\/www.notibras.com\/site\/"},{"@type":"ListItem","position":2,"name":"Trump amea\u00e7a intervir no Ir\u00e3, quintal da R\u00fassia"}]},{"@type":"WebSite","@id":"https:\/\/www.notibras.com\/site\/#website","url":"https:\/\/www.notibras.com\/site\/","name":"Notibras","description":"Not\u00edcias de Bras\u00edlia, do Brasil e do Mundo","publisher":{"@id":"https:\/\/www.notibras.com\/site\/#organization"},"potentialAction":[{"@type":"SearchAction","target":{"@type":"EntryPoint","urlTemplate":"https:\/\/www.notibras.com\/site\/?s={search_term_string}"},"query-input":{"@type":"PropertyValueSpecification","valueRequired":true,"valueName":"search_term_string"}}],"inLanguage":"pt-BR"},{"@type":"Organization","@id":"https:\/\/www.notibras.com\/site\/#organization","name":"Grupo Notibras de Comunica\u00e7\u00e3o","url":"https:\/\/www.notibras.com\/site\/","logo":{"@type":"ImageObject","inLanguage":"pt-BR","@id":"https:\/\/www.notibras.com\/site\/#\/schema\/logo\/image\/","url":"https:\/\/www.notibras.com\/site\/wp-content\/uploads\/2023\/01\/notibras23.png","contentUrl":"https:\/\/www.notibras.com\/site\/wp-content\/uploads\/2023\/01\/notibras23.png","width":350,"height":87,"caption":"Grupo Notibras de Comunica\u00e7\u00e3o"},"image":{"@id":"https:\/\/www.notibras.com\/site\/#\/schema\/logo\/image\/"},"sameAs":["https:\/\/www.facebook.com\/notibras\/","https:\/\/x.com\/Notibras","https:\/\/www.instagram.com\/notibras\/"]},{"@type":"Person","@id":"https:\/\/www.notibras.com\/site\/#\/schema\/person\/36ab0979449956132d3e5b517ea76ac8","name":"Reda\u00e7\u00e3o","image":{"@type":"ImageObject","inLanguage":"pt-BR","@id":"https:\/\/secure.gravatar.com\/avatar\/e0a867bdedb85fd243eadf09663511f96fc81e0720a4a42581f334ad4303aa6b?s=96&d=mm&r=g","url":"https:\/\/secure.gravatar.com\/avatar\/e0a867bdedb85fd243eadf09663511f96fc81e0720a4a42581f334ad4303aa6b?s=96&d=mm&r=g","contentUrl":"https:\/\/secure.gravatar.com\/avatar\/e0a867bdedb85fd243eadf09663511f96fc81e0720a4a42581f334ad4303aa6b?s=96&d=mm&r=g","caption":"Reda\u00e7\u00e3o"}}]}},"amp_enabled":true,"_links":{"self":[{"href":"https:\/\/www.notibras.com\/site\/wp-json\/wp\/v2\/posts\/378480","targetHints":{"allow":["GET"]}}],"collection":[{"href":"https:\/\/www.notibras.com\/site\/wp-json\/wp\/v2\/posts"}],"about":[{"href":"https:\/\/www.notibras.com\/site\/wp-json\/wp\/v2\/types\/post"}],"author":[{"embeddable":true,"href":"https:\/\/www.notibras.com\/site\/wp-json\/wp\/v2\/users\/2"}],"replies":[{"embeddable":true,"href":"https:\/\/www.notibras.com\/site\/wp-json\/wp\/v2\/comments?post=378480"}],"version-history":[{"count":6,"href":"https:\/\/www.notibras.com\/site\/wp-json\/wp\/v2\/posts\/378480\/revisions"}],"predecessor-version":[{"id":378487,"href":"https:\/\/www.notibras.com\/site\/wp-json\/wp\/v2\/posts\/378480\/revisions\/378487"}],"wp:featuredmedia":[{"embeddable":true,"href":"https:\/\/www.notibras.com\/site\/wp-json\/wp\/v2\/media\/378481"}],"wp:attachment":[{"href":"https:\/\/www.notibras.com\/site\/wp-json\/wp\/v2\/media?parent=378480"}],"wp:term":[{"taxonomy":"category","embeddable":true,"href":"https:\/\/www.notibras.com\/site\/wp-json\/wp\/v2\/categories?post=378480"},{"taxonomy":"post_tag","embeddable":true,"href":"https:\/\/www.notibras.com\/site\/wp-json\/wp\/v2\/tags?post=378480"}],"curies":[{"name":"wp","href":"https:\/\/api.w.org\/{rel}","templated":true}]}}