{"id":378488,"date":"2026-01-11T01:15:55","date_gmt":"2026-01-11T04:15:55","guid":{"rendered":"https:\/\/www.notibras.com\/site\/?p=378488"},"modified":"2026-01-11T01:22:30","modified_gmt":"2026-01-11T04:22:30","slug":"geir-campos-o-cara-a-coroa-e-o-cotidiano","status":"publish","type":"post","link":"https:\/\/www.notibras.com\/site\/geir-campos-o-cara-a-coroa-e-o-cotidiano\/","title":{"rendered":"Geir Campos, o cara, a coroa e o cotidiano"},"content":{"rendered":"<p>Fraterno, doce, gentil, amigo de seus amigos&#8230; Essas s\u00e3o algumas refer\u00eancias que contempor\u00e2neos faziam de Geir Campos, poeta retratado hoje no <strong>Lado B da Literatura<\/strong>.<\/p>\n<p>Nascido em S\u00e3o Jos\u00e9 do Cal\u00e7ado, no Esp\u00edrito Santo, em 1924, Geir cedo foi puxado para o eixo Rio e Niter\u00f3i, onde sua vida se dividiria entre a disciplina do cotidiano e o desassossego da literatura. Estudou no Col\u00e9gio Pedro II, formou-se na Escola de Marinha e tripulou navios do Lloyd Brasileiro durante a Segunda Guerra, carregando no corpo a rotina do mar e na mem\u00f3ria a li\u00e7\u00e3o de que toda travessia cobra seu pre\u00e7o. Foi tamb\u00e9m professor, jornalista e homem de r\u00e1dio, como se precisasse de muitas vozes para dar conta da pr\u00f3pria.<\/p>\n<p>O r\u00f3tulo mais comum, e verdadeiro, \u00e9 o de representante forte da Gera\u00e7\u00e3o de 45, aquela que apostou no rigor formal quando o pa\u00eds parecia preferir o improviso. Mas o lado B de Geir n\u00e3o est\u00e1 apenas na forma. Est\u00e1 no modo de viver a literatura como of\u00edcio, quase como servi\u00e7o p\u00fablico, com as m\u00e3os sujas de tinta e o cora\u00e7\u00e3o atento \u00e0 respira\u00e7\u00e3o do tempo. Ele n\u00e3o ficou s\u00f3 no pedestal do \u201cpoeta\u201d. Editou, traduziu, organizou, ensinou, promoveu autores, abriu espa\u00e7os. Fundou com Thiago de Mello as Edi\u00e7\u00f5es Hipocampo, numa aventura quase dom\u00e9stica de edi\u00e7\u00e3o artesanal, tiragens pequenas, livros montados com esfor\u00e7o de fam\u00edlia, como quem fabrica, na cozinha, um alimento que a cidade j\u00e1 n\u00e3o sabe preparar.<\/p>\n<p>Esse compromisso com a circula\u00e7\u00e3o viva da palavra tamb\u00e9m se fez voz. Por mais de vinte anos, Geir apresentou na R\u00e1dio MEC o programa <em data-start=\"1902\" data-end=\"1915\">Poesia Viva<\/em>, e \u00e9 dif\u00edcil n\u00e3o imaginar a cena, a poesia deixando o papel para habitar o ar, atravessando aparelhos, alcan\u00e7ando algu\u00e9m que n\u00e3o sabia que precisava de um poema naquele dia. E, num gesto que hoje parece prof\u00e9tico, ele tamb\u00e9m gravou seus poemas, recitados por ele mesmo, no selo Festa, casa fonogr\u00e1fica que apostou na literatura falada como patrim\u00f4nio sonoro. H\u00e1 registro de um lan\u00e7amento em vinil no cat\u00e1logo do Festa dedicado a Geir Campos.<\/p>\n<p>Em meados dos anos 1950,\u00a0 ele trabalhava com Augusto Frederico Schmidt, como executivo de uma das empresas do gordinho sinistro, fun\u00e7\u00e3o que outro famoso escritor, Lucio Cardoso, autor, dentre outros, de Luz do Subsolo, tamb\u00e9m exercia. O detalhe \u00e9 mais do que fofoca de \u00e9poca: coloca Geir dentro de uma engrenagem concreta, de escrit\u00f3rio e expediente, em contraste com a imagem rom\u00e2ntica do escritor et\u00e9reo. Schmidt, por sua vez, foi tamb\u00e9m um empreendedor de grande porte e fundador da seguradora Metr\u00f3pole Seguros, Supermercados Disco, Companhia Distribuidora de Materiais de Constru\u00e7\u00e3o, Ind\u00fastria Qu\u00edmica ORQUIMA, dentre outras iniciativas.<\/p>\n<p>No plano estritamente liter\u00e1rio, Geir tinha uma rela\u00e7\u00e3o de respeito e liberdade com as formas. Ele publicou uma <em data-start=\"3473\" data-end=\"3491\">Coroa de sonetos<\/em>, e isso, por si s\u00f3, j\u00e1 diz muito. Coroa \u00e9 constru\u00e7\u00e3o de paci\u00eancia e ambi\u00e7\u00e3o: um colar de sonetos encadeados, em que cada pe\u00e7a segura a anterior e prepara a pr\u00f3xima, como se o poema fosse tamb\u00e9m arquitetura. A pr\u00f3pria bibliografia biogr\u00e1fica o aponta com esse t\u00edtulo entre os livros de sua primeira fase.<\/p>\n<p>Geir escreveu a letra do Hino Oficial de Bras\u00edlia, com m\u00fasica de Neusa Fran\u00e7a. Ele ajudou a dar palavra a uma cidade que nasceu planejada, mas precisava de canto para virar destino.<\/p>\n<p>Tamb\u00e9m foi professor universit\u00e1rio na ECO\/UFRJ, pesquisador de tradu\u00e7\u00e3o (mestrado e doutorado em comunica\u00e7\u00e3o, com trabalhos dedicados ao ru\u00eddo, ao ato criador, ao teatro) e traduziu para nosso idioma autores como Rilke, Brecht, Goethe, Shakespeare, S\u00f3focles, Whitman e Daniel Defoe.<\/p>\n<p>Nosso retratado morreu em 8 de maio de 1999, em Niter\u00f3i, Rio de Janeiro.<\/p>\n<p><strong>&#8230;&#8230;&#8230;&#8230;&#8230;&#8230;&#8230;&#8230;&#8230;<\/strong><\/p>\n<p><strong>Cassiano Cond\u00e9, 82, ga\u00facho, deixou de teclar reportagens nas reda\u00e7\u00f5es por onde passou. Agora finca os p\u00e9s nas areias da Praia do Cassino, em Rio Grande, onde extrai p\u00e9rolas que se transformam em cr\u00f4nicas.<\/strong><\/p>\n<div class=\"flex flex-col text-sm pb-25\">\n<article class=\"text-token-text-primary w-full focus:outline-none [--shadow-height:45px] has-data-writing-block:pointer-events-none has-data-writing-block:-mt-(--shadow-height) has-data-writing-block:pt-(--shadow-height) [&amp;:has([data-writing-block])&gt;*]:pointer-events-auto scroll-mt-[calc(var(--header-height)+min(200px,max(70px,20svh)))]\" dir=\"auto\" tabindex=\"-1\" data-turn-id=\"request-WEB:64f8e6bd-fe4a-43d7-91f8-e74d65e34bd0-3\" data-testid=\"conversation-turn-8\" data-scroll-anchor=\"true\" data-turn=\"assistant\">\n<div class=\"text-base my-auto mx-auto pb-10 [--thread-content-margin:--spacing(4)] @w-sm\/main:[--thread-content-margin:--spacing(6)] @w-lg\/main:[--thread-content-margin:--spacing(16)] px-(--thread-content-margin)\">\n<div class=\"[--thread-content-max-width:40rem] @w-lg\/main:[--thread-content-max-width:48rem] mx-auto max-w-(--thread-content-max-width) flex-1 group\/turn-messages focus-visible:outline-hidden relative flex w-full min-w-0 flex-col agent-turn\" tabindex=\"-1\">\n<div class=\"z-0 flex min-h-[46px] justify-start\"><\/div>\n<div class=\"mt-3 w-full empty:hidden\">\n<div class=\"text-center\"><\/div>\n<\/div>\n<\/div>\n<\/div>\n<\/article>\n<\/div>\n<div class=\"pointer-events-none h-px w-px absolute bottom-0\" aria-hidden=\"true\" data-edge=\"true\"><\/div>\n<p>&nbsp;<\/p>\n<p>&nbsp;<\/p>\n","protected":false},"excerpt":{"rendered":"<p>Fraterno, doce, gentil, amigo de seus amigos&#8230; Essas s\u00e3o algumas refer\u00eancias que contempor\u00e2neos faziam de Geir Campos, poeta retratado hoje no Lado B da Literatura. Nascido em S\u00e3o Jos\u00e9 do Cal\u00e7ado, no Esp\u00edrito Santo, em 1924, Geir cedo foi puxado para o eixo Rio e Niter\u00f3i, onde sua vida se dividiria entre a disciplina do [&hellip;]<\/p>\n","protected":false},"author":21,"featured_media":378489,"comment_status":"closed","ping_status":"closed","sticky":false,"template":"","format":"standard","meta":{"_acf_changed":false,"footnotes":""},"categories":[234],"tags":[],"class_list":["post-378488","post","type-post","status-publish","format-standard","has-post-thumbnail","hentry","category-cafe-literario"],"acf":[],"yoast_head":"<!-- This site is optimized with the Yoast SEO plugin v27.2 - https:\/\/yoast.com\/product\/yoast-seo-wordpress\/ -->\n<title>Geir Campos, o cara, a coroa e o cotidiano - Notibras<\/title>\n<meta name=\"robots\" content=\"index, follow, max-snippet:-1, max-image-preview:large, max-video-preview:-1\" \/>\n<link rel=\"canonical\" href=\"https:\/\/www.notibras.com\/site\/geir-campos-o-cara-a-coroa-e-o-cotidiano\/\" \/>\n<meta property=\"og:locale\" content=\"pt_BR\" \/>\n<meta property=\"og:type\" content=\"article\" \/>\n<meta property=\"og:title\" content=\"Geir Campos, o cara, a coroa e o cotidiano - Notibras\" \/>\n<meta property=\"og:description\" content=\"Fraterno, doce, gentil, amigo de seus amigos&#8230; Essas s\u00e3o algumas refer\u00eancias que contempor\u00e2neos faziam de Geir Campos, poeta retratado hoje no Lado B da Literatura. Nascido em S\u00e3o Jos\u00e9 do Cal\u00e7ado, no Esp\u00edrito Santo, em 1924, Geir cedo foi puxado para o eixo Rio e Niter\u00f3i, onde sua vida se dividiria entre a disciplina do [&hellip;]\" \/>\n<meta property=\"og:url\" content=\"https:\/\/www.notibras.com\/site\/geir-campos-o-cara-a-coroa-e-o-cotidiano\/\" \/>\n<meta property=\"og:site_name\" content=\"Notibras\" \/>\n<meta property=\"article:publisher\" content=\"https:\/\/www.facebook.com\/notibras\/\" \/>\n<meta property=\"article:published_time\" content=\"2026-01-11T04:15:55+00:00\" \/>\n<meta property=\"article:modified_time\" content=\"2026-01-11T04:22:30+00:00\" \/>\n<meta property=\"og:image\" content=\"https:\/\/www.notibras.com\/site\/wp-content\/uploads\/2026\/01\/ChatGPT-Image-10_01_2026-21_10_48.png\" \/>\n\t<meta property=\"og:image:width\" content=\"1536\" \/>\n\t<meta property=\"og:image:height\" content=\"1024\" \/>\n\t<meta property=\"og:image:type\" content=\"image\/png\" \/>\n<meta name=\"author\" content=\"Eduardo Mart\u00ednez\" \/>\n<meta name=\"twitter:card\" content=\"summary_large_image\" \/>\n<meta name=\"twitter:creator\" content=\"@Notibras\" \/>\n<meta name=\"twitter:site\" content=\"@Notibras\" \/>\n<meta name=\"twitter:label1\" content=\"Escrito por\" \/>\n\t<meta name=\"twitter:data1\" content=\"Eduardo Mart\u00ednez\" \/>\n\t<meta name=\"twitter:label2\" content=\"Est. tempo de leitura\" \/>\n\t<meta name=\"twitter:data2\" content=\"4 minutos\" \/>\n<script type=\"application\/ld+json\" class=\"yoast-schema-graph\">{\"@context\":\"https:\/\/schema.org\",\"@graph\":[{\"@type\":\"Article\",\"@id\":\"https:\/\/www.notibras.com\/site\/geir-campos-o-cara-a-coroa-e-o-cotidiano\/#article\",\"isPartOf\":{\"@id\":\"https:\/\/www.notibras.com\/site\/geir-campos-o-cara-a-coroa-e-o-cotidiano\/\"},\"author\":{\"name\":\"Eduardo Mart\u00ednez\",\"@id\":\"https:\/\/www.notibras.com\/site\/#\/schema\/person\/5b7fabf2aedc3ada2105f03b22b4d3dd\"},\"headline\":\"Geir Campos, o cara, a coroa e o cotidiano\",\"datePublished\":\"2026-01-11T04:15:55+00:00\",\"dateModified\":\"2026-01-11T04:22:30+00:00\",\"mainEntityOfPage\":{\"@id\":\"https:\/\/www.notibras.com\/site\/geir-campos-o-cara-a-coroa-e-o-cotidiano\/\"},\"wordCount\":712,\"publisher\":{\"@id\":\"https:\/\/www.notibras.com\/site\/#organization\"},\"image\":{\"@id\":\"https:\/\/www.notibras.com\/site\/geir-campos-o-cara-a-coroa-e-o-cotidiano\/#primaryimage\"},\"thumbnailUrl\":\"https:\/\/www.notibras.com\/site\/wp-content\/uploads\/2026\/01\/ChatGPT-Image-10_01_2026-21_10_48.png\",\"articleSection\":[\"Caf\u00e9 Liter\u00e1rio\"],\"inLanguage\":\"pt-BR\"},{\"@type\":\"WebPage\",\"@id\":\"https:\/\/www.notibras.com\/site\/geir-campos-o-cara-a-coroa-e-o-cotidiano\/\",\"url\":\"https:\/\/www.notibras.com\/site\/geir-campos-o-cara-a-coroa-e-o-cotidiano\/\",\"name\":\"Geir Campos, o cara, a coroa e o cotidiano - Notibras\",\"isPartOf\":{\"@id\":\"https:\/\/www.notibras.com\/site\/#website\"},\"primaryImageOfPage\":{\"@id\":\"https:\/\/www.notibras.com\/site\/geir-campos-o-cara-a-coroa-e-o-cotidiano\/#primaryimage\"},\"image\":{\"@id\":\"https:\/\/www.notibras.com\/site\/geir-campos-o-cara-a-coroa-e-o-cotidiano\/#primaryimage\"},\"thumbnailUrl\":\"https:\/\/www.notibras.com\/site\/wp-content\/uploads\/2026\/01\/ChatGPT-Image-10_01_2026-21_10_48.png\",\"datePublished\":\"2026-01-11T04:15:55+00:00\",\"dateModified\":\"2026-01-11T04:22:30+00:00\",\"breadcrumb\":{\"@id\":\"https:\/\/www.notibras.com\/site\/geir-campos-o-cara-a-coroa-e-o-cotidiano\/#breadcrumb\"},\"inLanguage\":\"pt-BR\",\"potentialAction\":[{\"@type\":\"ReadAction\",\"target\":[\"https:\/\/www.notibras.com\/site\/geir-campos-o-cara-a-coroa-e-o-cotidiano\/\"]}]},{\"@type\":\"ImageObject\",\"inLanguage\":\"pt-BR\",\"@id\":\"https:\/\/www.notibras.com\/site\/geir-campos-o-cara-a-coroa-e-o-cotidiano\/#primaryimage\",\"url\":\"https:\/\/www.notibras.com\/site\/wp-content\/uploads\/2026\/01\/ChatGPT-Image-10_01_2026-21_10_48.png\",\"contentUrl\":\"https:\/\/www.notibras.com\/site\/wp-content\/uploads\/2026\/01\/ChatGPT-Image-10_01_2026-21_10_48.png\",\"width\":1536,\"height\":1024},{\"@type\":\"BreadcrumbList\",\"@id\":\"https:\/\/www.notibras.com\/site\/geir-campos-o-cara-a-coroa-e-o-cotidiano\/#breadcrumb\",\"itemListElement\":[{\"@type\":\"ListItem\",\"position\":1,\"name\":\"In\u00edcio\",\"item\":\"https:\/\/www.notibras.com\/site\/\"},{\"@type\":\"ListItem\",\"position\":2,\"name\":\"Geir Campos, o cara, a coroa e o cotidiano\"}]},{\"@type\":\"WebSite\",\"@id\":\"https:\/\/www.notibras.com\/site\/#website\",\"url\":\"https:\/\/www.notibras.com\/site\/\",\"name\":\"Notibras\",\"description\":\"Not\u00edcias de Bras\u00edlia, do Brasil e do Mundo\",\"publisher\":{\"@id\":\"https:\/\/www.notibras.com\/site\/#organization\"},\"potentialAction\":[{\"@type\":\"SearchAction\",\"target\":{\"@type\":\"EntryPoint\",\"urlTemplate\":\"https:\/\/www.notibras.com\/site\/?s={search_term_string}\"},\"query-input\":{\"@type\":\"PropertyValueSpecification\",\"valueRequired\":true,\"valueName\":\"search_term_string\"}}],\"inLanguage\":\"pt-BR\"},{\"@type\":\"Organization\",\"@id\":\"https:\/\/www.notibras.com\/site\/#organization\",\"name\":\"Grupo Notibras de Comunica\u00e7\u00e3o\",\"url\":\"https:\/\/www.notibras.com\/site\/\",\"logo\":{\"@type\":\"ImageObject\",\"inLanguage\":\"pt-BR\",\"@id\":\"https:\/\/www.notibras.com\/site\/#\/schema\/logo\/image\/\",\"url\":\"https:\/\/www.notibras.com\/site\/wp-content\/uploads\/2023\/01\/notibras23.png\",\"contentUrl\":\"https:\/\/www.notibras.com\/site\/wp-content\/uploads\/2023\/01\/notibras23.png\",\"width\":350,\"height\":87,\"caption\":\"Grupo Notibras de Comunica\u00e7\u00e3o\"},\"image\":{\"@id\":\"https:\/\/www.notibras.com\/site\/#\/schema\/logo\/image\/\"},\"sameAs\":[\"https:\/\/www.facebook.com\/notibras\/\",\"https:\/\/x.com\/Notibras\",\"https:\/\/www.instagram.com\/notibras\/\"]},{\"@type\":\"Person\",\"@id\":\"https:\/\/www.notibras.com\/site\/#\/schema\/person\/5b7fabf2aedc3ada2105f03b22b4d3dd\",\"name\":\"Eduardo Mart\u00ednez\",\"image\":{\"@type\":\"ImageObject\",\"inLanguage\":\"pt-BR\",\"@id\":\"https:\/\/secure.gravatar.com\/avatar\/7902f906289926289cbcda644b5197c796b893c6ffd7b9a536a42d290f7704a0?s=96&d=mm&r=g\",\"url\":\"https:\/\/secure.gravatar.com\/avatar\/7902f906289926289cbcda644b5197c796b893c6ffd7b9a536a42d290f7704a0?s=96&d=mm&r=g\",\"contentUrl\":\"https:\/\/secure.gravatar.com\/avatar\/7902f906289926289cbcda644b5197c796b893c6ffd7b9a536a42d290f7704a0?s=96&d=mm&r=g\",\"caption\":\"Eduardo Mart\u00ednez\"}}]}<\/script>\n<!-- \/ Yoast SEO plugin. -->","yoast_head_json":{"title":"Geir Campos, o cara, a coroa e o cotidiano - Notibras","robots":{"index":"index","follow":"follow","max-snippet":"max-snippet:-1","max-image-preview":"max-image-preview:large","max-video-preview":"max-video-preview:-1"},"canonical":"https:\/\/www.notibras.com\/site\/geir-campos-o-cara-a-coroa-e-o-cotidiano\/","og_locale":"pt_BR","og_type":"article","og_title":"Geir Campos, o cara, a coroa e o cotidiano - Notibras","og_description":"Fraterno, doce, gentil, amigo de seus amigos&#8230; Essas s\u00e3o algumas refer\u00eancias que contempor\u00e2neos faziam de Geir Campos, poeta retratado hoje no Lado B da Literatura. Nascido em S\u00e3o Jos\u00e9 do Cal\u00e7ado, no Esp\u00edrito Santo, em 1924, Geir cedo foi puxado para o eixo Rio e Niter\u00f3i, onde sua vida se dividiria entre a disciplina do [&hellip;]","og_url":"https:\/\/www.notibras.com\/site\/geir-campos-o-cara-a-coroa-e-o-cotidiano\/","og_site_name":"Notibras","article_publisher":"https:\/\/www.facebook.com\/notibras\/","article_published_time":"2026-01-11T04:15:55+00:00","article_modified_time":"2026-01-11T04:22:30+00:00","og_image":[{"width":1536,"height":1024,"url":"https:\/\/www.notibras.com\/site\/wp-content\/uploads\/2026\/01\/ChatGPT-Image-10_01_2026-21_10_48.png","type":"image\/png"}],"author":"Eduardo Mart\u00ednez","twitter_card":"summary_large_image","twitter_creator":"@Notibras","twitter_site":"@Notibras","twitter_misc":{"Escrito por":"Eduardo Mart\u00ednez","Est. tempo de leitura":"4 minutos"},"schema":{"@context":"https:\/\/schema.org","@graph":[{"@type":"Article","@id":"https:\/\/www.notibras.com\/site\/geir-campos-o-cara-a-coroa-e-o-cotidiano\/#article","isPartOf":{"@id":"https:\/\/www.notibras.com\/site\/geir-campos-o-cara-a-coroa-e-o-cotidiano\/"},"author":{"name":"Eduardo Mart\u00ednez","@id":"https:\/\/www.notibras.com\/site\/#\/schema\/person\/5b7fabf2aedc3ada2105f03b22b4d3dd"},"headline":"Geir Campos, o cara, a coroa e o cotidiano","datePublished":"2026-01-11T04:15:55+00:00","dateModified":"2026-01-11T04:22:30+00:00","mainEntityOfPage":{"@id":"https:\/\/www.notibras.com\/site\/geir-campos-o-cara-a-coroa-e-o-cotidiano\/"},"wordCount":712,"publisher":{"@id":"https:\/\/www.notibras.com\/site\/#organization"},"image":{"@id":"https:\/\/www.notibras.com\/site\/geir-campos-o-cara-a-coroa-e-o-cotidiano\/#primaryimage"},"thumbnailUrl":"https:\/\/www.notibras.com\/site\/wp-content\/uploads\/2026\/01\/ChatGPT-Image-10_01_2026-21_10_48.png","articleSection":["Caf\u00e9 Liter\u00e1rio"],"inLanguage":"pt-BR"},{"@type":"WebPage","@id":"https:\/\/www.notibras.com\/site\/geir-campos-o-cara-a-coroa-e-o-cotidiano\/","url":"https:\/\/www.notibras.com\/site\/geir-campos-o-cara-a-coroa-e-o-cotidiano\/","name":"Geir Campos, o cara, a coroa e o cotidiano - Notibras","isPartOf":{"@id":"https:\/\/www.notibras.com\/site\/#website"},"primaryImageOfPage":{"@id":"https:\/\/www.notibras.com\/site\/geir-campos-o-cara-a-coroa-e-o-cotidiano\/#primaryimage"},"image":{"@id":"https:\/\/www.notibras.com\/site\/geir-campos-o-cara-a-coroa-e-o-cotidiano\/#primaryimage"},"thumbnailUrl":"https:\/\/www.notibras.com\/site\/wp-content\/uploads\/2026\/01\/ChatGPT-Image-10_01_2026-21_10_48.png","datePublished":"2026-01-11T04:15:55+00:00","dateModified":"2026-01-11T04:22:30+00:00","breadcrumb":{"@id":"https:\/\/www.notibras.com\/site\/geir-campos-o-cara-a-coroa-e-o-cotidiano\/#breadcrumb"},"inLanguage":"pt-BR","potentialAction":[{"@type":"ReadAction","target":["https:\/\/www.notibras.com\/site\/geir-campos-o-cara-a-coroa-e-o-cotidiano\/"]}]},{"@type":"ImageObject","inLanguage":"pt-BR","@id":"https:\/\/www.notibras.com\/site\/geir-campos-o-cara-a-coroa-e-o-cotidiano\/#primaryimage","url":"https:\/\/www.notibras.com\/site\/wp-content\/uploads\/2026\/01\/ChatGPT-Image-10_01_2026-21_10_48.png","contentUrl":"https:\/\/www.notibras.com\/site\/wp-content\/uploads\/2026\/01\/ChatGPT-Image-10_01_2026-21_10_48.png","width":1536,"height":1024},{"@type":"BreadcrumbList","@id":"https:\/\/www.notibras.com\/site\/geir-campos-o-cara-a-coroa-e-o-cotidiano\/#breadcrumb","itemListElement":[{"@type":"ListItem","position":1,"name":"In\u00edcio","item":"https:\/\/www.notibras.com\/site\/"},{"@type":"ListItem","position":2,"name":"Geir Campos, o cara, a coroa e o cotidiano"}]},{"@type":"WebSite","@id":"https:\/\/www.notibras.com\/site\/#website","url":"https:\/\/www.notibras.com\/site\/","name":"Notibras","description":"Not\u00edcias de Bras\u00edlia, do Brasil e do Mundo","publisher":{"@id":"https:\/\/www.notibras.com\/site\/#organization"},"potentialAction":[{"@type":"SearchAction","target":{"@type":"EntryPoint","urlTemplate":"https:\/\/www.notibras.com\/site\/?s={search_term_string}"},"query-input":{"@type":"PropertyValueSpecification","valueRequired":true,"valueName":"search_term_string"}}],"inLanguage":"pt-BR"},{"@type":"Organization","@id":"https:\/\/www.notibras.com\/site\/#organization","name":"Grupo Notibras de Comunica\u00e7\u00e3o","url":"https:\/\/www.notibras.com\/site\/","logo":{"@type":"ImageObject","inLanguage":"pt-BR","@id":"https:\/\/www.notibras.com\/site\/#\/schema\/logo\/image\/","url":"https:\/\/www.notibras.com\/site\/wp-content\/uploads\/2023\/01\/notibras23.png","contentUrl":"https:\/\/www.notibras.com\/site\/wp-content\/uploads\/2023\/01\/notibras23.png","width":350,"height":87,"caption":"Grupo Notibras de Comunica\u00e7\u00e3o"},"image":{"@id":"https:\/\/www.notibras.com\/site\/#\/schema\/logo\/image\/"},"sameAs":["https:\/\/www.facebook.com\/notibras\/","https:\/\/x.com\/Notibras","https:\/\/www.instagram.com\/notibras\/"]},{"@type":"Person","@id":"https:\/\/www.notibras.com\/site\/#\/schema\/person\/5b7fabf2aedc3ada2105f03b22b4d3dd","name":"Eduardo Mart\u00ednez","image":{"@type":"ImageObject","inLanguage":"pt-BR","@id":"https:\/\/secure.gravatar.com\/avatar\/7902f906289926289cbcda644b5197c796b893c6ffd7b9a536a42d290f7704a0?s=96&d=mm&r=g","url":"https:\/\/secure.gravatar.com\/avatar\/7902f906289926289cbcda644b5197c796b893c6ffd7b9a536a42d290f7704a0?s=96&d=mm&r=g","contentUrl":"https:\/\/secure.gravatar.com\/avatar\/7902f906289926289cbcda644b5197c796b893c6ffd7b9a536a42d290f7704a0?s=96&d=mm&r=g","caption":"Eduardo Mart\u00ednez"}}]}},"amp_enabled":true,"_links":{"self":[{"href":"https:\/\/www.notibras.com\/site\/wp-json\/wp\/v2\/posts\/378488","targetHints":{"allow":["GET"]}}],"collection":[{"href":"https:\/\/www.notibras.com\/site\/wp-json\/wp\/v2\/posts"}],"about":[{"href":"https:\/\/www.notibras.com\/site\/wp-json\/wp\/v2\/types\/post"}],"author":[{"embeddable":true,"href":"https:\/\/www.notibras.com\/site\/wp-json\/wp\/v2\/users\/21"}],"replies":[{"embeddable":true,"href":"https:\/\/www.notibras.com\/site\/wp-json\/wp\/v2\/comments?post=378488"}],"version-history":[{"count":4,"href":"https:\/\/www.notibras.com\/site\/wp-json\/wp\/v2\/posts\/378488\/revisions"}],"predecessor-version":[{"id":378554,"href":"https:\/\/www.notibras.com\/site\/wp-json\/wp\/v2\/posts\/378488\/revisions\/378554"}],"wp:featuredmedia":[{"embeddable":true,"href":"https:\/\/www.notibras.com\/site\/wp-json\/wp\/v2\/media\/378489"}],"wp:attachment":[{"href":"https:\/\/www.notibras.com\/site\/wp-json\/wp\/v2\/media?parent=378488"}],"wp:term":[{"taxonomy":"category","embeddable":true,"href":"https:\/\/www.notibras.com\/site\/wp-json\/wp\/v2\/categories?post=378488"},{"taxonomy":"post_tag","embeddable":true,"href":"https:\/\/www.notibras.com\/site\/wp-json\/wp\/v2\/tags?post=378488"}],"curies":[{"name":"wp","href":"https:\/\/api.w.org\/{rel}","templated":true}]}}