{"id":378499,"date":"2026-01-11T00:30:20","date_gmt":"2026-01-11T03:30:20","guid":{"rendered":"https:\/\/www.notibras.com\/site\/?p=378499"},"modified":"2026-01-10T23:10:22","modified_gmt":"2026-01-11T02:10:22","slug":"academia-buriti-amplia-impacto-positivo-na-saude-dos-servidores","status":"publish","type":"post","link":"https:\/\/www.notibras.com\/site\/academia-buriti-amplia-impacto-positivo-na-saude-dos-servidores\/","title":{"rendered":"Academia Buriti amplia impacto positivo na sa\u00fade dos servidores"},"content":{"rendered":"<p>Mais do que um espa\u00e7o para a pr\u00e1tica de atividades f\u00edsicas, a Academia Buriti se firmou, em 2025, como um ambiente de cuidado, acolhimento e promo\u00e7\u00e3o da sa\u00fade integral dos servidores do Governo do Distrito Federal (GDF). Ao encerrar o ano com um balan\u00e7o amplamente positivo, a iniciativa reafirma seu papel estrat\u00e9gico na valoriza\u00e7\u00e3o deste p\u00fablico e na constru\u00e7\u00e3o de rotinas mais saud\u00e1veis no servi\u00e7o p\u00fablico.<\/p>\n<p>Vinculada \u00e0 Secretaria de Economia (Seec-DF), a Academia Buriti integra a pol\u00edtica de cuidado do GDF, com foco na preven\u00e7\u00e3o de agravos \u00e0 sa\u00fade, na redu\u00e7\u00e3o do absente\u00edsmo e no fortalecimento do bem-estar f\u00edsico e mental dos servidores.<\/p>\n<p>Os dados do Relat\u00f3rio de Gest\u00e3o 2025, que consideram o per\u00edodo de janeiro a dezembro, evidenciam crescimento, diversifica\u00e7\u00e3o de servi\u00e7os e forte engajamento, tanto nas atividades presenciais quanto nas a\u00e7\u00f5es itinerantes e digitais.<\/p>\n<p>\u201cOs resultados de 2025 demonstram que a\u00e7\u00f5es estruturadas de promo\u00e7\u00e3o da sa\u00fade contribuem para a preven\u00e7\u00e3o de doen\u00e7as, a redu\u00e7\u00e3o do absente\u00edsmo e a constru\u00e7\u00e3o de ambientes de trabalho mais saud\u00e1veis\u201d, explica o secret\u00e1rio-executivo de Valoriza\u00e7\u00e3o e Qualidade de Vida, Epit\u00e1cio J\u00fanior.<\/p>\n<p>Segundo a subsecret\u00e1ria de Sa\u00fade F\u00edsica para o Servidor P\u00fablico,Denise Parreira, o fortalecimento da Academia Buriti reflete um compromisso cont\u00ednuo com o cuidado integral. \u201cTemos investido em a\u00e7\u00f5es que dialogam com as reais necessidades dos servidores, promovendo sa\u00fade f\u00edsica, mental e emocional, al\u00e9m de estimular h\u00e1bitos mais saud\u00e1veis e qualidade de vida no ambiente de trabalho\u201d, destacou.<\/p>\n<p>Desde a sua inaugura\u00e7\u00e3o, em 2020, a Academia Buriti realizou 2.587 cadastros. Em 2025, manteve um n\u00famero significativo de cadastros ativos, o que se traduziu em 525 alunos frequentando semanalmente as atividades oferecidas. Esse quantitativo reflete n\u00e3o apenas a ades\u00e3o ao programa, mas tamb\u00e9m o v\u00ednculo constru\u00eddo entre os servidores e a academia, uma vez que muitos participam de mais de uma modalidade.<\/p>\n<p>A maior parte do p\u00fablico atendido \u00e9 composta por mulheres, que representam 259 dos cadastros ativos, enquanto os homens somam 124. A faixa et\u00e1ria predominante \u00e9 a de 30 a 39 anos, seguida pelos grupos de 40 a 49 anos e de 50 a 59 anos, evidenciando que a academia alcan\u00e7a servidores em diferentes momentos da vida profissional, todos em busca de mais sa\u00fade e qualidade de vida.<\/p>\n<p>Ao longo de 2025, a Academia Buriti ofertou 11 modalidades, distribu\u00eddas em 22 turmas regulares, al\u00e9m do uso livre de bicicletas ergom\u00e9tricas. As atividades incluem funcional, boxe, jiu-j\u00edtsu, muay thai, yoga, alongamento, karat\u00ea, tai chi chuan, defesa pessoal, condicionamento f\u00edsico e mobilidade.<\/p>\n<p>Para ampliar o acesso e atender novas demandas, a academia lan\u00e7ou as modalidades Mobilidade e Fortalecimento Muscular e Dan\u00e7a Charme e criou um novo hor\u00e1rio para a pr\u00e1tica de yoga, refor\u00e7ando o compromisso com a diversidade e a inclus\u00e3o.<\/p>\n<p><strong>Alcance em todo o GDF<\/strong><\/p>\n<p>Em 2025, servidores de 54 \u00f3rg\u00e3os do GDF passaram pela Academia Buriti, transformando o espa\u00e7o em um ponto de encontro entre diferentes \u00e1reas do servi\u00e7o p\u00fablico. Participaram servidores das secretaria de Sa\u00fade, de Economia, de Educa\u00e7\u00e3o e de Justi\u00e7a e Cidadania, entre muitos outros \u00f3rg\u00e3os, al\u00e9m de terceirizados.<\/p>\n<p>O servi\u00e7o de bioimped\u00e2ncia tamb\u00e9m se destacou em 2025, ao oferecer um cuidado mais individualizado e preventivo. Foram prestados 329 atendimentos, sendo 240 em mulheres e 89 em homens. Desses, 127 foram retornos, realizados ap\u00f3s tr\u00eas meses, demonstrando o acompanhamento cont\u00ednuo da evolu\u00e7\u00e3o dos participantes. A maior procura concentrou-se na faixa et\u00e1ria de 30 a 39 anos, e o servi\u00e7o alcan\u00e7ou servidores de 53 \u00f3rg\u00e3os do GDF.<\/p>\n<p><strong>Blitz Academia<\/strong><\/p>\n<p>Com foco na preven\u00e7\u00e3o de les\u00f5es, na redu\u00e7\u00e3o do estresse e na melhoria da qualidade de vida, a Blitz Academia Buriti realizou 47 atendimentos de gin\u00e1stica laboral em \u00f3rg\u00e3os do GDF ao longo de 2025. As a\u00e7\u00f5es levaram movimento, alongamento e bem-estar para dentro dos ambientes de trabalho.<\/p>\n<p>A Blitz Academia Buriti Itinerante tamb\u00e9m avan\u00e7ou no formato digital, com a produ\u00e7\u00e3o de v\u00eddeos de gin\u00e1stica laboral disponibilizados nas redes internas dos \u00f3rg\u00e3os, permitindo que os servidores acessem os exerc\u00edcios no melhor hor\u00e1rio da rotina.<\/p>\n<p><strong>Projeto Corpo &amp; Mente<\/strong><\/p>\n<p>Entre as iniciativas inovadoras do ano, o projeto-piloto Gest\u00e3o por Resultados: Corpo &amp; Mente se destacou por promover a sa\u00fade de forma integrada. A a\u00e7\u00e3o reuniu atividade f\u00edsica, acompanhamento nutricional, suporte psicol\u00f3gico e aten\u00e7\u00e3o cardiovascular.<\/p>\n<p>Em 2025, a Academia Buriti tamb\u00e9m investiu na melhoria da sua infraestrutura, com a aquisi\u00e7\u00e3o de novos equipamentos esportivos e itens de apoio, como halteres, bolas, el\u00e1sticos, cones, geladeira e microondas.<\/p>\n","protected":false},"excerpt":{"rendered":"<p>Mais do que um espa\u00e7o para a pr\u00e1tica de atividades f\u00edsicas, a Academia Buriti se firmou, em 2025, como um ambiente de cuidado, acolhimento e promo\u00e7\u00e3o da sa\u00fade integral dos servidores do Governo do Distrito Federal (GDF). Ao encerrar o ano com um balan\u00e7o amplamente positivo, a iniciativa reafirma seu papel estrat\u00e9gico na valoriza\u00e7\u00e3o deste [&hellip;]<\/p>\n","protected":false},"author":21,"featured_media":378501,"comment_status":"closed","ping_status":"closed","sticky":false,"template":"","format":"standard","meta":{"_acf_changed":false,"footnotes":""},"categories":[161],"tags":[],"class_list":["post-378499","post","type-post","status-publish","format-standard","has-post-thumbnail","hentry","category-quadradinho-em-foco"],"acf":[],"yoast_head":"<!-- This site is optimized with the Yoast SEO plugin v27.2 - https:\/\/yoast.com\/product\/yoast-seo-wordpress\/ -->\n<title>Academia Buriti amplia impacto positivo na sa\u00fade dos servidores - Notibras<\/title>\n<meta name=\"robots\" content=\"index, follow, max-snippet:-1, max-image-preview:large, max-video-preview:-1\" \/>\n<link rel=\"canonical\" href=\"https:\/\/www.notibras.com\/site\/academia-buriti-amplia-impacto-positivo-na-saude-dos-servidores\/\" \/>\n<meta property=\"og:locale\" content=\"pt_BR\" \/>\n<meta property=\"og:type\" content=\"article\" \/>\n<meta property=\"og:title\" content=\"Academia Buriti amplia impacto positivo na sa\u00fade dos servidores - Notibras\" \/>\n<meta property=\"og:description\" content=\"Mais do que um espa\u00e7o para a pr\u00e1tica de atividades f\u00edsicas, a Academia Buriti se firmou, em 2025, como um ambiente de cuidado, acolhimento e promo\u00e7\u00e3o da sa\u00fade integral dos servidores do Governo do Distrito Federal (GDF). Ao encerrar o ano com um balan\u00e7o amplamente positivo, a iniciativa reafirma seu papel estrat\u00e9gico na valoriza\u00e7\u00e3o deste [&hellip;]\" \/>\n<meta property=\"og:url\" content=\"https:\/\/www.notibras.com\/site\/academia-buriti-amplia-impacto-positivo-na-saude-dos-servidores\/\" \/>\n<meta property=\"og:site_name\" content=\"Notibras\" \/>\n<meta property=\"article:publisher\" content=\"https:\/\/www.facebook.com\/notibras\/\" \/>\n<meta property=\"article:published_time\" content=\"2026-01-11T03:30:20+00:00\" \/>\n<meta property=\"og:image\" content=\"https:\/\/www.notibras.com\/site\/wp-content\/uploads\/2026\/01\/WhatsApp-Image-2026-01-09-at-10.57.41.jpeg\" \/>\n\t<meta property=\"og:image:width\" content=\"1200\" \/>\n\t<meta property=\"og:image:height\" content=\"964\" \/>\n\t<meta property=\"og:image:type\" content=\"image\/jpeg\" \/>\n<meta name=\"author\" content=\"Eduardo Mart\u00ednez\" \/>\n<meta name=\"twitter:card\" content=\"summary_large_image\" \/>\n<meta name=\"twitter:creator\" content=\"@Notibras\" \/>\n<meta name=\"twitter:site\" content=\"@Notibras\" \/>\n<meta name=\"twitter:label1\" content=\"Escrito por\" \/>\n\t<meta name=\"twitter:data1\" content=\"Eduardo Mart\u00ednez\" \/>\n\t<meta name=\"twitter:label2\" content=\"Est. tempo de leitura\" \/>\n\t<meta name=\"twitter:data2\" content=\"5 minutos\" \/>\n<script type=\"application\/ld+json\" class=\"yoast-schema-graph\">{\"@context\":\"https:\/\/schema.org\",\"@graph\":[{\"@type\":\"Article\",\"@id\":\"https:\/\/www.notibras.com\/site\/academia-buriti-amplia-impacto-positivo-na-saude-dos-servidores\/#article\",\"isPartOf\":{\"@id\":\"https:\/\/www.notibras.com\/site\/academia-buriti-amplia-impacto-positivo-na-saude-dos-servidores\/\"},\"author\":{\"name\":\"Eduardo Mart\u00ednez\",\"@id\":\"https:\/\/www.notibras.com\/site\/#\/schema\/person\/5b7fabf2aedc3ada2105f03b22b4d3dd\"},\"headline\":\"Academia Buriti amplia impacto positivo na sa\u00fade dos servidores\",\"datePublished\":\"2026-01-11T03:30:20+00:00\",\"mainEntityOfPage\":{\"@id\":\"https:\/\/www.notibras.com\/site\/academia-buriti-amplia-impacto-positivo-na-saude-dos-servidores\/\"},\"wordCount\":814,\"publisher\":{\"@id\":\"https:\/\/www.notibras.com\/site\/#organization\"},\"image\":{\"@id\":\"https:\/\/www.notibras.com\/site\/academia-buriti-amplia-impacto-positivo-na-saude-dos-servidores\/#primaryimage\"},\"thumbnailUrl\":\"https:\/\/www.notibras.com\/site\/wp-content\/uploads\/2026\/01\/WhatsApp-Image-2026-01-09-at-10.57.41.jpeg\",\"articleSection\":[\"Quadradinho em Foco\"],\"inLanguage\":\"pt-BR\"},{\"@type\":\"WebPage\",\"@id\":\"https:\/\/www.notibras.com\/site\/academia-buriti-amplia-impacto-positivo-na-saude-dos-servidores\/\",\"url\":\"https:\/\/www.notibras.com\/site\/academia-buriti-amplia-impacto-positivo-na-saude-dos-servidores\/\",\"name\":\"Academia Buriti amplia impacto positivo na sa\u00fade dos servidores - Notibras\",\"isPartOf\":{\"@id\":\"https:\/\/www.notibras.com\/site\/#website\"},\"primaryImageOfPage\":{\"@id\":\"https:\/\/www.notibras.com\/site\/academia-buriti-amplia-impacto-positivo-na-saude-dos-servidores\/#primaryimage\"},\"image\":{\"@id\":\"https:\/\/www.notibras.com\/site\/academia-buriti-amplia-impacto-positivo-na-saude-dos-servidores\/#primaryimage\"},\"thumbnailUrl\":\"https:\/\/www.notibras.com\/site\/wp-content\/uploads\/2026\/01\/WhatsApp-Image-2026-01-09-at-10.57.41.jpeg\",\"datePublished\":\"2026-01-11T03:30:20+00:00\",\"breadcrumb\":{\"@id\":\"https:\/\/www.notibras.com\/site\/academia-buriti-amplia-impacto-positivo-na-saude-dos-servidores\/#breadcrumb\"},\"inLanguage\":\"pt-BR\",\"potentialAction\":[{\"@type\":\"ReadAction\",\"target\":[\"https:\/\/www.notibras.com\/site\/academia-buriti-amplia-impacto-positivo-na-saude-dos-servidores\/\"]}]},{\"@type\":\"ImageObject\",\"inLanguage\":\"pt-BR\",\"@id\":\"https:\/\/www.notibras.com\/site\/academia-buriti-amplia-impacto-positivo-na-saude-dos-servidores\/#primaryimage\",\"url\":\"https:\/\/www.notibras.com\/site\/wp-content\/uploads\/2026\/01\/WhatsApp-Image-2026-01-09-at-10.57.41.jpeg\",\"contentUrl\":\"https:\/\/www.notibras.com\/site\/wp-content\/uploads\/2026\/01\/WhatsApp-Image-2026-01-09-at-10.57.41.jpeg\",\"width\":1200,\"height\":964},{\"@type\":\"BreadcrumbList\",\"@id\":\"https:\/\/www.notibras.com\/site\/academia-buriti-amplia-impacto-positivo-na-saude-dos-servidores\/#breadcrumb\",\"itemListElement\":[{\"@type\":\"ListItem\",\"position\":1,\"name\":\"In\u00edcio\",\"item\":\"https:\/\/www.notibras.com\/site\/\"},{\"@type\":\"ListItem\",\"position\":2,\"name\":\"Academia Buriti amplia impacto positivo na sa\u00fade dos servidores\"}]},{\"@type\":\"WebSite\",\"@id\":\"https:\/\/www.notibras.com\/site\/#website\",\"url\":\"https:\/\/www.notibras.com\/site\/\",\"name\":\"Notibras\",\"description\":\"Not\u00edcias de Bras\u00edlia, do Brasil e do Mundo\",\"publisher\":{\"@id\":\"https:\/\/www.notibras.com\/site\/#organization\"},\"potentialAction\":[{\"@type\":\"SearchAction\",\"target\":{\"@type\":\"EntryPoint\",\"urlTemplate\":\"https:\/\/www.notibras.com\/site\/?s={search_term_string}\"},\"query-input\":{\"@type\":\"PropertyValueSpecification\",\"valueRequired\":true,\"valueName\":\"search_term_string\"}}],\"inLanguage\":\"pt-BR\"},{\"@type\":\"Organization\",\"@id\":\"https:\/\/www.notibras.com\/site\/#organization\",\"name\":\"Grupo Notibras de Comunica\u00e7\u00e3o\",\"url\":\"https:\/\/www.notibras.com\/site\/\",\"logo\":{\"@type\":\"ImageObject\",\"inLanguage\":\"pt-BR\",\"@id\":\"https:\/\/www.notibras.com\/site\/#\/schema\/logo\/image\/\",\"url\":\"https:\/\/www.notibras.com\/site\/wp-content\/uploads\/2023\/01\/notibras23.png\",\"contentUrl\":\"https:\/\/www.notibras.com\/site\/wp-content\/uploads\/2023\/01\/notibras23.png\",\"width\":350,\"height\":87,\"caption\":\"Grupo Notibras de Comunica\u00e7\u00e3o\"},\"image\":{\"@id\":\"https:\/\/www.notibras.com\/site\/#\/schema\/logo\/image\/\"},\"sameAs\":[\"https:\/\/www.facebook.com\/notibras\/\",\"https:\/\/x.com\/Notibras\",\"https:\/\/www.instagram.com\/notibras\/\"]},{\"@type\":\"Person\",\"@id\":\"https:\/\/www.notibras.com\/site\/#\/schema\/person\/5b7fabf2aedc3ada2105f03b22b4d3dd\",\"name\":\"Eduardo Mart\u00ednez\",\"image\":{\"@type\":\"ImageObject\",\"inLanguage\":\"pt-BR\",\"@id\":\"https:\/\/secure.gravatar.com\/avatar\/7902f906289926289cbcda644b5197c796b893c6ffd7b9a536a42d290f7704a0?s=96&d=mm&r=g\",\"url\":\"https:\/\/secure.gravatar.com\/avatar\/7902f906289926289cbcda644b5197c796b893c6ffd7b9a536a42d290f7704a0?s=96&d=mm&r=g\",\"contentUrl\":\"https:\/\/secure.gravatar.com\/avatar\/7902f906289926289cbcda644b5197c796b893c6ffd7b9a536a42d290f7704a0?s=96&d=mm&r=g\",\"caption\":\"Eduardo Mart\u00ednez\"}}]}<\/script>\n<!-- \/ Yoast SEO plugin. -->","yoast_head_json":{"title":"Academia Buriti amplia impacto positivo na sa\u00fade dos servidores - Notibras","robots":{"index":"index","follow":"follow","max-snippet":"max-snippet:-1","max-image-preview":"max-image-preview:large","max-video-preview":"max-video-preview:-1"},"canonical":"https:\/\/www.notibras.com\/site\/academia-buriti-amplia-impacto-positivo-na-saude-dos-servidores\/","og_locale":"pt_BR","og_type":"article","og_title":"Academia Buriti amplia impacto positivo na sa\u00fade dos servidores - Notibras","og_description":"Mais do que um espa\u00e7o para a pr\u00e1tica de atividades f\u00edsicas, a Academia Buriti se firmou, em 2025, como um ambiente de cuidado, acolhimento e promo\u00e7\u00e3o da sa\u00fade integral dos servidores do Governo do Distrito Federal (GDF). Ao encerrar o ano com um balan\u00e7o amplamente positivo, a iniciativa reafirma seu papel estrat\u00e9gico na valoriza\u00e7\u00e3o deste [&hellip;]","og_url":"https:\/\/www.notibras.com\/site\/academia-buriti-amplia-impacto-positivo-na-saude-dos-servidores\/","og_site_name":"Notibras","article_publisher":"https:\/\/www.facebook.com\/notibras\/","article_published_time":"2026-01-11T03:30:20+00:00","og_image":[{"width":1200,"height":964,"url":"https:\/\/www.notibras.com\/site\/wp-content\/uploads\/2026\/01\/WhatsApp-Image-2026-01-09-at-10.57.41.jpeg","type":"image\/jpeg"}],"author":"Eduardo Mart\u00ednez","twitter_card":"summary_large_image","twitter_creator":"@Notibras","twitter_site":"@Notibras","twitter_misc":{"Escrito por":"Eduardo Mart\u00ednez","Est. tempo de leitura":"5 minutos"},"schema":{"@context":"https:\/\/schema.org","@graph":[{"@type":"Article","@id":"https:\/\/www.notibras.com\/site\/academia-buriti-amplia-impacto-positivo-na-saude-dos-servidores\/#article","isPartOf":{"@id":"https:\/\/www.notibras.com\/site\/academia-buriti-amplia-impacto-positivo-na-saude-dos-servidores\/"},"author":{"name":"Eduardo Mart\u00ednez","@id":"https:\/\/www.notibras.com\/site\/#\/schema\/person\/5b7fabf2aedc3ada2105f03b22b4d3dd"},"headline":"Academia Buriti amplia impacto positivo na sa\u00fade dos servidores","datePublished":"2026-01-11T03:30:20+00:00","mainEntityOfPage":{"@id":"https:\/\/www.notibras.com\/site\/academia-buriti-amplia-impacto-positivo-na-saude-dos-servidores\/"},"wordCount":814,"publisher":{"@id":"https:\/\/www.notibras.com\/site\/#organization"},"image":{"@id":"https:\/\/www.notibras.com\/site\/academia-buriti-amplia-impacto-positivo-na-saude-dos-servidores\/#primaryimage"},"thumbnailUrl":"https:\/\/www.notibras.com\/site\/wp-content\/uploads\/2026\/01\/WhatsApp-Image-2026-01-09-at-10.57.41.jpeg","articleSection":["Quadradinho em Foco"],"inLanguage":"pt-BR"},{"@type":"WebPage","@id":"https:\/\/www.notibras.com\/site\/academia-buriti-amplia-impacto-positivo-na-saude-dos-servidores\/","url":"https:\/\/www.notibras.com\/site\/academia-buriti-amplia-impacto-positivo-na-saude-dos-servidores\/","name":"Academia Buriti amplia impacto positivo na sa\u00fade dos servidores - Notibras","isPartOf":{"@id":"https:\/\/www.notibras.com\/site\/#website"},"primaryImageOfPage":{"@id":"https:\/\/www.notibras.com\/site\/academia-buriti-amplia-impacto-positivo-na-saude-dos-servidores\/#primaryimage"},"image":{"@id":"https:\/\/www.notibras.com\/site\/academia-buriti-amplia-impacto-positivo-na-saude-dos-servidores\/#primaryimage"},"thumbnailUrl":"https:\/\/www.notibras.com\/site\/wp-content\/uploads\/2026\/01\/WhatsApp-Image-2026-01-09-at-10.57.41.jpeg","datePublished":"2026-01-11T03:30:20+00:00","breadcrumb":{"@id":"https:\/\/www.notibras.com\/site\/academia-buriti-amplia-impacto-positivo-na-saude-dos-servidores\/#breadcrumb"},"inLanguage":"pt-BR","potentialAction":[{"@type":"ReadAction","target":["https:\/\/www.notibras.com\/site\/academia-buriti-amplia-impacto-positivo-na-saude-dos-servidores\/"]}]},{"@type":"ImageObject","inLanguage":"pt-BR","@id":"https:\/\/www.notibras.com\/site\/academia-buriti-amplia-impacto-positivo-na-saude-dos-servidores\/#primaryimage","url":"https:\/\/www.notibras.com\/site\/wp-content\/uploads\/2026\/01\/WhatsApp-Image-2026-01-09-at-10.57.41.jpeg","contentUrl":"https:\/\/www.notibras.com\/site\/wp-content\/uploads\/2026\/01\/WhatsApp-Image-2026-01-09-at-10.57.41.jpeg","width":1200,"height":964},{"@type":"BreadcrumbList","@id":"https:\/\/www.notibras.com\/site\/academia-buriti-amplia-impacto-positivo-na-saude-dos-servidores\/#breadcrumb","itemListElement":[{"@type":"ListItem","position":1,"name":"In\u00edcio","item":"https:\/\/www.notibras.com\/site\/"},{"@type":"ListItem","position":2,"name":"Academia Buriti amplia impacto positivo na sa\u00fade dos servidores"}]},{"@type":"WebSite","@id":"https:\/\/www.notibras.com\/site\/#website","url":"https:\/\/www.notibras.com\/site\/","name":"Notibras","description":"Not\u00edcias de Bras\u00edlia, do Brasil e do Mundo","publisher":{"@id":"https:\/\/www.notibras.com\/site\/#organization"},"potentialAction":[{"@type":"SearchAction","target":{"@type":"EntryPoint","urlTemplate":"https:\/\/www.notibras.com\/site\/?s={search_term_string}"},"query-input":{"@type":"PropertyValueSpecification","valueRequired":true,"valueName":"search_term_string"}}],"inLanguage":"pt-BR"},{"@type":"Organization","@id":"https:\/\/www.notibras.com\/site\/#organization","name":"Grupo Notibras de Comunica\u00e7\u00e3o","url":"https:\/\/www.notibras.com\/site\/","logo":{"@type":"ImageObject","inLanguage":"pt-BR","@id":"https:\/\/www.notibras.com\/site\/#\/schema\/logo\/image\/","url":"https:\/\/www.notibras.com\/site\/wp-content\/uploads\/2023\/01\/notibras23.png","contentUrl":"https:\/\/www.notibras.com\/site\/wp-content\/uploads\/2023\/01\/notibras23.png","width":350,"height":87,"caption":"Grupo Notibras de Comunica\u00e7\u00e3o"},"image":{"@id":"https:\/\/www.notibras.com\/site\/#\/schema\/logo\/image\/"},"sameAs":["https:\/\/www.facebook.com\/notibras\/","https:\/\/x.com\/Notibras","https:\/\/www.instagram.com\/notibras\/"]},{"@type":"Person","@id":"https:\/\/www.notibras.com\/site\/#\/schema\/person\/5b7fabf2aedc3ada2105f03b22b4d3dd","name":"Eduardo Mart\u00ednez","image":{"@type":"ImageObject","inLanguage":"pt-BR","@id":"https:\/\/secure.gravatar.com\/avatar\/7902f906289926289cbcda644b5197c796b893c6ffd7b9a536a42d290f7704a0?s=96&d=mm&r=g","url":"https:\/\/secure.gravatar.com\/avatar\/7902f906289926289cbcda644b5197c796b893c6ffd7b9a536a42d290f7704a0?s=96&d=mm&r=g","contentUrl":"https:\/\/secure.gravatar.com\/avatar\/7902f906289926289cbcda644b5197c796b893c6ffd7b9a536a42d290f7704a0?s=96&d=mm&r=g","caption":"Eduardo Mart\u00ednez"}}]}},"amp_enabled":true,"_links":{"self":[{"href":"https:\/\/www.notibras.com\/site\/wp-json\/wp\/v2\/posts\/378499","targetHints":{"allow":["GET"]}}],"collection":[{"href":"https:\/\/www.notibras.com\/site\/wp-json\/wp\/v2\/posts"}],"about":[{"href":"https:\/\/www.notibras.com\/site\/wp-json\/wp\/v2\/types\/post"}],"author":[{"embeddable":true,"href":"https:\/\/www.notibras.com\/site\/wp-json\/wp\/v2\/users\/21"}],"replies":[{"embeddable":true,"href":"https:\/\/www.notibras.com\/site\/wp-json\/wp\/v2\/comments?post=378499"}],"version-history":[{"count":3,"href":"https:\/\/www.notibras.com\/site\/wp-json\/wp\/v2\/posts\/378499\/revisions"}],"predecessor-version":[{"id":378503,"href":"https:\/\/www.notibras.com\/site\/wp-json\/wp\/v2\/posts\/378499\/revisions\/378503"}],"wp:featuredmedia":[{"embeddable":true,"href":"https:\/\/www.notibras.com\/site\/wp-json\/wp\/v2\/media\/378501"}],"wp:attachment":[{"href":"https:\/\/www.notibras.com\/site\/wp-json\/wp\/v2\/media?parent=378499"}],"wp:term":[{"taxonomy":"category","embeddable":true,"href":"https:\/\/www.notibras.com\/site\/wp-json\/wp\/v2\/categories?post=378499"},{"taxonomy":"post_tag","embeddable":true,"href":"https:\/\/www.notibras.com\/site\/wp-json\/wp\/v2\/tags?post=378499"}],"curies":[{"name":"wp","href":"https:\/\/api.w.org\/{rel}","templated":true}]}}