{"id":378504,"date":"2026-01-11T00:45:30","date_gmt":"2026-01-11T03:45:30","guid":{"rendered":"https:\/\/www.notibras.com\/site\/?p=378504"},"modified":"2026-01-11T00:10:04","modified_gmt":"2026-01-11T03:10:04","slug":"audiencia-publica-discutira-regularizacao-de-equipamentos-publicos","status":"publish","type":"post","link":"https:\/\/www.notibras.com\/site\/audiencia-publica-discutira-regularizacao-de-equipamentos-publicos\/","title":{"rendered":"Audi\u00eancia p\u00fablica discutir\u00e1 regulariza\u00e7\u00e3o de equipamentos p\u00fablicos"},"content":{"rendered":"<p>A Secretaria de Desenvolvimento Urbano e Habita\u00e7\u00e3o do Distrito Federal (Seduh) convoca a popula\u00e7\u00e3o, especialmente moradores de Ceil\u00e2ndia e Taguatinga, para participar de audi\u00eancia p\u00fablica virtual que ir\u00e1 apresentar e debater propostas de cria\u00e7\u00e3o e amplia\u00e7\u00e3o de lotes destinados \u00e0 regulariza\u00e7\u00e3o de equipamentos p\u00fablicos nessas regi\u00f5es administrativas.<\/p>\n<p>O encontro ser\u00e1 realizado no dia 10 de fevereiro, a partir das 19h30, por meio da <a href=\"https:\/\/us02web.zoom.us\/j\/83261226828?pwd=frlX4loGiDHzwbszF7bSkzs5KkRw5W.1#success\">plataforma Zoom<\/a>. O aviso de convoca\u00e7\u00e3o foi publicado no <a href=\"https:\/\/www.agenciabrasilia.df.gov.br\/documents\/d\/guest\/seduh-pdf-5\">Di\u00e1rio Oficial do Distrito Federal (DODF)<\/a> nesta sexta-feira (9).<\/p>\n<p>A audi\u00eancia atende ao que determina a Lei n\u00ba 5.081\/2013, que regulamenta a realiza\u00e7\u00e3o de audi\u00eancias p\u00fablicas sobre mat\u00e9rias urban\u00edsticas e ambientais no DF, e tem como objetivo fortalecer a participa\u00e7\u00e3o social nas decis\u00f5es relacionadas ao ordenamento urbano.<\/p>\n<p>Durante a reuni\u00e3o, ser\u00e3o apresentadas propostas referentes \u00e0 amplia\u00e7\u00e3o do lote da Escola Classe 64 de Ceil\u00e2ndia, localizada na EQNM 17\/19; \u00e0 amplia\u00e7\u00e3o do lote do F\u00f3rum de Ceil\u00e2ndia, na QNM 11, Setor M Norte; \u00e0 cria\u00e7\u00e3o de lote para regulariza\u00e7\u00e3o da \u00e1rea ocupada pelo N\u00facleo de Vigil\u00e2ncia Ambiental de Ceil\u00e2ndia, na EQNN 05\/07, Setor N Norte; e \u00e0 amplia\u00e7\u00e3o do lote do Centro de Ensino Fundamental 08 de Taguatinga, situado na QNA 52, Setor A Norte.<\/p>\n<p><strong>Detalhamento das propostas<\/strong><\/p>\n<p>Tr\u00eas dos equipamentos p\u00fablicos inclu\u00eddos na audi\u00eancia est\u00e3o localizados em Ceil\u00e2ndia. No caso da Escola Classe 64, a proposta prev\u00ea a incorpora\u00e7\u00e3o de 1.488,50 m\u00b2 de \u00e1rea p\u00fablica ao terreno da unidade, ampliando o lote de 7.560,00 m\u00b2 para 9.048,50 m\u00b2. A medida permitir\u00e1 a constru\u00e7\u00e3o da cobertura da quadra poliesportiva.<\/p>\n<p>Para o F\u00f3rum Desembargador Jos\u00e9 Manoel Coelho, a proposta contempla a incorpora\u00e7\u00e3o de aproximadamente 4.321,76 m\u00b2 de \u00e1rea p\u00fablica vizinha, utilizada h\u00e1 mais de dez anos como estacionamento. Com a amplia\u00e7\u00e3o, o lote passar\u00e1 de 21.115,24 m\u00b2 para cerca de 25.437,00 m\u00b2, garantindo seguran\u00e7a aos magistrados e adequa\u00e7\u00e3o \u00e0s normas urban\u00edsticas, de acessibilidade e mobilidade.<\/p>\n<p>Ainda em Ceil\u00e2ndia, est\u00e1 prevista a destina\u00e7\u00e3o de cerca de 2.280,00 m\u00b2 de \u00e1rea p\u00fablica, na EQNN 05\/07, Setor N Norte, para a cria\u00e7\u00e3o de lote destinado \u00e0 regulariza\u00e7\u00e3o do N\u00facleo Regional de Vigil\u00e2ncia Ambiental de Ceil\u00e2ndia. A iniciativa busca desenvolver e fortalecer as atividades de controle e prote\u00e7\u00e3o contra riscos ambientais que podem ocasionar doen\u00e7as \u00e0 popula\u00e7\u00e3o das regi\u00f5es de Ceil\u00e2ndia e P\u00f4r do Sol\/Sol Nascente, al\u00e9m de contribuir para a redu\u00e7\u00e3o de \u00e1reas de inseguran\u00e7a no entorno.<\/p>\n<p>A audi\u00eancia p\u00fablica virtual tamb\u00e9m abordar\u00e1 a amplia\u00e7\u00e3o do lote para regulariza\u00e7\u00e3o do Centro de Ensino Fundamental 08 de Taguatinga, localizado na QNA 52. A proposta prev\u00ea a incorpora\u00e7\u00e3o de 550,00 m\u00b2 de \u00e1rea p\u00fablica ao terreno da escola, ampliando o lote para 5.950,00 m\u00b2, conforme as diretrizes da Seduh. Constru\u00edda em 1974, a unidade atende atualmente cerca de 900 estudantes.<\/p>\n<p>Todos os documentos t\u00e9cnicos e informa\u00e7\u00f5es que embasam o debate est\u00e3o dispon\u00edveis no site da Seduh, na <a href=\"https:\/\/www.seduh.df.gov.br\/category\/audiencias-publicas\">aba Audi\u00eancias P\u00fablicas<\/a>.<\/p>\n<p><strong>Pr\u00f3ximos passos<\/strong><\/p>\n<p>Ap\u00f3s a audi\u00eancia, a equipe t\u00e9cnica da Seduh analisar\u00e1 as contribui\u00e7\u00f5es apresentadas pela popula\u00e7\u00e3o e realizar\u00e1 os ajustes necess\u00e1rios nas propostas. Em seguida, ser\u00e1 elaborada minuta de projeto de lei (PL) para desafeta\u00e7\u00e3o de \u00e1reas p\u00fablicas, que ser\u00e1 encaminhada para aprecia\u00e7\u00e3o da C\u00e2mara Legislativa do Distrito Federal (CLDF) e, posteriormente, para san\u00e7\u00e3o do governador.<\/p>\n","protected":false},"excerpt":{"rendered":"<p>A Secretaria de Desenvolvimento Urbano e Habita\u00e7\u00e3o do Distrito Federal (Seduh) convoca a popula\u00e7\u00e3o, especialmente moradores de Ceil\u00e2ndia e Taguatinga, para participar de audi\u00eancia p\u00fablica virtual que ir\u00e1 apresentar e debater propostas de cria\u00e7\u00e3o e amplia\u00e7\u00e3o de lotes destinados \u00e0 regulariza\u00e7\u00e3o de equipamentos p\u00fablicos nessas regi\u00f5es administrativas. O encontro ser\u00e1 realizado no dia 10 de [&hellip;]<\/p>\n","protected":false},"author":21,"featured_media":378505,"comment_status":"closed","ping_status":"closed","sticky":false,"template":"","format":"standard","meta":{"_acf_changed":false,"footnotes":""},"categories":[161],"tags":[],"class_list":["post-378504","post","type-post","status-publish","format-standard","has-post-thumbnail","hentry","category-quadradinho-em-foco"],"acf":[],"yoast_head":"<!-- This site is optimized with the Yoast SEO plugin v27.2 - https:\/\/yoast.com\/product\/yoast-seo-wordpress\/ -->\n<title>Audi\u00eancia p\u00fablica discutir\u00e1 regulariza\u00e7\u00e3o de equipamentos p\u00fablicos - Notibras<\/title>\n<meta name=\"robots\" content=\"index, follow, max-snippet:-1, max-image-preview:large, max-video-preview:-1\" \/>\n<link rel=\"canonical\" href=\"https:\/\/www.notibras.com\/site\/audiencia-publica-discutira-regularizacao-de-equipamentos-publicos\/\" \/>\n<meta property=\"og:locale\" content=\"pt_BR\" \/>\n<meta property=\"og:type\" content=\"article\" \/>\n<meta property=\"og:title\" content=\"Audi\u00eancia p\u00fablica discutir\u00e1 regulariza\u00e7\u00e3o de equipamentos p\u00fablicos - Notibras\" \/>\n<meta property=\"og:description\" content=\"A Secretaria de Desenvolvimento Urbano e Habita\u00e7\u00e3o do Distrito Federal (Seduh) convoca a popula\u00e7\u00e3o, especialmente moradores de Ceil\u00e2ndia e Taguatinga, para participar de audi\u00eancia p\u00fablica virtual que ir\u00e1 apresentar e debater propostas de cria\u00e7\u00e3o e amplia\u00e7\u00e3o de lotes destinados \u00e0 regulariza\u00e7\u00e3o de equipamentos p\u00fablicos nessas regi\u00f5es administrativas. O encontro ser\u00e1 realizado no dia 10 de [&hellip;]\" \/>\n<meta property=\"og:url\" content=\"https:\/\/www.notibras.com\/site\/audiencia-publica-discutira-regularizacao-de-equipamentos-publicos\/\" \/>\n<meta property=\"og:site_name\" content=\"Notibras\" \/>\n<meta property=\"article:publisher\" content=\"https:\/\/www.facebook.com\/notibras\/\" \/>\n<meta property=\"article:published_time\" content=\"2026-01-11T03:45:30+00:00\" \/>\n<meta property=\"og:image\" content=\"https:\/\/www.notibras.com\/site\/wp-content\/uploads\/2026\/01\/Interna-2-Audiencia-virtual-discutira-ampliacao-e-regularizacao-de-equipamentos-publicos-em-Ceilandia-e-Taguatinga.png\" \/>\n\t<meta property=\"og:image:width\" content=\"741\" \/>\n\t<meta property=\"og:image:height\" content=\"494\" \/>\n\t<meta property=\"og:image:type\" content=\"image\/png\" \/>\n<meta name=\"author\" content=\"Eduardo Mart\u00ednez\" \/>\n<meta name=\"twitter:card\" content=\"summary_large_image\" \/>\n<meta name=\"twitter:creator\" content=\"@Notibras\" \/>\n<meta name=\"twitter:site\" content=\"@Notibras\" \/>\n<meta name=\"twitter:label1\" content=\"Escrito por\" \/>\n\t<meta name=\"twitter:data1\" content=\"Eduardo Mart\u00ednez\" \/>\n\t<meta name=\"twitter:label2\" content=\"Est. tempo de leitura\" \/>\n\t<meta name=\"twitter:data2\" content=\"4 minutos\" \/>\n<script type=\"application\/ld+json\" class=\"yoast-schema-graph\">{\"@context\":\"https:\/\/schema.org\",\"@graph\":[{\"@type\":\"Article\",\"@id\":\"https:\/\/www.notibras.com\/site\/audiencia-publica-discutira-regularizacao-de-equipamentos-publicos\/#article\",\"isPartOf\":{\"@id\":\"https:\/\/www.notibras.com\/site\/audiencia-publica-discutira-regularizacao-de-equipamentos-publicos\/\"},\"author\":{\"name\":\"Eduardo Mart\u00ednez\",\"@id\":\"https:\/\/www.notibras.com\/site\/#\/schema\/person\/5b7fabf2aedc3ada2105f03b22b4d3dd\"},\"headline\":\"Audi\u00eancia p\u00fablica discutir\u00e1 regulariza\u00e7\u00e3o de equipamentos p\u00fablicos\",\"datePublished\":\"2026-01-11T03:45:30+00:00\",\"mainEntityOfPage\":{\"@id\":\"https:\/\/www.notibras.com\/site\/audiencia-publica-discutira-regularizacao-de-equipamentos-publicos\/\"},\"wordCount\":594,\"publisher\":{\"@id\":\"https:\/\/www.notibras.com\/site\/#organization\"},\"image\":{\"@id\":\"https:\/\/www.notibras.com\/site\/audiencia-publica-discutira-regularizacao-de-equipamentos-publicos\/#primaryimage\"},\"thumbnailUrl\":\"https:\/\/www.notibras.com\/site\/wp-content\/uploads\/2026\/01\/Interna-2-Audiencia-virtual-discutira-ampliacao-e-regularizacao-de-equipamentos-publicos-em-Ceilandia-e-Taguatinga.png\",\"articleSection\":[\"Quadradinho em Foco\"],\"inLanguage\":\"pt-BR\"},{\"@type\":\"WebPage\",\"@id\":\"https:\/\/www.notibras.com\/site\/audiencia-publica-discutira-regularizacao-de-equipamentos-publicos\/\",\"url\":\"https:\/\/www.notibras.com\/site\/audiencia-publica-discutira-regularizacao-de-equipamentos-publicos\/\",\"name\":\"Audi\u00eancia p\u00fablica discutir\u00e1 regulariza\u00e7\u00e3o de equipamentos p\u00fablicos - Notibras\",\"isPartOf\":{\"@id\":\"https:\/\/www.notibras.com\/site\/#website\"},\"primaryImageOfPage\":{\"@id\":\"https:\/\/www.notibras.com\/site\/audiencia-publica-discutira-regularizacao-de-equipamentos-publicos\/#primaryimage\"},\"image\":{\"@id\":\"https:\/\/www.notibras.com\/site\/audiencia-publica-discutira-regularizacao-de-equipamentos-publicos\/#primaryimage\"},\"thumbnailUrl\":\"https:\/\/www.notibras.com\/site\/wp-content\/uploads\/2026\/01\/Interna-2-Audiencia-virtual-discutira-ampliacao-e-regularizacao-de-equipamentos-publicos-em-Ceilandia-e-Taguatinga.png\",\"datePublished\":\"2026-01-11T03:45:30+00:00\",\"breadcrumb\":{\"@id\":\"https:\/\/www.notibras.com\/site\/audiencia-publica-discutira-regularizacao-de-equipamentos-publicos\/#breadcrumb\"},\"inLanguage\":\"pt-BR\",\"potentialAction\":[{\"@type\":\"ReadAction\",\"target\":[\"https:\/\/www.notibras.com\/site\/audiencia-publica-discutira-regularizacao-de-equipamentos-publicos\/\"]}]},{\"@type\":\"ImageObject\",\"inLanguage\":\"pt-BR\",\"@id\":\"https:\/\/www.notibras.com\/site\/audiencia-publica-discutira-regularizacao-de-equipamentos-publicos\/#primaryimage\",\"url\":\"https:\/\/www.notibras.com\/site\/wp-content\/uploads\/2026\/01\/Interna-2-Audiencia-virtual-discutira-ampliacao-e-regularizacao-de-equipamentos-publicos-em-Ceilandia-e-Taguatinga.png\",\"contentUrl\":\"https:\/\/www.notibras.com\/site\/wp-content\/uploads\/2026\/01\/Interna-2-Audiencia-virtual-discutira-ampliacao-e-regularizacao-de-equipamentos-publicos-em-Ceilandia-e-Taguatinga.png\",\"width\":741,\"height\":494},{\"@type\":\"BreadcrumbList\",\"@id\":\"https:\/\/www.notibras.com\/site\/audiencia-publica-discutira-regularizacao-de-equipamentos-publicos\/#breadcrumb\",\"itemListElement\":[{\"@type\":\"ListItem\",\"position\":1,\"name\":\"In\u00edcio\",\"item\":\"https:\/\/www.notibras.com\/site\/\"},{\"@type\":\"ListItem\",\"position\":2,\"name\":\"Audi\u00eancia p\u00fablica discutir\u00e1 regulariza\u00e7\u00e3o de equipamentos p\u00fablicos\"}]},{\"@type\":\"WebSite\",\"@id\":\"https:\/\/www.notibras.com\/site\/#website\",\"url\":\"https:\/\/www.notibras.com\/site\/\",\"name\":\"Notibras\",\"description\":\"Not\u00edcias de Bras\u00edlia, do Brasil e do Mundo\",\"publisher\":{\"@id\":\"https:\/\/www.notibras.com\/site\/#organization\"},\"potentialAction\":[{\"@type\":\"SearchAction\",\"target\":{\"@type\":\"EntryPoint\",\"urlTemplate\":\"https:\/\/www.notibras.com\/site\/?s={search_term_string}\"},\"query-input\":{\"@type\":\"PropertyValueSpecification\",\"valueRequired\":true,\"valueName\":\"search_term_string\"}}],\"inLanguage\":\"pt-BR\"},{\"@type\":\"Organization\",\"@id\":\"https:\/\/www.notibras.com\/site\/#organization\",\"name\":\"Grupo Notibras de Comunica\u00e7\u00e3o\",\"url\":\"https:\/\/www.notibras.com\/site\/\",\"logo\":{\"@type\":\"ImageObject\",\"inLanguage\":\"pt-BR\",\"@id\":\"https:\/\/www.notibras.com\/site\/#\/schema\/logo\/image\/\",\"url\":\"https:\/\/www.notibras.com\/site\/wp-content\/uploads\/2023\/01\/notibras23.png\",\"contentUrl\":\"https:\/\/www.notibras.com\/site\/wp-content\/uploads\/2023\/01\/notibras23.png\",\"width\":350,\"height\":87,\"caption\":\"Grupo Notibras de Comunica\u00e7\u00e3o\"},\"image\":{\"@id\":\"https:\/\/www.notibras.com\/site\/#\/schema\/logo\/image\/\"},\"sameAs\":[\"https:\/\/www.facebook.com\/notibras\/\",\"https:\/\/x.com\/Notibras\",\"https:\/\/www.instagram.com\/notibras\/\"]},{\"@type\":\"Person\",\"@id\":\"https:\/\/www.notibras.com\/site\/#\/schema\/person\/5b7fabf2aedc3ada2105f03b22b4d3dd\",\"name\":\"Eduardo Mart\u00ednez\",\"image\":{\"@type\":\"ImageObject\",\"inLanguage\":\"pt-BR\",\"@id\":\"https:\/\/secure.gravatar.com\/avatar\/7902f906289926289cbcda644b5197c796b893c6ffd7b9a536a42d290f7704a0?s=96&d=mm&r=g\",\"url\":\"https:\/\/secure.gravatar.com\/avatar\/7902f906289926289cbcda644b5197c796b893c6ffd7b9a536a42d290f7704a0?s=96&d=mm&r=g\",\"contentUrl\":\"https:\/\/secure.gravatar.com\/avatar\/7902f906289926289cbcda644b5197c796b893c6ffd7b9a536a42d290f7704a0?s=96&d=mm&r=g\",\"caption\":\"Eduardo Mart\u00ednez\"}}]}<\/script>\n<!-- \/ Yoast SEO plugin. -->","yoast_head_json":{"title":"Audi\u00eancia p\u00fablica discutir\u00e1 regulariza\u00e7\u00e3o de equipamentos p\u00fablicos - Notibras","robots":{"index":"index","follow":"follow","max-snippet":"max-snippet:-1","max-image-preview":"max-image-preview:large","max-video-preview":"max-video-preview:-1"},"canonical":"https:\/\/www.notibras.com\/site\/audiencia-publica-discutira-regularizacao-de-equipamentos-publicos\/","og_locale":"pt_BR","og_type":"article","og_title":"Audi\u00eancia p\u00fablica discutir\u00e1 regulariza\u00e7\u00e3o de equipamentos p\u00fablicos - Notibras","og_description":"A Secretaria de Desenvolvimento Urbano e Habita\u00e7\u00e3o do Distrito Federal (Seduh) convoca a popula\u00e7\u00e3o, especialmente moradores de Ceil\u00e2ndia e Taguatinga, para participar de audi\u00eancia p\u00fablica virtual que ir\u00e1 apresentar e debater propostas de cria\u00e7\u00e3o e amplia\u00e7\u00e3o de lotes destinados \u00e0 regulariza\u00e7\u00e3o de equipamentos p\u00fablicos nessas regi\u00f5es administrativas. O encontro ser\u00e1 realizado no dia 10 de [&hellip;]","og_url":"https:\/\/www.notibras.com\/site\/audiencia-publica-discutira-regularizacao-de-equipamentos-publicos\/","og_site_name":"Notibras","article_publisher":"https:\/\/www.facebook.com\/notibras\/","article_published_time":"2026-01-11T03:45:30+00:00","og_image":[{"width":741,"height":494,"url":"https:\/\/www.notibras.com\/site\/wp-content\/uploads\/2026\/01\/Interna-2-Audiencia-virtual-discutira-ampliacao-e-regularizacao-de-equipamentos-publicos-em-Ceilandia-e-Taguatinga.png","type":"image\/png"}],"author":"Eduardo Mart\u00ednez","twitter_card":"summary_large_image","twitter_creator":"@Notibras","twitter_site":"@Notibras","twitter_misc":{"Escrito por":"Eduardo Mart\u00ednez","Est. tempo de leitura":"4 minutos"},"schema":{"@context":"https:\/\/schema.org","@graph":[{"@type":"Article","@id":"https:\/\/www.notibras.com\/site\/audiencia-publica-discutira-regularizacao-de-equipamentos-publicos\/#article","isPartOf":{"@id":"https:\/\/www.notibras.com\/site\/audiencia-publica-discutira-regularizacao-de-equipamentos-publicos\/"},"author":{"name":"Eduardo Mart\u00ednez","@id":"https:\/\/www.notibras.com\/site\/#\/schema\/person\/5b7fabf2aedc3ada2105f03b22b4d3dd"},"headline":"Audi\u00eancia p\u00fablica discutir\u00e1 regulariza\u00e7\u00e3o de equipamentos p\u00fablicos","datePublished":"2026-01-11T03:45:30+00:00","mainEntityOfPage":{"@id":"https:\/\/www.notibras.com\/site\/audiencia-publica-discutira-regularizacao-de-equipamentos-publicos\/"},"wordCount":594,"publisher":{"@id":"https:\/\/www.notibras.com\/site\/#organization"},"image":{"@id":"https:\/\/www.notibras.com\/site\/audiencia-publica-discutira-regularizacao-de-equipamentos-publicos\/#primaryimage"},"thumbnailUrl":"https:\/\/www.notibras.com\/site\/wp-content\/uploads\/2026\/01\/Interna-2-Audiencia-virtual-discutira-ampliacao-e-regularizacao-de-equipamentos-publicos-em-Ceilandia-e-Taguatinga.png","articleSection":["Quadradinho em Foco"],"inLanguage":"pt-BR"},{"@type":"WebPage","@id":"https:\/\/www.notibras.com\/site\/audiencia-publica-discutira-regularizacao-de-equipamentos-publicos\/","url":"https:\/\/www.notibras.com\/site\/audiencia-publica-discutira-regularizacao-de-equipamentos-publicos\/","name":"Audi\u00eancia p\u00fablica discutir\u00e1 regulariza\u00e7\u00e3o de equipamentos p\u00fablicos - Notibras","isPartOf":{"@id":"https:\/\/www.notibras.com\/site\/#website"},"primaryImageOfPage":{"@id":"https:\/\/www.notibras.com\/site\/audiencia-publica-discutira-regularizacao-de-equipamentos-publicos\/#primaryimage"},"image":{"@id":"https:\/\/www.notibras.com\/site\/audiencia-publica-discutira-regularizacao-de-equipamentos-publicos\/#primaryimage"},"thumbnailUrl":"https:\/\/www.notibras.com\/site\/wp-content\/uploads\/2026\/01\/Interna-2-Audiencia-virtual-discutira-ampliacao-e-regularizacao-de-equipamentos-publicos-em-Ceilandia-e-Taguatinga.png","datePublished":"2026-01-11T03:45:30+00:00","breadcrumb":{"@id":"https:\/\/www.notibras.com\/site\/audiencia-publica-discutira-regularizacao-de-equipamentos-publicos\/#breadcrumb"},"inLanguage":"pt-BR","potentialAction":[{"@type":"ReadAction","target":["https:\/\/www.notibras.com\/site\/audiencia-publica-discutira-regularizacao-de-equipamentos-publicos\/"]}]},{"@type":"ImageObject","inLanguage":"pt-BR","@id":"https:\/\/www.notibras.com\/site\/audiencia-publica-discutira-regularizacao-de-equipamentos-publicos\/#primaryimage","url":"https:\/\/www.notibras.com\/site\/wp-content\/uploads\/2026\/01\/Interna-2-Audiencia-virtual-discutira-ampliacao-e-regularizacao-de-equipamentos-publicos-em-Ceilandia-e-Taguatinga.png","contentUrl":"https:\/\/www.notibras.com\/site\/wp-content\/uploads\/2026\/01\/Interna-2-Audiencia-virtual-discutira-ampliacao-e-regularizacao-de-equipamentos-publicos-em-Ceilandia-e-Taguatinga.png","width":741,"height":494},{"@type":"BreadcrumbList","@id":"https:\/\/www.notibras.com\/site\/audiencia-publica-discutira-regularizacao-de-equipamentos-publicos\/#breadcrumb","itemListElement":[{"@type":"ListItem","position":1,"name":"In\u00edcio","item":"https:\/\/www.notibras.com\/site\/"},{"@type":"ListItem","position":2,"name":"Audi\u00eancia p\u00fablica discutir\u00e1 regulariza\u00e7\u00e3o de equipamentos p\u00fablicos"}]},{"@type":"WebSite","@id":"https:\/\/www.notibras.com\/site\/#website","url":"https:\/\/www.notibras.com\/site\/","name":"Notibras","description":"Not\u00edcias de Bras\u00edlia, do Brasil e do Mundo","publisher":{"@id":"https:\/\/www.notibras.com\/site\/#organization"},"potentialAction":[{"@type":"SearchAction","target":{"@type":"EntryPoint","urlTemplate":"https:\/\/www.notibras.com\/site\/?s={search_term_string}"},"query-input":{"@type":"PropertyValueSpecification","valueRequired":true,"valueName":"search_term_string"}}],"inLanguage":"pt-BR"},{"@type":"Organization","@id":"https:\/\/www.notibras.com\/site\/#organization","name":"Grupo Notibras de Comunica\u00e7\u00e3o","url":"https:\/\/www.notibras.com\/site\/","logo":{"@type":"ImageObject","inLanguage":"pt-BR","@id":"https:\/\/www.notibras.com\/site\/#\/schema\/logo\/image\/","url":"https:\/\/www.notibras.com\/site\/wp-content\/uploads\/2023\/01\/notibras23.png","contentUrl":"https:\/\/www.notibras.com\/site\/wp-content\/uploads\/2023\/01\/notibras23.png","width":350,"height":87,"caption":"Grupo Notibras de Comunica\u00e7\u00e3o"},"image":{"@id":"https:\/\/www.notibras.com\/site\/#\/schema\/logo\/image\/"},"sameAs":["https:\/\/www.facebook.com\/notibras\/","https:\/\/x.com\/Notibras","https:\/\/www.instagram.com\/notibras\/"]},{"@type":"Person","@id":"https:\/\/www.notibras.com\/site\/#\/schema\/person\/5b7fabf2aedc3ada2105f03b22b4d3dd","name":"Eduardo Mart\u00ednez","image":{"@type":"ImageObject","inLanguage":"pt-BR","@id":"https:\/\/secure.gravatar.com\/avatar\/7902f906289926289cbcda644b5197c796b893c6ffd7b9a536a42d290f7704a0?s=96&d=mm&r=g","url":"https:\/\/secure.gravatar.com\/avatar\/7902f906289926289cbcda644b5197c796b893c6ffd7b9a536a42d290f7704a0?s=96&d=mm&r=g","contentUrl":"https:\/\/secure.gravatar.com\/avatar\/7902f906289926289cbcda644b5197c796b893c6ffd7b9a536a42d290f7704a0?s=96&d=mm&r=g","caption":"Eduardo Mart\u00ednez"}}]}},"amp_enabled":true,"_links":{"self":[{"href":"https:\/\/www.notibras.com\/site\/wp-json\/wp\/v2\/posts\/378504","targetHints":{"allow":["GET"]}}],"collection":[{"href":"https:\/\/www.notibras.com\/site\/wp-json\/wp\/v2\/posts"}],"about":[{"href":"https:\/\/www.notibras.com\/site\/wp-json\/wp\/v2\/types\/post"}],"author":[{"embeddable":true,"href":"https:\/\/www.notibras.com\/site\/wp-json\/wp\/v2\/users\/21"}],"replies":[{"embeddable":true,"href":"https:\/\/www.notibras.com\/site\/wp-json\/wp\/v2\/comments?post=378504"}],"version-history":[{"count":4,"href":"https:\/\/www.notibras.com\/site\/wp-json\/wp\/v2\/posts\/378504\/revisions"}],"predecessor-version":[{"id":378509,"href":"https:\/\/www.notibras.com\/site\/wp-json\/wp\/v2\/posts\/378504\/revisions\/378509"}],"wp:featuredmedia":[{"embeddable":true,"href":"https:\/\/www.notibras.com\/site\/wp-json\/wp\/v2\/media\/378505"}],"wp:attachment":[{"href":"https:\/\/www.notibras.com\/site\/wp-json\/wp\/v2\/media?parent=378504"}],"wp:term":[{"taxonomy":"category","embeddable":true,"href":"https:\/\/www.notibras.com\/site\/wp-json\/wp\/v2\/categories?post=378504"},{"taxonomy":"post_tag","embeddable":true,"href":"https:\/\/www.notibras.com\/site\/wp-json\/wp\/v2\/tags?post=378504"}],"curies":[{"name":"wp","href":"https:\/\/api.w.org\/{rel}","templated":true}]}}