{"id":378510,"date":"2026-01-11T02:00:48","date_gmt":"2026-01-11T05:00:48","guid":{"rendered":"https:\/\/www.notibras.com\/site\/?p=378510"},"modified":"2026-01-11T02:34:13","modified_gmt":"2026-01-11T05:34:13","slug":"santana-pedrito-o-defunto-e-o-vick-vaporub","status":"publish","type":"post","link":"https:\/\/www.notibras.com\/site\/santana-pedrito-o-defunto-e-o-vick-vaporub\/","title":{"rendered":"Santana, Pedrito, o defunto e o Vick VapoRub"},"content":{"rendered":"<p>Santana, o mais not\u00f3rio n\u00f3-cego da delegacia de Sobradinho, na capital do pa\u00eds, vez ou outra, era empurrado para trabalhar, ainda mais quando o plant\u00e3o estava abarrotado de gente. E foi isso que aconteceu num domingo, pois o caos parecia fazer sala para os agentes, que n\u00e3o paravam de registrar ocorr\u00eancias de todos os tipos.<\/p>\n<p>A equipe de plant\u00e3o do dia estava composta pelos seguintes policiais: os agentes Ricky Ricardo, Evelina, Pedrito, Santana, o escriv\u00e3o Gilmarildo e o delegado Rupereta. Com exce\u00e7\u00e3o do pregui\u00e7oso, todos os demais se desdobravam para atender a popula\u00e7\u00e3o presente com a maior dedica\u00e7\u00e3o. Isso fora os telefones, que n\u00e3o paravam de tocar. E eis que, em um deles, era um an\u00f4nimo que disse ter avistado um cad\u00e1ver, em adiantado estado de putrefa\u00e7\u00e3o, em um terreno baldio.<\/p>\n<p>Ricky Ricardo, chefe da equipe, determinou que Pedrito e Santana fossem ao local, onde ficariam at\u00e9 a chegada da per\u00edcia e do Instituto M\u00e9dico Legal (IML) para o recolhimento do corpo. E l\u00e1 foram os dois policiais averiguar a situa\u00e7\u00e3o.<\/p>\n<p>Enquanto Pedrito dirigia, Santana quis se impor perante o novato, que mal havia completado um m\u00eas na pol\u00edcia.<\/p>\n<p>\u2014 E a\u00ed, novinho, j\u00e1 viu gente morta?<\/p>\n<p>\u2014 Muitas vezes.<\/p>\n<p>\u2014 S\u00e9rio?<\/p>\n<p>\u2014 Sim.<\/p>\n<p>\u2014 Em vel\u00f3rio?<\/p>\n<p>\u2014 Santana, n\u00e3o gosto de ir a vel\u00f3rios, quer dizer, nunca fui a um pra saber. Mas \u00e9 algo que n\u00e3o tenho vontade.<\/p>\n<p>\u2014 Ent\u00e3o, onde foi que voc\u00ea viu?<\/p>\n<p>\u2014 Antes de dormir, um grupo de mortos me visita. N\u00e3o sei quem s\u00e3o, pois n\u00e3o sou muito de conversar com quem n\u00e3o conhe\u00e7o, mas minha av\u00f3, que tamb\u00e9m recebia visitas desse povo do al\u00e9m, me dizia que era gente procurando conforto.<\/p>\n<p>\u2014 Pera\u00ed! Tu t\u00e1 me dizendo que v\u00ea fantasmas?<\/p>\n<p>\u2014 Vov\u00f3 preferia dizer abantesma, mas, no fundo, parece que \u00e9 tudo a mesma coisa.<\/p>\n<p>Em vez de assustar o novinho, Santana pareceu petrificado, ainda mais porque n\u00e3o percebeu o riso discreto do colega. Pedrito, parece, antes mesmo de receber a investida, j\u00e1 deu o troco no antig\u00e3o. E a conversa poderia se prolongar, caso os policiais n\u00e3o tivessem chegado ao matagal onde estava o cad\u00e1ver.<\/p>\n<p>Pedrito e Santana desceram da viatura, caminharam alguns metros e logo avistaram o corpo de um homem, que parecia estar por ali h\u00e1 quase uma semana, pois estava tomado por larvas de varejeira. E, por azar, uma lufada de vento bateu exatamente naquele instante, fazendo com que o fedor fosse direto para as narinas dos agentes. N\u00e3o deu outra, Pedrito sentiu engulhos repentinos, virou-se para o lado, justamente onde estava o Santana, e devolveu a macarronada nos sapatos do Santana.<\/p>\n<p>\u2014 Poxa, Pedrito, olha pra onde vomita!<\/p>\n<p>\u2014 Desculpa a\u00ed, Santana. Foi mal.<\/p>\n<p>\u2014 V\u00e1 l\u00e1 na viatura e pegue um frasco de Vick VapoRub e passe um pouco debaixo do nariz.<\/p>\n<p>Pedrito obedeceu, enquanto o Santana ficou procurando alguma coisa que pudesse indicar crime. N\u00e3o que ele entendesse do assunto, apesar de j\u00e1 estar na corpora\u00e7\u00e3o h\u00e1 mais de duas d\u00e9cadas. Entretanto, precisava manter a postura de policial experiente diante do aprendiz.<\/p>\n<p>N\u00e3o tardou, Pedrito, que j\u00e1 havia passado um pouco da pomada para disfar\u00e7ar o cheiro de podre, retornou e ficou observando o morto. Ao lado, estavam algumas c\u00e1psulas de muni\u00e7\u00e3o, o que indicava que teria sido assassinado, j\u00e1 que n\u00e3o havia arma nas proximidades. Ele avisou o Santana, que notou l\u00e1grimas nos olhos do colega.<\/p>\n<p>\u2014 Pedrito, esse a\u00ed era seu parente?<\/p>\n<p>\u2014 N\u00e3o. Por qu\u00ea?<\/p>\n<p>\u2014 Hum! E por que tu t\u00e1 chorando?<\/p>\n<p>\u2014 N\u00e3o \u00e9 choro, \u00e9 alergia a esse Vick VapoRub.<\/p>\n<p>A per\u00edcia chegou e, em seguida, o rabec\u00e3o do IML, que recolheu o corpo. E, finalmente, Pedrito e Santana entraram na viatura para retornarem \u00e0 delegacia. Foi a\u00ed que o Santana, percebendo que o companheiro havia come\u00e7ado a lacrimejar, falou para ele lavar o rosto para retirar o Vick VapoRub.<\/p>\n<p>\u2014 Agora \u00e9 choro mesmo, Santana.<\/p>\n<p>\u2014 Choro?<\/p>\n<p>\u2014 Sim.<\/p>\n<p>\u2014 Mas voc\u00ea disse que aquele defunto n\u00e3o era seu parente.<\/p>\n<p>\u2014 E n\u00e3o \u00e9 mesmo.<\/p>\n<p>\u2014 Ent\u00e3o, Pedrito, por que est\u00e1 chorando?<\/p>\n<p>\u2014 \u00c9 que o macarr\u00e3o que a Rafaela fez pra mim com tanto carinho estava t\u00e3o gostoso.<\/p>\n<p><strong>\u2026\u2026\u2026\u2026\u2026\u2026\u2026\u2026<\/strong><\/p>\n<p><strong>Eduardo Mart\u00ednez \u00e9 autor do livro \u201957 Contos e Cr\u00f4nicas por um Autor Muito Velho\u2019 (Vencedor do Pr\u00eamio Liter\u00e1rio Clarice Lispector \u2013 2025 na categoria livro de contos).<\/strong><\/p>\n<p><strong>Compre aqui<\/strong><\/p>\n<p><a href=\"https:\/\/www.joanineditora.com.br\/57-contos-e-cronicas-por-um-autor-muito-velho\"><strong>https:\/\/www.joanineditora.com.br\/57-contos-e-cronicas-por-um-autor-muito-velho<\/strong><\/a><\/p>\n","protected":false},"excerpt":{"rendered":"<p>Santana, o mais not\u00f3rio n\u00f3-cego da delegacia de Sobradinho, na capital do pa\u00eds, vez ou outra, era empurrado para trabalhar, ainda mais quando o plant\u00e3o estava abarrotado de gente. E foi isso que aconteceu num domingo, pois o caos parecia fazer sala para os agentes, que n\u00e3o paravam de registrar ocorr\u00eancias de todos os tipos. [&hellip;]<\/p>\n","protected":false},"author":21,"featured_media":378511,"comment_status":"closed","ping_status":"closed","sticky":false,"template":"","format":"standard","meta":{"_acf_changed":false,"footnotes":""},"categories":[161],"tags":[],"class_list":["post-378510","post","type-post","status-publish","format-standard","has-post-thumbnail","hentry","category-quadradinho-em-foco"],"acf":[],"yoast_head":"<!-- This site is optimized with the Yoast SEO plugin v27.2 - https:\/\/yoast.com\/product\/yoast-seo-wordpress\/ -->\n<title>Santana, Pedrito, o defunto e o Vick VapoRub - Notibras<\/title>\n<meta name=\"robots\" content=\"index, follow, max-snippet:-1, max-image-preview:large, max-video-preview:-1\" \/>\n<link rel=\"canonical\" href=\"https:\/\/www.notibras.com\/site\/santana-pedrito-o-defunto-e-o-vick-vaporub\/\" \/>\n<meta property=\"og:locale\" content=\"pt_BR\" \/>\n<meta property=\"og:type\" content=\"article\" \/>\n<meta property=\"og:title\" content=\"Santana, Pedrito, o defunto e o Vick VapoRub - Notibras\" \/>\n<meta property=\"og:description\" content=\"Santana, o mais not\u00f3rio n\u00f3-cego da delegacia de Sobradinho, na capital do pa\u00eds, vez ou outra, era empurrado para trabalhar, ainda mais quando o plant\u00e3o estava abarrotado de gente. E foi isso que aconteceu num domingo, pois o caos parecia fazer sala para os agentes, que n\u00e3o paravam de registrar ocorr\u00eancias de todos os tipos. [&hellip;]\" \/>\n<meta property=\"og:url\" content=\"https:\/\/www.notibras.com\/site\/santana-pedrito-o-defunto-e-o-vick-vaporub\/\" \/>\n<meta property=\"og:site_name\" content=\"Notibras\" \/>\n<meta property=\"article:publisher\" content=\"https:\/\/www.facebook.com\/notibras\/\" \/>\n<meta property=\"article:published_time\" content=\"2026-01-11T05:00:48+00:00\" \/>\n<meta property=\"article:modified_time\" content=\"2026-01-11T05:34:13+00:00\" \/>\n<meta property=\"og:image\" content=\"https:\/\/www.notibras.com\/site\/wp-content\/uploads\/2026\/01\/IMG_0259.jpg\" \/>\n\t<meta property=\"og:image:width\" content=\"1023\" \/>\n\t<meta property=\"og:image:height\" content=\"931\" \/>\n\t<meta property=\"og:image:type\" content=\"image\/jpeg\" \/>\n<meta name=\"author\" content=\"Eduardo Mart\u00ednez\" \/>\n<meta name=\"twitter:card\" content=\"summary_large_image\" \/>\n<meta name=\"twitter:creator\" content=\"@Notibras\" \/>\n<meta name=\"twitter:site\" content=\"@Notibras\" \/>\n<meta name=\"twitter:label1\" content=\"Escrito por\" \/>\n\t<meta name=\"twitter:data1\" content=\"Eduardo Mart\u00ednez\" \/>\n\t<meta name=\"twitter:label2\" content=\"Est. tempo de leitura\" \/>\n\t<meta name=\"twitter:data2\" content=\"5 minutos\" \/>\n<script type=\"application\/ld+json\" class=\"yoast-schema-graph\">{\"@context\":\"https:\/\/schema.org\",\"@graph\":[{\"@type\":\"Article\",\"@id\":\"https:\/\/www.notibras.com\/site\/santana-pedrito-o-defunto-e-o-vick-vaporub\/#article\",\"isPartOf\":{\"@id\":\"https:\/\/www.notibras.com\/site\/santana-pedrito-o-defunto-e-o-vick-vaporub\/\"},\"author\":{\"name\":\"Eduardo Mart\u00ednez\",\"@id\":\"https:\/\/www.notibras.com\/site\/#\/schema\/person\/5b7fabf2aedc3ada2105f03b22b4d3dd\"},\"headline\":\"Santana, Pedrito, o defunto e o Vick VapoRub\",\"datePublished\":\"2026-01-11T05:00:48+00:00\",\"dateModified\":\"2026-01-11T05:34:13+00:00\",\"mainEntityOfPage\":{\"@id\":\"https:\/\/www.notibras.com\/site\/santana-pedrito-o-defunto-e-o-vick-vaporub\/\"},\"wordCount\":761,\"publisher\":{\"@id\":\"https:\/\/www.notibras.com\/site\/#organization\"},\"image\":{\"@id\":\"https:\/\/www.notibras.com\/site\/santana-pedrito-o-defunto-e-o-vick-vaporub\/#primaryimage\"},\"thumbnailUrl\":\"https:\/\/www.notibras.com\/site\/wp-content\/uploads\/2026\/01\/IMG_0259.jpg\",\"articleSection\":[\"Quadradinho em Foco\"],\"inLanguage\":\"pt-BR\"},{\"@type\":\"WebPage\",\"@id\":\"https:\/\/www.notibras.com\/site\/santana-pedrito-o-defunto-e-o-vick-vaporub\/\",\"url\":\"https:\/\/www.notibras.com\/site\/santana-pedrito-o-defunto-e-o-vick-vaporub\/\",\"name\":\"Santana, Pedrito, o defunto e o Vick VapoRub - Notibras\",\"isPartOf\":{\"@id\":\"https:\/\/www.notibras.com\/site\/#website\"},\"primaryImageOfPage\":{\"@id\":\"https:\/\/www.notibras.com\/site\/santana-pedrito-o-defunto-e-o-vick-vaporub\/#primaryimage\"},\"image\":{\"@id\":\"https:\/\/www.notibras.com\/site\/santana-pedrito-o-defunto-e-o-vick-vaporub\/#primaryimage\"},\"thumbnailUrl\":\"https:\/\/www.notibras.com\/site\/wp-content\/uploads\/2026\/01\/IMG_0259.jpg\",\"datePublished\":\"2026-01-11T05:00:48+00:00\",\"dateModified\":\"2026-01-11T05:34:13+00:00\",\"breadcrumb\":{\"@id\":\"https:\/\/www.notibras.com\/site\/santana-pedrito-o-defunto-e-o-vick-vaporub\/#breadcrumb\"},\"inLanguage\":\"pt-BR\",\"potentialAction\":[{\"@type\":\"ReadAction\",\"target\":[\"https:\/\/www.notibras.com\/site\/santana-pedrito-o-defunto-e-o-vick-vaporub\/\"]}]},{\"@type\":\"ImageObject\",\"inLanguage\":\"pt-BR\",\"@id\":\"https:\/\/www.notibras.com\/site\/santana-pedrito-o-defunto-e-o-vick-vaporub\/#primaryimage\",\"url\":\"https:\/\/www.notibras.com\/site\/wp-content\/uploads\/2026\/01\/IMG_0259.jpg\",\"contentUrl\":\"https:\/\/www.notibras.com\/site\/wp-content\/uploads\/2026\/01\/IMG_0259.jpg\",\"width\":1023,\"height\":931},{\"@type\":\"BreadcrumbList\",\"@id\":\"https:\/\/www.notibras.com\/site\/santana-pedrito-o-defunto-e-o-vick-vaporub\/#breadcrumb\",\"itemListElement\":[{\"@type\":\"ListItem\",\"position\":1,\"name\":\"In\u00edcio\",\"item\":\"https:\/\/www.notibras.com\/site\/\"},{\"@type\":\"ListItem\",\"position\":2,\"name\":\"Santana, Pedrito, o defunto e o Vick VapoRub\"}]},{\"@type\":\"WebSite\",\"@id\":\"https:\/\/www.notibras.com\/site\/#website\",\"url\":\"https:\/\/www.notibras.com\/site\/\",\"name\":\"Notibras\",\"description\":\"Not\u00edcias de Bras\u00edlia, do Brasil e do Mundo\",\"publisher\":{\"@id\":\"https:\/\/www.notibras.com\/site\/#organization\"},\"potentialAction\":[{\"@type\":\"SearchAction\",\"target\":{\"@type\":\"EntryPoint\",\"urlTemplate\":\"https:\/\/www.notibras.com\/site\/?s={search_term_string}\"},\"query-input\":{\"@type\":\"PropertyValueSpecification\",\"valueRequired\":true,\"valueName\":\"search_term_string\"}}],\"inLanguage\":\"pt-BR\"},{\"@type\":\"Organization\",\"@id\":\"https:\/\/www.notibras.com\/site\/#organization\",\"name\":\"Grupo Notibras de Comunica\u00e7\u00e3o\",\"url\":\"https:\/\/www.notibras.com\/site\/\",\"logo\":{\"@type\":\"ImageObject\",\"inLanguage\":\"pt-BR\",\"@id\":\"https:\/\/www.notibras.com\/site\/#\/schema\/logo\/image\/\",\"url\":\"https:\/\/www.notibras.com\/site\/wp-content\/uploads\/2023\/01\/notibras23.png\",\"contentUrl\":\"https:\/\/www.notibras.com\/site\/wp-content\/uploads\/2023\/01\/notibras23.png\",\"width\":350,\"height\":87,\"caption\":\"Grupo Notibras de Comunica\u00e7\u00e3o\"},\"image\":{\"@id\":\"https:\/\/www.notibras.com\/site\/#\/schema\/logo\/image\/\"},\"sameAs\":[\"https:\/\/www.facebook.com\/notibras\/\",\"https:\/\/x.com\/Notibras\",\"https:\/\/www.instagram.com\/notibras\/\"]},{\"@type\":\"Person\",\"@id\":\"https:\/\/www.notibras.com\/site\/#\/schema\/person\/5b7fabf2aedc3ada2105f03b22b4d3dd\",\"name\":\"Eduardo Mart\u00ednez\",\"image\":{\"@type\":\"ImageObject\",\"inLanguage\":\"pt-BR\",\"@id\":\"https:\/\/secure.gravatar.com\/avatar\/7902f906289926289cbcda644b5197c796b893c6ffd7b9a536a42d290f7704a0?s=96&d=mm&r=g\",\"url\":\"https:\/\/secure.gravatar.com\/avatar\/7902f906289926289cbcda644b5197c796b893c6ffd7b9a536a42d290f7704a0?s=96&d=mm&r=g\",\"contentUrl\":\"https:\/\/secure.gravatar.com\/avatar\/7902f906289926289cbcda644b5197c796b893c6ffd7b9a536a42d290f7704a0?s=96&d=mm&r=g\",\"caption\":\"Eduardo Mart\u00ednez\"}}]}<\/script>\n<!-- \/ Yoast SEO plugin. -->","yoast_head_json":{"title":"Santana, Pedrito, o defunto e o Vick VapoRub - Notibras","robots":{"index":"index","follow":"follow","max-snippet":"max-snippet:-1","max-image-preview":"max-image-preview:large","max-video-preview":"max-video-preview:-1"},"canonical":"https:\/\/www.notibras.com\/site\/santana-pedrito-o-defunto-e-o-vick-vaporub\/","og_locale":"pt_BR","og_type":"article","og_title":"Santana, Pedrito, o defunto e o Vick VapoRub - Notibras","og_description":"Santana, o mais not\u00f3rio n\u00f3-cego da delegacia de Sobradinho, na capital do pa\u00eds, vez ou outra, era empurrado para trabalhar, ainda mais quando o plant\u00e3o estava abarrotado de gente. E foi isso que aconteceu num domingo, pois o caos parecia fazer sala para os agentes, que n\u00e3o paravam de registrar ocorr\u00eancias de todos os tipos. [&hellip;]","og_url":"https:\/\/www.notibras.com\/site\/santana-pedrito-o-defunto-e-o-vick-vaporub\/","og_site_name":"Notibras","article_publisher":"https:\/\/www.facebook.com\/notibras\/","article_published_time":"2026-01-11T05:00:48+00:00","article_modified_time":"2026-01-11T05:34:13+00:00","og_image":[{"width":1023,"height":931,"url":"https:\/\/www.notibras.com\/site\/wp-content\/uploads\/2026\/01\/IMG_0259.jpg","type":"image\/jpeg"}],"author":"Eduardo Mart\u00ednez","twitter_card":"summary_large_image","twitter_creator":"@Notibras","twitter_site":"@Notibras","twitter_misc":{"Escrito por":"Eduardo Mart\u00ednez","Est. tempo de leitura":"5 minutos"},"schema":{"@context":"https:\/\/schema.org","@graph":[{"@type":"Article","@id":"https:\/\/www.notibras.com\/site\/santana-pedrito-o-defunto-e-o-vick-vaporub\/#article","isPartOf":{"@id":"https:\/\/www.notibras.com\/site\/santana-pedrito-o-defunto-e-o-vick-vaporub\/"},"author":{"name":"Eduardo Mart\u00ednez","@id":"https:\/\/www.notibras.com\/site\/#\/schema\/person\/5b7fabf2aedc3ada2105f03b22b4d3dd"},"headline":"Santana, Pedrito, o defunto e o Vick VapoRub","datePublished":"2026-01-11T05:00:48+00:00","dateModified":"2026-01-11T05:34:13+00:00","mainEntityOfPage":{"@id":"https:\/\/www.notibras.com\/site\/santana-pedrito-o-defunto-e-o-vick-vaporub\/"},"wordCount":761,"publisher":{"@id":"https:\/\/www.notibras.com\/site\/#organization"},"image":{"@id":"https:\/\/www.notibras.com\/site\/santana-pedrito-o-defunto-e-o-vick-vaporub\/#primaryimage"},"thumbnailUrl":"https:\/\/www.notibras.com\/site\/wp-content\/uploads\/2026\/01\/IMG_0259.jpg","articleSection":["Quadradinho em Foco"],"inLanguage":"pt-BR"},{"@type":"WebPage","@id":"https:\/\/www.notibras.com\/site\/santana-pedrito-o-defunto-e-o-vick-vaporub\/","url":"https:\/\/www.notibras.com\/site\/santana-pedrito-o-defunto-e-o-vick-vaporub\/","name":"Santana, Pedrito, o defunto e o Vick VapoRub - Notibras","isPartOf":{"@id":"https:\/\/www.notibras.com\/site\/#website"},"primaryImageOfPage":{"@id":"https:\/\/www.notibras.com\/site\/santana-pedrito-o-defunto-e-o-vick-vaporub\/#primaryimage"},"image":{"@id":"https:\/\/www.notibras.com\/site\/santana-pedrito-o-defunto-e-o-vick-vaporub\/#primaryimage"},"thumbnailUrl":"https:\/\/www.notibras.com\/site\/wp-content\/uploads\/2026\/01\/IMG_0259.jpg","datePublished":"2026-01-11T05:00:48+00:00","dateModified":"2026-01-11T05:34:13+00:00","breadcrumb":{"@id":"https:\/\/www.notibras.com\/site\/santana-pedrito-o-defunto-e-o-vick-vaporub\/#breadcrumb"},"inLanguage":"pt-BR","potentialAction":[{"@type":"ReadAction","target":["https:\/\/www.notibras.com\/site\/santana-pedrito-o-defunto-e-o-vick-vaporub\/"]}]},{"@type":"ImageObject","inLanguage":"pt-BR","@id":"https:\/\/www.notibras.com\/site\/santana-pedrito-o-defunto-e-o-vick-vaporub\/#primaryimage","url":"https:\/\/www.notibras.com\/site\/wp-content\/uploads\/2026\/01\/IMG_0259.jpg","contentUrl":"https:\/\/www.notibras.com\/site\/wp-content\/uploads\/2026\/01\/IMG_0259.jpg","width":1023,"height":931},{"@type":"BreadcrumbList","@id":"https:\/\/www.notibras.com\/site\/santana-pedrito-o-defunto-e-o-vick-vaporub\/#breadcrumb","itemListElement":[{"@type":"ListItem","position":1,"name":"In\u00edcio","item":"https:\/\/www.notibras.com\/site\/"},{"@type":"ListItem","position":2,"name":"Santana, Pedrito, o defunto e o Vick VapoRub"}]},{"@type":"WebSite","@id":"https:\/\/www.notibras.com\/site\/#website","url":"https:\/\/www.notibras.com\/site\/","name":"Notibras","description":"Not\u00edcias de Bras\u00edlia, do Brasil e do Mundo","publisher":{"@id":"https:\/\/www.notibras.com\/site\/#organization"},"potentialAction":[{"@type":"SearchAction","target":{"@type":"EntryPoint","urlTemplate":"https:\/\/www.notibras.com\/site\/?s={search_term_string}"},"query-input":{"@type":"PropertyValueSpecification","valueRequired":true,"valueName":"search_term_string"}}],"inLanguage":"pt-BR"},{"@type":"Organization","@id":"https:\/\/www.notibras.com\/site\/#organization","name":"Grupo Notibras de Comunica\u00e7\u00e3o","url":"https:\/\/www.notibras.com\/site\/","logo":{"@type":"ImageObject","inLanguage":"pt-BR","@id":"https:\/\/www.notibras.com\/site\/#\/schema\/logo\/image\/","url":"https:\/\/www.notibras.com\/site\/wp-content\/uploads\/2023\/01\/notibras23.png","contentUrl":"https:\/\/www.notibras.com\/site\/wp-content\/uploads\/2023\/01\/notibras23.png","width":350,"height":87,"caption":"Grupo Notibras de Comunica\u00e7\u00e3o"},"image":{"@id":"https:\/\/www.notibras.com\/site\/#\/schema\/logo\/image\/"},"sameAs":["https:\/\/www.facebook.com\/notibras\/","https:\/\/x.com\/Notibras","https:\/\/www.instagram.com\/notibras\/"]},{"@type":"Person","@id":"https:\/\/www.notibras.com\/site\/#\/schema\/person\/5b7fabf2aedc3ada2105f03b22b4d3dd","name":"Eduardo Mart\u00ednez","image":{"@type":"ImageObject","inLanguage":"pt-BR","@id":"https:\/\/secure.gravatar.com\/avatar\/7902f906289926289cbcda644b5197c796b893c6ffd7b9a536a42d290f7704a0?s=96&d=mm&r=g","url":"https:\/\/secure.gravatar.com\/avatar\/7902f906289926289cbcda644b5197c796b893c6ffd7b9a536a42d290f7704a0?s=96&d=mm&r=g","contentUrl":"https:\/\/secure.gravatar.com\/avatar\/7902f906289926289cbcda644b5197c796b893c6ffd7b9a536a42d290f7704a0?s=96&d=mm&r=g","caption":"Eduardo Mart\u00ednez"}}]}},"amp_enabled":true,"_links":{"self":[{"href":"https:\/\/www.notibras.com\/site\/wp-json\/wp\/v2\/posts\/378510","targetHints":{"allow":["GET"]}}],"collection":[{"href":"https:\/\/www.notibras.com\/site\/wp-json\/wp\/v2\/posts"}],"about":[{"href":"https:\/\/www.notibras.com\/site\/wp-json\/wp\/v2\/types\/post"}],"author":[{"embeddable":true,"href":"https:\/\/www.notibras.com\/site\/wp-json\/wp\/v2\/users\/21"}],"replies":[{"embeddable":true,"href":"https:\/\/www.notibras.com\/site\/wp-json\/wp\/v2\/comments?post=378510"}],"version-history":[{"count":4,"href":"https:\/\/www.notibras.com\/site\/wp-json\/wp\/v2\/posts\/378510\/revisions"}],"predecessor-version":[{"id":378574,"href":"https:\/\/www.notibras.com\/site\/wp-json\/wp\/v2\/posts\/378510\/revisions\/378574"}],"wp:featuredmedia":[{"embeddable":true,"href":"https:\/\/www.notibras.com\/site\/wp-json\/wp\/v2\/media\/378511"}],"wp:attachment":[{"href":"https:\/\/www.notibras.com\/site\/wp-json\/wp\/v2\/media?parent=378510"}],"wp:term":[{"taxonomy":"category","embeddable":true,"href":"https:\/\/www.notibras.com\/site\/wp-json\/wp\/v2\/categories?post=378510"},{"taxonomy":"post_tag","embeddable":true,"href":"https:\/\/www.notibras.com\/site\/wp-json\/wp\/v2\/tags?post=378510"}],"curies":[{"name":"wp","href":"https:\/\/api.w.org\/{rel}","templated":true}]}}