{"id":378515,"date":"2026-01-11T01:00:21","date_gmt":"2026-01-11T04:00:21","guid":{"rendered":"https:\/\/www.notibras.com\/site\/?p=378515"},"modified":"2026-01-11T00:37:28","modified_gmt":"2026-01-11T03:37:28","slug":"novos-executivos-para-areas-estrategicas-do-conglomerado","status":"publish","type":"post","link":"https:\/\/www.notibras.com\/site\/novos-executivos-para-areas-estrategicas-do-conglomerado\/","title":{"rendered":"Novos executivos para \u00e1reas estrat\u00e9gicas do conglomerado"},"content":{"rendered":"<p>O BRB anunciou mudan\u00e7as em sua alta administra\u00e7\u00e3o, com a nomea\u00e7\u00e3o de novos dirigentes para \u00e1reas estrat\u00e9gicas do banco, da Distribuidora de T\u00edtulos e Valores Mobili\u00e1rios e da Financeira. A medida refor\u00e7a o compromisso da institui\u00e7\u00e3o com uma gest\u00e3o experiente e orientada para a governan\u00e7a.<\/p>\n<p>O presidente do Conglomerado BRB, Nelson Ant\u00f4nio de Souza, destacou a responsabilidade envolvida no processo de escolha dos novos executivos. \u201cA defini\u00e7\u00e3o de nomes para a alta administra\u00e7\u00e3o exige extrema responsabilidade. Estamos trazendo profissionais experientes, que j\u00e1 demonstraram capacidade de gerar resultados e est\u00e3o alinhados aos tr\u00eas pilares do novo planejamento estrat\u00e9gico do banco, que incluem tamb\u00e9m pessoas e governan\u00e7a. Outros nomes ser\u00e3o divulgados \u00e0 medida que forem definidos, sempre com o compromisso de fortalecer ainda mais o BRB\u201d, afirmou.<\/p>\n<p>No banco, Hugo Andreolly assumir\u00e1 a Diretoria de Neg\u00f3cios Digitais (Dined). Empregado concursado desde 2007, Andreolly j\u00e1 ocupou posi\u00e7\u00f5es de destaque como diretor-executivo de Finan\u00e7as e Controladoria e diretor-executivo de Novos Neg\u00f3cios, consolidando sua trajet\u00f3ria na institui\u00e7\u00e3o com forte atua\u00e7\u00e3o em inova\u00e7\u00e3o e transforma\u00e7\u00e3o digital.<\/p>\n<p>Na Diretoria de Pessoas (Dipes), ser\u00e1 nomeada Janiele Queiroz Mendes Caroba. Advogada de carreira na Caixa, Janiele exerceu fun\u00e7\u00f5es de lideran\u00e7a como superintendente nacional de Atendimento Jur\u00eddico e Controle da Rede e gerente nacional de Governan\u00e7a e Pessoas. Reconhecida por sua capacidade de conduzir processos de transforma\u00e7\u00e3o cultural e regenera\u00e7\u00e3o organizacional, tamb\u00e9m foi membro da Comiss\u00e3o de \u00c9tica da Caixa e do Conselho Fiscal da Funcef.<\/p>\n<p>Hugo e Janiele ser\u00e3o empossados ap\u00f3s a aprova\u00e7\u00e3o dos nomes pelo Banco Central.<\/p>\n<p>J\u00e1 na BRB DTVM, o novo presidente ser\u00e1 Mario Ferreira Neto, executivo com s\u00f3lida trajet\u00f3ria no setor financeiro. Neto atuou como CFO da Caixa Pr\u00e9-Pagos, onde liderou processos de gest\u00e3o financeira e expans\u00e3o de neg\u00f3cios em meios de pagamento. No Conglomerado BRB, ocupou cargos de dire\u00e7\u00e3o em \u00e1reas estrat\u00e9gicas. Sua carreira, de mais de duas d\u00e9cadas, inclui passagens por institui\u00e7\u00f5es financeiras como a Elo e a Caixa Crescer, com foco em projetos de transforma\u00e7\u00e3o digital e inova\u00e7\u00e3o.<\/p>\n<p>Na BRB CFI, tr\u00eas novos nomes passar\u00e3o a compor a diretoria. Fabiano Nogueira Alves assume a presid\u00eancia ap\u00f3s uma trajet\u00f3ria marcada por quase uma d\u00e9cada na Funcef, onde foi diretor interino e gerente de investimentos em renda fixa e imobili\u00e1rios, respons\u00e1vel por carteiras bilion\u00e1rias e pela mesa de opera\u00e7\u00f5es financeiras. Tamb\u00e9m atuou em conselhos fiscais de empresas como BRK, Invepar e Odebrecht Ambiental.<\/p>\n<p>Marcos Fernando Fontoura dos Santos Jacinto ser\u00e1 respons\u00e1vel pela Diretoria de Administra\u00e7\u00e3o e Finan\u00e7as (Difad). Com mais de 20 anos de experi\u00eancia, Marcos foi vice-presidente da Caixa Econ\u00f4mica Federal, liderando pol\u00edticas de gest\u00e3o de pessoas para mais de 86 mil empregados e processos de governan\u00e7a corporativa. Tamb\u00e9m atuou como diretor financeiro do Desenvolve SP e superintendente executivo de Governan\u00e7a e Estrat\u00e9gia na Brasilcap, sempre com foco em resultados, inova\u00e7\u00e3o e sustentabilidade.<\/p>\n<p>J\u00e1 Renier Roosevelt Sampaio Barbosa J\u00fanior comandar\u00e1 a Diretoria de Cr\u00e9dito e Liquidez (Dicli). Executivo com mais de 13 anos de experi\u00eancia no setor financeiro, Renier se destacou na Caixa como gerente-executivo de Estrat\u00e9gia Corporativa, respons\u00e1vel pela defini\u00e7\u00e3o de objetivos de longo prazo do conglomerado, e, mais recentemente, como gerente nacional de Log\u00edstica e Contrata\u00e7\u00f5es, administrando contratos e or\u00e7amentos de grande porte e implementando projetos de efici\u00eancia operacional, como o Papel Zero.<\/p>\n<p>Com as nomea\u00e7\u00f5es, o BRB fortalece sua estrutura de governan\u00e7a e reafirma o compromisso de atuar como parceiro estrat\u00e9gico do Distrito Federal, ampliando seu papel como banco de desenvolvimento da capital e contribuindo para o crescimento sustent\u00e1vel e o fomento da economia local.<\/p>\n","protected":false},"excerpt":{"rendered":"<p>O BRB anunciou mudan\u00e7as em sua alta administra\u00e7\u00e3o, com a nomea\u00e7\u00e3o de novos dirigentes para \u00e1reas estrat\u00e9gicas do banco, da Distribuidora de T\u00edtulos e Valores Mobili\u00e1rios e da Financeira. A medida refor\u00e7a o compromisso da institui\u00e7\u00e3o com uma gest\u00e3o experiente e orientada para a governan\u00e7a. O presidente do Conglomerado BRB, Nelson Ant\u00f4nio de Souza, destacou [&hellip;]<\/p>\n","protected":false},"author":21,"featured_media":378516,"comment_status":"closed","ping_status":"closed","sticky":false,"template":"","format":"standard","meta":{"_acf_changed":false,"footnotes":""},"categories":[161],"tags":[],"class_list":["post-378515","post","type-post","status-publish","format-standard","has-post-thumbnail","hentry","category-quadradinho-em-foco"],"acf":[],"yoast_head":"<!-- This site is optimized with the Yoast SEO plugin v27.2 - https:\/\/yoast.com\/product\/yoast-seo-wordpress\/ -->\n<title>Novos executivos para \u00e1reas estrat\u00e9gicas do conglomerado - Notibras<\/title>\n<meta name=\"robots\" content=\"index, follow, max-snippet:-1, max-image-preview:large, max-video-preview:-1\" \/>\n<link rel=\"canonical\" href=\"https:\/\/www.notibras.com\/site\/novos-executivos-para-areas-estrategicas-do-conglomerado\/\" \/>\n<meta property=\"og:locale\" content=\"pt_BR\" \/>\n<meta property=\"og:type\" content=\"article\" \/>\n<meta property=\"og:title\" content=\"Novos executivos para \u00e1reas estrat\u00e9gicas do conglomerado - Notibras\" \/>\n<meta property=\"og:description\" content=\"O BRB anunciou mudan\u00e7as em sua alta administra\u00e7\u00e3o, com a nomea\u00e7\u00e3o de novos dirigentes para \u00e1reas estrat\u00e9gicas do banco, da Distribuidora de T\u00edtulos e Valores Mobili\u00e1rios e da Financeira. A medida refor\u00e7a o compromisso da institui\u00e7\u00e3o com uma gest\u00e3o experiente e orientada para a governan\u00e7a. O presidente do Conglomerado BRB, Nelson Ant\u00f4nio de Souza, destacou [&hellip;]\" \/>\n<meta property=\"og:url\" content=\"https:\/\/www.notibras.com\/site\/novos-executivos-para-areas-estrategicas-do-conglomerado\/\" \/>\n<meta property=\"og:site_name\" content=\"Notibras\" \/>\n<meta property=\"article:publisher\" content=\"https:\/\/www.facebook.com\/notibras\/\" \/>\n<meta property=\"article:published_time\" content=\"2026-01-11T04:00:21+00:00\" \/>\n<meta property=\"og:image\" content=\"https:\/\/www.notibras.com\/site\/wp-content\/uploads\/2026\/01\/1000242412.jpg\" \/>\n\t<meta property=\"og:image:width\" content=\"2560\" \/>\n\t<meta property=\"og:image:height\" content=\"1706\" \/>\n\t<meta property=\"og:image:type\" content=\"image\/jpeg\" \/>\n<meta name=\"author\" content=\"Eduardo Mart\u00ednez\" \/>\n<meta name=\"twitter:card\" content=\"summary_large_image\" \/>\n<meta name=\"twitter:creator\" content=\"@Notibras\" \/>\n<meta name=\"twitter:site\" content=\"@Notibras\" \/>\n<meta name=\"twitter:label1\" content=\"Escrito por\" \/>\n\t<meta name=\"twitter:data1\" content=\"Eduardo Mart\u00ednez\" \/>\n\t<meta name=\"twitter:label2\" content=\"Est. tempo de leitura\" \/>\n\t<meta name=\"twitter:data2\" content=\"4 minutos\" \/>\n<script type=\"application\/ld+json\" class=\"yoast-schema-graph\">{\"@context\":\"https:\/\/schema.org\",\"@graph\":[{\"@type\":\"Article\",\"@id\":\"https:\/\/www.notibras.com\/site\/novos-executivos-para-areas-estrategicas-do-conglomerado\/#article\",\"isPartOf\":{\"@id\":\"https:\/\/www.notibras.com\/site\/novos-executivos-para-areas-estrategicas-do-conglomerado\/\"},\"author\":{\"name\":\"Eduardo Mart\u00ednez\",\"@id\":\"https:\/\/www.notibras.com\/site\/#\/schema\/person\/5b7fabf2aedc3ada2105f03b22b4d3dd\"},\"headline\":\"Novos executivos para \u00e1reas estrat\u00e9gicas do conglomerado\",\"datePublished\":\"2026-01-11T04:00:21+00:00\",\"mainEntityOfPage\":{\"@id\":\"https:\/\/www.notibras.com\/site\/novos-executivos-para-areas-estrategicas-do-conglomerado\/\"},\"wordCount\":666,\"publisher\":{\"@id\":\"https:\/\/www.notibras.com\/site\/#organization\"},\"image\":{\"@id\":\"https:\/\/www.notibras.com\/site\/novos-executivos-para-areas-estrategicas-do-conglomerado\/#primaryimage\"},\"thumbnailUrl\":\"https:\/\/www.notibras.com\/site\/wp-content\/uploads\/2026\/01\/1000242412.jpg\",\"articleSection\":[\"Quadradinho em Foco\"],\"inLanguage\":\"pt-BR\"},{\"@type\":\"WebPage\",\"@id\":\"https:\/\/www.notibras.com\/site\/novos-executivos-para-areas-estrategicas-do-conglomerado\/\",\"url\":\"https:\/\/www.notibras.com\/site\/novos-executivos-para-areas-estrategicas-do-conglomerado\/\",\"name\":\"Novos executivos para \u00e1reas estrat\u00e9gicas do conglomerado - Notibras\",\"isPartOf\":{\"@id\":\"https:\/\/www.notibras.com\/site\/#website\"},\"primaryImageOfPage\":{\"@id\":\"https:\/\/www.notibras.com\/site\/novos-executivos-para-areas-estrategicas-do-conglomerado\/#primaryimage\"},\"image\":{\"@id\":\"https:\/\/www.notibras.com\/site\/novos-executivos-para-areas-estrategicas-do-conglomerado\/#primaryimage\"},\"thumbnailUrl\":\"https:\/\/www.notibras.com\/site\/wp-content\/uploads\/2026\/01\/1000242412.jpg\",\"datePublished\":\"2026-01-11T04:00:21+00:00\",\"breadcrumb\":{\"@id\":\"https:\/\/www.notibras.com\/site\/novos-executivos-para-areas-estrategicas-do-conglomerado\/#breadcrumb\"},\"inLanguage\":\"pt-BR\",\"potentialAction\":[{\"@type\":\"ReadAction\",\"target\":[\"https:\/\/www.notibras.com\/site\/novos-executivos-para-areas-estrategicas-do-conglomerado\/\"]}]},{\"@type\":\"ImageObject\",\"inLanguage\":\"pt-BR\",\"@id\":\"https:\/\/www.notibras.com\/site\/novos-executivos-para-areas-estrategicas-do-conglomerado\/#primaryimage\",\"url\":\"https:\/\/www.notibras.com\/site\/wp-content\/uploads\/2026\/01\/1000242412.jpg\",\"contentUrl\":\"https:\/\/www.notibras.com\/site\/wp-content\/uploads\/2026\/01\/1000242412.jpg\",\"width\":2560,\"height\":1706},{\"@type\":\"BreadcrumbList\",\"@id\":\"https:\/\/www.notibras.com\/site\/novos-executivos-para-areas-estrategicas-do-conglomerado\/#breadcrumb\",\"itemListElement\":[{\"@type\":\"ListItem\",\"position\":1,\"name\":\"In\u00edcio\",\"item\":\"https:\/\/www.notibras.com\/site\/\"},{\"@type\":\"ListItem\",\"position\":2,\"name\":\"Novos executivos para \u00e1reas estrat\u00e9gicas do conglomerado\"}]},{\"@type\":\"WebSite\",\"@id\":\"https:\/\/www.notibras.com\/site\/#website\",\"url\":\"https:\/\/www.notibras.com\/site\/\",\"name\":\"Notibras\",\"description\":\"Not\u00edcias de Bras\u00edlia, do Brasil e do Mundo\",\"publisher\":{\"@id\":\"https:\/\/www.notibras.com\/site\/#organization\"},\"potentialAction\":[{\"@type\":\"SearchAction\",\"target\":{\"@type\":\"EntryPoint\",\"urlTemplate\":\"https:\/\/www.notibras.com\/site\/?s={search_term_string}\"},\"query-input\":{\"@type\":\"PropertyValueSpecification\",\"valueRequired\":true,\"valueName\":\"search_term_string\"}}],\"inLanguage\":\"pt-BR\"},{\"@type\":\"Organization\",\"@id\":\"https:\/\/www.notibras.com\/site\/#organization\",\"name\":\"Grupo Notibras de Comunica\u00e7\u00e3o\",\"url\":\"https:\/\/www.notibras.com\/site\/\",\"logo\":{\"@type\":\"ImageObject\",\"inLanguage\":\"pt-BR\",\"@id\":\"https:\/\/www.notibras.com\/site\/#\/schema\/logo\/image\/\",\"url\":\"https:\/\/www.notibras.com\/site\/wp-content\/uploads\/2023\/01\/notibras23.png\",\"contentUrl\":\"https:\/\/www.notibras.com\/site\/wp-content\/uploads\/2023\/01\/notibras23.png\",\"width\":350,\"height\":87,\"caption\":\"Grupo Notibras de Comunica\u00e7\u00e3o\"},\"image\":{\"@id\":\"https:\/\/www.notibras.com\/site\/#\/schema\/logo\/image\/\"},\"sameAs\":[\"https:\/\/www.facebook.com\/notibras\/\",\"https:\/\/x.com\/Notibras\",\"https:\/\/www.instagram.com\/notibras\/\"]},{\"@type\":\"Person\",\"@id\":\"https:\/\/www.notibras.com\/site\/#\/schema\/person\/5b7fabf2aedc3ada2105f03b22b4d3dd\",\"name\":\"Eduardo Mart\u00ednez\",\"image\":{\"@type\":\"ImageObject\",\"inLanguage\":\"pt-BR\",\"@id\":\"https:\/\/secure.gravatar.com\/avatar\/7902f906289926289cbcda644b5197c796b893c6ffd7b9a536a42d290f7704a0?s=96&d=mm&r=g\",\"url\":\"https:\/\/secure.gravatar.com\/avatar\/7902f906289926289cbcda644b5197c796b893c6ffd7b9a536a42d290f7704a0?s=96&d=mm&r=g\",\"contentUrl\":\"https:\/\/secure.gravatar.com\/avatar\/7902f906289926289cbcda644b5197c796b893c6ffd7b9a536a42d290f7704a0?s=96&d=mm&r=g\",\"caption\":\"Eduardo Mart\u00ednez\"}}]}<\/script>\n<!-- \/ Yoast SEO plugin. -->","yoast_head_json":{"title":"Novos executivos para \u00e1reas estrat\u00e9gicas do conglomerado - Notibras","robots":{"index":"index","follow":"follow","max-snippet":"max-snippet:-1","max-image-preview":"max-image-preview:large","max-video-preview":"max-video-preview:-1"},"canonical":"https:\/\/www.notibras.com\/site\/novos-executivos-para-areas-estrategicas-do-conglomerado\/","og_locale":"pt_BR","og_type":"article","og_title":"Novos executivos para \u00e1reas estrat\u00e9gicas do conglomerado - Notibras","og_description":"O BRB anunciou mudan\u00e7as em sua alta administra\u00e7\u00e3o, com a nomea\u00e7\u00e3o de novos dirigentes para \u00e1reas estrat\u00e9gicas do banco, da Distribuidora de T\u00edtulos e Valores Mobili\u00e1rios e da Financeira. A medida refor\u00e7a o compromisso da institui\u00e7\u00e3o com uma gest\u00e3o experiente e orientada para a governan\u00e7a. O presidente do Conglomerado BRB, Nelson Ant\u00f4nio de Souza, destacou [&hellip;]","og_url":"https:\/\/www.notibras.com\/site\/novos-executivos-para-areas-estrategicas-do-conglomerado\/","og_site_name":"Notibras","article_publisher":"https:\/\/www.facebook.com\/notibras\/","article_published_time":"2026-01-11T04:00:21+00:00","og_image":[{"width":2560,"height":1706,"url":"https:\/\/www.notibras.com\/site\/wp-content\/uploads\/2026\/01\/1000242412.jpg","type":"image\/jpeg"}],"author":"Eduardo Mart\u00ednez","twitter_card":"summary_large_image","twitter_creator":"@Notibras","twitter_site":"@Notibras","twitter_misc":{"Escrito por":"Eduardo Mart\u00ednez","Est. tempo de leitura":"4 minutos"},"schema":{"@context":"https:\/\/schema.org","@graph":[{"@type":"Article","@id":"https:\/\/www.notibras.com\/site\/novos-executivos-para-areas-estrategicas-do-conglomerado\/#article","isPartOf":{"@id":"https:\/\/www.notibras.com\/site\/novos-executivos-para-areas-estrategicas-do-conglomerado\/"},"author":{"name":"Eduardo Mart\u00ednez","@id":"https:\/\/www.notibras.com\/site\/#\/schema\/person\/5b7fabf2aedc3ada2105f03b22b4d3dd"},"headline":"Novos executivos para \u00e1reas estrat\u00e9gicas do conglomerado","datePublished":"2026-01-11T04:00:21+00:00","mainEntityOfPage":{"@id":"https:\/\/www.notibras.com\/site\/novos-executivos-para-areas-estrategicas-do-conglomerado\/"},"wordCount":666,"publisher":{"@id":"https:\/\/www.notibras.com\/site\/#organization"},"image":{"@id":"https:\/\/www.notibras.com\/site\/novos-executivos-para-areas-estrategicas-do-conglomerado\/#primaryimage"},"thumbnailUrl":"https:\/\/www.notibras.com\/site\/wp-content\/uploads\/2026\/01\/1000242412.jpg","articleSection":["Quadradinho em Foco"],"inLanguage":"pt-BR"},{"@type":"WebPage","@id":"https:\/\/www.notibras.com\/site\/novos-executivos-para-areas-estrategicas-do-conglomerado\/","url":"https:\/\/www.notibras.com\/site\/novos-executivos-para-areas-estrategicas-do-conglomerado\/","name":"Novos executivos para \u00e1reas estrat\u00e9gicas do conglomerado - Notibras","isPartOf":{"@id":"https:\/\/www.notibras.com\/site\/#website"},"primaryImageOfPage":{"@id":"https:\/\/www.notibras.com\/site\/novos-executivos-para-areas-estrategicas-do-conglomerado\/#primaryimage"},"image":{"@id":"https:\/\/www.notibras.com\/site\/novos-executivos-para-areas-estrategicas-do-conglomerado\/#primaryimage"},"thumbnailUrl":"https:\/\/www.notibras.com\/site\/wp-content\/uploads\/2026\/01\/1000242412.jpg","datePublished":"2026-01-11T04:00:21+00:00","breadcrumb":{"@id":"https:\/\/www.notibras.com\/site\/novos-executivos-para-areas-estrategicas-do-conglomerado\/#breadcrumb"},"inLanguage":"pt-BR","potentialAction":[{"@type":"ReadAction","target":["https:\/\/www.notibras.com\/site\/novos-executivos-para-areas-estrategicas-do-conglomerado\/"]}]},{"@type":"ImageObject","inLanguage":"pt-BR","@id":"https:\/\/www.notibras.com\/site\/novos-executivos-para-areas-estrategicas-do-conglomerado\/#primaryimage","url":"https:\/\/www.notibras.com\/site\/wp-content\/uploads\/2026\/01\/1000242412.jpg","contentUrl":"https:\/\/www.notibras.com\/site\/wp-content\/uploads\/2026\/01\/1000242412.jpg","width":2560,"height":1706},{"@type":"BreadcrumbList","@id":"https:\/\/www.notibras.com\/site\/novos-executivos-para-areas-estrategicas-do-conglomerado\/#breadcrumb","itemListElement":[{"@type":"ListItem","position":1,"name":"In\u00edcio","item":"https:\/\/www.notibras.com\/site\/"},{"@type":"ListItem","position":2,"name":"Novos executivos para \u00e1reas estrat\u00e9gicas do conglomerado"}]},{"@type":"WebSite","@id":"https:\/\/www.notibras.com\/site\/#website","url":"https:\/\/www.notibras.com\/site\/","name":"Notibras","description":"Not\u00edcias de Bras\u00edlia, do Brasil e do Mundo","publisher":{"@id":"https:\/\/www.notibras.com\/site\/#organization"},"potentialAction":[{"@type":"SearchAction","target":{"@type":"EntryPoint","urlTemplate":"https:\/\/www.notibras.com\/site\/?s={search_term_string}"},"query-input":{"@type":"PropertyValueSpecification","valueRequired":true,"valueName":"search_term_string"}}],"inLanguage":"pt-BR"},{"@type":"Organization","@id":"https:\/\/www.notibras.com\/site\/#organization","name":"Grupo Notibras de Comunica\u00e7\u00e3o","url":"https:\/\/www.notibras.com\/site\/","logo":{"@type":"ImageObject","inLanguage":"pt-BR","@id":"https:\/\/www.notibras.com\/site\/#\/schema\/logo\/image\/","url":"https:\/\/www.notibras.com\/site\/wp-content\/uploads\/2023\/01\/notibras23.png","contentUrl":"https:\/\/www.notibras.com\/site\/wp-content\/uploads\/2023\/01\/notibras23.png","width":350,"height":87,"caption":"Grupo Notibras de Comunica\u00e7\u00e3o"},"image":{"@id":"https:\/\/www.notibras.com\/site\/#\/schema\/logo\/image\/"},"sameAs":["https:\/\/www.facebook.com\/notibras\/","https:\/\/x.com\/Notibras","https:\/\/www.instagram.com\/notibras\/"]},{"@type":"Person","@id":"https:\/\/www.notibras.com\/site\/#\/schema\/person\/5b7fabf2aedc3ada2105f03b22b4d3dd","name":"Eduardo Mart\u00ednez","image":{"@type":"ImageObject","inLanguage":"pt-BR","@id":"https:\/\/secure.gravatar.com\/avatar\/7902f906289926289cbcda644b5197c796b893c6ffd7b9a536a42d290f7704a0?s=96&d=mm&r=g","url":"https:\/\/secure.gravatar.com\/avatar\/7902f906289926289cbcda644b5197c796b893c6ffd7b9a536a42d290f7704a0?s=96&d=mm&r=g","contentUrl":"https:\/\/secure.gravatar.com\/avatar\/7902f906289926289cbcda644b5197c796b893c6ffd7b9a536a42d290f7704a0?s=96&d=mm&r=g","caption":"Eduardo Mart\u00ednez"}}]}},"amp_enabled":true,"_links":{"self":[{"href":"https:\/\/www.notibras.com\/site\/wp-json\/wp\/v2\/posts\/378515","targetHints":{"allow":["GET"]}}],"collection":[{"href":"https:\/\/www.notibras.com\/site\/wp-json\/wp\/v2\/posts"}],"about":[{"href":"https:\/\/www.notibras.com\/site\/wp-json\/wp\/v2\/types\/post"}],"author":[{"embeddable":true,"href":"https:\/\/www.notibras.com\/site\/wp-json\/wp\/v2\/users\/21"}],"replies":[{"embeddable":true,"href":"https:\/\/www.notibras.com\/site\/wp-json\/wp\/v2\/comments?post=378515"}],"version-history":[{"count":4,"href":"https:\/\/www.notibras.com\/site\/wp-json\/wp\/v2\/posts\/378515\/revisions"}],"predecessor-version":[{"id":378520,"href":"https:\/\/www.notibras.com\/site\/wp-json\/wp\/v2\/posts\/378515\/revisions\/378520"}],"wp:featuredmedia":[{"embeddable":true,"href":"https:\/\/www.notibras.com\/site\/wp-json\/wp\/v2\/media\/378516"}],"wp:attachment":[{"href":"https:\/\/www.notibras.com\/site\/wp-json\/wp\/v2\/media?parent=378515"}],"wp:term":[{"taxonomy":"category","embeddable":true,"href":"https:\/\/www.notibras.com\/site\/wp-json\/wp\/v2\/categories?post=378515"},{"taxonomy":"post_tag","embeddable":true,"href":"https:\/\/www.notibras.com\/site\/wp-json\/wp\/v2\/tags?post=378515"}],"curies":[{"name":"wp","href":"https:\/\/api.w.org\/{rel}","templated":true}]}}