{"id":378521,"date":"2026-01-11T01:15:28","date_gmt":"2026-01-11T04:15:28","guid":{"rendered":"https:\/\/www.notibras.com\/site\/?p=378521"},"modified":"2026-01-11T01:19:11","modified_gmt":"2026-01-11T04:19:11","slug":"postos-atualizaram-as-cadernetas-de-vacinacao","status":"publish","type":"post","link":"https:\/\/www.notibras.com\/site\/postos-atualizaram-as-cadernetas-de-vacinacao\/","title":{"rendered":"Postos atualizaram as cadernetas de vacina\u00e7\u00e3o"},"content":{"rendered":"<p>\u201cO Brasil \u00e9 o \u00fanico pa\u00eds do mundo que oferece vacina gratuita na entrada de um supermercado no final de semana\u201d, fez quest\u00e3o de assinalar a aposentada Vera L\u00facia da Silva, 62 anos. Moradora de Ceil\u00e2ndia Sul, ela aproveitou as compras para atualizar o esquema vacinal contra a Covid-19, com a quarta dose.<\/p>\n<p>O grande estabelecimento varejista serviu de apoio ao Carro da Vacina, a\u00e7\u00e3o itinerante que promove vacina\u00e7\u00e3o em Ceil\u00e2ndia, Brazl\u00e2ndia, Sol Nascente e P\u00f4r do Sol, \u00e1reas sob supervis\u00e3o da Superintend\u00eancia da Regi\u00e3o de Sa\u00fade Oeste. Al\u00e9m desse ponto, mais de 40 locais estiveram abertos ao longo deste s\u00e1bado (10) para a atualiza\u00e7\u00e3o da caderneta de vacina\u00e7\u00e3o.<\/p>\n<p>Ainda pela manh\u00e3, j\u00e1 havia pessoas aproveitando a amplia\u00e7\u00e3o da oferta de imunizantes contra a gripe, adotada pela Secretaria de Sa\u00fade do Distrito Federal (SES-DF). At\u00e9 31 de janeiro, qualquer pessoa a partir dos 6 meses de idade que n\u00e3o tenha recebido a dose em 2025 poder\u00e1 procurar uma sala de vacina para garantir a prote\u00e7\u00e3o.<\/p>\n<p>Assim que deixou a academia, que funciona junto ao supermercado em Ceil\u00e2ndia, Mateus dos Reis, 39 anos, descobriu que poderia se beneficiar da prorroga\u00e7\u00e3o. \u201c\u00c9 a primeira vez que eu tomo essa vacina. Estou aproveitando pra ficar imune\u201d, explica o gerente comercial. \u201cA gripe vem de repente, pega a gente desprevenido. Dessa vez eu quero estar protegido\u201d.<\/p>\n<p><strong>Locais de grande circula\u00e7\u00e3o<\/strong><\/p>\n<p>Antes de chegar ao centro esportivo onde trabalha, Lindonaldo Vitorino, 59 anos, parou para fazer algumas compras com a irm\u00e3 Marlete Vitorino, 47 anos. Al\u00e9m dos produtos adquiridos, saiu do local protegido com quatro doses de vacina, inclusive a tr\u00edplice viral (sarampo, caxumba e rub\u00e9ola), dispon\u00edvel para adultos at\u00e9 59 anos, limite que ultrapassar\u00e1 em maio.<\/p>\n<p>Quem percebeu a oferta de vacina foi a ca\u00e7ula, que, com o esquema vacinal atualizado, serviu de incentivo ao familiar. \u201cFiz treinamento de cuidadora. Tenho que cuidar do meu mano\u201d, declara.<\/p>\n<p>Mais de 90 pessoas receberam imunizantes da equipe do Carro da Vacina durante a manh\u00e3 de s\u00e1bado. Ao todo, foram aplicadas 282 doses, sendo as principais contra influenza, hepatites, difteria e t\u00e9tano. \u201cN\u00f3s vamos at\u00e9 esses lugares de grande circula\u00e7\u00e3o justamente para aproveitar o movimento e expandir a vacina\u00e7\u00e3o \u00e0 popula\u00e7\u00e3o local\u201d, explica o coordenador do Carro da Vacina, Alessandro Gutemberg.<\/p>\n","protected":false},"excerpt":{"rendered":"<p>\u201cO Brasil \u00e9 o \u00fanico pa\u00eds do mundo que oferece vacina gratuita na entrada de um supermercado no final de semana\u201d, fez quest\u00e3o de assinalar a aposentada Vera L\u00facia da Silva, 62 anos. Moradora de Ceil\u00e2ndia Sul, ela aproveitou as compras para atualizar o esquema vacinal contra a Covid-19, com a quarta dose. O grande [&hellip;]<\/p>\n","protected":false},"author":21,"featured_media":378522,"comment_status":"closed","ping_status":"closed","sticky":false,"template":"","format":"standard","meta":{"_acf_changed":false,"footnotes":""},"categories":[161],"tags":[],"class_list":["post-378521","post","type-post","status-publish","format-standard","has-post-thumbnail","hentry","category-quadradinho-em-foco"],"acf":[],"yoast_head":"<!-- This site is optimized with the Yoast SEO plugin v27.2 - https:\/\/yoast.com\/product\/yoast-seo-wordpress\/ -->\n<title>Postos atualizaram as cadernetas de vacina\u00e7\u00e3o - Notibras<\/title>\n<meta name=\"robots\" content=\"index, follow, max-snippet:-1, max-image-preview:large, max-video-preview:-1\" \/>\n<link rel=\"canonical\" href=\"https:\/\/www.notibras.com\/site\/postos-atualizaram-as-cadernetas-de-vacinacao\/\" \/>\n<meta property=\"og:locale\" content=\"pt_BR\" \/>\n<meta property=\"og:type\" content=\"article\" \/>\n<meta property=\"og:title\" content=\"Postos atualizaram as cadernetas de vacina\u00e7\u00e3o - Notibras\" \/>\n<meta property=\"og:description\" content=\"\u201cO Brasil \u00e9 o \u00fanico pa\u00eds do mundo que oferece vacina gratuita na entrada de um supermercado no final de semana\u201d, fez quest\u00e3o de assinalar a aposentada Vera L\u00facia da Silva, 62 anos. Moradora de Ceil\u00e2ndia Sul, ela aproveitou as compras para atualizar o esquema vacinal contra a Covid-19, com a quarta dose. O grande [&hellip;]\" \/>\n<meta property=\"og:url\" content=\"https:\/\/www.notibras.com\/site\/postos-atualizaram-as-cadernetas-de-vacinacao\/\" \/>\n<meta property=\"og:site_name\" content=\"Notibras\" \/>\n<meta property=\"article:publisher\" content=\"https:\/\/www.facebook.com\/notibras\/\" \/>\n<meta property=\"article:published_time\" content=\"2026-01-11T04:15:28+00:00\" \/>\n<meta property=\"article:modified_time\" content=\"2026-01-11T04:19:11+00:00\" \/>\n<meta property=\"og:image\" content=\"https:\/\/www.notibras.com\/site\/wp-content\/uploads\/2026\/01\/MATEUS-REIS-10012026-Carro-da-Vacina-em-Ceilandia-Sul-Fotos-Matheus-Oliveira-Agencia-Saude-DF.jpg\" \/>\n\t<meta property=\"og:image:width\" content=\"2048\" \/>\n\t<meta property=\"og:image:height\" content=\"1363\" \/>\n\t<meta property=\"og:image:type\" content=\"image\/jpeg\" \/>\n<meta name=\"author\" content=\"Eduardo Mart\u00ednez\" \/>\n<meta name=\"twitter:card\" content=\"summary_large_image\" \/>\n<meta name=\"twitter:creator\" content=\"@Notibras\" \/>\n<meta name=\"twitter:site\" content=\"@Notibras\" \/>\n<meta name=\"twitter:label1\" content=\"Escrito por\" \/>\n\t<meta name=\"twitter:data1\" content=\"Eduardo Mart\u00ednez\" \/>\n\t<meta name=\"twitter:label2\" content=\"Est. tempo de leitura\" \/>\n\t<meta name=\"twitter:data2\" content=\"3 minutos\" \/>\n<script type=\"application\/ld+json\" class=\"yoast-schema-graph\">{\"@context\":\"https:\/\/schema.org\",\"@graph\":[{\"@type\":\"Article\",\"@id\":\"https:\/\/www.notibras.com\/site\/postos-atualizaram-as-cadernetas-de-vacinacao\/#article\",\"isPartOf\":{\"@id\":\"https:\/\/www.notibras.com\/site\/postos-atualizaram-as-cadernetas-de-vacinacao\/\"},\"author\":{\"name\":\"Eduardo Mart\u00ednez\",\"@id\":\"https:\/\/www.notibras.com\/site\/#\/schema\/person\/5b7fabf2aedc3ada2105f03b22b4d3dd\"},\"headline\":\"Postos atualizaram as cadernetas de vacina\u00e7\u00e3o\",\"datePublished\":\"2026-01-11T04:15:28+00:00\",\"dateModified\":\"2026-01-11T04:19:11+00:00\",\"mainEntityOfPage\":{\"@id\":\"https:\/\/www.notibras.com\/site\/postos-atualizaram-as-cadernetas-de-vacinacao\/\"},\"wordCount\":401,\"publisher\":{\"@id\":\"https:\/\/www.notibras.com\/site\/#organization\"},\"image\":{\"@id\":\"https:\/\/www.notibras.com\/site\/postos-atualizaram-as-cadernetas-de-vacinacao\/#primaryimage\"},\"thumbnailUrl\":\"https:\/\/www.notibras.com\/site\/wp-content\/uploads\/2026\/01\/MATEUS-REIS-10012026-Carro-da-Vacina-em-Ceilandia-Sul-Fotos-Matheus-Oliveira-Agencia-Saude-DF.jpg\",\"articleSection\":[\"Quadradinho em Foco\"],\"inLanguage\":\"pt-BR\"},{\"@type\":\"WebPage\",\"@id\":\"https:\/\/www.notibras.com\/site\/postos-atualizaram-as-cadernetas-de-vacinacao\/\",\"url\":\"https:\/\/www.notibras.com\/site\/postos-atualizaram-as-cadernetas-de-vacinacao\/\",\"name\":\"Postos atualizaram as cadernetas de vacina\u00e7\u00e3o - Notibras\",\"isPartOf\":{\"@id\":\"https:\/\/www.notibras.com\/site\/#website\"},\"primaryImageOfPage\":{\"@id\":\"https:\/\/www.notibras.com\/site\/postos-atualizaram-as-cadernetas-de-vacinacao\/#primaryimage\"},\"image\":{\"@id\":\"https:\/\/www.notibras.com\/site\/postos-atualizaram-as-cadernetas-de-vacinacao\/#primaryimage\"},\"thumbnailUrl\":\"https:\/\/www.notibras.com\/site\/wp-content\/uploads\/2026\/01\/MATEUS-REIS-10012026-Carro-da-Vacina-em-Ceilandia-Sul-Fotos-Matheus-Oliveira-Agencia-Saude-DF.jpg\",\"datePublished\":\"2026-01-11T04:15:28+00:00\",\"dateModified\":\"2026-01-11T04:19:11+00:00\",\"breadcrumb\":{\"@id\":\"https:\/\/www.notibras.com\/site\/postos-atualizaram-as-cadernetas-de-vacinacao\/#breadcrumb\"},\"inLanguage\":\"pt-BR\",\"potentialAction\":[{\"@type\":\"ReadAction\",\"target\":[\"https:\/\/www.notibras.com\/site\/postos-atualizaram-as-cadernetas-de-vacinacao\/\"]}]},{\"@type\":\"ImageObject\",\"inLanguage\":\"pt-BR\",\"@id\":\"https:\/\/www.notibras.com\/site\/postos-atualizaram-as-cadernetas-de-vacinacao\/#primaryimage\",\"url\":\"https:\/\/www.notibras.com\/site\/wp-content\/uploads\/2026\/01\/MATEUS-REIS-10012026-Carro-da-Vacina-em-Ceilandia-Sul-Fotos-Matheus-Oliveira-Agencia-Saude-DF.jpg\",\"contentUrl\":\"https:\/\/www.notibras.com\/site\/wp-content\/uploads\/2026\/01\/MATEUS-REIS-10012026-Carro-da-Vacina-em-Ceilandia-Sul-Fotos-Matheus-Oliveira-Agencia-Saude-DF.jpg\",\"width\":2048,\"height\":1363},{\"@type\":\"BreadcrumbList\",\"@id\":\"https:\/\/www.notibras.com\/site\/postos-atualizaram-as-cadernetas-de-vacinacao\/#breadcrumb\",\"itemListElement\":[{\"@type\":\"ListItem\",\"position\":1,\"name\":\"In\u00edcio\",\"item\":\"https:\/\/www.notibras.com\/site\/\"},{\"@type\":\"ListItem\",\"position\":2,\"name\":\"Postos atualizaram as cadernetas de vacina\u00e7\u00e3o\"}]},{\"@type\":\"WebSite\",\"@id\":\"https:\/\/www.notibras.com\/site\/#website\",\"url\":\"https:\/\/www.notibras.com\/site\/\",\"name\":\"Notibras\",\"description\":\"Not\u00edcias de Bras\u00edlia, do Brasil e do Mundo\",\"publisher\":{\"@id\":\"https:\/\/www.notibras.com\/site\/#organization\"},\"potentialAction\":[{\"@type\":\"SearchAction\",\"target\":{\"@type\":\"EntryPoint\",\"urlTemplate\":\"https:\/\/www.notibras.com\/site\/?s={search_term_string}\"},\"query-input\":{\"@type\":\"PropertyValueSpecification\",\"valueRequired\":true,\"valueName\":\"search_term_string\"}}],\"inLanguage\":\"pt-BR\"},{\"@type\":\"Organization\",\"@id\":\"https:\/\/www.notibras.com\/site\/#organization\",\"name\":\"Grupo Notibras de Comunica\u00e7\u00e3o\",\"url\":\"https:\/\/www.notibras.com\/site\/\",\"logo\":{\"@type\":\"ImageObject\",\"inLanguage\":\"pt-BR\",\"@id\":\"https:\/\/www.notibras.com\/site\/#\/schema\/logo\/image\/\",\"url\":\"https:\/\/www.notibras.com\/site\/wp-content\/uploads\/2023\/01\/notibras23.png\",\"contentUrl\":\"https:\/\/www.notibras.com\/site\/wp-content\/uploads\/2023\/01\/notibras23.png\",\"width\":350,\"height\":87,\"caption\":\"Grupo Notibras de Comunica\u00e7\u00e3o\"},\"image\":{\"@id\":\"https:\/\/www.notibras.com\/site\/#\/schema\/logo\/image\/\"},\"sameAs\":[\"https:\/\/www.facebook.com\/notibras\/\",\"https:\/\/x.com\/Notibras\",\"https:\/\/www.instagram.com\/notibras\/\"]},{\"@type\":\"Person\",\"@id\":\"https:\/\/www.notibras.com\/site\/#\/schema\/person\/5b7fabf2aedc3ada2105f03b22b4d3dd\",\"name\":\"Eduardo Mart\u00ednez\",\"image\":{\"@type\":\"ImageObject\",\"inLanguage\":\"pt-BR\",\"@id\":\"https:\/\/secure.gravatar.com\/avatar\/7902f906289926289cbcda644b5197c796b893c6ffd7b9a536a42d290f7704a0?s=96&d=mm&r=g\",\"url\":\"https:\/\/secure.gravatar.com\/avatar\/7902f906289926289cbcda644b5197c796b893c6ffd7b9a536a42d290f7704a0?s=96&d=mm&r=g\",\"contentUrl\":\"https:\/\/secure.gravatar.com\/avatar\/7902f906289926289cbcda644b5197c796b893c6ffd7b9a536a42d290f7704a0?s=96&d=mm&r=g\",\"caption\":\"Eduardo Mart\u00ednez\"}}]}<\/script>\n<!-- \/ Yoast SEO plugin. -->","yoast_head_json":{"title":"Postos atualizaram as cadernetas de vacina\u00e7\u00e3o - Notibras","robots":{"index":"index","follow":"follow","max-snippet":"max-snippet:-1","max-image-preview":"max-image-preview:large","max-video-preview":"max-video-preview:-1"},"canonical":"https:\/\/www.notibras.com\/site\/postos-atualizaram-as-cadernetas-de-vacinacao\/","og_locale":"pt_BR","og_type":"article","og_title":"Postos atualizaram as cadernetas de vacina\u00e7\u00e3o - Notibras","og_description":"\u201cO Brasil \u00e9 o \u00fanico pa\u00eds do mundo que oferece vacina gratuita na entrada de um supermercado no final de semana\u201d, fez quest\u00e3o de assinalar a aposentada Vera L\u00facia da Silva, 62 anos. Moradora de Ceil\u00e2ndia Sul, ela aproveitou as compras para atualizar o esquema vacinal contra a Covid-19, com a quarta dose. O grande [&hellip;]","og_url":"https:\/\/www.notibras.com\/site\/postos-atualizaram-as-cadernetas-de-vacinacao\/","og_site_name":"Notibras","article_publisher":"https:\/\/www.facebook.com\/notibras\/","article_published_time":"2026-01-11T04:15:28+00:00","article_modified_time":"2026-01-11T04:19:11+00:00","og_image":[{"width":2048,"height":1363,"url":"https:\/\/www.notibras.com\/site\/wp-content\/uploads\/2026\/01\/MATEUS-REIS-10012026-Carro-da-Vacina-em-Ceilandia-Sul-Fotos-Matheus-Oliveira-Agencia-Saude-DF.jpg","type":"image\/jpeg"}],"author":"Eduardo Mart\u00ednez","twitter_card":"summary_large_image","twitter_creator":"@Notibras","twitter_site":"@Notibras","twitter_misc":{"Escrito por":"Eduardo Mart\u00ednez","Est. tempo de leitura":"3 minutos"},"schema":{"@context":"https:\/\/schema.org","@graph":[{"@type":"Article","@id":"https:\/\/www.notibras.com\/site\/postos-atualizaram-as-cadernetas-de-vacinacao\/#article","isPartOf":{"@id":"https:\/\/www.notibras.com\/site\/postos-atualizaram-as-cadernetas-de-vacinacao\/"},"author":{"name":"Eduardo Mart\u00ednez","@id":"https:\/\/www.notibras.com\/site\/#\/schema\/person\/5b7fabf2aedc3ada2105f03b22b4d3dd"},"headline":"Postos atualizaram as cadernetas de vacina\u00e7\u00e3o","datePublished":"2026-01-11T04:15:28+00:00","dateModified":"2026-01-11T04:19:11+00:00","mainEntityOfPage":{"@id":"https:\/\/www.notibras.com\/site\/postos-atualizaram-as-cadernetas-de-vacinacao\/"},"wordCount":401,"publisher":{"@id":"https:\/\/www.notibras.com\/site\/#organization"},"image":{"@id":"https:\/\/www.notibras.com\/site\/postos-atualizaram-as-cadernetas-de-vacinacao\/#primaryimage"},"thumbnailUrl":"https:\/\/www.notibras.com\/site\/wp-content\/uploads\/2026\/01\/MATEUS-REIS-10012026-Carro-da-Vacina-em-Ceilandia-Sul-Fotos-Matheus-Oliveira-Agencia-Saude-DF.jpg","articleSection":["Quadradinho em Foco"],"inLanguage":"pt-BR"},{"@type":"WebPage","@id":"https:\/\/www.notibras.com\/site\/postos-atualizaram-as-cadernetas-de-vacinacao\/","url":"https:\/\/www.notibras.com\/site\/postos-atualizaram-as-cadernetas-de-vacinacao\/","name":"Postos atualizaram as cadernetas de vacina\u00e7\u00e3o - Notibras","isPartOf":{"@id":"https:\/\/www.notibras.com\/site\/#website"},"primaryImageOfPage":{"@id":"https:\/\/www.notibras.com\/site\/postos-atualizaram-as-cadernetas-de-vacinacao\/#primaryimage"},"image":{"@id":"https:\/\/www.notibras.com\/site\/postos-atualizaram-as-cadernetas-de-vacinacao\/#primaryimage"},"thumbnailUrl":"https:\/\/www.notibras.com\/site\/wp-content\/uploads\/2026\/01\/MATEUS-REIS-10012026-Carro-da-Vacina-em-Ceilandia-Sul-Fotos-Matheus-Oliveira-Agencia-Saude-DF.jpg","datePublished":"2026-01-11T04:15:28+00:00","dateModified":"2026-01-11T04:19:11+00:00","breadcrumb":{"@id":"https:\/\/www.notibras.com\/site\/postos-atualizaram-as-cadernetas-de-vacinacao\/#breadcrumb"},"inLanguage":"pt-BR","potentialAction":[{"@type":"ReadAction","target":["https:\/\/www.notibras.com\/site\/postos-atualizaram-as-cadernetas-de-vacinacao\/"]}]},{"@type":"ImageObject","inLanguage":"pt-BR","@id":"https:\/\/www.notibras.com\/site\/postos-atualizaram-as-cadernetas-de-vacinacao\/#primaryimage","url":"https:\/\/www.notibras.com\/site\/wp-content\/uploads\/2026\/01\/MATEUS-REIS-10012026-Carro-da-Vacina-em-Ceilandia-Sul-Fotos-Matheus-Oliveira-Agencia-Saude-DF.jpg","contentUrl":"https:\/\/www.notibras.com\/site\/wp-content\/uploads\/2026\/01\/MATEUS-REIS-10012026-Carro-da-Vacina-em-Ceilandia-Sul-Fotos-Matheus-Oliveira-Agencia-Saude-DF.jpg","width":2048,"height":1363},{"@type":"BreadcrumbList","@id":"https:\/\/www.notibras.com\/site\/postos-atualizaram-as-cadernetas-de-vacinacao\/#breadcrumb","itemListElement":[{"@type":"ListItem","position":1,"name":"In\u00edcio","item":"https:\/\/www.notibras.com\/site\/"},{"@type":"ListItem","position":2,"name":"Postos atualizaram as cadernetas de vacina\u00e7\u00e3o"}]},{"@type":"WebSite","@id":"https:\/\/www.notibras.com\/site\/#website","url":"https:\/\/www.notibras.com\/site\/","name":"Notibras","description":"Not\u00edcias de Bras\u00edlia, do Brasil e do Mundo","publisher":{"@id":"https:\/\/www.notibras.com\/site\/#organization"},"potentialAction":[{"@type":"SearchAction","target":{"@type":"EntryPoint","urlTemplate":"https:\/\/www.notibras.com\/site\/?s={search_term_string}"},"query-input":{"@type":"PropertyValueSpecification","valueRequired":true,"valueName":"search_term_string"}}],"inLanguage":"pt-BR"},{"@type":"Organization","@id":"https:\/\/www.notibras.com\/site\/#organization","name":"Grupo Notibras de Comunica\u00e7\u00e3o","url":"https:\/\/www.notibras.com\/site\/","logo":{"@type":"ImageObject","inLanguage":"pt-BR","@id":"https:\/\/www.notibras.com\/site\/#\/schema\/logo\/image\/","url":"https:\/\/www.notibras.com\/site\/wp-content\/uploads\/2023\/01\/notibras23.png","contentUrl":"https:\/\/www.notibras.com\/site\/wp-content\/uploads\/2023\/01\/notibras23.png","width":350,"height":87,"caption":"Grupo Notibras de Comunica\u00e7\u00e3o"},"image":{"@id":"https:\/\/www.notibras.com\/site\/#\/schema\/logo\/image\/"},"sameAs":["https:\/\/www.facebook.com\/notibras\/","https:\/\/x.com\/Notibras","https:\/\/www.instagram.com\/notibras\/"]},{"@type":"Person","@id":"https:\/\/www.notibras.com\/site\/#\/schema\/person\/5b7fabf2aedc3ada2105f03b22b4d3dd","name":"Eduardo Mart\u00ednez","image":{"@type":"ImageObject","inLanguage":"pt-BR","@id":"https:\/\/secure.gravatar.com\/avatar\/7902f906289926289cbcda644b5197c796b893c6ffd7b9a536a42d290f7704a0?s=96&d=mm&r=g","url":"https:\/\/secure.gravatar.com\/avatar\/7902f906289926289cbcda644b5197c796b893c6ffd7b9a536a42d290f7704a0?s=96&d=mm&r=g","contentUrl":"https:\/\/secure.gravatar.com\/avatar\/7902f906289926289cbcda644b5197c796b893c6ffd7b9a536a42d290f7704a0?s=96&d=mm&r=g","caption":"Eduardo Mart\u00ednez"}}]}},"amp_enabled":true,"_links":{"self":[{"href":"https:\/\/www.notibras.com\/site\/wp-json\/wp\/v2\/posts\/378521","targetHints":{"allow":["GET"]}}],"collection":[{"href":"https:\/\/www.notibras.com\/site\/wp-json\/wp\/v2\/posts"}],"about":[{"href":"https:\/\/www.notibras.com\/site\/wp-json\/wp\/v2\/types\/post"}],"author":[{"embeddable":true,"href":"https:\/\/www.notibras.com\/site\/wp-json\/wp\/v2\/users\/21"}],"replies":[{"embeddable":true,"href":"https:\/\/www.notibras.com\/site\/wp-json\/wp\/v2\/comments?post=378521"}],"version-history":[{"count":9,"href":"https:\/\/www.notibras.com\/site\/wp-json\/wp\/v2\/posts\/378521\/revisions"}],"predecessor-version":[{"id":378551,"href":"https:\/\/www.notibras.com\/site\/wp-json\/wp\/v2\/posts\/378521\/revisions\/378551"}],"wp:featuredmedia":[{"embeddable":true,"href":"https:\/\/www.notibras.com\/site\/wp-json\/wp\/v2\/media\/378522"}],"wp:attachment":[{"href":"https:\/\/www.notibras.com\/site\/wp-json\/wp\/v2\/media?parent=378521"}],"wp:term":[{"taxonomy":"category","embeddable":true,"href":"https:\/\/www.notibras.com\/site\/wp-json\/wp\/v2\/categories?post=378521"},{"taxonomy":"post_tag","embeddable":true,"href":"https:\/\/www.notibras.com\/site\/wp-json\/wp\/v2\/tags?post=378521"}],"curies":[{"name":"wp","href":"https:\/\/api.w.org\/{rel}","templated":true}]}}