{"id":378531,"date":"2026-01-11T00:38:10","date_gmt":"2026-01-11T03:38:10","guid":{"rendered":"https:\/\/www.notibras.com\/site\/?p=378531"},"modified":"2026-01-11T00:55:58","modified_gmt":"2026-01-11T03:55:58","slug":"quem-chega-aos-70-muda-de-face-forma-e-fase-mas-mantem-sonhos","status":"publish","type":"post","link":"https:\/\/www.notibras.com\/site\/quem-chega-aos-70-muda-de-face-forma-e-fase-mas-mantem-sonhos\/","title":{"rendered":"Quem chega aos 70, muda de face, forma e fase, mas mant\u00e9m sonhos"},"content":{"rendered":"<p>Um certo dia dos anos 70, um cidad\u00e3o uruguaio escreveu uma letra que ficaria marcada para a mo\u00e7ada da \u00e9poca. Os anos eram de chumbo. Por isso, foi um marco para aquela gera\u00e7\u00e3o ouvir de um estrangeiro, ainda no limiar da ditadura militar, que n\u00f3s est\u00e1vamos inventando a vida, como se antes nada existisse. E o apelo se seguiu com os versos \u201cPorque nascemos hoje do nada, porque nascemos hoje para o amor. N\u00f3s estamos descobrindo os corpos, como a manh\u00e3 descobre as imagens&#8230;\u201d Esse era o Brasil do milagre econ\u00f4mico, a m\u00fasica era Gera\u00e7\u00e3o 70 e o compositor e int\u00e9rprete o ent\u00e3o jovem Taiguara Chalar da Silva, uruguaio de ber\u00e7o, mas brazuca de cora\u00e7\u00e3o.<\/p>\n<p>Depois de dois ex\u00edlios no exterior, ele morreu em 1996, aos 50 anos. Uma das maiores v\u00edtimas do regime dos generais, Taiguara, entre 1970 e 1974, teve dois discos completos empastelados e 68 de suas 140 can\u00e7\u00f5es vetadas pelos ditadores. O argumento foi o mesmo utilizado pelo mito da pororoca para tentar se perpetuar no poder: o atentado \u00e0 moral e aos bons costumes. Taiguara partiu, mas ainda vive gra\u00e7as aos sucessos que os mais velhos jamais esquecer\u00e3o: Universo no teu corpo, Viagem, Hoje, Teu sonho n\u00e3o acabou, Paz do meu amor, Que as crian\u00e7as cantem livres, Modinha e Cavaleiro da esperan\u00e7a, feita em homenagem a Lu\u00eds Carlos Prestes, entre muitas outras.<\/p>\n<p>Como o patriotismo nos obrigava a ser ufanistas, isto \u00e9, t\u00ednhamos de amar o Brasil acima de qualquer outra coisa, inventar a vida nos anos 70 significava nascer de novo, recome\u00e7ar do zero. Foi o que muitos dos meus fizeram. Fiz parte da turma do c\u00e9rebro eletr\u00f4nico, hoje banalizado sob a alcunha de computador. Nos \u00faltimos anos, com o avan\u00e7o da tecnologia e de novos estudos, o tempo de uma gera\u00e7\u00e3o foi reduzido de 25 para dez anos. Tudo a favor. Depois da minha, v\u00e1rias gera\u00e7\u00f5es se seguiram, inclusive a do sexo livre, a do inconformismo, da rebeldia, da irrever\u00eancia, a do p\u00e9 na jaca e a da Coca-Cola.<\/p>\n<p>Nada a declarar sobre a da Intelig\u00eancia Artificial. De alguma maneira, participei de quase todas com alguns pitacos e sempre ouvindo Taiguara, Caetano, Gil, Jo\u00e3o Gilberto, Chico, Tom Z\u00e9, Jards Macal\u00e9, Gal, Raul, Belchior, Fagner, Novos Baianos e os papas da MPB, al\u00e9m da nata do rock internacional. Cultural e melodiosamente, minha gera\u00e7\u00e3o foi muito bem servida. Tanto que ainda hoje os artistas, as m\u00fasicas, as novelas, as pe\u00e7as teatrais e os desportistas de ent\u00e3o s\u00e3o lembrados como divisores de \u00e1gua. Apesar do tempo, permane\u00e7o de verdade. O que posso dizer \u00e9 que, quando dei por mim, a vida havia passado.<\/p>\n<p>Apesar dessa constata\u00e7\u00e3o, sou um jovem que n\u00e3o morreu. Enfim, o mundo est\u00e1 envelhecendo e, sinceramente, n\u00e3o h\u00e1 nada mais moderno do que ficar velho. Que bom lembrar que tecnologia era sin\u00f4nimo de r\u00e1dio de pilha e, para uma minoria, de radiola (r\u00e1dio com vitrola) e de TV preto e branco. Particularmente, nunca me imaginei tentando descobrir novas dire\u00e7\u00f5es para a exist\u00eancia em frente a um computador. Tinha coisas mais interessantes para descobrir e fazer. A criatividade era minha (certamente a nossa) principal arma contra o suposto marasmo dos longos dias e noites.<\/p>\n<p>Normalmente eu buscava solu\u00e7\u00f5es caseiras e, \u00e0s vezes, rueiras para problemas descomplicados, como, por exemplo, uma unha encravada, uma fimose inflamada, uma febre mal curada, um amor n\u00e3o correspondido e at\u00e9 uma pelada (nem tanto) perdida. Sonhava com o que podia e nem sempre acordava como devia. O tempo passou de repente, mas, felizmente, nada em mim mudou. Hoje, ap\u00f3s tantos natais e anos novos, notei que a vida n\u00e3o \u00e9 mais a mesma. A idade chegou e s\u00f3 agora percebo que mudei de face, de forma e de fase. Entretanto, o dever foi cumprido e meu sonho n\u00e3o acabou. Como na vida tudo passa, mas nem tudo a gente esquece, a sensa\u00e7\u00e3o mais agrad\u00e1vel \u00e9 a certeza de que \u00e9ramos felizes e sab\u00edamos.<\/p>\n<p>&#8230;&#8230;&#8230;.<\/p>\n<p><strong>Armando Cardoso \u00e9 presidente do Conselho Editorial de Notibras<\/strong><\/p>\n","protected":false},"excerpt":{"rendered":"<p>Um certo dia dos anos 70, um cidad\u00e3o uruguaio escreveu uma letra que ficaria marcada para a mo\u00e7ada da \u00e9poca. Os anos eram de chumbo. Por isso, foi um marco para aquela gera\u00e7\u00e3o ouvir de um estrangeiro, ainda no limiar da ditadura militar, que n\u00f3s est\u00e1vamos inventando a vida, como se antes nada existisse. E [&hellip;]<\/p>\n","protected":false},"author":2,"featured_media":229981,"comment_status":"closed","ping_status":"closed","sticky":false,"template":"","format":"standard","meta":{"_acf_changed":false,"footnotes":""},"categories":[16],"tags":[],"class_list":["post-378531","post","type-post","status-publish","format-standard","has-post-thumbnail","hentry","category-brasil"],"acf":[],"yoast_head":"<!-- This site is optimized with the Yoast SEO plugin v27.2 - https:\/\/yoast.com\/product\/yoast-seo-wordpress\/ -->\n<title>Quem chega aos 70, muda de face, forma e fase, mas mant\u00e9m sonhos - Notibras<\/title>\n<meta name=\"robots\" content=\"index, follow, max-snippet:-1, max-image-preview:large, max-video-preview:-1\" \/>\n<link rel=\"canonical\" href=\"https:\/\/www.notibras.com\/site\/quem-chega-aos-70-muda-de-face-forma-e-fase-mas-mantem-sonhos\/\" \/>\n<meta property=\"og:locale\" content=\"pt_BR\" \/>\n<meta property=\"og:type\" content=\"article\" \/>\n<meta property=\"og:title\" content=\"Quem chega aos 70, muda de face, forma e fase, mas mant\u00e9m sonhos - Notibras\" \/>\n<meta property=\"og:description\" content=\"Um certo dia dos anos 70, um cidad\u00e3o uruguaio escreveu uma letra que ficaria marcada para a mo\u00e7ada da \u00e9poca. Os anos eram de chumbo. Por isso, foi um marco para aquela gera\u00e7\u00e3o ouvir de um estrangeiro, ainda no limiar da ditadura militar, que n\u00f3s est\u00e1vamos inventando a vida, como se antes nada existisse. E [&hellip;]\" \/>\n<meta property=\"og:url\" content=\"https:\/\/www.notibras.com\/site\/quem-chega-aos-70-muda-de-face-forma-e-fase-mas-mantem-sonhos\/\" \/>\n<meta property=\"og:site_name\" content=\"Notibras\" \/>\n<meta property=\"article:publisher\" content=\"https:\/\/www.facebook.com\/notibras\/\" \/>\n<meta property=\"article:published_time\" content=\"2026-01-11T03:38:10+00:00\" \/>\n<meta property=\"article:modified_time\" content=\"2026-01-11T03:55:58+00:00\" \/>\n<meta property=\"og:image\" content=\"https:\/\/www.notibras.com\/site\/wp-content\/uploads\/2020\/04\/E90A99ECEF9F0294019BF511D07F74B236E8_idoso.jpg\" \/>\n\t<meta property=\"og:image:width\" content=\"680\" \/>\n\t<meta property=\"og:image:height\" content=\"390\" \/>\n\t<meta property=\"og:image:type\" content=\"image\/jpeg\" \/>\n<meta name=\"author\" content=\"Reda\u00e7\u00e3o\" \/>\n<meta name=\"twitter:card\" content=\"summary_large_image\" \/>\n<meta name=\"twitter:creator\" content=\"@Notibras\" \/>\n<meta name=\"twitter:site\" content=\"@Notibras\" \/>\n<meta name=\"twitter:label1\" content=\"Escrito por\" \/>\n\t<meta name=\"twitter:data1\" content=\"Reda\u00e7\u00e3o\" \/>\n\t<meta name=\"twitter:label2\" content=\"Est. tempo de leitura\" \/>\n\t<meta name=\"twitter:data2\" content=\"4 minutos\" \/>\n<script type=\"application\/ld+json\" class=\"yoast-schema-graph\">{\"@context\":\"https:\/\/schema.org\",\"@graph\":[{\"@type\":\"Article\",\"@id\":\"https:\/\/www.notibras.com\/site\/quem-chega-aos-70-muda-de-face-forma-e-fase-mas-mantem-sonhos\/#article\",\"isPartOf\":{\"@id\":\"https:\/\/www.notibras.com\/site\/quem-chega-aos-70-muda-de-face-forma-e-fase-mas-mantem-sonhos\/\"},\"author\":{\"name\":\"Reda\u00e7\u00e3o\",\"@id\":\"https:\/\/www.notibras.com\/site\/#\/schema\/person\/36ab0979449956132d3e5b517ea76ac8\"},\"headline\":\"Quem chega aos 70, muda de face, forma e fase, mas mant\u00e9m sonhos\",\"datePublished\":\"2026-01-11T03:38:10+00:00\",\"dateModified\":\"2026-01-11T03:55:58+00:00\",\"mainEntityOfPage\":{\"@id\":\"https:\/\/www.notibras.com\/site\/quem-chega-aos-70-muda-de-face-forma-e-fase-mas-mantem-sonhos\/\"},\"wordCount\":716,\"publisher\":{\"@id\":\"https:\/\/www.notibras.com\/site\/#organization\"},\"image\":{\"@id\":\"https:\/\/www.notibras.com\/site\/quem-chega-aos-70-muda-de-face-forma-e-fase-mas-mantem-sonhos\/#primaryimage\"},\"thumbnailUrl\":\"https:\/\/www.notibras.com\/site\/wp-content\/uploads\/2020\/04\/E90A99ECEF9F0294019BF511D07F74B236E8_idoso.jpg\",\"articleSection\":[\"Brasil\"],\"inLanguage\":\"pt-BR\"},{\"@type\":\"WebPage\",\"@id\":\"https:\/\/www.notibras.com\/site\/quem-chega-aos-70-muda-de-face-forma-e-fase-mas-mantem-sonhos\/\",\"url\":\"https:\/\/www.notibras.com\/site\/quem-chega-aos-70-muda-de-face-forma-e-fase-mas-mantem-sonhos\/\",\"name\":\"Quem chega aos 70, muda de face, forma e fase, mas mant\u00e9m sonhos - Notibras\",\"isPartOf\":{\"@id\":\"https:\/\/www.notibras.com\/site\/#website\"},\"primaryImageOfPage\":{\"@id\":\"https:\/\/www.notibras.com\/site\/quem-chega-aos-70-muda-de-face-forma-e-fase-mas-mantem-sonhos\/#primaryimage\"},\"image\":{\"@id\":\"https:\/\/www.notibras.com\/site\/quem-chega-aos-70-muda-de-face-forma-e-fase-mas-mantem-sonhos\/#primaryimage\"},\"thumbnailUrl\":\"https:\/\/www.notibras.com\/site\/wp-content\/uploads\/2020\/04\/E90A99ECEF9F0294019BF511D07F74B236E8_idoso.jpg\",\"datePublished\":\"2026-01-11T03:38:10+00:00\",\"dateModified\":\"2026-01-11T03:55:58+00:00\",\"breadcrumb\":{\"@id\":\"https:\/\/www.notibras.com\/site\/quem-chega-aos-70-muda-de-face-forma-e-fase-mas-mantem-sonhos\/#breadcrumb\"},\"inLanguage\":\"pt-BR\",\"potentialAction\":[{\"@type\":\"ReadAction\",\"target\":[\"https:\/\/www.notibras.com\/site\/quem-chega-aos-70-muda-de-face-forma-e-fase-mas-mantem-sonhos\/\"]}]},{\"@type\":\"ImageObject\",\"inLanguage\":\"pt-BR\",\"@id\":\"https:\/\/www.notibras.com\/site\/quem-chega-aos-70-muda-de-face-forma-e-fase-mas-mantem-sonhos\/#primaryimage\",\"url\":\"https:\/\/www.notibras.com\/site\/wp-content\/uploads\/2020\/04\/E90A99ECEF9F0294019BF511D07F74B236E8_idoso.jpg\",\"contentUrl\":\"https:\/\/www.notibras.com\/site\/wp-content\/uploads\/2020\/04\/E90A99ECEF9F0294019BF511D07F74B236E8_idoso.jpg\",\"width\":680,\"height\":390},{\"@type\":\"BreadcrumbList\",\"@id\":\"https:\/\/www.notibras.com\/site\/quem-chega-aos-70-muda-de-face-forma-e-fase-mas-mantem-sonhos\/#breadcrumb\",\"itemListElement\":[{\"@type\":\"ListItem\",\"position\":1,\"name\":\"In\u00edcio\",\"item\":\"https:\/\/www.notibras.com\/site\/\"},{\"@type\":\"ListItem\",\"position\":2,\"name\":\"Quem chega aos 70, muda de face, forma e fase, mas mant\u00e9m sonhos\"}]},{\"@type\":\"WebSite\",\"@id\":\"https:\/\/www.notibras.com\/site\/#website\",\"url\":\"https:\/\/www.notibras.com\/site\/\",\"name\":\"Notibras\",\"description\":\"Not\u00edcias de Bras\u00edlia, do Brasil e do Mundo\",\"publisher\":{\"@id\":\"https:\/\/www.notibras.com\/site\/#organization\"},\"potentialAction\":[{\"@type\":\"SearchAction\",\"target\":{\"@type\":\"EntryPoint\",\"urlTemplate\":\"https:\/\/www.notibras.com\/site\/?s={search_term_string}\"},\"query-input\":{\"@type\":\"PropertyValueSpecification\",\"valueRequired\":true,\"valueName\":\"search_term_string\"}}],\"inLanguage\":\"pt-BR\"},{\"@type\":\"Organization\",\"@id\":\"https:\/\/www.notibras.com\/site\/#organization\",\"name\":\"Grupo Notibras de Comunica\u00e7\u00e3o\",\"url\":\"https:\/\/www.notibras.com\/site\/\",\"logo\":{\"@type\":\"ImageObject\",\"inLanguage\":\"pt-BR\",\"@id\":\"https:\/\/www.notibras.com\/site\/#\/schema\/logo\/image\/\",\"url\":\"https:\/\/www.notibras.com\/site\/wp-content\/uploads\/2023\/01\/notibras23.png\",\"contentUrl\":\"https:\/\/www.notibras.com\/site\/wp-content\/uploads\/2023\/01\/notibras23.png\",\"width\":350,\"height\":87,\"caption\":\"Grupo Notibras de Comunica\u00e7\u00e3o\"},\"image\":{\"@id\":\"https:\/\/www.notibras.com\/site\/#\/schema\/logo\/image\/\"},\"sameAs\":[\"https:\/\/www.facebook.com\/notibras\/\",\"https:\/\/x.com\/Notibras\",\"https:\/\/www.instagram.com\/notibras\/\"]},{\"@type\":\"Person\",\"@id\":\"https:\/\/www.notibras.com\/site\/#\/schema\/person\/36ab0979449956132d3e5b517ea76ac8\",\"name\":\"Reda\u00e7\u00e3o\",\"image\":{\"@type\":\"ImageObject\",\"inLanguage\":\"pt-BR\",\"@id\":\"https:\/\/secure.gravatar.com\/avatar\/e0a867bdedb85fd243eadf09663511f96fc81e0720a4a42581f334ad4303aa6b?s=96&d=mm&r=g\",\"url\":\"https:\/\/secure.gravatar.com\/avatar\/e0a867bdedb85fd243eadf09663511f96fc81e0720a4a42581f334ad4303aa6b?s=96&d=mm&r=g\",\"contentUrl\":\"https:\/\/secure.gravatar.com\/avatar\/e0a867bdedb85fd243eadf09663511f96fc81e0720a4a42581f334ad4303aa6b?s=96&d=mm&r=g\",\"caption\":\"Reda\u00e7\u00e3o\"}}]}<\/script>\n<!-- \/ Yoast SEO plugin. -->","yoast_head_json":{"title":"Quem chega aos 70, muda de face, forma e fase, mas mant\u00e9m sonhos - Notibras","robots":{"index":"index","follow":"follow","max-snippet":"max-snippet:-1","max-image-preview":"max-image-preview:large","max-video-preview":"max-video-preview:-1"},"canonical":"https:\/\/www.notibras.com\/site\/quem-chega-aos-70-muda-de-face-forma-e-fase-mas-mantem-sonhos\/","og_locale":"pt_BR","og_type":"article","og_title":"Quem chega aos 70, muda de face, forma e fase, mas mant\u00e9m sonhos - Notibras","og_description":"Um certo dia dos anos 70, um cidad\u00e3o uruguaio escreveu uma letra que ficaria marcada para a mo\u00e7ada da \u00e9poca. Os anos eram de chumbo. Por isso, foi um marco para aquela gera\u00e7\u00e3o ouvir de um estrangeiro, ainda no limiar da ditadura militar, que n\u00f3s est\u00e1vamos inventando a vida, como se antes nada existisse. E [&hellip;]","og_url":"https:\/\/www.notibras.com\/site\/quem-chega-aos-70-muda-de-face-forma-e-fase-mas-mantem-sonhos\/","og_site_name":"Notibras","article_publisher":"https:\/\/www.facebook.com\/notibras\/","article_published_time":"2026-01-11T03:38:10+00:00","article_modified_time":"2026-01-11T03:55:58+00:00","og_image":[{"width":680,"height":390,"url":"https:\/\/www.notibras.com\/site\/wp-content\/uploads\/2020\/04\/E90A99ECEF9F0294019BF511D07F74B236E8_idoso.jpg","type":"image\/jpeg"}],"author":"Reda\u00e7\u00e3o","twitter_card":"summary_large_image","twitter_creator":"@Notibras","twitter_site":"@Notibras","twitter_misc":{"Escrito por":"Reda\u00e7\u00e3o","Est. tempo de leitura":"4 minutos"},"schema":{"@context":"https:\/\/schema.org","@graph":[{"@type":"Article","@id":"https:\/\/www.notibras.com\/site\/quem-chega-aos-70-muda-de-face-forma-e-fase-mas-mantem-sonhos\/#article","isPartOf":{"@id":"https:\/\/www.notibras.com\/site\/quem-chega-aos-70-muda-de-face-forma-e-fase-mas-mantem-sonhos\/"},"author":{"name":"Reda\u00e7\u00e3o","@id":"https:\/\/www.notibras.com\/site\/#\/schema\/person\/36ab0979449956132d3e5b517ea76ac8"},"headline":"Quem chega aos 70, muda de face, forma e fase, mas mant\u00e9m sonhos","datePublished":"2026-01-11T03:38:10+00:00","dateModified":"2026-01-11T03:55:58+00:00","mainEntityOfPage":{"@id":"https:\/\/www.notibras.com\/site\/quem-chega-aos-70-muda-de-face-forma-e-fase-mas-mantem-sonhos\/"},"wordCount":716,"publisher":{"@id":"https:\/\/www.notibras.com\/site\/#organization"},"image":{"@id":"https:\/\/www.notibras.com\/site\/quem-chega-aos-70-muda-de-face-forma-e-fase-mas-mantem-sonhos\/#primaryimage"},"thumbnailUrl":"https:\/\/www.notibras.com\/site\/wp-content\/uploads\/2020\/04\/E90A99ECEF9F0294019BF511D07F74B236E8_idoso.jpg","articleSection":["Brasil"],"inLanguage":"pt-BR"},{"@type":"WebPage","@id":"https:\/\/www.notibras.com\/site\/quem-chega-aos-70-muda-de-face-forma-e-fase-mas-mantem-sonhos\/","url":"https:\/\/www.notibras.com\/site\/quem-chega-aos-70-muda-de-face-forma-e-fase-mas-mantem-sonhos\/","name":"Quem chega aos 70, muda de face, forma e fase, mas mant\u00e9m sonhos - Notibras","isPartOf":{"@id":"https:\/\/www.notibras.com\/site\/#website"},"primaryImageOfPage":{"@id":"https:\/\/www.notibras.com\/site\/quem-chega-aos-70-muda-de-face-forma-e-fase-mas-mantem-sonhos\/#primaryimage"},"image":{"@id":"https:\/\/www.notibras.com\/site\/quem-chega-aos-70-muda-de-face-forma-e-fase-mas-mantem-sonhos\/#primaryimage"},"thumbnailUrl":"https:\/\/www.notibras.com\/site\/wp-content\/uploads\/2020\/04\/E90A99ECEF9F0294019BF511D07F74B236E8_idoso.jpg","datePublished":"2026-01-11T03:38:10+00:00","dateModified":"2026-01-11T03:55:58+00:00","breadcrumb":{"@id":"https:\/\/www.notibras.com\/site\/quem-chega-aos-70-muda-de-face-forma-e-fase-mas-mantem-sonhos\/#breadcrumb"},"inLanguage":"pt-BR","potentialAction":[{"@type":"ReadAction","target":["https:\/\/www.notibras.com\/site\/quem-chega-aos-70-muda-de-face-forma-e-fase-mas-mantem-sonhos\/"]}]},{"@type":"ImageObject","inLanguage":"pt-BR","@id":"https:\/\/www.notibras.com\/site\/quem-chega-aos-70-muda-de-face-forma-e-fase-mas-mantem-sonhos\/#primaryimage","url":"https:\/\/www.notibras.com\/site\/wp-content\/uploads\/2020\/04\/E90A99ECEF9F0294019BF511D07F74B236E8_idoso.jpg","contentUrl":"https:\/\/www.notibras.com\/site\/wp-content\/uploads\/2020\/04\/E90A99ECEF9F0294019BF511D07F74B236E8_idoso.jpg","width":680,"height":390},{"@type":"BreadcrumbList","@id":"https:\/\/www.notibras.com\/site\/quem-chega-aos-70-muda-de-face-forma-e-fase-mas-mantem-sonhos\/#breadcrumb","itemListElement":[{"@type":"ListItem","position":1,"name":"In\u00edcio","item":"https:\/\/www.notibras.com\/site\/"},{"@type":"ListItem","position":2,"name":"Quem chega aos 70, muda de face, forma e fase, mas mant\u00e9m sonhos"}]},{"@type":"WebSite","@id":"https:\/\/www.notibras.com\/site\/#website","url":"https:\/\/www.notibras.com\/site\/","name":"Notibras","description":"Not\u00edcias de Bras\u00edlia, do Brasil e do Mundo","publisher":{"@id":"https:\/\/www.notibras.com\/site\/#organization"},"potentialAction":[{"@type":"SearchAction","target":{"@type":"EntryPoint","urlTemplate":"https:\/\/www.notibras.com\/site\/?s={search_term_string}"},"query-input":{"@type":"PropertyValueSpecification","valueRequired":true,"valueName":"search_term_string"}}],"inLanguage":"pt-BR"},{"@type":"Organization","@id":"https:\/\/www.notibras.com\/site\/#organization","name":"Grupo Notibras de Comunica\u00e7\u00e3o","url":"https:\/\/www.notibras.com\/site\/","logo":{"@type":"ImageObject","inLanguage":"pt-BR","@id":"https:\/\/www.notibras.com\/site\/#\/schema\/logo\/image\/","url":"https:\/\/www.notibras.com\/site\/wp-content\/uploads\/2023\/01\/notibras23.png","contentUrl":"https:\/\/www.notibras.com\/site\/wp-content\/uploads\/2023\/01\/notibras23.png","width":350,"height":87,"caption":"Grupo Notibras de Comunica\u00e7\u00e3o"},"image":{"@id":"https:\/\/www.notibras.com\/site\/#\/schema\/logo\/image\/"},"sameAs":["https:\/\/www.facebook.com\/notibras\/","https:\/\/x.com\/Notibras","https:\/\/www.instagram.com\/notibras\/"]},{"@type":"Person","@id":"https:\/\/www.notibras.com\/site\/#\/schema\/person\/36ab0979449956132d3e5b517ea76ac8","name":"Reda\u00e7\u00e3o","image":{"@type":"ImageObject","inLanguage":"pt-BR","@id":"https:\/\/secure.gravatar.com\/avatar\/e0a867bdedb85fd243eadf09663511f96fc81e0720a4a42581f334ad4303aa6b?s=96&d=mm&r=g","url":"https:\/\/secure.gravatar.com\/avatar\/e0a867bdedb85fd243eadf09663511f96fc81e0720a4a42581f334ad4303aa6b?s=96&d=mm&r=g","contentUrl":"https:\/\/secure.gravatar.com\/avatar\/e0a867bdedb85fd243eadf09663511f96fc81e0720a4a42581f334ad4303aa6b?s=96&d=mm&r=g","caption":"Reda\u00e7\u00e3o"}}]}},"amp_enabled":true,"_links":{"self":[{"href":"https:\/\/www.notibras.com\/site\/wp-json\/wp\/v2\/posts\/378531","targetHints":{"allow":["GET"]}}],"collection":[{"href":"https:\/\/www.notibras.com\/site\/wp-json\/wp\/v2\/posts"}],"about":[{"href":"https:\/\/www.notibras.com\/site\/wp-json\/wp\/v2\/types\/post"}],"author":[{"embeddable":true,"href":"https:\/\/www.notibras.com\/site\/wp-json\/wp\/v2\/users\/2"}],"replies":[{"embeddable":true,"href":"https:\/\/www.notibras.com\/site\/wp-json\/wp\/v2\/comments?post=378531"}],"version-history":[{"count":1,"href":"https:\/\/www.notibras.com\/site\/wp-json\/wp\/v2\/posts\/378531\/revisions"}],"predecessor-version":[{"id":378534,"href":"https:\/\/www.notibras.com\/site\/wp-json\/wp\/v2\/posts\/378531\/revisions\/378534"}],"wp:featuredmedia":[{"embeddable":true,"href":"https:\/\/www.notibras.com\/site\/wp-json\/wp\/v2\/media\/229981"}],"wp:attachment":[{"href":"https:\/\/www.notibras.com\/site\/wp-json\/wp\/v2\/media?parent=378531"}],"wp:term":[{"taxonomy":"category","embeddable":true,"href":"https:\/\/www.notibras.com\/site\/wp-json\/wp\/v2\/categories?post=378531"},{"taxonomy":"post_tag","embeddable":true,"href":"https:\/\/www.notibras.com\/site\/wp-json\/wp\/v2\/tags?post=378531"}],"curies":[{"name":"wp","href":"https:\/\/api.w.org\/{rel}","templated":true}]}}