{"id":378532,"date":"2026-01-11T02:00:11","date_gmt":"2026-01-11T05:00:11","guid":{"rendered":"https:\/\/www.notibras.com\/site\/?p=378532"},"modified":"2026-01-11T02:04:45","modified_gmt":"2026-01-11T05:04:45","slug":"jair-de-apoiador-da-tortura-a-um-mimizento","status":"publish","type":"post","link":"https:\/\/www.notibras.com\/site\/jair-de-apoiador-da-tortura-a-um-mimizento\/","title":{"rendered":"Jair, de apoiador da tortura a um mimizento"},"content":{"rendered":"<p>Tenho acompanhado com certo fasc\u00ednio a lista de pedidos feitos por Jair Bolsonaro, preso h\u00e1 quase dois meses na Superintend\u00eancia da Pol\u00edcia Federal. A cada nova solicita\u00e7\u00e3o encaminhada ao ministro Alexandre de Moraes, fica mais claro que h\u00e1 uma profunda confus\u00e3o conceitual em curso. N\u00e3o sobre direito penal, mas sobre o que vem a ser, de fato, uma pris\u00e3o em regime fechado.<\/p>\n<p>Bolsonaro parece sinceramente convencido de que est\u00e1 hospedado em algo entre um resort discreto e um spa corporativo. Visitas ilimitadas? Claro. Comida caseira? Evidente. Sil\u00eancio absoluto, fisioterapia em hor\u00e1rio especial, sob medida, porque a agenda do h\u00f3spede \u00e9 prioridade. E, para fechar com chave de ouro, uma Smart TV com acesso a streaming, Netflix inclu\u00edda, ainda que isso exija internet. Afinal, quem consegue cumprir pena sem acompanhar uma s\u00e9rie?<\/p>\n<p>Algu\u00e9m, em algum momento, precisa ter essa conversa dif\u00edcil: pris\u00e3o n\u00e3o \u00e9 retiro espiritual, nem cl\u00ednica de reabilita\u00e7\u00e3o cinco estrelas. Regime fechado implica restri\u00e7\u00f5es. Implica desconfortos. Implica, pasmem, limites iguais (ou pelo menos parecidos) aos impostos a outros presos que tamb\u00e9m t\u00eam direitos, mas n\u00e3o costumam receber um card\u00e1pio personalizado de exig\u00eancias.<\/p>\n<p>O contraste fica ainda mais curioso quando lembro que estamos falando de algu\u00e9m que, durante anos, defendeu abertamente a tortura, exaltou pr\u00e1ticas de viol\u00eancia institucional e tratou sofrimento alheio como virtude moral. Agora, diante de um ar-condicionado barulhento e da aus\u00eancia de um controle remoto com bot\u00e3o de streaming, o cen\u00e1rio muda radicalmente. Descobre-se, subitamente, que desconforto incomoda, que priva\u00e7\u00e3o cansa, que limites doem.<\/p>\n<p>No fim das contas, o problema talvez n\u00e3o seja incoer\u00eancia. Porque, para quem sempre achou que cadeia era coisa simples para os outros, a surpresa parece ser descobrir que, quando chega a pr\u00f3pria vez, n\u00e3o tem Netflix, nem spa, nem mimo. Tem pris\u00e3o. E ponto.<\/p>\n","protected":false},"excerpt":{"rendered":"<p>Tenho acompanhado com certo fasc\u00ednio a lista de pedidos feitos por Jair Bolsonaro, preso h\u00e1 quase dois meses na Superintend\u00eancia da Pol\u00edcia Federal. A cada nova solicita\u00e7\u00e3o encaminhada ao ministro Alexandre de Moraes, fica mais claro que h\u00e1 uma profunda confus\u00e3o conceitual em curso. N\u00e3o sobre direito penal, mas sobre o que vem a ser, [&hellip;]<\/p>\n","protected":false},"author":21,"featured_media":378535,"comment_status":"closed","ping_status":"closed","sticky":false,"template":"","format":"standard","meta":{"_acf_changed":false,"footnotes":""},"categories":[235],"tags":[],"class_list":["post-378532","post","type-post","status-publish","format-standard","has-post-thumbnail","hentry","category-dona-irene"],"acf":[],"yoast_head":"<!-- This site is optimized with the Yoast SEO plugin v27.2 - https:\/\/yoast.com\/product\/yoast-seo-wordpress\/ -->\n<title>Jair, de apoiador da tortura a um mimizento - Notibras<\/title>\n<meta name=\"robots\" content=\"index, follow, max-snippet:-1, max-image-preview:large, max-video-preview:-1\" \/>\n<link rel=\"canonical\" href=\"https:\/\/www.notibras.com\/site\/jair-de-apoiador-da-tortura-a-um-mimizento\/\" \/>\n<meta property=\"og:locale\" content=\"pt_BR\" \/>\n<meta property=\"og:type\" content=\"article\" \/>\n<meta property=\"og:title\" content=\"Jair, de apoiador da tortura a um mimizento - Notibras\" \/>\n<meta property=\"og:description\" content=\"Tenho acompanhado com certo fasc\u00ednio a lista de pedidos feitos por Jair Bolsonaro, preso h\u00e1 quase dois meses na Superintend\u00eancia da Pol\u00edcia Federal. A cada nova solicita\u00e7\u00e3o encaminhada ao ministro Alexandre de Moraes, fica mais claro que h\u00e1 uma profunda confus\u00e3o conceitual em curso. N\u00e3o sobre direito penal, mas sobre o que vem a ser, [&hellip;]\" \/>\n<meta property=\"og:url\" content=\"https:\/\/www.notibras.com\/site\/jair-de-apoiador-da-tortura-a-um-mimizento\/\" \/>\n<meta property=\"og:site_name\" content=\"Notibras\" \/>\n<meta property=\"article:publisher\" content=\"https:\/\/www.facebook.com\/notibras\/\" \/>\n<meta property=\"article:published_time\" content=\"2026-01-11T05:00:11+00:00\" \/>\n<meta property=\"article:modified_time\" content=\"2026-01-11T05:04:45+00:00\" \/>\n<meta property=\"og:image\" content=\"https:\/\/www.notibras.com\/site\/wp-content\/uploads\/2026\/01\/IMG_6825.webp\" \/>\n\t<meta property=\"og:image:width\" content=\"750\" \/>\n\t<meta property=\"og:image:height\" content=\"500\" \/>\n\t<meta property=\"og:image:type\" content=\"image\/webp\" \/>\n<meta name=\"author\" content=\"Eduardo Mart\u00ednez\" \/>\n<meta name=\"twitter:card\" content=\"summary_large_image\" \/>\n<meta name=\"twitter:creator\" content=\"@Notibras\" \/>\n<meta name=\"twitter:site\" content=\"@Notibras\" \/>\n<meta name=\"twitter:label1\" content=\"Escrito por\" \/>\n\t<meta name=\"twitter:data1\" content=\"Eduardo Mart\u00ednez\" \/>\n\t<meta name=\"twitter:label2\" content=\"Est. tempo de leitura\" \/>\n\t<meta name=\"twitter:data2\" content=\"2 minutos\" \/>\n<script type=\"application\/ld+json\" class=\"yoast-schema-graph\">{\"@context\":\"https:\/\/schema.org\",\"@graph\":[{\"@type\":\"Article\",\"@id\":\"https:\/\/www.notibras.com\/site\/jair-de-apoiador-da-tortura-a-um-mimizento\/#article\",\"isPartOf\":{\"@id\":\"https:\/\/www.notibras.com\/site\/jair-de-apoiador-da-tortura-a-um-mimizento\/\"},\"author\":{\"name\":\"Eduardo Mart\u00ednez\",\"@id\":\"https:\/\/www.notibras.com\/site\/#\/schema\/person\/5b7fabf2aedc3ada2105f03b22b4d3dd\"},\"headline\":\"Jair, de apoiador da tortura a um mimizento\",\"datePublished\":\"2026-01-11T05:00:11+00:00\",\"dateModified\":\"2026-01-11T05:04:45+00:00\",\"mainEntityOfPage\":{\"@id\":\"https:\/\/www.notibras.com\/site\/jair-de-apoiador-da-tortura-a-um-mimizento\/\"},\"wordCount\":334,\"publisher\":{\"@id\":\"https:\/\/www.notibras.com\/site\/#organization\"},\"image\":{\"@id\":\"https:\/\/www.notibras.com\/site\/jair-de-apoiador-da-tortura-a-um-mimizento\/#primaryimage\"},\"thumbnailUrl\":\"https:\/\/www.notibras.com\/site\/wp-content\/uploads\/2026\/01\/IMG_6825.webp\",\"articleSection\":[\"Dona Irene\"],\"inLanguage\":\"pt-BR\"},{\"@type\":\"WebPage\",\"@id\":\"https:\/\/www.notibras.com\/site\/jair-de-apoiador-da-tortura-a-um-mimizento\/\",\"url\":\"https:\/\/www.notibras.com\/site\/jair-de-apoiador-da-tortura-a-um-mimizento\/\",\"name\":\"Jair, de apoiador da tortura a um mimizento - Notibras\",\"isPartOf\":{\"@id\":\"https:\/\/www.notibras.com\/site\/#website\"},\"primaryImageOfPage\":{\"@id\":\"https:\/\/www.notibras.com\/site\/jair-de-apoiador-da-tortura-a-um-mimizento\/#primaryimage\"},\"image\":{\"@id\":\"https:\/\/www.notibras.com\/site\/jair-de-apoiador-da-tortura-a-um-mimizento\/#primaryimage\"},\"thumbnailUrl\":\"https:\/\/www.notibras.com\/site\/wp-content\/uploads\/2026\/01\/IMG_6825.webp\",\"datePublished\":\"2026-01-11T05:00:11+00:00\",\"dateModified\":\"2026-01-11T05:04:45+00:00\",\"breadcrumb\":{\"@id\":\"https:\/\/www.notibras.com\/site\/jair-de-apoiador-da-tortura-a-um-mimizento\/#breadcrumb\"},\"inLanguage\":\"pt-BR\",\"potentialAction\":[{\"@type\":\"ReadAction\",\"target\":[\"https:\/\/www.notibras.com\/site\/jair-de-apoiador-da-tortura-a-um-mimizento\/\"]}]},{\"@type\":\"ImageObject\",\"inLanguage\":\"pt-BR\",\"@id\":\"https:\/\/www.notibras.com\/site\/jair-de-apoiador-da-tortura-a-um-mimizento\/#primaryimage\",\"url\":\"https:\/\/www.notibras.com\/site\/wp-content\/uploads\/2026\/01\/IMG_6825.webp\",\"contentUrl\":\"https:\/\/www.notibras.com\/site\/wp-content\/uploads\/2026\/01\/IMG_6825.webp\",\"width\":750,\"height\":500},{\"@type\":\"BreadcrumbList\",\"@id\":\"https:\/\/www.notibras.com\/site\/jair-de-apoiador-da-tortura-a-um-mimizento\/#breadcrumb\",\"itemListElement\":[{\"@type\":\"ListItem\",\"position\":1,\"name\":\"In\u00edcio\",\"item\":\"https:\/\/www.notibras.com\/site\/\"},{\"@type\":\"ListItem\",\"position\":2,\"name\":\"Jair, de apoiador da tortura a um mimizento\"}]},{\"@type\":\"WebSite\",\"@id\":\"https:\/\/www.notibras.com\/site\/#website\",\"url\":\"https:\/\/www.notibras.com\/site\/\",\"name\":\"Notibras\",\"description\":\"Not\u00edcias de Bras\u00edlia, do Brasil e do Mundo\",\"publisher\":{\"@id\":\"https:\/\/www.notibras.com\/site\/#organization\"},\"potentialAction\":[{\"@type\":\"SearchAction\",\"target\":{\"@type\":\"EntryPoint\",\"urlTemplate\":\"https:\/\/www.notibras.com\/site\/?s={search_term_string}\"},\"query-input\":{\"@type\":\"PropertyValueSpecification\",\"valueRequired\":true,\"valueName\":\"search_term_string\"}}],\"inLanguage\":\"pt-BR\"},{\"@type\":\"Organization\",\"@id\":\"https:\/\/www.notibras.com\/site\/#organization\",\"name\":\"Grupo Notibras de Comunica\u00e7\u00e3o\",\"url\":\"https:\/\/www.notibras.com\/site\/\",\"logo\":{\"@type\":\"ImageObject\",\"inLanguage\":\"pt-BR\",\"@id\":\"https:\/\/www.notibras.com\/site\/#\/schema\/logo\/image\/\",\"url\":\"https:\/\/www.notibras.com\/site\/wp-content\/uploads\/2023\/01\/notibras23.png\",\"contentUrl\":\"https:\/\/www.notibras.com\/site\/wp-content\/uploads\/2023\/01\/notibras23.png\",\"width\":350,\"height\":87,\"caption\":\"Grupo Notibras de Comunica\u00e7\u00e3o\"},\"image\":{\"@id\":\"https:\/\/www.notibras.com\/site\/#\/schema\/logo\/image\/\"},\"sameAs\":[\"https:\/\/www.facebook.com\/notibras\/\",\"https:\/\/x.com\/Notibras\",\"https:\/\/www.instagram.com\/notibras\/\"]},{\"@type\":\"Person\",\"@id\":\"https:\/\/www.notibras.com\/site\/#\/schema\/person\/5b7fabf2aedc3ada2105f03b22b4d3dd\",\"name\":\"Eduardo Mart\u00ednez\",\"image\":{\"@type\":\"ImageObject\",\"inLanguage\":\"pt-BR\",\"@id\":\"https:\/\/secure.gravatar.com\/avatar\/7902f906289926289cbcda644b5197c796b893c6ffd7b9a536a42d290f7704a0?s=96&d=mm&r=g\",\"url\":\"https:\/\/secure.gravatar.com\/avatar\/7902f906289926289cbcda644b5197c796b893c6ffd7b9a536a42d290f7704a0?s=96&d=mm&r=g\",\"contentUrl\":\"https:\/\/secure.gravatar.com\/avatar\/7902f906289926289cbcda644b5197c796b893c6ffd7b9a536a42d290f7704a0?s=96&d=mm&r=g\",\"caption\":\"Eduardo Mart\u00ednez\"}}]}<\/script>\n<!-- \/ Yoast SEO plugin. -->","yoast_head_json":{"title":"Jair, de apoiador da tortura a um mimizento - Notibras","robots":{"index":"index","follow":"follow","max-snippet":"max-snippet:-1","max-image-preview":"max-image-preview:large","max-video-preview":"max-video-preview:-1"},"canonical":"https:\/\/www.notibras.com\/site\/jair-de-apoiador-da-tortura-a-um-mimizento\/","og_locale":"pt_BR","og_type":"article","og_title":"Jair, de apoiador da tortura a um mimizento - Notibras","og_description":"Tenho acompanhado com certo fasc\u00ednio a lista de pedidos feitos por Jair Bolsonaro, preso h\u00e1 quase dois meses na Superintend\u00eancia da Pol\u00edcia Federal. A cada nova solicita\u00e7\u00e3o encaminhada ao ministro Alexandre de Moraes, fica mais claro que h\u00e1 uma profunda confus\u00e3o conceitual em curso. N\u00e3o sobre direito penal, mas sobre o que vem a ser, [&hellip;]","og_url":"https:\/\/www.notibras.com\/site\/jair-de-apoiador-da-tortura-a-um-mimizento\/","og_site_name":"Notibras","article_publisher":"https:\/\/www.facebook.com\/notibras\/","article_published_time":"2026-01-11T05:00:11+00:00","article_modified_time":"2026-01-11T05:04:45+00:00","og_image":[{"width":750,"height":500,"url":"https:\/\/www.notibras.com\/site\/wp-content\/uploads\/2026\/01\/IMG_6825.webp","type":"image\/webp"}],"author":"Eduardo Mart\u00ednez","twitter_card":"summary_large_image","twitter_creator":"@Notibras","twitter_site":"@Notibras","twitter_misc":{"Escrito por":"Eduardo Mart\u00ednez","Est. tempo de leitura":"2 minutos"},"schema":{"@context":"https:\/\/schema.org","@graph":[{"@type":"Article","@id":"https:\/\/www.notibras.com\/site\/jair-de-apoiador-da-tortura-a-um-mimizento\/#article","isPartOf":{"@id":"https:\/\/www.notibras.com\/site\/jair-de-apoiador-da-tortura-a-um-mimizento\/"},"author":{"name":"Eduardo Mart\u00ednez","@id":"https:\/\/www.notibras.com\/site\/#\/schema\/person\/5b7fabf2aedc3ada2105f03b22b4d3dd"},"headline":"Jair, de apoiador da tortura a um mimizento","datePublished":"2026-01-11T05:00:11+00:00","dateModified":"2026-01-11T05:04:45+00:00","mainEntityOfPage":{"@id":"https:\/\/www.notibras.com\/site\/jair-de-apoiador-da-tortura-a-um-mimizento\/"},"wordCount":334,"publisher":{"@id":"https:\/\/www.notibras.com\/site\/#organization"},"image":{"@id":"https:\/\/www.notibras.com\/site\/jair-de-apoiador-da-tortura-a-um-mimizento\/#primaryimage"},"thumbnailUrl":"https:\/\/www.notibras.com\/site\/wp-content\/uploads\/2026\/01\/IMG_6825.webp","articleSection":["Dona Irene"],"inLanguage":"pt-BR"},{"@type":"WebPage","@id":"https:\/\/www.notibras.com\/site\/jair-de-apoiador-da-tortura-a-um-mimizento\/","url":"https:\/\/www.notibras.com\/site\/jair-de-apoiador-da-tortura-a-um-mimizento\/","name":"Jair, de apoiador da tortura a um mimizento - Notibras","isPartOf":{"@id":"https:\/\/www.notibras.com\/site\/#website"},"primaryImageOfPage":{"@id":"https:\/\/www.notibras.com\/site\/jair-de-apoiador-da-tortura-a-um-mimizento\/#primaryimage"},"image":{"@id":"https:\/\/www.notibras.com\/site\/jair-de-apoiador-da-tortura-a-um-mimizento\/#primaryimage"},"thumbnailUrl":"https:\/\/www.notibras.com\/site\/wp-content\/uploads\/2026\/01\/IMG_6825.webp","datePublished":"2026-01-11T05:00:11+00:00","dateModified":"2026-01-11T05:04:45+00:00","breadcrumb":{"@id":"https:\/\/www.notibras.com\/site\/jair-de-apoiador-da-tortura-a-um-mimizento\/#breadcrumb"},"inLanguage":"pt-BR","potentialAction":[{"@type":"ReadAction","target":["https:\/\/www.notibras.com\/site\/jair-de-apoiador-da-tortura-a-um-mimizento\/"]}]},{"@type":"ImageObject","inLanguage":"pt-BR","@id":"https:\/\/www.notibras.com\/site\/jair-de-apoiador-da-tortura-a-um-mimizento\/#primaryimage","url":"https:\/\/www.notibras.com\/site\/wp-content\/uploads\/2026\/01\/IMG_6825.webp","contentUrl":"https:\/\/www.notibras.com\/site\/wp-content\/uploads\/2026\/01\/IMG_6825.webp","width":750,"height":500},{"@type":"BreadcrumbList","@id":"https:\/\/www.notibras.com\/site\/jair-de-apoiador-da-tortura-a-um-mimizento\/#breadcrumb","itemListElement":[{"@type":"ListItem","position":1,"name":"In\u00edcio","item":"https:\/\/www.notibras.com\/site\/"},{"@type":"ListItem","position":2,"name":"Jair, de apoiador da tortura a um mimizento"}]},{"@type":"WebSite","@id":"https:\/\/www.notibras.com\/site\/#website","url":"https:\/\/www.notibras.com\/site\/","name":"Notibras","description":"Not\u00edcias de Bras\u00edlia, do Brasil e do Mundo","publisher":{"@id":"https:\/\/www.notibras.com\/site\/#organization"},"potentialAction":[{"@type":"SearchAction","target":{"@type":"EntryPoint","urlTemplate":"https:\/\/www.notibras.com\/site\/?s={search_term_string}"},"query-input":{"@type":"PropertyValueSpecification","valueRequired":true,"valueName":"search_term_string"}}],"inLanguage":"pt-BR"},{"@type":"Organization","@id":"https:\/\/www.notibras.com\/site\/#organization","name":"Grupo Notibras de Comunica\u00e7\u00e3o","url":"https:\/\/www.notibras.com\/site\/","logo":{"@type":"ImageObject","inLanguage":"pt-BR","@id":"https:\/\/www.notibras.com\/site\/#\/schema\/logo\/image\/","url":"https:\/\/www.notibras.com\/site\/wp-content\/uploads\/2023\/01\/notibras23.png","contentUrl":"https:\/\/www.notibras.com\/site\/wp-content\/uploads\/2023\/01\/notibras23.png","width":350,"height":87,"caption":"Grupo Notibras de Comunica\u00e7\u00e3o"},"image":{"@id":"https:\/\/www.notibras.com\/site\/#\/schema\/logo\/image\/"},"sameAs":["https:\/\/www.facebook.com\/notibras\/","https:\/\/x.com\/Notibras","https:\/\/www.instagram.com\/notibras\/"]},{"@type":"Person","@id":"https:\/\/www.notibras.com\/site\/#\/schema\/person\/5b7fabf2aedc3ada2105f03b22b4d3dd","name":"Eduardo Mart\u00ednez","image":{"@type":"ImageObject","inLanguage":"pt-BR","@id":"https:\/\/secure.gravatar.com\/avatar\/7902f906289926289cbcda644b5197c796b893c6ffd7b9a536a42d290f7704a0?s=96&d=mm&r=g","url":"https:\/\/secure.gravatar.com\/avatar\/7902f906289926289cbcda644b5197c796b893c6ffd7b9a536a42d290f7704a0?s=96&d=mm&r=g","contentUrl":"https:\/\/secure.gravatar.com\/avatar\/7902f906289926289cbcda644b5197c796b893c6ffd7b9a536a42d290f7704a0?s=96&d=mm&r=g","caption":"Eduardo Mart\u00ednez"}}]}},"amp_enabled":true,"_links":{"self":[{"href":"https:\/\/www.notibras.com\/site\/wp-json\/wp\/v2\/posts\/378532","targetHints":{"allow":["GET"]}}],"collection":[{"href":"https:\/\/www.notibras.com\/site\/wp-json\/wp\/v2\/posts"}],"about":[{"href":"https:\/\/www.notibras.com\/site\/wp-json\/wp\/v2\/types\/post"}],"author":[{"embeddable":true,"href":"https:\/\/www.notibras.com\/site\/wp-json\/wp\/v2\/users\/21"}],"replies":[{"embeddable":true,"href":"https:\/\/www.notibras.com\/site\/wp-json\/wp\/v2\/comments?post=378532"}],"version-history":[{"count":4,"href":"https:\/\/www.notibras.com\/site\/wp-json\/wp\/v2\/posts\/378532\/revisions"}],"predecessor-version":[{"id":378570,"href":"https:\/\/www.notibras.com\/site\/wp-json\/wp\/v2\/posts\/378532\/revisions\/378570"}],"wp:featuredmedia":[{"embeddable":true,"href":"https:\/\/www.notibras.com\/site\/wp-json\/wp\/v2\/media\/378535"}],"wp:attachment":[{"href":"https:\/\/www.notibras.com\/site\/wp-json\/wp\/v2\/media?parent=378532"}],"wp:term":[{"taxonomy":"category","embeddable":true,"href":"https:\/\/www.notibras.com\/site\/wp-json\/wp\/v2\/categories?post=378532"},{"taxonomy":"post_tag","embeddable":true,"href":"https:\/\/www.notibras.com\/site\/wp-json\/wp\/v2\/tags?post=378532"}],"curies":[{"name":"wp","href":"https:\/\/api.w.org\/{rel}","templated":true}]}}