{"id":378539,"date":"2026-01-11T01:55:40","date_gmt":"2026-01-11T04:55:40","guid":{"rendered":"https:\/\/www.notibras.com\/site\/?p=378539"},"modified":"2026-01-11T01:53:28","modified_gmt":"2026-01-11T04:53:28","slug":"santa-catarina-chega-ao-alarmante-numero-de-29-prefeitos-presos","status":"publish","type":"post","link":"https:\/\/www.notibras.com\/site\/santa-catarina-chega-ao-alarmante-numero-de-29-prefeitos-presos\/","title":{"rendered":"Santa Catarina chega ao alarmante n\u00famero de 29 prefeitos presos"},"content":{"rendered":"<p>Quando li pela primeira vez que, desde 2020, Santa Catarina j\u00e1 teve 29 prefeitos presos por corrup\u00e7\u00e3o e fraudes na administra\u00e7\u00e3o p\u00fablica, fiquei completamente pasma.<\/p>\n<p>\u00c9 uma realidade que, a princ\u00edpio, parece quase inacredit\u00e1vel: quase 10% dos prefeitos do Estado foram detidos no exerc\u00edcio do mandato ou no decorrer de investiga\u00e7\u00f5es.<\/p>\n<p>Essa estat\u00edstica me deixou perplexa, n\u00e3o apenas pelo n\u00famero em si, mas pelo que ele revela sobre nossos processos eleitorais e sobre a responsabilidade que cada voto carrega. Para mim, \u00e9 dif\u00edcil aceitar que uma propor\u00e7\u00e3o t\u00e3o grande de gestores tenha chegado ao cargo m\u00e1ximo em cidades catarinenses sem que sinais claros de desonestidade, pr\u00e1ticas il\u00edcitas ou propens\u00e3o \u00e0 corrup\u00e7\u00e3o tenham sido percebidos por muitos eleitores.<\/p>\n<p>Aparentemente, o catarinense n\u00e3o est\u00e1 sabendo votar. Digo isso porque acredito que na ampla maioria dos casos j\u00e1 \u00e9 poss\u00edvel, antes das urnas, ter uma no\u00e7\u00e3o clara de quem realmente tem inten\u00e7\u00e3o e hist\u00f3rico de servir a popula\u00e7\u00e3o com honestidade e integridade. Esperava que esse tipo de avalia\u00e7\u00e3o fosse prevalecer na escolha dos nossos governantes locais.<\/p>\n<p>Chegar a 29 prefeitos presos \u00e9 um alerta. \u00c9 um reflexo de que o jeito de sempre de escolher candidatos, muitas vezes baseado apenas em carisma, alian\u00e7as pol\u00edticas ou no voto de esperan\u00e7a sem an\u00e1lise cr\u00edtica, n\u00e3o tem dado certo. Est\u00e1 claro que precisamos repensar nossos crit\u00e9rios e exigir mais transpar\u00eancia, mais \u00e9tica e mais compromisso com o interesse p\u00fablico.<\/p>\n<p>Por isso, nestas pr\u00f3ximas elei\u00e7\u00f5es, espero que os catarinenses votem diferente. Que se aprofunde a an\u00e1lise sobre quem s\u00e3o os candidatos, quais s\u00e3o seus hist\u00f3ricos de atua\u00e7\u00e3o p\u00fablica e quais sinais de seriedade e comprometimento com o bem comum eles realmente mostram. A mudan\u00e7a passa por escolhas mais conscientes nas urnas.<\/p>\n<p>Se continuarmos fazendo as mesmas escolhas de sempre, infelizmente, \u00e9 dif\u00edcil acreditar que os resultados ser\u00e3o diferentes. Precisamos, juntos, virar essa p\u00e1gina e colocar pessoas verdadeiramente comprometidas com a \u00e9tica nos cargos p\u00fablicos.<\/p>\n","protected":false},"excerpt":{"rendered":"<p>Quando li pela primeira vez que, desde 2020, Santa Catarina j\u00e1 teve 29 prefeitos presos por corrup\u00e7\u00e3o e fraudes na administra\u00e7\u00e3o p\u00fablica, fiquei completamente pasma. \u00c9 uma realidade que, a princ\u00edpio, parece quase inacredit\u00e1vel: quase 10% dos prefeitos do Estado foram detidos no exerc\u00edcio do mandato ou no decorrer de investiga\u00e7\u00f5es. Essa estat\u00edstica me deixou [&hellip;]<\/p>\n","protected":false},"author":21,"featured_media":378546,"comment_status":"closed","ping_status":"closed","sticky":false,"template":"","format":"standard","meta":{"_acf_changed":false,"footnotes":""},"categories":[235],"tags":[],"class_list":["post-378539","post","type-post","status-publish","format-standard","has-post-thumbnail","hentry","category-dona-irene"],"acf":[],"yoast_head":"<!-- This site is optimized with the Yoast SEO plugin v27.2 - https:\/\/yoast.com\/product\/yoast-seo-wordpress\/ -->\n<title>Santa Catarina chega ao alarmante n\u00famero de 29 prefeitos presos - Notibras<\/title>\n<meta name=\"robots\" content=\"index, follow, max-snippet:-1, max-image-preview:large, max-video-preview:-1\" \/>\n<link rel=\"canonical\" href=\"https:\/\/www.notibras.com\/site\/santa-catarina-chega-ao-alarmante-numero-de-29-prefeitos-presos\/\" \/>\n<meta property=\"og:locale\" content=\"pt_BR\" \/>\n<meta property=\"og:type\" content=\"article\" \/>\n<meta property=\"og:title\" content=\"Santa Catarina chega ao alarmante n\u00famero de 29 prefeitos presos - Notibras\" \/>\n<meta property=\"og:description\" content=\"Quando li pela primeira vez que, desde 2020, Santa Catarina j\u00e1 teve 29 prefeitos presos por corrup\u00e7\u00e3o e fraudes na administra\u00e7\u00e3o p\u00fablica, fiquei completamente pasma. \u00c9 uma realidade que, a princ\u00edpio, parece quase inacredit\u00e1vel: quase 10% dos prefeitos do Estado foram detidos no exerc\u00edcio do mandato ou no decorrer de investiga\u00e7\u00f5es. Essa estat\u00edstica me deixou [&hellip;]\" \/>\n<meta property=\"og:url\" content=\"https:\/\/www.notibras.com\/site\/santa-catarina-chega-ao-alarmante-numero-de-29-prefeitos-presos\/\" \/>\n<meta property=\"og:site_name\" content=\"Notibras\" \/>\n<meta property=\"article:publisher\" content=\"https:\/\/www.facebook.com\/notibras\/\" \/>\n<meta property=\"article:published_time\" content=\"2026-01-11T04:55:40+00:00\" \/>\n<meta property=\"og:image\" content=\"https:\/\/www.notibras.com\/site\/wp-content\/uploads\/2026\/01\/junior-abreu-prefeito-de-garopaba-1300x867-1.jpg.webp\" \/>\n\t<meta property=\"og:image:width\" content=\"1300\" \/>\n\t<meta property=\"og:image:height\" content=\"867\" \/>\n\t<meta property=\"og:image:type\" content=\"image\/webp\" \/>\n<meta name=\"author\" content=\"Eduardo Mart\u00ednez\" \/>\n<meta name=\"twitter:card\" content=\"summary_large_image\" \/>\n<meta name=\"twitter:creator\" content=\"@Notibras\" \/>\n<meta name=\"twitter:site\" content=\"@Notibras\" \/>\n<meta name=\"twitter:label1\" content=\"Escrito por\" \/>\n\t<meta name=\"twitter:data1\" content=\"Eduardo Mart\u00ednez\" \/>\n\t<meta name=\"twitter:label2\" content=\"Est. tempo de leitura\" \/>\n\t<meta name=\"twitter:data2\" content=\"3 minutos\" \/>\n<script type=\"application\/ld+json\" class=\"yoast-schema-graph\">{\"@context\":\"https:\/\/schema.org\",\"@graph\":[{\"@type\":\"Article\",\"@id\":\"https:\/\/www.notibras.com\/site\/santa-catarina-chega-ao-alarmante-numero-de-29-prefeitos-presos\/#article\",\"isPartOf\":{\"@id\":\"https:\/\/www.notibras.com\/site\/santa-catarina-chega-ao-alarmante-numero-de-29-prefeitos-presos\/\"},\"author\":{\"name\":\"Eduardo Mart\u00ednez\",\"@id\":\"https:\/\/www.notibras.com\/site\/#\/schema\/person\/5b7fabf2aedc3ada2105f03b22b4d3dd\"},\"headline\":\"Santa Catarina chega ao alarmante n\u00famero de 29 prefeitos presos\",\"datePublished\":\"2026-01-11T04:55:40+00:00\",\"mainEntityOfPage\":{\"@id\":\"https:\/\/www.notibras.com\/site\/santa-catarina-chega-ao-alarmante-numero-de-29-prefeitos-presos\/\"},\"wordCount\":363,\"publisher\":{\"@id\":\"https:\/\/www.notibras.com\/site\/#organization\"},\"image\":{\"@id\":\"https:\/\/www.notibras.com\/site\/santa-catarina-chega-ao-alarmante-numero-de-29-prefeitos-presos\/#primaryimage\"},\"thumbnailUrl\":\"https:\/\/www.notibras.com\/site\/wp-content\/uploads\/2026\/01\/junior-abreu-prefeito-de-garopaba-1300x867-1.jpg.webp\",\"articleSection\":[\"Dona Irene\"],\"inLanguage\":\"pt-BR\"},{\"@type\":\"WebPage\",\"@id\":\"https:\/\/www.notibras.com\/site\/santa-catarina-chega-ao-alarmante-numero-de-29-prefeitos-presos\/\",\"url\":\"https:\/\/www.notibras.com\/site\/santa-catarina-chega-ao-alarmante-numero-de-29-prefeitos-presos\/\",\"name\":\"Santa Catarina chega ao alarmante n\u00famero de 29 prefeitos presos - Notibras\",\"isPartOf\":{\"@id\":\"https:\/\/www.notibras.com\/site\/#website\"},\"primaryImageOfPage\":{\"@id\":\"https:\/\/www.notibras.com\/site\/santa-catarina-chega-ao-alarmante-numero-de-29-prefeitos-presos\/#primaryimage\"},\"image\":{\"@id\":\"https:\/\/www.notibras.com\/site\/santa-catarina-chega-ao-alarmante-numero-de-29-prefeitos-presos\/#primaryimage\"},\"thumbnailUrl\":\"https:\/\/www.notibras.com\/site\/wp-content\/uploads\/2026\/01\/junior-abreu-prefeito-de-garopaba-1300x867-1.jpg.webp\",\"datePublished\":\"2026-01-11T04:55:40+00:00\",\"breadcrumb\":{\"@id\":\"https:\/\/www.notibras.com\/site\/santa-catarina-chega-ao-alarmante-numero-de-29-prefeitos-presos\/#breadcrumb\"},\"inLanguage\":\"pt-BR\",\"potentialAction\":[{\"@type\":\"ReadAction\",\"target\":[\"https:\/\/www.notibras.com\/site\/santa-catarina-chega-ao-alarmante-numero-de-29-prefeitos-presos\/\"]}]},{\"@type\":\"ImageObject\",\"inLanguage\":\"pt-BR\",\"@id\":\"https:\/\/www.notibras.com\/site\/santa-catarina-chega-ao-alarmante-numero-de-29-prefeitos-presos\/#primaryimage\",\"url\":\"https:\/\/www.notibras.com\/site\/wp-content\/uploads\/2026\/01\/junior-abreu-prefeito-de-garopaba-1300x867-1.jpg.webp\",\"contentUrl\":\"https:\/\/www.notibras.com\/site\/wp-content\/uploads\/2026\/01\/junior-abreu-prefeito-de-garopaba-1300x867-1.jpg.webp\",\"width\":1300,\"height\":867},{\"@type\":\"BreadcrumbList\",\"@id\":\"https:\/\/www.notibras.com\/site\/santa-catarina-chega-ao-alarmante-numero-de-29-prefeitos-presos\/#breadcrumb\",\"itemListElement\":[{\"@type\":\"ListItem\",\"position\":1,\"name\":\"In\u00edcio\",\"item\":\"https:\/\/www.notibras.com\/site\/\"},{\"@type\":\"ListItem\",\"position\":2,\"name\":\"Santa Catarina chega ao alarmante n\u00famero de 29 prefeitos presos\"}]},{\"@type\":\"WebSite\",\"@id\":\"https:\/\/www.notibras.com\/site\/#website\",\"url\":\"https:\/\/www.notibras.com\/site\/\",\"name\":\"Notibras\",\"description\":\"Not\u00edcias de Bras\u00edlia, do Brasil e do Mundo\",\"publisher\":{\"@id\":\"https:\/\/www.notibras.com\/site\/#organization\"},\"potentialAction\":[{\"@type\":\"SearchAction\",\"target\":{\"@type\":\"EntryPoint\",\"urlTemplate\":\"https:\/\/www.notibras.com\/site\/?s={search_term_string}\"},\"query-input\":{\"@type\":\"PropertyValueSpecification\",\"valueRequired\":true,\"valueName\":\"search_term_string\"}}],\"inLanguage\":\"pt-BR\"},{\"@type\":\"Organization\",\"@id\":\"https:\/\/www.notibras.com\/site\/#organization\",\"name\":\"Grupo Notibras de Comunica\u00e7\u00e3o\",\"url\":\"https:\/\/www.notibras.com\/site\/\",\"logo\":{\"@type\":\"ImageObject\",\"inLanguage\":\"pt-BR\",\"@id\":\"https:\/\/www.notibras.com\/site\/#\/schema\/logo\/image\/\",\"url\":\"https:\/\/www.notibras.com\/site\/wp-content\/uploads\/2023\/01\/notibras23.png\",\"contentUrl\":\"https:\/\/www.notibras.com\/site\/wp-content\/uploads\/2023\/01\/notibras23.png\",\"width\":350,\"height\":87,\"caption\":\"Grupo Notibras de Comunica\u00e7\u00e3o\"},\"image\":{\"@id\":\"https:\/\/www.notibras.com\/site\/#\/schema\/logo\/image\/\"},\"sameAs\":[\"https:\/\/www.facebook.com\/notibras\/\",\"https:\/\/x.com\/Notibras\",\"https:\/\/www.instagram.com\/notibras\/\"]},{\"@type\":\"Person\",\"@id\":\"https:\/\/www.notibras.com\/site\/#\/schema\/person\/5b7fabf2aedc3ada2105f03b22b4d3dd\",\"name\":\"Eduardo Mart\u00ednez\",\"image\":{\"@type\":\"ImageObject\",\"inLanguage\":\"pt-BR\",\"@id\":\"https:\/\/secure.gravatar.com\/avatar\/7902f906289926289cbcda644b5197c796b893c6ffd7b9a536a42d290f7704a0?s=96&d=mm&r=g\",\"url\":\"https:\/\/secure.gravatar.com\/avatar\/7902f906289926289cbcda644b5197c796b893c6ffd7b9a536a42d290f7704a0?s=96&d=mm&r=g\",\"contentUrl\":\"https:\/\/secure.gravatar.com\/avatar\/7902f906289926289cbcda644b5197c796b893c6ffd7b9a536a42d290f7704a0?s=96&d=mm&r=g\",\"caption\":\"Eduardo Mart\u00ednez\"}}]}<\/script>\n<!-- \/ Yoast SEO plugin. -->","yoast_head_json":{"title":"Santa Catarina chega ao alarmante n\u00famero de 29 prefeitos presos - Notibras","robots":{"index":"index","follow":"follow","max-snippet":"max-snippet:-1","max-image-preview":"max-image-preview:large","max-video-preview":"max-video-preview:-1"},"canonical":"https:\/\/www.notibras.com\/site\/santa-catarina-chega-ao-alarmante-numero-de-29-prefeitos-presos\/","og_locale":"pt_BR","og_type":"article","og_title":"Santa Catarina chega ao alarmante n\u00famero de 29 prefeitos presos - Notibras","og_description":"Quando li pela primeira vez que, desde 2020, Santa Catarina j\u00e1 teve 29 prefeitos presos por corrup\u00e7\u00e3o e fraudes na administra\u00e7\u00e3o p\u00fablica, fiquei completamente pasma. \u00c9 uma realidade que, a princ\u00edpio, parece quase inacredit\u00e1vel: quase 10% dos prefeitos do Estado foram detidos no exerc\u00edcio do mandato ou no decorrer de investiga\u00e7\u00f5es. Essa estat\u00edstica me deixou [&hellip;]","og_url":"https:\/\/www.notibras.com\/site\/santa-catarina-chega-ao-alarmante-numero-de-29-prefeitos-presos\/","og_site_name":"Notibras","article_publisher":"https:\/\/www.facebook.com\/notibras\/","article_published_time":"2026-01-11T04:55:40+00:00","og_image":[{"width":1300,"height":867,"url":"https:\/\/www.notibras.com\/site\/wp-content\/uploads\/2026\/01\/junior-abreu-prefeito-de-garopaba-1300x867-1.jpg.webp","type":"image\/webp"}],"author":"Eduardo Mart\u00ednez","twitter_card":"summary_large_image","twitter_creator":"@Notibras","twitter_site":"@Notibras","twitter_misc":{"Escrito por":"Eduardo Mart\u00ednez","Est. tempo de leitura":"3 minutos"},"schema":{"@context":"https:\/\/schema.org","@graph":[{"@type":"Article","@id":"https:\/\/www.notibras.com\/site\/santa-catarina-chega-ao-alarmante-numero-de-29-prefeitos-presos\/#article","isPartOf":{"@id":"https:\/\/www.notibras.com\/site\/santa-catarina-chega-ao-alarmante-numero-de-29-prefeitos-presos\/"},"author":{"name":"Eduardo Mart\u00ednez","@id":"https:\/\/www.notibras.com\/site\/#\/schema\/person\/5b7fabf2aedc3ada2105f03b22b4d3dd"},"headline":"Santa Catarina chega ao alarmante n\u00famero de 29 prefeitos presos","datePublished":"2026-01-11T04:55:40+00:00","mainEntityOfPage":{"@id":"https:\/\/www.notibras.com\/site\/santa-catarina-chega-ao-alarmante-numero-de-29-prefeitos-presos\/"},"wordCount":363,"publisher":{"@id":"https:\/\/www.notibras.com\/site\/#organization"},"image":{"@id":"https:\/\/www.notibras.com\/site\/santa-catarina-chega-ao-alarmante-numero-de-29-prefeitos-presos\/#primaryimage"},"thumbnailUrl":"https:\/\/www.notibras.com\/site\/wp-content\/uploads\/2026\/01\/junior-abreu-prefeito-de-garopaba-1300x867-1.jpg.webp","articleSection":["Dona Irene"],"inLanguage":"pt-BR"},{"@type":"WebPage","@id":"https:\/\/www.notibras.com\/site\/santa-catarina-chega-ao-alarmante-numero-de-29-prefeitos-presos\/","url":"https:\/\/www.notibras.com\/site\/santa-catarina-chega-ao-alarmante-numero-de-29-prefeitos-presos\/","name":"Santa Catarina chega ao alarmante n\u00famero de 29 prefeitos presos - Notibras","isPartOf":{"@id":"https:\/\/www.notibras.com\/site\/#website"},"primaryImageOfPage":{"@id":"https:\/\/www.notibras.com\/site\/santa-catarina-chega-ao-alarmante-numero-de-29-prefeitos-presos\/#primaryimage"},"image":{"@id":"https:\/\/www.notibras.com\/site\/santa-catarina-chega-ao-alarmante-numero-de-29-prefeitos-presos\/#primaryimage"},"thumbnailUrl":"https:\/\/www.notibras.com\/site\/wp-content\/uploads\/2026\/01\/junior-abreu-prefeito-de-garopaba-1300x867-1.jpg.webp","datePublished":"2026-01-11T04:55:40+00:00","breadcrumb":{"@id":"https:\/\/www.notibras.com\/site\/santa-catarina-chega-ao-alarmante-numero-de-29-prefeitos-presos\/#breadcrumb"},"inLanguage":"pt-BR","potentialAction":[{"@type":"ReadAction","target":["https:\/\/www.notibras.com\/site\/santa-catarina-chega-ao-alarmante-numero-de-29-prefeitos-presos\/"]}]},{"@type":"ImageObject","inLanguage":"pt-BR","@id":"https:\/\/www.notibras.com\/site\/santa-catarina-chega-ao-alarmante-numero-de-29-prefeitos-presos\/#primaryimage","url":"https:\/\/www.notibras.com\/site\/wp-content\/uploads\/2026\/01\/junior-abreu-prefeito-de-garopaba-1300x867-1.jpg.webp","contentUrl":"https:\/\/www.notibras.com\/site\/wp-content\/uploads\/2026\/01\/junior-abreu-prefeito-de-garopaba-1300x867-1.jpg.webp","width":1300,"height":867},{"@type":"BreadcrumbList","@id":"https:\/\/www.notibras.com\/site\/santa-catarina-chega-ao-alarmante-numero-de-29-prefeitos-presos\/#breadcrumb","itemListElement":[{"@type":"ListItem","position":1,"name":"In\u00edcio","item":"https:\/\/www.notibras.com\/site\/"},{"@type":"ListItem","position":2,"name":"Santa Catarina chega ao alarmante n\u00famero de 29 prefeitos presos"}]},{"@type":"WebSite","@id":"https:\/\/www.notibras.com\/site\/#website","url":"https:\/\/www.notibras.com\/site\/","name":"Notibras","description":"Not\u00edcias de Bras\u00edlia, do Brasil e do Mundo","publisher":{"@id":"https:\/\/www.notibras.com\/site\/#organization"},"potentialAction":[{"@type":"SearchAction","target":{"@type":"EntryPoint","urlTemplate":"https:\/\/www.notibras.com\/site\/?s={search_term_string}"},"query-input":{"@type":"PropertyValueSpecification","valueRequired":true,"valueName":"search_term_string"}}],"inLanguage":"pt-BR"},{"@type":"Organization","@id":"https:\/\/www.notibras.com\/site\/#organization","name":"Grupo Notibras de Comunica\u00e7\u00e3o","url":"https:\/\/www.notibras.com\/site\/","logo":{"@type":"ImageObject","inLanguage":"pt-BR","@id":"https:\/\/www.notibras.com\/site\/#\/schema\/logo\/image\/","url":"https:\/\/www.notibras.com\/site\/wp-content\/uploads\/2023\/01\/notibras23.png","contentUrl":"https:\/\/www.notibras.com\/site\/wp-content\/uploads\/2023\/01\/notibras23.png","width":350,"height":87,"caption":"Grupo Notibras de Comunica\u00e7\u00e3o"},"image":{"@id":"https:\/\/www.notibras.com\/site\/#\/schema\/logo\/image\/"},"sameAs":["https:\/\/www.facebook.com\/notibras\/","https:\/\/x.com\/Notibras","https:\/\/www.instagram.com\/notibras\/"]},{"@type":"Person","@id":"https:\/\/www.notibras.com\/site\/#\/schema\/person\/5b7fabf2aedc3ada2105f03b22b4d3dd","name":"Eduardo Mart\u00ednez","image":{"@type":"ImageObject","inLanguage":"pt-BR","@id":"https:\/\/secure.gravatar.com\/avatar\/7902f906289926289cbcda644b5197c796b893c6ffd7b9a536a42d290f7704a0?s=96&d=mm&r=g","url":"https:\/\/secure.gravatar.com\/avatar\/7902f906289926289cbcda644b5197c796b893c6ffd7b9a536a42d290f7704a0?s=96&d=mm&r=g","contentUrl":"https:\/\/secure.gravatar.com\/avatar\/7902f906289926289cbcda644b5197c796b893c6ffd7b9a536a42d290f7704a0?s=96&d=mm&r=g","caption":"Eduardo Mart\u00ednez"}}]}},"amp_enabled":true,"_links":{"self":[{"href":"https:\/\/www.notibras.com\/site\/wp-json\/wp\/v2\/posts\/378539","targetHints":{"allow":["GET"]}}],"collection":[{"href":"https:\/\/www.notibras.com\/site\/wp-json\/wp\/v2\/posts"}],"about":[{"href":"https:\/\/www.notibras.com\/site\/wp-json\/wp\/v2\/types\/post"}],"author":[{"embeddable":true,"href":"https:\/\/www.notibras.com\/site\/wp-json\/wp\/v2\/users\/21"}],"replies":[{"embeddable":true,"href":"https:\/\/www.notibras.com\/site\/wp-json\/wp\/v2\/comments?post=378539"}],"version-history":[{"count":2,"href":"https:\/\/www.notibras.com\/site\/wp-json\/wp\/v2\/posts\/378539\/revisions"}],"predecessor-version":[{"id":378547,"href":"https:\/\/www.notibras.com\/site\/wp-json\/wp\/v2\/posts\/378539\/revisions\/378547"}],"wp:featuredmedia":[{"embeddable":true,"href":"https:\/\/www.notibras.com\/site\/wp-json\/wp\/v2\/media\/378546"}],"wp:attachment":[{"href":"https:\/\/www.notibras.com\/site\/wp-json\/wp\/v2\/media?parent=378539"}],"wp:term":[{"taxonomy":"category","embeddable":true,"href":"https:\/\/www.notibras.com\/site\/wp-json\/wp\/v2\/categories?post=378539"},{"taxonomy":"post_tag","embeddable":true,"href":"https:\/\/www.notibras.com\/site\/wp-json\/wp\/v2\/tags?post=378539"}],"curies":[{"name":"wp","href":"https:\/\/api.w.org\/{rel}","templated":true}]}}