{"id":378563,"date":"2026-01-11T01:46:48","date_gmt":"2026-01-11T04:46:48","guid":{"rendered":"https:\/\/www.notibras.com\/site\/?p=378563"},"modified":"2026-01-11T01:47:39","modified_gmt":"2026-01-11T04:47:39","slug":"panorama-astrologico-para-11-a-17-de-janeiro","status":"publish","type":"post","link":"https:\/\/www.notibras.com\/site\/panorama-astrologico-para-11-a-17-de-janeiro\/","title":{"rendered":"Panorama Astrol\u00f3gico para 11 a 17 de janeiro"},"content":{"rendered":"<p>A semana marca um momento de ajuste fino entre raz\u00e3o e emo\u00e7\u00e3o. Janeiro avan\u00e7a com seu convite cl\u00e1ssico \u00e0 reorganiza\u00e7\u00e3o da vida, mas agora pede menos rigidez e mais escuta interior. \u00c9 tempo de rever promessas feitas a si mesmo, cortar excessos, redefinir metas e compreender que const\u00e2ncia vale mais do que pressa.<\/p>\n<p>No campo coletivo, h\u00e1 uma sensa\u00e7\u00e3o de cobran\u00e7a maior por resultados \u2014 pessoais, profissionais e afetivos. Quem insiste em velhos padr\u00f5es pode sentir cansa\u00e7o; quem aceita mudar o ritmo, encontra solu\u00e7\u00f5es inesperadas. O c\u00e9u favorece planejamento, conversas francas e decis\u00f5es maduras, desde que n\u00e3o sejam tomadas no calor do orgulho.<\/p>\n<p>&#x2648; \u00c1ries<\/p>\n<p>A semana pede menos confronto e mais estrat\u00e9gia. Sua energia segue alta, mas canaliz\u00e1-la com intelig\u00eancia far\u00e1 toda a diferen\u00e7a. No trabalho, cuidado com impulsos verbais. No amor, escutar vale mais que vencer discuss\u00f5es.<\/p>\n<p>Palavra-chave: modera\u00e7\u00e3o<br \/>\nDica: nem toda batalha precisa ser travada agora.<\/p>\n<p>&#x2649; Touro<\/p>\n<p>Momento prop\u00edcio para organizar finan\u00e7as e redefinir prioridades materiais. Evite gastos por compensa\u00e7\u00e3o emocional. No campo afetivo, estabilidade vem do di\u00e1logo e n\u00e3o da teimosia.<\/p>\n<p>Palavra-chave: seguran\u00e7a<br \/>\nDica: conforto tamb\u00e9m pode ser constru\u00eddo com simplicidade.<\/p>\n<p>&#x264a; G\u00eameos<\/p>\n<p>A semana favorece conversas importantes e acordos. Voc\u00ea estar\u00e1 mais persuasivo, mas precisa cuidar para n\u00e3o prometer al\u00e9m do poss\u00edvel. No amor, mensagens mal interpretadas podem gerar ru\u00eddo.<\/p>\n<p>Palavra-chave: clareza<br \/>\nDica: explique melhor \u2014 e escute at\u00e9 o fim.<\/p>\n<p>&#x264b; C\u00e2ncer<\/p>\n<p>Sensibilidade elevada. Bom per\u00edodo para resolver pend\u00eancias familiares ou emocionais. No trabalho, confie mais na sua intui\u00e7\u00e3o, mas evite assumir responsabilidades que n\u00e3o s\u00e3o suas.<\/p>\n<p>Palavra-chave: acolhimento<br \/>\nDica: proteger-se tamb\u00e9m \u00e9 um ato de amor-pr\u00f3prio.<\/p>\n<p>&#x264c; Le\u00e3o<\/p>\n<p>A semana testa sua capacidade de liderar sem centralizar tudo em si. Reconhecer o talento alheio fortalece sua posi\u00e7\u00e3o. No amor, cuidado com cobran\u00e7as excessivas.<\/p>\n<p>Palavra-chave: generosidade<br \/>\nDica: dividir o palco n\u00e3o diminui seu brilho.<\/p>\n<p>&#x264d; Virgem<\/p>\n<p>Per\u00edodo favor\u00e1vel para ajustes pr\u00e1ticos e decis\u00f5es organizacionais. Voc\u00ea estar\u00e1 mais atento aos detalhes, mas evite a autocr\u00edtica exagerada. Na vida afetiva, relaxar \u00e9 essencial.<\/p>\n<p>Palavra-chave: equil\u00edbrio<br \/>\nDica: perfei\u00e7\u00e3o n\u00e3o \u00e9 sin\u00f4nimo de paz.<\/p>\n<p>&#x264e; Libra<\/p>\n<p>A semana pede posicionamento mais firme. Evitar conflitos pode custar caro. No trabalho, escolha com quem vale a pena se alinhar. No amor, sinceridade evita ressentimentos futuros.<\/p>\n<p>Palavra-chave: decis\u00e3o<br \/>\nDica: agradar a todos pode significar trair a si mesmo.<\/p>\n<p>&#x264f; Escorpi\u00e3o<\/p>\n<p>Transforma\u00e7\u00f5es internas ganham for\u00e7a. \u00c9 tempo de encarar verdades inc\u00f4modas, especialmente no campo emocional. No trabalho, discri\u00e7\u00e3o e estrat\u00e9gia ser\u00e3o suas melhores aliadas.<\/p>\n<p>Palavra-chave: profundidade<br \/>\nDica: enfrentar o que d\u00f3i liberta.<\/p>\n<p>&#x2650; Sagit\u00e1rio<\/p>\n<p>O desejo de expans\u00e3o continua, mas a semana pede responsabilidade com prazos e compromissos. No amor, evite fugir de conversas s\u00e9rias. Liberdade tamb\u00e9m exige maturidade.<\/p>\n<p>Palavra-chave: compromisso<br \/>\nDica: crescer \u00e9 sustentar escolhas.<\/p>\n<p>&#x2651; Capric\u00f3rnio<\/p>\n<p>Seu per\u00edodo pessoal segue ativo, mas agora o c\u00e9u pede menos dureza e mais sensibilidade. No trabalho, lideran\u00e7a consciente rende frutos. Na vida afetiva, mostre sentimentos \u2014 mesmo que discretamente.<\/p>\n<p>Palavra-chave: consist\u00eancia<br \/>\nDica: vulnerabilidade n\u00e3o \u00e9 fraqueza.<\/p>\n<p>&#x2652; Aqu\u00e1rio<\/p>\n<p>Ideias novas surgem, mas precisam de estrutura para sair do papel. A semana favorece planejamento de m\u00e9dio prazo. No amor, espa\u00e7o e di\u00e1logo caminham juntos.<\/p>\n<p>Palavra-chave: vis\u00e3o<br \/>\nDica: inovar tamb\u00e9m \u00e9 organizar.<\/p>\n<p>&#x2653; Peixes<\/p>\n<p>A semana traz maior percep\u00e7\u00e3o emocional, mas cuidado para n\u00e3o absorver problemas alheios. No trabalho, foco evita dispers\u00e3o. No amor, romantismo precisa de limites claros.<\/p>\n<p>Palavra-chave: discernimento<br \/>\nDica: empatia n\u00e3o \u00e9 autoanula\u00e7\u00e3o.<\/p>\n<p>&#8230;&#8230;&#8230;&#8230;&#8230;&#8230;&#8230;&#8230;<\/p>\n<p><strong>Anabelle Santa&#8217;cruz \u00e9 Editora de Or\u00e1culos<\/strong><\/p>\n","protected":false},"excerpt":{"rendered":"<p>A semana marca um momento de ajuste fino entre raz\u00e3o e emo\u00e7\u00e3o. Janeiro avan\u00e7a com seu convite cl\u00e1ssico \u00e0 reorganiza\u00e7\u00e3o da vida, mas agora pede menos rigidez e mais escuta interior. \u00c9 tempo de rever promessas feitas a si mesmo, cortar excessos, redefinir metas e compreender que const\u00e2ncia vale mais do que pressa. No campo [&hellip;]<\/p>\n","protected":false},"author":2,"featured_media":378564,"comment_status":"closed","ping_status":"closed","sticky":false,"template":"","format":"standard","meta":{"_acf_changed":false,"footnotes":""},"categories":[237],"tags":[],"class_list":["post-378563","post","type-post","status-publish","format-standard","has-post-thumbnail","hentry","category-oraculos"],"acf":[],"yoast_head":"<!-- This site is optimized with the Yoast SEO plugin v27.2 - https:\/\/yoast.com\/product\/yoast-seo-wordpress\/ -->\n<title>Panorama Astrol\u00f3gico para 11 a 17 de janeiro - Notibras<\/title>\n<meta name=\"robots\" content=\"index, follow, max-snippet:-1, max-image-preview:large, max-video-preview:-1\" \/>\n<link rel=\"canonical\" href=\"https:\/\/www.notibras.com\/site\/panorama-astrologico-para-11-a-17-de-janeiro\/\" \/>\n<meta property=\"og:locale\" content=\"pt_BR\" \/>\n<meta property=\"og:type\" content=\"article\" \/>\n<meta property=\"og:title\" content=\"Panorama Astrol\u00f3gico para 11 a 17 de janeiro - Notibras\" \/>\n<meta property=\"og:description\" content=\"A semana marca um momento de ajuste fino entre raz\u00e3o e emo\u00e7\u00e3o. Janeiro avan\u00e7a com seu convite cl\u00e1ssico \u00e0 reorganiza\u00e7\u00e3o da vida, mas agora pede menos rigidez e mais escuta interior. \u00c9 tempo de rever promessas feitas a si mesmo, cortar excessos, redefinir metas e compreender que const\u00e2ncia vale mais do que pressa. No campo [&hellip;]\" \/>\n<meta property=\"og:url\" content=\"https:\/\/www.notibras.com\/site\/panorama-astrologico-para-11-a-17-de-janeiro\/\" \/>\n<meta property=\"og:site_name\" content=\"Notibras\" \/>\n<meta property=\"article:publisher\" content=\"https:\/\/www.facebook.com\/notibras\/\" \/>\n<meta property=\"article:published_time\" content=\"2026-01-11T04:46:48+00:00\" \/>\n<meta property=\"article:modified_time\" content=\"2026-01-11T04:47:39+00:00\" \/>\n<meta property=\"og:image\" content=\"https:\/\/www.notibras.com\/site\/wp-content\/uploads\/2026\/01\/4528b57b-1073-43b6-aa66-df9d9112a9b3-683x1024.png\" \/>\n\t<meta property=\"og:image:width\" content=\"683\" \/>\n\t<meta property=\"og:image:height\" content=\"1024\" \/>\n\t<meta property=\"og:image:type\" content=\"image\/png\" \/>\n<meta name=\"author\" content=\"Reda\u00e7\u00e3o\" \/>\n<meta name=\"twitter:card\" content=\"summary_large_image\" \/>\n<meta name=\"twitter:creator\" content=\"@Notibras\" \/>\n<meta name=\"twitter:site\" content=\"@Notibras\" \/>\n<meta name=\"twitter:label1\" content=\"Escrito por\" \/>\n\t<meta name=\"twitter:data1\" content=\"Reda\u00e7\u00e3o\" \/>\n\t<meta name=\"twitter:label2\" content=\"Est. tempo de leitura\" \/>\n\t<meta name=\"twitter:data2\" content=\"4 minutos\" \/>\n<script type=\"application\/ld+json\" class=\"yoast-schema-graph\">{\"@context\":\"https:\/\/schema.org\",\"@graph\":[{\"@type\":\"Article\",\"@id\":\"https:\/\/www.notibras.com\/site\/panorama-astrologico-para-11-a-17-de-janeiro\/#article\",\"isPartOf\":{\"@id\":\"https:\/\/www.notibras.com\/site\/panorama-astrologico-para-11-a-17-de-janeiro\/\"},\"author\":{\"name\":\"Reda\u00e7\u00e3o\",\"@id\":\"https:\/\/www.notibras.com\/site\/#\/schema\/person\/36ab0979449956132d3e5b517ea76ac8\"},\"headline\":\"Panorama Astrol\u00f3gico para 11 a 17 de janeiro\",\"datePublished\":\"2026-01-11T04:46:48+00:00\",\"dateModified\":\"2026-01-11T04:47:39+00:00\",\"mainEntityOfPage\":{\"@id\":\"https:\/\/www.notibras.com\/site\/panorama-astrologico-para-11-a-17-de-janeiro\/\"},\"wordCount\":642,\"publisher\":{\"@id\":\"https:\/\/www.notibras.com\/site\/#organization\"},\"image\":{\"@id\":\"https:\/\/www.notibras.com\/site\/panorama-astrologico-para-11-a-17-de-janeiro\/#primaryimage\"},\"thumbnailUrl\":\"https:\/\/www.notibras.com\/site\/wp-content\/uploads\/2026\/01\/4528b57b-1073-43b6-aa66-df9d9112a9b3.png\",\"articleSection\":[\"Or\u00e1culos\"],\"inLanguage\":\"pt-BR\"},{\"@type\":\"WebPage\",\"@id\":\"https:\/\/www.notibras.com\/site\/panorama-astrologico-para-11-a-17-de-janeiro\/\",\"url\":\"https:\/\/www.notibras.com\/site\/panorama-astrologico-para-11-a-17-de-janeiro\/\",\"name\":\"Panorama Astrol\u00f3gico para 11 a 17 de janeiro - Notibras\",\"isPartOf\":{\"@id\":\"https:\/\/www.notibras.com\/site\/#website\"},\"primaryImageOfPage\":{\"@id\":\"https:\/\/www.notibras.com\/site\/panorama-astrologico-para-11-a-17-de-janeiro\/#primaryimage\"},\"image\":{\"@id\":\"https:\/\/www.notibras.com\/site\/panorama-astrologico-para-11-a-17-de-janeiro\/#primaryimage\"},\"thumbnailUrl\":\"https:\/\/www.notibras.com\/site\/wp-content\/uploads\/2026\/01\/4528b57b-1073-43b6-aa66-df9d9112a9b3.png\",\"datePublished\":\"2026-01-11T04:46:48+00:00\",\"dateModified\":\"2026-01-11T04:47:39+00:00\",\"breadcrumb\":{\"@id\":\"https:\/\/www.notibras.com\/site\/panorama-astrologico-para-11-a-17-de-janeiro\/#breadcrumb\"},\"inLanguage\":\"pt-BR\",\"potentialAction\":[{\"@type\":\"ReadAction\",\"target\":[\"https:\/\/www.notibras.com\/site\/panorama-astrologico-para-11-a-17-de-janeiro\/\"]}]},{\"@type\":\"ImageObject\",\"inLanguage\":\"pt-BR\",\"@id\":\"https:\/\/www.notibras.com\/site\/panorama-astrologico-para-11-a-17-de-janeiro\/#primaryimage\",\"url\":\"https:\/\/www.notibras.com\/site\/wp-content\/uploads\/2026\/01\/4528b57b-1073-43b6-aa66-df9d9112a9b3.png\",\"contentUrl\":\"https:\/\/www.notibras.com\/site\/wp-content\/uploads\/2026\/01\/4528b57b-1073-43b6-aa66-df9d9112a9b3.png\",\"width\":1024,\"height\":1536},{\"@type\":\"BreadcrumbList\",\"@id\":\"https:\/\/www.notibras.com\/site\/panorama-astrologico-para-11-a-17-de-janeiro\/#breadcrumb\",\"itemListElement\":[{\"@type\":\"ListItem\",\"position\":1,\"name\":\"In\u00edcio\",\"item\":\"https:\/\/www.notibras.com\/site\/\"},{\"@type\":\"ListItem\",\"position\":2,\"name\":\"Panorama Astrol\u00f3gico para 11 a 17 de janeiro\"}]},{\"@type\":\"WebSite\",\"@id\":\"https:\/\/www.notibras.com\/site\/#website\",\"url\":\"https:\/\/www.notibras.com\/site\/\",\"name\":\"Notibras\",\"description\":\"Not\u00edcias de Bras\u00edlia, do Brasil e do Mundo\",\"publisher\":{\"@id\":\"https:\/\/www.notibras.com\/site\/#organization\"},\"potentialAction\":[{\"@type\":\"SearchAction\",\"target\":{\"@type\":\"EntryPoint\",\"urlTemplate\":\"https:\/\/www.notibras.com\/site\/?s={search_term_string}\"},\"query-input\":{\"@type\":\"PropertyValueSpecification\",\"valueRequired\":true,\"valueName\":\"search_term_string\"}}],\"inLanguage\":\"pt-BR\"},{\"@type\":\"Organization\",\"@id\":\"https:\/\/www.notibras.com\/site\/#organization\",\"name\":\"Grupo Notibras de Comunica\u00e7\u00e3o\",\"url\":\"https:\/\/www.notibras.com\/site\/\",\"logo\":{\"@type\":\"ImageObject\",\"inLanguage\":\"pt-BR\",\"@id\":\"https:\/\/www.notibras.com\/site\/#\/schema\/logo\/image\/\",\"url\":\"https:\/\/www.notibras.com\/site\/wp-content\/uploads\/2023\/01\/notibras23.png\",\"contentUrl\":\"https:\/\/www.notibras.com\/site\/wp-content\/uploads\/2023\/01\/notibras23.png\",\"width\":350,\"height\":87,\"caption\":\"Grupo Notibras de Comunica\u00e7\u00e3o\"},\"image\":{\"@id\":\"https:\/\/www.notibras.com\/site\/#\/schema\/logo\/image\/\"},\"sameAs\":[\"https:\/\/www.facebook.com\/notibras\/\",\"https:\/\/x.com\/Notibras\",\"https:\/\/www.instagram.com\/notibras\/\"]},{\"@type\":\"Person\",\"@id\":\"https:\/\/www.notibras.com\/site\/#\/schema\/person\/36ab0979449956132d3e5b517ea76ac8\",\"name\":\"Reda\u00e7\u00e3o\",\"image\":{\"@type\":\"ImageObject\",\"inLanguage\":\"pt-BR\",\"@id\":\"https:\/\/secure.gravatar.com\/avatar\/e0a867bdedb85fd243eadf09663511f96fc81e0720a4a42581f334ad4303aa6b?s=96&d=mm&r=g\",\"url\":\"https:\/\/secure.gravatar.com\/avatar\/e0a867bdedb85fd243eadf09663511f96fc81e0720a4a42581f334ad4303aa6b?s=96&d=mm&r=g\",\"contentUrl\":\"https:\/\/secure.gravatar.com\/avatar\/e0a867bdedb85fd243eadf09663511f96fc81e0720a4a42581f334ad4303aa6b?s=96&d=mm&r=g\",\"caption\":\"Reda\u00e7\u00e3o\"}}]}<\/script>\n<!-- \/ Yoast SEO plugin. -->","yoast_head_json":{"title":"Panorama Astrol\u00f3gico para 11 a 17 de janeiro - Notibras","robots":{"index":"index","follow":"follow","max-snippet":"max-snippet:-1","max-image-preview":"max-image-preview:large","max-video-preview":"max-video-preview:-1"},"canonical":"https:\/\/www.notibras.com\/site\/panorama-astrologico-para-11-a-17-de-janeiro\/","og_locale":"pt_BR","og_type":"article","og_title":"Panorama Astrol\u00f3gico para 11 a 17 de janeiro - Notibras","og_description":"A semana marca um momento de ajuste fino entre raz\u00e3o e emo\u00e7\u00e3o. Janeiro avan\u00e7a com seu convite cl\u00e1ssico \u00e0 reorganiza\u00e7\u00e3o da vida, mas agora pede menos rigidez e mais escuta interior. \u00c9 tempo de rever promessas feitas a si mesmo, cortar excessos, redefinir metas e compreender que const\u00e2ncia vale mais do que pressa. No campo [&hellip;]","og_url":"https:\/\/www.notibras.com\/site\/panorama-astrologico-para-11-a-17-de-janeiro\/","og_site_name":"Notibras","article_publisher":"https:\/\/www.facebook.com\/notibras\/","article_published_time":"2026-01-11T04:46:48+00:00","article_modified_time":"2026-01-11T04:47:39+00:00","og_image":[{"width":683,"height":1024,"url":"https:\/\/www.notibras.com\/site\/wp-content\/uploads\/2026\/01\/4528b57b-1073-43b6-aa66-df9d9112a9b3-683x1024.png","type":"image\/png"}],"author":"Reda\u00e7\u00e3o","twitter_card":"summary_large_image","twitter_creator":"@Notibras","twitter_site":"@Notibras","twitter_misc":{"Escrito por":"Reda\u00e7\u00e3o","Est. tempo de leitura":"4 minutos"},"schema":{"@context":"https:\/\/schema.org","@graph":[{"@type":"Article","@id":"https:\/\/www.notibras.com\/site\/panorama-astrologico-para-11-a-17-de-janeiro\/#article","isPartOf":{"@id":"https:\/\/www.notibras.com\/site\/panorama-astrologico-para-11-a-17-de-janeiro\/"},"author":{"name":"Reda\u00e7\u00e3o","@id":"https:\/\/www.notibras.com\/site\/#\/schema\/person\/36ab0979449956132d3e5b517ea76ac8"},"headline":"Panorama Astrol\u00f3gico para 11 a 17 de janeiro","datePublished":"2026-01-11T04:46:48+00:00","dateModified":"2026-01-11T04:47:39+00:00","mainEntityOfPage":{"@id":"https:\/\/www.notibras.com\/site\/panorama-astrologico-para-11-a-17-de-janeiro\/"},"wordCount":642,"publisher":{"@id":"https:\/\/www.notibras.com\/site\/#organization"},"image":{"@id":"https:\/\/www.notibras.com\/site\/panorama-astrologico-para-11-a-17-de-janeiro\/#primaryimage"},"thumbnailUrl":"https:\/\/www.notibras.com\/site\/wp-content\/uploads\/2026\/01\/4528b57b-1073-43b6-aa66-df9d9112a9b3.png","articleSection":["Or\u00e1culos"],"inLanguage":"pt-BR"},{"@type":"WebPage","@id":"https:\/\/www.notibras.com\/site\/panorama-astrologico-para-11-a-17-de-janeiro\/","url":"https:\/\/www.notibras.com\/site\/panorama-astrologico-para-11-a-17-de-janeiro\/","name":"Panorama Astrol\u00f3gico para 11 a 17 de janeiro - Notibras","isPartOf":{"@id":"https:\/\/www.notibras.com\/site\/#website"},"primaryImageOfPage":{"@id":"https:\/\/www.notibras.com\/site\/panorama-astrologico-para-11-a-17-de-janeiro\/#primaryimage"},"image":{"@id":"https:\/\/www.notibras.com\/site\/panorama-astrologico-para-11-a-17-de-janeiro\/#primaryimage"},"thumbnailUrl":"https:\/\/www.notibras.com\/site\/wp-content\/uploads\/2026\/01\/4528b57b-1073-43b6-aa66-df9d9112a9b3.png","datePublished":"2026-01-11T04:46:48+00:00","dateModified":"2026-01-11T04:47:39+00:00","breadcrumb":{"@id":"https:\/\/www.notibras.com\/site\/panorama-astrologico-para-11-a-17-de-janeiro\/#breadcrumb"},"inLanguage":"pt-BR","potentialAction":[{"@type":"ReadAction","target":["https:\/\/www.notibras.com\/site\/panorama-astrologico-para-11-a-17-de-janeiro\/"]}]},{"@type":"ImageObject","inLanguage":"pt-BR","@id":"https:\/\/www.notibras.com\/site\/panorama-astrologico-para-11-a-17-de-janeiro\/#primaryimage","url":"https:\/\/www.notibras.com\/site\/wp-content\/uploads\/2026\/01\/4528b57b-1073-43b6-aa66-df9d9112a9b3.png","contentUrl":"https:\/\/www.notibras.com\/site\/wp-content\/uploads\/2026\/01\/4528b57b-1073-43b6-aa66-df9d9112a9b3.png","width":1024,"height":1536},{"@type":"BreadcrumbList","@id":"https:\/\/www.notibras.com\/site\/panorama-astrologico-para-11-a-17-de-janeiro\/#breadcrumb","itemListElement":[{"@type":"ListItem","position":1,"name":"In\u00edcio","item":"https:\/\/www.notibras.com\/site\/"},{"@type":"ListItem","position":2,"name":"Panorama Astrol\u00f3gico para 11 a 17 de janeiro"}]},{"@type":"WebSite","@id":"https:\/\/www.notibras.com\/site\/#website","url":"https:\/\/www.notibras.com\/site\/","name":"Notibras","description":"Not\u00edcias de Bras\u00edlia, do Brasil e do Mundo","publisher":{"@id":"https:\/\/www.notibras.com\/site\/#organization"},"potentialAction":[{"@type":"SearchAction","target":{"@type":"EntryPoint","urlTemplate":"https:\/\/www.notibras.com\/site\/?s={search_term_string}"},"query-input":{"@type":"PropertyValueSpecification","valueRequired":true,"valueName":"search_term_string"}}],"inLanguage":"pt-BR"},{"@type":"Organization","@id":"https:\/\/www.notibras.com\/site\/#organization","name":"Grupo Notibras de Comunica\u00e7\u00e3o","url":"https:\/\/www.notibras.com\/site\/","logo":{"@type":"ImageObject","inLanguage":"pt-BR","@id":"https:\/\/www.notibras.com\/site\/#\/schema\/logo\/image\/","url":"https:\/\/www.notibras.com\/site\/wp-content\/uploads\/2023\/01\/notibras23.png","contentUrl":"https:\/\/www.notibras.com\/site\/wp-content\/uploads\/2023\/01\/notibras23.png","width":350,"height":87,"caption":"Grupo Notibras de Comunica\u00e7\u00e3o"},"image":{"@id":"https:\/\/www.notibras.com\/site\/#\/schema\/logo\/image\/"},"sameAs":["https:\/\/www.facebook.com\/notibras\/","https:\/\/x.com\/Notibras","https:\/\/www.instagram.com\/notibras\/"]},{"@type":"Person","@id":"https:\/\/www.notibras.com\/site\/#\/schema\/person\/36ab0979449956132d3e5b517ea76ac8","name":"Reda\u00e7\u00e3o","image":{"@type":"ImageObject","inLanguage":"pt-BR","@id":"https:\/\/secure.gravatar.com\/avatar\/e0a867bdedb85fd243eadf09663511f96fc81e0720a4a42581f334ad4303aa6b?s=96&d=mm&r=g","url":"https:\/\/secure.gravatar.com\/avatar\/e0a867bdedb85fd243eadf09663511f96fc81e0720a4a42581f334ad4303aa6b?s=96&d=mm&r=g","contentUrl":"https:\/\/secure.gravatar.com\/avatar\/e0a867bdedb85fd243eadf09663511f96fc81e0720a4a42581f334ad4303aa6b?s=96&d=mm&r=g","caption":"Reda\u00e7\u00e3o"}}]}},"amp_enabled":true,"_links":{"self":[{"href":"https:\/\/www.notibras.com\/site\/wp-json\/wp\/v2\/posts\/378563","targetHints":{"allow":["GET"]}}],"collection":[{"href":"https:\/\/www.notibras.com\/site\/wp-json\/wp\/v2\/posts"}],"about":[{"href":"https:\/\/www.notibras.com\/site\/wp-json\/wp\/v2\/types\/post"}],"author":[{"embeddable":true,"href":"https:\/\/www.notibras.com\/site\/wp-json\/wp\/v2\/users\/2"}],"replies":[{"embeddable":true,"href":"https:\/\/www.notibras.com\/site\/wp-json\/wp\/v2\/comments?post=378563"}],"version-history":[{"count":2,"href":"https:\/\/www.notibras.com\/site\/wp-json\/wp\/v2\/posts\/378563\/revisions"}],"predecessor-version":[{"id":378566,"href":"https:\/\/www.notibras.com\/site\/wp-json\/wp\/v2\/posts\/378563\/revisions\/378566"}],"wp:featuredmedia":[{"embeddable":true,"href":"https:\/\/www.notibras.com\/site\/wp-json\/wp\/v2\/media\/378564"}],"wp:attachment":[{"href":"https:\/\/www.notibras.com\/site\/wp-json\/wp\/v2\/media?parent=378563"}],"wp:term":[{"taxonomy":"category","embeddable":true,"href":"https:\/\/www.notibras.com\/site\/wp-json\/wp\/v2\/categories?post=378563"},{"taxonomy":"post_tag","embeddable":true,"href":"https:\/\/www.notibras.com\/site\/wp-json\/wp\/v2\/tags?post=378563"}],"curies":[{"name":"wp","href":"https:\/\/api.w.org\/{rel}","templated":true}]}}