{"id":378567,"date":"2026-01-11T02:02:58","date_gmt":"2026-01-11T05:02:58","guid":{"rendered":"https:\/\/www.notibras.com\/site\/?p=378567"},"modified":"2026-01-11T02:09:46","modified_gmt":"2026-01-11T05:09:46","slug":"nordeste-se-reinventa-para-ciclo-de-crescimento","status":"publish","type":"post","link":"https:\/\/www.notibras.com\/site\/nordeste-se-reinventa-para-ciclo-de-crescimento\/","title":{"rendered":"Nordeste se reinventa para ciclo de crescimento"},"content":{"rendered":"<p>O agroneg\u00f3cio no Nordeste brasileiro vive um momento de transforma\u00e7\u00e3o acelerada. Impulsionado pela inova\u00e7\u00e3o tecnol\u00f3gica, expans\u00e3o de startups agtech, pol\u00edticas p\u00fablicas de fomento e solu\u00e7\u00f5es adaptadas aos biomas locais, o setor se reposiciona como um dos vetores de crescimento econ\u00f4mico mais promissores da regi\u00e3o.<\/p>\n<p>Nos \u00faltimos anos, o Nordeste tem registrado um crescimento expressivo no n\u00famero de ambientes de inova\u00e7\u00e3o voltados ao agroneg\u00f3cio \u2014 incluindo incubadoras, aceleradoras e hubs tecnol\u00f3gicos. Segundo o Radar Agtech Brasil 2024, a regi\u00e3o concentra cerca de 17,5% desses espa\u00e7os no pa\u00eds, n\u00famero que vem crescendo frente \u00e0 hist\u00f3rica concentra\u00e7\u00e3o no Sudeste e Sul.<\/p>\n<p>Entre 2019 e 2024, o n\u00famero de startups agtech no Nordeste saltou de 39 para 116, um aumento de quase 197%, sinalizando uma din\u00e2mica empreendedora forte em temas que v\u00e3o de irriga\u00e7\u00e3o inteligente e sensoriamento remoto a solu\u00e7\u00f5es de rastreabilidade e bioinsumos.<\/p>\n<p>Estados como Bahia, Pernambuco e Cear\u00e1 lideram a concentra\u00e7\u00e3o de agtechs regionais, enquanto outras unidades federativas come\u00e7am a ganhar espa\u00e7o no mapa da inova\u00e7\u00e3o.<\/p>\n<p>Ferramentas de conex\u00e3o e fomento t\u00eam sido fundamentais para consolidar esse avan\u00e7o. A plataforma Neo Agro 4.0, lan\u00e7ada em Recife com o apoio da Ag\u00eancia Brasileira de Desenvolvimento Industrial (ABDI) e do Instituto de Ci\u00eancia, Tecnologia e Inova\u00e7\u00e3o (SiDi), re\u00fane dados, atores do ecossistema e solu\u00e7\u00f5es tecnol\u00f3gicas para promover a transforma\u00e7\u00e3o digital no agroneg\u00f3cio.<\/p>\n<p>Al\u00e9m disso, editais como o \u201cAgro 4.0 \u2013 Edi\u00e7\u00e3o Nordeste\u201d selecionam e premiam startups com propostas inovadoras para o setor, oferecendo desde apoio financeiro at\u00e9 integra\u00e7\u00e3o em redes de desenvolvimento e parcerias.<\/p>\n<p>Institui\u00e7\u00f5es de pesquisa e inova\u00e7\u00e3o, como o Centro de Tecnologias Estrat\u00e9gicas do Nordeste (Cetene), destacam-se em eventos como a Agrinordeste, principal feira do setor na regi\u00e3o, trazendo tecnologias que aproximam ci\u00eancia e campo e fortalecem a competitividade dos produtores.<\/p>\n<p>Esse engajamento mostra como pesquisa aplicada, parcerias p\u00fablico-privadas e transfer\u00eancia de tecnologia s\u00e3o essenciais para enfrentar desafios regionais, como manejo sustent\u00e1vel, efici\u00eancia no uso de \u00e1gua e adapta\u00e7\u00e3o ao clima.<\/p>\n<p>O uso de tecnologias de precis\u00e3o, como sistemas de irriga\u00e7\u00e3o por gotejamento com sensores inteligentes, est\u00e1 revolucionando culturas tradicionais do Nordeste, especialmente na fruticultura irrigada. Essas solu\u00e7\u00f5es aumentam a produtividade, reduzem custos operacionais e elevam a qualidade dos produtos, fortalecendo o potencial exportador da regi\u00e3o.<\/p>\n<p>Tend\u00eancias apontadas para os pr\u00f3ximos anos \u2014 como **intelig\u00eancia artificial aplicada \u00e0 gest\u00e3o de propriedades, biotecnologia e pr\u00e1ticas sustent\u00e1veis integradas \u00e0s cadeias produtivas \u2014 refor\u00e7am que o agroneg\u00f3cio nordestino est\u00e1 alinhado \u00e0s demandas globais por efici\u00eancia e responsabilidade ambiental.<\/p>\n<p>Apesar dos avan\u00e7os, a densidade de startups e a infraestrutura de inova\u00e7\u00e3o no Nordeste ainda est\u00e1 abaixo da m\u00e9dia nacional, o que indica espa\u00e7o para expans\u00e3o e maior integra\u00e7\u00e3o com mercados de capital e redes internacionais.<\/p>\n<p>No entanto, pol\u00edticas p\u00fablicas cada vez mais voltadas ao setor, combinadas com a mobiliza\u00e7\u00e3o de universidades, centros de pesquisa e investidores, criam um cen\u00e1rio favor\u00e1vel para que o agroneg\u00f3cio se torne um pilar sustent\u00e1vel de crescimento econ\u00f4mico na regi\u00e3o \u2014 n\u00e3o apenas em termos de produ\u00e7\u00e3o, mas tamb\u00e9m na gera\u00e7\u00e3o de empregos, inclus\u00e3o social e aumento do valor agregado \u00e0s cadeias produtivas.<\/p>\n<p>O agro nordestino caminha para uma nova fase, marcada por inova\u00e7\u00e3o, adapta\u00e7\u00e3o local e integra\u00e7\u00e3o \u00e0s principais tend\u00eancias tecnol\u00f3gicas do agroneg\u00f3cio global. Com uma combina\u00e7\u00e3o de pol\u00edticas de fomento, ecossistemas colaborativos e solu\u00e7\u00f5es tecnol\u00f3gicas que respeitam as especificidades ambientais da regi\u00e3o, o Nordeste avan\u00e7a rumo a um ciclo promissor de crescimento sustent\u00e1vel e competitivo \u2014 um exemplo de que inova\u00e7\u00e3o e tradi\u00e7\u00e3o podem caminhar lado a lado no campo brasileiro.<\/p>\n","protected":false},"excerpt":{"rendered":"<p>O agroneg\u00f3cio no Nordeste brasileiro vive um momento de transforma\u00e7\u00e3o acelerada. Impulsionado pela inova\u00e7\u00e3o tecnol\u00f3gica, expans\u00e3o de startups agtech, pol\u00edticas p\u00fablicas de fomento e solu\u00e7\u00f5es adaptadas aos biomas locais, o setor se reposiciona como um dos vetores de crescimento econ\u00f4mico mais promissores da regi\u00e3o. Nos \u00faltimos anos, o Nordeste tem registrado um crescimento expressivo no [&hellip;]<\/p>\n","protected":false},"author":2,"featured_media":378568,"comment_status":"closed","ping_status":"closed","sticky":false,"template":"","format":"standard","meta":{"_acf_changed":false,"footnotes":""},"categories":[165],"tags":[],"class_list":["post-378567","post","type-post","status-publish","format-standard","has-post-thumbnail","hentry","category-nordeste"],"acf":[],"yoast_head":"<!-- This site is optimized with the Yoast SEO plugin v27.2 - https:\/\/yoast.com\/product\/yoast-seo-wordpress\/ -->\n<title>Nordeste se reinventa para ciclo de crescimento - Notibras<\/title>\n<meta name=\"robots\" content=\"index, follow, max-snippet:-1, max-image-preview:large, max-video-preview:-1\" \/>\n<link rel=\"canonical\" href=\"https:\/\/www.notibras.com\/site\/nordeste-se-reinventa-para-ciclo-de-crescimento\/\" \/>\n<meta property=\"og:locale\" content=\"pt_BR\" \/>\n<meta property=\"og:type\" content=\"article\" \/>\n<meta property=\"og:title\" content=\"Nordeste se reinventa para ciclo de crescimento - Notibras\" \/>\n<meta property=\"og:description\" content=\"O agroneg\u00f3cio no Nordeste brasileiro vive um momento de transforma\u00e7\u00e3o acelerada. Impulsionado pela inova\u00e7\u00e3o tecnol\u00f3gica, expans\u00e3o de startups agtech, pol\u00edticas p\u00fablicas de fomento e solu\u00e7\u00f5es adaptadas aos biomas locais, o setor se reposiciona como um dos vetores de crescimento econ\u00f4mico mais promissores da regi\u00e3o. Nos \u00faltimos anos, o Nordeste tem registrado um crescimento expressivo no [&hellip;]\" \/>\n<meta property=\"og:url\" content=\"https:\/\/www.notibras.com\/site\/nordeste-se-reinventa-para-ciclo-de-crescimento\/\" \/>\n<meta property=\"og:site_name\" content=\"Notibras\" \/>\n<meta property=\"article:publisher\" content=\"https:\/\/www.facebook.com\/notibras\/\" \/>\n<meta property=\"article:published_time\" content=\"2026-01-11T05:02:58+00:00\" \/>\n<meta property=\"article:modified_time\" content=\"2026-01-11T05:09:46+00:00\" \/>\n<meta property=\"og:image\" content=\"https:\/\/www.notibras.com\/site\/wp-content\/uploads\/2026\/01\/43c2aef7-4823-4230-89b9-c6bdf2abdca9.jpg\" \/>\n\t<meta property=\"og:image:width\" content=\"984\" \/>\n\t<meta property=\"og:image:height\" content=\"554\" \/>\n\t<meta property=\"og:image:type\" content=\"image\/jpeg\" \/>\n<meta name=\"author\" content=\"Reda\u00e7\u00e3o\" \/>\n<meta name=\"twitter:card\" content=\"summary_large_image\" \/>\n<meta name=\"twitter:creator\" content=\"@Notibras\" \/>\n<meta name=\"twitter:site\" content=\"@Notibras\" \/>\n<meta name=\"twitter:label1\" content=\"Escrito por\" \/>\n\t<meta name=\"twitter:data1\" content=\"Reda\u00e7\u00e3o\" \/>\n\t<meta name=\"twitter:label2\" content=\"Est. tempo de leitura\" \/>\n\t<meta name=\"twitter:data2\" content=\"4 minutos\" \/>\n<script type=\"application\/ld+json\" class=\"yoast-schema-graph\">{\"@context\":\"https:\/\/schema.org\",\"@graph\":[{\"@type\":\"Article\",\"@id\":\"https:\/\/www.notibras.com\/site\/nordeste-se-reinventa-para-ciclo-de-crescimento\/#article\",\"isPartOf\":{\"@id\":\"https:\/\/www.notibras.com\/site\/nordeste-se-reinventa-para-ciclo-de-crescimento\/\"},\"author\":{\"name\":\"Reda\u00e7\u00e3o\",\"@id\":\"https:\/\/www.notibras.com\/site\/#\/schema\/person\/36ab0979449956132d3e5b517ea76ac8\"},\"headline\":\"Nordeste se reinventa para ciclo de crescimento\",\"datePublished\":\"2026-01-11T05:02:58+00:00\",\"dateModified\":\"2026-01-11T05:09:46+00:00\",\"mainEntityOfPage\":{\"@id\":\"https:\/\/www.notibras.com\/site\/nordeste-se-reinventa-para-ciclo-de-crescimento\/\"},\"wordCount\":664,\"publisher\":{\"@id\":\"https:\/\/www.notibras.com\/site\/#organization\"},\"image\":{\"@id\":\"https:\/\/www.notibras.com\/site\/nordeste-se-reinventa-para-ciclo-de-crescimento\/#primaryimage\"},\"thumbnailUrl\":\"https:\/\/www.notibras.com\/site\/wp-content\/uploads\/2026\/01\/43c2aef7-4823-4230-89b9-c6bdf2abdca9.jpg\",\"articleSection\":[\"Nordeste\"],\"inLanguage\":\"pt-BR\"},{\"@type\":\"WebPage\",\"@id\":\"https:\/\/www.notibras.com\/site\/nordeste-se-reinventa-para-ciclo-de-crescimento\/\",\"url\":\"https:\/\/www.notibras.com\/site\/nordeste-se-reinventa-para-ciclo-de-crescimento\/\",\"name\":\"Nordeste se reinventa para ciclo de crescimento - Notibras\",\"isPartOf\":{\"@id\":\"https:\/\/www.notibras.com\/site\/#website\"},\"primaryImageOfPage\":{\"@id\":\"https:\/\/www.notibras.com\/site\/nordeste-se-reinventa-para-ciclo-de-crescimento\/#primaryimage\"},\"image\":{\"@id\":\"https:\/\/www.notibras.com\/site\/nordeste-se-reinventa-para-ciclo-de-crescimento\/#primaryimage\"},\"thumbnailUrl\":\"https:\/\/www.notibras.com\/site\/wp-content\/uploads\/2026\/01\/43c2aef7-4823-4230-89b9-c6bdf2abdca9.jpg\",\"datePublished\":\"2026-01-11T05:02:58+00:00\",\"dateModified\":\"2026-01-11T05:09:46+00:00\",\"breadcrumb\":{\"@id\":\"https:\/\/www.notibras.com\/site\/nordeste-se-reinventa-para-ciclo-de-crescimento\/#breadcrumb\"},\"inLanguage\":\"pt-BR\",\"potentialAction\":[{\"@type\":\"ReadAction\",\"target\":[\"https:\/\/www.notibras.com\/site\/nordeste-se-reinventa-para-ciclo-de-crescimento\/\"]}]},{\"@type\":\"ImageObject\",\"inLanguage\":\"pt-BR\",\"@id\":\"https:\/\/www.notibras.com\/site\/nordeste-se-reinventa-para-ciclo-de-crescimento\/#primaryimage\",\"url\":\"https:\/\/www.notibras.com\/site\/wp-content\/uploads\/2026\/01\/43c2aef7-4823-4230-89b9-c6bdf2abdca9.jpg\",\"contentUrl\":\"https:\/\/www.notibras.com\/site\/wp-content\/uploads\/2026\/01\/43c2aef7-4823-4230-89b9-c6bdf2abdca9.jpg\",\"width\":984,\"height\":554},{\"@type\":\"BreadcrumbList\",\"@id\":\"https:\/\/www.notibras.com\/site\/nordeste-se-reinventa-para-ciclo-de-crescimento\/#breadcrumb\",\"itemListElement\":[{\"@type\":\"ListItem\",\"position\":1,\"name\":\"In\u00edcio\",\"item\":\"https:\/\/www.notibras.com\/site\/\"},{\"@type\":\"ListItem\",\"position\":2,\"name\":\"Nordeste se reinventa para ciclo de crescimento\"}]},{\"@type\":\"WebSite\",\"@id\":\"https:\/\/www.notibras.com\/site\/#website\",\"url\":\"https:\/\/www.notibras.com\/site\/\",\"name\":\"Notibras\",\"description\":\"Not\u00edcias de Bras\u00edlia, do Brasil e do Mundo\",\"publisher\":{\"@id\":\"https:\/\/www.notibras.com\/site\/#organization\"},\"potentialAction\":[{\"@type\":\"SearchAction\",\"target\":{\"@type\":\"EntryPoint\",\"urlTemplate\":\"https:\/\/www.notibras.com\/site\/?s={search_term_string}\"},\"query-input\":{\"@type\":\"PropertyValueSpecification\",\"valueRequired\":true,\"valueName\":\"search_term_string\"}}],\"inLanguage\":\"pt-BR\"},{\"@type\":\"Organization\",\"@id\":\"https:\/\/www.notibras.com\/site\/#organization\",\"name\":\"Grupo Notibras de Comunica\u00e7\u00e3o\",\"url\":\"https:\/\/www.notibras.com\/site\/\",\"logo\":{\"@type\":\"ImageObject\",\"inLanguage\":\"pt-BR\",\"@id\":\"https:\/\/www.notibras.com\/site\/#\/schema\/logo\/image\/\",\"url\":\"https:\/\/www.notibras.com\/site\/wp-content\/uploads\/2023\/01\/notibras23.png\",\"contentUrl\":\"https:\/\/www.notibras.com\/site\/wp-content\/uploads\/2023\/01\/notibras23.png\",\"width\":350,\"height\":87,\"caption\":\"Grupo Notibras de Comunica\u00e7\u00e3o\"},\"image\":{\"@id\":\"https:\/\/www.notibras.com\/site\/#\/schema\/logo\/image\/\"},\"sameAs\":[\"https:\/\/www.facebook.com\/notibras\/\",\"https:\/\/x.com\/Notibras\",\"https:\/\/www.instagram.com\/notibras\/\"]},{\"@type\":\"Person\",\"@id\":\"https:\/\/www.notibras.com\/site\/#\/schema\/person\/36ab0979449956132d3e5b517ea76ac8\",\"name\":\"Reda\u00e7\u00e3o\",\"image\":{\"@type\":\"ImageObject\",\"inLanguage\":\"pt-BR\",\"@id\":\"https:\/\/secure.gravatar.com\/avatar\/e0a867bdedb85fd243eadf09663511f96fc81e0720a4a42581f334ad4303aa6b?s=96&d=mm&r=g\",\"url\":\"https:\/\/secure.gravatar.com\/avatar\/e0a867bdedb85fd243eadf09663511f96fc81e0720a4a42581f334ad4303aa6b?s=96&d=mm&r=g\",\"contentUrl\":\"https:\/\/secure.gravatar.com\/avatar\/e0a867bdedb85fd243eadf09663511f96fc81e0720a4a42581f334ad4303aa6b?s=96&d=mm&r=g\",\"caption\":\"Reda\u00e7\u00e3o\"}}]}<\/script>\n<!-- \/ Yoast SEO plugin. -->","yoast_head_json":{"title":"Nordeste se reinventa para ciclo de crescimento - Notibras","robots":{"index":"index","follow":"follow","max-snippet":"max-snippet:-1","max-image-preview":"max-image-preview:large","max-video-preview":"max-video-preview:-1"},"canonical":"https:\/\/www.notibras.com\/site\/nordeste-se-reinventa-para-ciclo-de-crescimento\/","og_locale":"pt_BR","og_type":"article","og_title":"Nordeste se reinventa para ciclo de crescimento - Notibras","og_description":"O agroneg\u00f3cio no Nordeste brasileiro vive um momento de transforma\u00e7\u00e3o acelerada. Impulsionado pela inova\u00e7\u00e3o tecnol\u00f3gica, expans\u00e3o de startups agtech, pol\u00edticas p\u00fablicas de fomento e solu\u00e7\u00f5es adaptadas aos biomas locais, o setor se reposiciona como um dos vetores de crescimento econ\u00f4mico mais promissores da regi\u00e3o. Nos \u00faltimos anos, o Nordeste tem registrado um crescimento expressivo no [&hellip;]","og_url":"https:\/\/www.notibras.com\/site\/nordeste-se-reinventa-para-ciclo-de-crescimento\/","og_site_name":"Notibras","article_publisher":"https:\/\/www.facebook.com\/notibras\/","article_published_time":"2026-01-11T05:02:58+00:00","article_modified_time":"2026-01-11T05:09:46+00:00","og_image":[{"width":984,"height":554,"url":"https:\/\/www.notibras.com\/site\/wp-content\/uploads\/2026\/01\/43c2aef7-4823-4230-89b9-c6bdf2abdca9.jpg","type":"image\/jpeg"}],"author":"Reda\u00e7\u00e3o","twitter_card":"summary_large_image","twitter_creator":"@Notibras","twitter_site":"@Notibras","twitter_misc":{"Escrito por":"Reda\u00e7\u00e3o","Est. tempo de leitura":"4 minutos"},"schema":{"@context":"https:\/\/schema.org","@graph":[{"@type":"Article","@id":"https:\/\/www.notibras.com\/site\/nordeste-se-reinventa-para-ciclo-de-crescimento\/#article","isPartOf":{"@id":"https:\/\/www.notibras.com\/site\/nordeste-se-reinventa-para-ciclo-de-crescimento\/"},"author":{"name":"Reda\u00e7\u00e3o","@id":"https:\/\/www.notibras.com\/site\/#\/schema\/person\/36ab0979449956132d3e5b517ea76ac8"},"headline":"Nordeste se reinventa para ciclo de crescimento","datePublished":"2026-01-11T05:02:58+00:00","dateModified":"2026-01-11T05:09:46+00:00","mainEntityOfPage":{"@id":"https:\/\/www.notibras.com\/site\/nordeste-se-reinventa-para-ciclo-de-crescimento\/"},"wordCount":664,"publisher":{"@id":"https:\/\/www.notibras.com\/site\/#organization"},"image":{"@id":"https:\/\/www.notibras.com\/site\/nordeste-se-reinventa-para-ciclo-de-crescimento\/#primaryimage"},"thumbnailUrl":"https:\/\/www.notibras.com\/site\/wp-content\/uploads\/2026\/01\/43c2aef7-4823-4230-89b9-c6bdf2abdca9.jpg","articleSection":["Nordeste"],"inLanguage":"pt-BR"},{"@type":"WebPage","@id":"https:\/\/www.notibras.com\/site\/nordeste-se-reinventa-para-ciclo-de-crescimento\/","url":"https:\/\/www.notibras.com\/site\/nordeste-se-reinventa-para-ciclo-de-crescimento\/","name":"Nordeste se reinventa para ciclo de crescimento - Notibras","isPartOf":{"@id":"https:\/\/www.notibras.com\/site\/#website"},"primaryImageOfPage":{"@id":"https:\/\/www.notibras.com\/site\/nordeste-se-reinventa-para-ciclo-de-crescimento\/#primaryimage"},"image":{"@id":"https:\/\/www.notibras.com\/site\/nordeste-se-reinventa-para-ciclo-de-crescimento\/#primaryimage"},"thumbnailUrl":"https:\/\/www.notibras.com\/site\/wp-content\/uploads\/2026\/01\/43c2aef7-4823-4230-89b9-c6bdf2abdca9.jpg","datePublished":"2026-01-11T05:02:58+00:00","dateModified":"2026-01-11T05:09:46+00:00","breadcrumb":{"@id":"https:\/\/www.notibras.com\/site\/nordeste-se-reinventa-para-ciclo-de-crescimento\/#breadcrumb"},"inLanguage":"pt-BR","potentialAction":[{"@type":"ReadAction","target":["https:\/\/www.notibras.com\/site\/nordeste-se-reinventa-para-ciclo-de-crescimento\/"]}]},{"@type":"ImageObject","inLanguage":"pt-BR","@id":"https:\/\/www.notibras.com\/site\/nordeste-se-reinventa-para-ciclo-de-crescimento\/#primaryimage","url":"https:\/\/www.notibras.com\/site\/wp-content\/uploads\/2026\/01\/43c2aef7-4823-4230-89b9-c6bdf2abdca9.jpg","contentUrl":"https:\/\/www.notibras.com\/site\/wp-content\/uploads\/2026\/01\/43c2aef7-4823-4230-89b9-c6bdf2abdca9.jpg","width":984,"height":554},{"@type":"BreadcrumbList","@id":"https:\/\/www.notibras.com\/site\/nordeste-se-reinventa-para-ciclo-de-crescimento\/#breadcrumb","itemListElement":[{"@type":"ListItem","position":1,"name":"In\u00edcio","item":"https:\/\/www.notibras.com\/site\/"},{"@type":"ListItem","position":2,"name":"Nordeste se reinventa para ciclo de crescimento"}]},{"@type":"WebSite","@id":"https:\/\/www.notibras.com\/site\/#website","url":"https:\/\/www.notibras.com\/site\/","name":"Notibras","description":"Not\u00edcias de Bras\u00edlia, do Brasil e do Mundo","publisher":{"@id":"https:\/\/www.notibras.com\/site\/#organization"},"potentialAction":[{"@type":"SearchAction","target":{"@type":"EntryPoint","urlTemplate":"https:\/\/www.notibras.com\/site\/?s={search_term_string}"},"query-input":{"@type":"PropertyValueSpecification","valueRequired":true,"valueName":"search_term_string"}}],"inLanguage":"pt-BR"},{"@type":"Organization","@id":"https:\/\/www.notibras.com\/site\/#organization","name":"Grupo Notibras de Comunica\u00e7\u00e3o","url":"https:\/\/www.notibras.com\/site\/","logo":{"@type":"ImageObject","inLanguage":"pt-BR","@id":"https:\/\/www.notibras.com\/site\/#\/schema\/logo\/image\/","url":"https:\/\/www.notibras.com\/site\/wp-content\/uploads\/2023\/01\/notibras23.png","contentUrl":"https:\/\/www.notibras.com\/site\/wp-content\/uploads\/2023\/01\/notibras23.png","width":350,"height":87,"caption":"Grupo Notibras de Comunica\u00e7\u00e3o"},"image":{"@id":"https:\/\/www.notibras.com\/site\/#\/schema\/logo\/image\/"},"sameAs":["https:\/\/www.facebook.com\/notibras\/","https:\/\/x.com\/Notibras","https:\/\/www.instagram.com\/notibras\/"]},{"@type":"Person","@id":"https:\/\/www.notibras.com\/site\/#\/schema\/person\/36ab0979449956132d3e5b517ea76ac8","name":"Reda\u00e7\u00e3o","image":{"@type":"ImageObject","inLanguage":"pt-BR","@id":"https:\/\/secure.gravatar.com\/avatar\/e0a867bdedb85fd243eadf09663511f96fc81e0720a4a42581f334ad4303aa6b?s=96&d=mm&r=g","url":"https:\/\/secure.gravatar.com\/avatar\/e0a867bdedb85fd243eadf09663511f96fc81e0720a4a42581f334ad4303aa6b?s=96&d=mm&r=g","contentUrl":"https:\/\/secure.gravatar.com\/avatar\/e0a867bdedb85fd243eadf09663511f96fc81e0720a4a42581f334ad4303aa6b?s=96&d=mm&r=g","caption":"Reda\u00e7\u00e3o"}}]}},"amp_enabled":true,"_links":{"self":[{"href":"https:\/\/www.notibras.com\/site\/wp-json\/wp\/v2\/posts\/378567","targetHints":{"allow":["GET"]}}],"collection":[{"href":"https:\/\/www.notibras.com\/site\/wp-json\/wp\/v2\/posts"}],"about":[{"href":"https:\/\/www.notibras.com\/site\/wp-json\/wp\/v2\/types\/post"}],"author":[{"embeddable":true,"href":"https:\/\/www.notibras.com\/site\/wp-json\/wp\/v2\/users\/2"}],"replies":[{"embeddable":true,"href":"https:\/\/www.notibras.com\/site\/wp-json\/wp\/v2\/comments?post=378567"}],"version-history":[{"count":1,"href":"https:\/\/www.notibras.com\/site\/wp-json\/wp\/v2\/posts\/378567\/revisions"}],"predecessor-version":[{"id":378569,"href":"https:\/\/www.notibras.com\/site\/wp-json\/wp\/v2\/posts\/378567\/revisions\/378569"}],"wp:featuredmedia":[{"embeddable":true,"href":"https:\/\/www.notibras.com\/site\/wp-json\/wp\/v2\/media\/378568"}],"wp:attachment":[{"href":"https:\/\/www.notibras.com\/site\/wp-json\/wp\/v2\/media?parent=378567"}],"wp:term":[{"taxonomy":"category","embeddable":true,"href":"https:\/\/www.notibras.com\/site\/wp-json\/wp\/v2\/categories?post=378567"},{"taxonomy":"post_tag","embeddable":true,"href":"https:\/\/www.notibras.com\/site\/wp-json\/wp\/v2\/tags?post=378567"}],"curies":[{"name":"wp","href":"https:\/\/api.w.org\/{rel}","templated":true}]}}